{"id":18685,"date":"2014-01-16T20:55:14","date_gmt":"2014-01-16T22:55:14","guid":{"rendered":"http:\/\/aconteceunovale.com.br\/portal\/?p=18685"},"modified":"2014-01-17T23:39:06","modified_gmt":"2014-01-18T01:39:06","slug":"acidente-proximo-a-governador-valadares-deixa-7-pessoas-de-itambacuri-feridas","status":"publish","type":"post","link":"https:\/\/aconteceunovale.com.br\/portal\/?p=18685","title":{"rendered":"Sete pessoas de Itambacuri ficam feridas em acidente pr\u00f3ximo a Governador Valadares"},"content":{"rendered":"<p>Um acidente na tarde desta quinta-feira (16\/01) deixou sete pessoas feridas na BR 381, pr\u00f3ximo ao anel rodovi\u00e1rio, em Governador Valadares. Segundo informa\u00e7\u00f5es da Pol\u00edcia Militar, a batida foi entre dois carros e todas as v\u00edtimas s\u00e3o de Itambacuri, no Vale do Mucuri.<\/p>\n<p>Segundo informa\u00e7\u00f5es do Corpo de Bombeiros, os passageiros viajavam para a cidade de Jo\u00e3o Monlevade. O condutor Ed\u00edlson Jos\u00e9 conta que teria perdido o controle do carro e acabou provocando o acidente.<\/p>\n<p>\u201cEu seguia pela minha pista, quando eu perdi o controle do ve\u00edculo, rodei na pista e acabei invadindo a contram\u00e3o e acertado outro carro. Tenho testemunha para afirmar que eu n\u00e3o estava correndo, viajei tranquilo o tempo todo, parei para tomar um refrigerante com a fam\u00edlia e infelizmente aconteceu esse incidente\u201d, conta o condutor.<\/p>\n<p>No local, o Corpo de Bombeiros e o Samu faziam os primeiros socorros \u00e0s margens da rodovia. Das sete v\u00edtimas, seis foram encaminhadas para o pronto-socorro de Governador Valadares.<\/p>\n<p>Por causa do acidente, o tr\u00e2nsito ficou lento nos dois sentidos.<\/p>\n<p><img decoding=\"async\" src=\"http:\/\/aconteceunovale.com.br\/portal\/wp-content\/uploads\/2014\/01\/acidente_vitimas_itambacuri_foto_jose_higino.jpg\" alt=\"\" \/><br \/>\n<em>(Foto: Roberto Higino)<\/em><\/p>\n<p><em>(Fonte: Inter TV dos Vales)<\/em><\/p>\n","protected":false},"excerpt":{"rendered":"<p>Um acidente na tarde desta quinta-feira (16\/01) deixou sete pessoas feridas na BR 381, pr\u00f3ximo ao anel rodovi\u00e1rio, em Governador Valadares. Segundo informa\u00e7\u00f5es da Pol\u00edcia Militar, a batida foi entre dois carros e todas as v\u00edtimas s\u00e3o de Itambacuri, no Vale do Mucuri. Segundo informa\u00e7\u00f5es do Corpo de Bombeiros, os passageiros viajavam para a cidade [&hellip;]<\/p>\n","protected":false},"author":1,"featured_media":0,"comment_status":"open","ping_status":"closed","sticky":false,"template":"","format":"standard","meta":{"amp_status":"","footnotes":""},"categories":[121],"tags":[3077,3078,247,188,3079,3076],"class_list":["post-18685","post","type-post","status-publish","format-standard","hentry","category-leste","tag-acidente-com-pessoas-de-itambacuri","tag-acidente-proximo-a-governador-valadares-deixa-7-pessoas-de-itambacuri-feridas","tag-governador-valadares","tag-itambacuri","tag-sete-pessoas-de-itambacuri-ficam-feridas-em-acidente-proximo-a-governador-valadares","tag-sete-pessoas-ficam-feridas-em-acidente-na-br-381-em-valadares"],"_links":{"self":[{"href":"https:\/\/aconteceunovale.com.br\/portal\/index.php?rest_route=\/wp\/v2\/posts\/18685","targetHints":{"allow":["GET"]}}],"collection":[{"href":"https:\/\/aconteceunovale.com.br\/portal\/index.php?rest_route=\/wp\/v2\/posts"}],"about":[{"href":"https:\/\/aconteceunovale.com.br\/portal\/index.php?rest_route=\/wp\/v2\/types\/post"}],"author":[{"embeddable":true,"href":"https:\/\/aconteceunovale.com.br\/portal\/index.php?rest_route=\/wp\/v2\/users\/1"}],"replies":[{"embeddable":true,"href":"https:\/\/aconteceunovale.com.br\/portal\/index.php?rest_route=%2Fwp%2Fv2%2Fcomments&post=18685"}],"version-history":[{"count":0,"href":"https:\/\/aconteceunovale.com.br\/portal\/index.php?rest_route=\/wp\/v2\/posts\/18685\/revisions"}],"wp:attachment":[{"href":"https:\/\/aconteceunovale.com.br\/portal\/index.php?rest_route=%2Fwp%2Fv2%2Fmedia&parent=18685"}],"wp:term":[{"taxonomy":"category","embeddable":true,"href":"https:\/\/aconteceunovale.com.br\/portal\/index.php?rest_route=%2Fwp%2Fv2%2Fcategories&post=18685"},{"taxonomy":"post_tag","embeddable":true,"href":"https:\/\/aconteceunovale.com.br\/portal\/index.php?rest_route=%2Fwp%2Fv2%2Ftags&post=18685"}],"curies":[{"name":"wp","href":"https:\/\/api.w.org\/{rel}","templated":true}]}}