{"id":186795,"date":"2022-02-06T10:57:44","date_gmt":"2022-02-06T13:57:44","guid":{"rendered":"https:\/\/aconteceunovale.com.br\/portal\/?p=186795"},"modified":"2022-02-06T10:57:54","modified_gmt":"2022-02-06T13:57:54","slug":"mel-do-norte-de-minas-recebe-indicacao-geografica-por-suas-caracteristicas-unicas-e-terapeuticas","status":"publish","type":"post","link":"https:\/\/aconteceunovale.com.br\/portal\/?p=186795","title":{"rendered":"Mel do Norte de Minas recebe Indica\u00e7\u00e3o Geogr\u00e1fica por suas caracter\u00edsticas \u00fanicas e terap\u00eauticas"},"content":{"rendered":"\n<p class=\"wp-block-paragraph\">Antes considerado de pouco valor comercial por ser muito escuro, o mel de aroeira produzido na regi\u00e3o Norte de Minas Gerais ganhou destaque ap\u00f3s pesquisas indicarem suas caracter\u00edsticas terap\u00eauticas. Agora, o Mel do Norte de Minas recebeu o registro de Indica\u00e7\u00e3o Geogr\u00e1fica (IG), na esp\u00e9cie Denomina\u00e7\u00e3o de Origem, conforme publicado na\u00a0<a rel=\"noreferrer noopener\" href=\"http:\/\/revistas.inpi.gov.br\/rpi\/\" target=\"_blank\">edi\u00e7\u00e3o 2665 da Revista da Propriedade Industrial<\/a>.<\/p>\n\n\n\n<figure class=\"wp-block-gallery has-nested-images columns-default is-cropped wp-block-gallery-1 is-layout-flex wp-block-gallery-is-layout-flex\">\n<figure class=\"wp-block-image size-large\"><img loading=\"lazy\" decoding=\"async\" width=\"678\" height=\"432\" data-id=\"186796\" src=\"https:\/\/aconteceunovale.com.br\/portal\/wp-content\/uploads\/2022\/02\/mel_norte_de_minas.jpeg\" alt=\"\" class=\"wp-image-186796\" srcset=\"https:\/\/aconteceunovale.com.br\/portal\/wp-content\/uploads\/2022\/02\/mel_norte_de_minas.jpeg 678w, https:\/\/aconteceunovale.com.br\/portal\/wp-content\/uploads\/2022\/02\/mel_norte_de_minas-300x191.jpeg 300w, https:\/\/aconteceunovale.com.br\/portal\/wp-content\/uploads\/2022\/02\/mel_norte_de_minas-659x420.jpeg 659w\" sizes=\"auto, (max-width: 678px) 100vw, 678px\" \/><figcaption><em><sub>Foto: MAPA \/ Divulga\u00e7\u00e3o<\/sub><\/em><\/figcaption><\/figure>\n<\/figure>\n\n\n\n<p class=\"wp-block-paragraph\">Com produ\u00e7\u00e3o anual m\u00e9dia de 450 toneladas, o Mel do Norte de Minas apresenta compostos fen\u00f3licos com a\u00e7\u00e3o antioxidante, anti-inflamat\u00f3ria e antimicrobiana, o que fortalece o sistema imunol\u00f3gico.&nbsp;<\/p>\n\n\n\n<p class=\"wp-block-paragraph\">O registro de IG, segundo a coordenadora de Indica\u00e7\u00e3o Geogr\u00e1fica de Produtos Agropecu\u00e1rios do Minist\u00e9rio da Agricultura, Pecu\u00e1ria e Abastecimento (Mapa), D\u00e9bora Santiago, refor\u00e7a a qualidade do produto e traz reconhecimento pelo mercado e pelos consumidores.<\/p>\n\n\n\n<p class=\"wp-block-paragraph\"><em>\u201cA partir desse momento, os produtores que seguirem as regras da indica\u00e7\u00e3o geogr\u00e1fica Norte de Minas podem optar por usar tamb\u00e9m o Selo Brasileiro da Denomina\u00e7\u00e3o de Origem no r\u00f3tulo dos seus produtos, junto com o nome da IG. Os Selos Brasileiros foram institu\u00eddos no final do \u00faltimo ano e a gente espera ter valoriza\u00e7\u00e3o, inclusive promo\u00e7\u00e3o internacional dos produtos, agregando valor e gerando renda, al\u00e9m de outros benef\u00edcios para a regi\u00e3o\u201d, <\/em>declara.<\/p>\n\n\n\n<h2 class=\"wp-block-heading\" id=\"caracteristicas-do-mel-de-aroeira\"><strong>Caracter\u00edsticas do Mel de aroeira<\/strong><\/h2>\n\n\n\n<p class=\"wp-block-paragraph\">O mel de aroeira recebe este nome porque as abelhas retiram os recursos da planta&nbsp;<em>Myracrodruon urundeuva<\/em>, um tipo de aroeira, vegeta\u00e7\u00e3o predominante em regi\u00f5es de mata seca, caracterizadas pelo clima \u00e1rido e precipita\u00e7\u00e3o anual baixa, al\u00e9m de solos com baixa acidez e altas quantidades de c\u00e1lcio. Mas, al\u00e9m disto, outro fator natural que contribui para as caracter\u00edsticas deste mel \u00e9 a associa\u00e7\u00e3o de insetos psil\u00eddeos, conhecidos como pulg\u00f5es, em suas folhas e flores.<\/p>\n\n\n\n<p class=\"wp-block-paragraph\">\u00c9 assim, ao polinizar a aroeira-do-sert\u00e3o, que as abelhas coletam um n\u00e9ctar misturado \u00e0s secre\u00e7\u00f5es fen\u00f3licas produzidas pr\u00f3ximo aos nect\u00e1rios, bem como a secre\u00e7\u00e3o excretada pelos pulg\u00f5es. Desse modo, o mel produzido a partir da aroeira cont\u00e9m alta concentra\u00e7\u00e3o de compostos fen\u00f3licos e presen\u00e7a de melato, diferentemente de m\u00e9is produzidos a partir de outras esp\u00e9cies vegetais, nos quais est\u00e1 ausente essa \u00faltima subst\u00e2ncia.<\/p>\n\n\n\n<h2 class=\"wp-block-heading\" id=\"denominacao-de-origem-fatores-naturais-e-humanos\"><strong>Denomina\u00e7\u00e3o de origem: fatores naturais e humanos<\/strong><\/h2>\n\n\n\n<p class=\"wp-block-paragraph\">O auditor federal agropecu\u00e1rio do Mapa Carlos Roberto de Castro, que atua na coordena\u00e7\u00e3o de fomento de IGs na representa\u00e7\u00e3o de Minas Gerais, explica que para o produto obter o reconhecimento como Denomina\u00e7\u00e3o de Origem ele deve levar em considera\u00e7\u00e3o as caracter\u00edsticas exclusivas da localidade, inclusive os fatores naturais e humanos que o tornam diferenciado.&nbsp;&nbsp;<\/p>\n\n\n\n<p class=\"wp-block-paragraph\"><em>\u201cO protagonismo \u00e9 do produtor, pois ele tem a propriedade intelectual do modo de fazer. O melhor reconhecimento \u00e9 demonstrar a qualifica\u00e7\u00e3o das pessoas e a alegria que eles t\u00eam no processo de produ\u00e7\u00e3o. Com o aumento da autoestima do produtor, tamb\u00e9m vem o maior interesse pela qualifica\u00e7\u00e3o e investimento no processo n\u00e3o s\u00f3 de produ\u00e7\u00e3o do mel, mas at\u00e9 a ponta\u201d, <\/em>declara Castro.<\/p>\n\n\n\n<p class=\"wp-block-paragraph\">No Norte de Minas, observa-se uma \u00e1rea cont\u00ednua onde ocorrem condi\u00e7\u00f5es edafoclim\u00e1ticas particulares, a presen\u00e7a da aroeira-do-sert\u00e3o e suas rela\u00e7\u00f5es interespec\u00edficas, e o saber fazer dos apicultores, que proporcionam a produ\u00e7\u00e3o de um mel com qualidades e caracter\u00edsticas oriundas do meio geogr\u00e1fico.<\/p>\n\n\n\n<p class=\"wp-block-paragraph\">As t\u00e9cnicas de manejo utilizadas pelos apicultores tamb\u00e9m s\u00e3o fatores de diferencia\u00e7\u00e3o, j\u00e1 que asseguram a n\u00e3o contamina\u00e7\u00e3o das abelhas e do mel por poss\u00edveis fontes pr\u00f3ximas ao api\u00e1rio, como cria\u00e7\u00f5es de animais confinados, res\u00edduos e efluentes dom\u00e9sticos. Desse modo, as caracter\u00edsticas e qualidades do mel do Norte de Minas, especialmente o alto teor de compostos fen\u00f3licos e a colora\u00e7\u00e3o \u00e2mbar escuro, se destacam.\u00a0<\/p>\n\n\n\n<p class=\"wp-block-paragraph\">&#8212;&#8212;&#8212;&#8212;&#8212;&#8212;<br><br><strong>Sabia que o Aconteceu no Vale est\u00e1 tamb\u00e9m no Telegram? <a rel=\"noreferrer noopener\" href=\"https:\/\/t.me\/aconteceunovaleoficial\" target=\"_blank\">Inscreva-se no canal<\/a>.<\/strong><br><br><strong>J\u00e1 curtiu ou seguiu nossas p\u00e1ginas nas redes sociais?\u00a0Receba as not\u00edcias em primeira m\u00e3o:<\/strong><br>\u2022 <a rel=\"noreferrer noopener\" href=\"https:\/\/news.google.com\/publications\/CAAqBwgKMNjklQswi4etAw?hl=pt-BR&amp;gl=BR&amp;ceid=BR%3Apt-419\" target=\"_blank\">Google News<\/a><br>\u2022 <a rel=\"noreferrer noopener\" href=\"https:\/\/www.facebook.com\/aconteceunovale\/\" target=\"_blank\">Facebook<\/a><br>\u2022 <a rel=\"noreferrer noopener\" href=\"https:\/\/twitter.com\/noticiadosvales\" target=\"_blank\">Twitter<\/a><br>\u2022 <a rel=\"noreferrer noopener\" href=\"https:\/\/www.instagram.com\/aconteceunovale\" target=\"_blank\">Instagram<\/a><br>\u2022 <a rel=\"noreferrer noopener\" href=\"https:\/\/www.youtube.com\/AconteceunoValeOficial\" target=\"_blank\">Youtube<\/a><br>\u2022 <a rel=\"noreferrer noopener\" href=\"https:\/\/www.tiktok.com\/@aconteceunovale\" target=\"_blank\">TikTok<\/a><\/p>\n","protected":false},"excerpt":{"rendered":"<p>Antes considerado de pouco valor comercial por ser muito escuro, o mel de aroeira produzido na regi\u00e3o Norte de Minas Gerais ganhou destaque ap\u00f3s pesquisas indicarem suas caracter\u00edsticas terap\u00eauticas. Agora, o Mel do Norte de Minas recebeu o registro de Indica\u00e7\u00e3o Geogr\u00e1fica (IG), na esp\u00e9cie Denomina\u00e7\u00e3o de Origem, conforme publicado na\u00a0edi\u00e7\u00e3o 2665 da Revista da [&hellip;]<\/p>\n","protected":false},"author":4,"featured_media":186796,"comment_status":"open","ping_status":"closed","sticky":false,"template":"","format":"standard","meta":{"amp_status":"","footnotes":""},"categories":[1236],"tags":[258675,258670,258671,258676,258674,1018,258673,258672,23235,200784,62163,258669],"class_list":["post-186795","post","type-post","status-publish","format-standard","has-post-thumbnail","hentry","category-norte_de_minas","tag-caracteristicas-do-mel-de-aroeira","tag-caracteristicas-do-mel-do-norte-de-minas","tag-caracteristicas-unicas-do-mel-do-norte-de-minas","tag-carlos-roberto-de-castro","tag-debora-santiago","tag-destaque","tag-ig-do-mel-do-norte-de-minas","tag-indicacao-geografica-do-mel-do-norte-de-minas","tag-mapa","tag-mel-de-aroeira-do-norte-de-minas","tag-mel-do-norte-de-minas","tag-mel-do-norte-de-minas-recebe-indicacao-geografica-por-suas-caracteristicas-unicas-e-terapeuticas"],"yoast_head":"<!-- This site is optimized with the Yoast SEO plugin v28.3 - https:\/\/yoast.com\/product\/yoast-seo-wordpress\/ -->\n<title>Mel do Norte de Minas recebe Indica\u00e7\u00e3o Geogr\u00e1fica por suas caracter\u00edsticas \u00fanicas e terap\u00eauticas - Aconteceu no Vale<\/title>\n<meta name=\"robots\" content=\"index, follow, max-snippet:-1, max-image-preview:large, max-video-preview:-1\" \/>\n<link rel=\"canonical\" href=\"https:\/\/aconteceunovale.com.br\/portal\/?p=186795\" \/>\n<meta property=\"og:locale\" content=\"pt_BR\" \/>\n<meta property=\"og:type\" content=\"article\" \/>\n<meta property=\"og:title\" content=\"Mel do Norte de Minas recebe Indica\u00e7\u00e3o Geogr\u00e1fica por suas caracter\u00edsticas \u00fanicas e terap\u00eauticas - Aconteceu no Vale\" \/>\n<meta property=\"og:description\" content=\"Antes considerado de pouco valor comercial por ser muito escuro, o mel de aroeira produzido na regi\u00e3o Norte de Minas Gerais ganhou destaque ap\u00f3s pesquisas indicarem suas caracter\u00edsticas terap\u00eauticas. Agora, o Mel do Norte de Minas recebeu o registro de Indica\u00e7\u00e3o Geogr\u00e1fica (IG), na esp\u00e9cie Denomina\u00e7\u00e3o de Origem, conforme publicado na\u00a0edi\u00e7\u00e3o 2665 da Revista da [&hellip;]\" \/>\n<meta property=\"og:url\" content=\"https:\/\/aconteceunovale.com.br\/portal\/?p=186795\" \/>\n<meta property=\"og:site_name\" content=\"Aconteceu no Vale\" \/>\n<meta property=\"article:publisher\" content=\"https:\/\/www.facebook.com\/aconteceunovale\/\" \/>\n<meta property=\"article:published_time\" content=\"2022-02-06T13:57:44+00:00\" \/>\n<meta property=\"article:modified_time\" content=\"2022-02-06T13:57:54+00:00\" \/>\n<meta property=\"og:image\" content=\"https:\/\/aconteceunovale.com.br\/portal\/wp-content\/uploads\/2022\/02\/mel_norte_de_minas.jpeg\" \/>\n\t<meta property=\"og:image:width\" content=\"678\" \/>\n\t<meta property=\"og:image:height\" content=\"432\" \/>\n\t<meta property=\"og:image:type\" content=\"image\/jpeg\" \/>\n<meta name=\"author\" content=\"Reda\u00e7\u00e3o Aconteceu no Vale\" \/>\n<meta name=\"twitter:card\" content=\"summary_large_image\" \/>\n<meta name=\"twitter:creator\" content=\"@noticiadosvales\" \/>\n<meta name=\"twitter:site\" content=\"@noticiadosvales\" \/>\n<meta name=\"twitter:label1\" content=\"Escrito por\" \/>\n\t<meta name=\"twitter:data1\" content=\"Reda\u00e7\u00e3o Aconteceu no Vale\" \/>\n\t<meta name=\"twitter:label2\" content=\"Est. tempo de leitura\" \/>\n\t<meta name=\"twitter:data2\" content=\"4 minutos\" \/>\n<script type=\"application\/ld+json\" class=\"yoast-schema-graph\">{\"@context\":\"https:\\\/\\\/schema.org\",\"@graph\":[{\"@type\":\"Article\",\"@id\":\"https:\\\/\\\/aconteceunovale.com.br\\\/portal\\\/?p=186795#article\",\"isPartOf\":{\"@id\":\"https:\\\/\\\/aconteceunovale.com.br\\\/portal\\\/?p=186795\"},\"author\":{\"name\":\"Reda\u00e7\u00e3o Aconteceu no Vale\",\"@id\":\"https:\\\/\\\/aconteceunovale.com.br\\\/portal\\\/#\\\/schema\\\/person\\\/7d2f26d1483f8a63de73da1ee0754d35\"},\"headline\":\"Mel do Norte de Minas recebe Indica\u00e7\u00e3o Geogr\u00e1fica por suas caracter\u00edsticas \u00fanicas e terap\u00eauticas\",\"datePublished\":\"2022-02-06T13:57:44+00:00\",\"dateModified\":\"2022-02-06T13:57:54+00:00\",\"mainEntityOfPage\":{\"@id\":\"https:\\\/\\\/aconteceunovale.com.br\\\/portal\\\/?p=186795\"},\"wordCount\":727,\"commentCount\":0,\"image\":{\"@id\":\"https:\\\/\\\/aconteceunovale.com.br\\\/portal\\\/?p=186795#primaryimage\"},\"thumbnailUrl\":\"https:\\\/\\\/aconteceunovale.com.br\\\/portal\\\/wp-content\\\/uploads\\\/2022\\\/02\\\/mel_norte_de_minas.jpeg\",\"keywords\":[\"Caracter\u00edsticas do Mel de aroeira\",\"Caracter\u00edsticas do Mel do Norte de Minas\",\"Caracter\u00edsticas \u00fanicas do Mel do Norte de Minas\",\"Carlos Roberto de Castro\",\"D\u00e9bora Santiago\",\"destaque\",\"IG do Mel do Norte de Minas\",\"Indica\u00e7\u00e3o Geogr\u00e1fica do Mel do Norte de Minas\",\"Mapa\",\"Mel de aroeira do Norte de Minas\",\"mel do norte de minas\",\"Mel do Norte de Minas recebe Indica\u00e7\u00e3o Geogr\u00e1fica por suas caracter\u00edsticas \u00fanicas e terap\u00eauticas\"],\"articleSection\":[\"Norte de Minas\"],\"inLanguage\":\"pt-BR\",\"potentialAction\":[{\"@type\":\"CommentAction\",\"name\":\"Comment\",\"target\":[\"https:\\\/\\\/aconteceunovale.com.br\\\/portal\\\/?p=186795#respond\"]}]},{\"@type\":\"WebPage\",\"@id\":\"https:\\\/\\\/aconteceunovale.com.br\\\/portal\\\/?p=186795\",\"url\":\"https:\\\/\\\/aconteceunovale.com.br\\\/portal\\\/?p=186795\",\"name\":\"Mel do Norte de Minas recebe Indica\u00e7\u00e3o Geogr\u00e1fica por suas caracter\u00edsticas \u00fanicas e terap\u00eauticas - Aconteceu no Vale\",\"isPartOf\":{\"@id\":\"https:\\\/\\\/aconteceunovale.com.br\\\/portal\\\/#website\"},\"primaryImageOfPage\":{\"@id\":\"https:\\\/\\\/aconteceunovale.com.br\\\/portal\\\/?p=186795#primaryimage\"},\"image\":{\"@id\":\"https:\\\/\\\/aconteceunovale.com.br\\\/portal\\\/?p=186795#primaryimage\"},\"thumbnailUrl\":\"https:\\\/\\\/aconteceunovale.com.br\\\/portal\\\/wp-content\\\/uploads\\\/2022\\\/02\\\/mel_norte_de_minas.jpeg\",\"datePublished\":\"2022-02-06T13:57:44+00:00\",\"dateModified\":\"2022-02-06T13:57:54+00:00\",\"author\":{\"@id\":\"https:\\\/\\\/aconteceunovale.com.br\\\/portal\\\/#\\\/schema\\\/person\\\/7d2f26d1483f8a63de73da1ee0754d35\"},\"breadcrumb\":{\"@id\":\"https:\\\/\\\/aconteceunovale.com.br\\\/portal\\\/?p=186795#breadcrumb\"},\"inLanguage\":\"pt-BR\",\"potentialAction\":[{\"@type\":\"ReadAction\",\"target\":[\"https:\\\/\\\/aconteceunovale.com.br\\\/portal\\\/?p=186795\"]}]},{\"@type\":\"ImageObject\",\"inLanguage\":\"pt-BR\",\"@id\":\"https:\\\/\\\/aconteceunovale.com.br\\\/portal\\\/?p=186795#primaryimage\",\"url\":\"https:\\\/\\\/aconteceunovale.com.br\\\/portal\\\/wp-content\\\/uploads\\\/2022\\\/02\\\/mel_norte_de_minas.jpeg\",\"contentUrl\":\"https:\\\/\\\/aconteceunovale.com.br\\\/portal\\\/wp-content\\\/uploads\\\/2022\\\/02\\\/mel_norte_de_minas.jpeg\",\"width\":678,\"height\":432},{\"@type\":\"BreadcrumbList\",\"@id\":\"https:\\\/\\\/aconteceunovale.com.br\\\/portal\\\/?p=186795#breadcrumb\",\"itemListElement\":[{\"@type\":\"ListItem\",\"position\":1,\"name\":\"In\u00edcio\",\"item\":\"https:\\\/\\\/aconteceunovale.com.br\\\/portal\\\/\"},{\"@type\":\"ListItem\",\"position\":2,\"name\":\"Mel do Norte de Minas recebe Indica\u00e7\u00e3o Geogr\u00e1fica por suas caracter\u00edsticas \u00fanicas e terap\u00eauticas\"}]},{\"@type\":\"WebSite\",\"@id\":\"https:\\\/\\\/aconteceunovale.com.br\\\/portal\\\/#website\",\"url\":\"https:\\\/\\\/aconteceunovale.com.br\\\/portal\\\/\",\"name\":\"Aconteceu no Vale\",\"description\":\"Portal de Not\u00edcias\",\"potentialAction\":[{\"@type\":\"SearchAction\",\"target\":{\"@type\":\"EntryPoint\",\"urlTemplate\":\"https:\\\/\\\/aconteceunovale.com.br\\\/portal\\\/?s={search_term_string}\"},\"query-input\":{\"@type\":\"PropertyValueSpecification\",\"valueRequired\":true,\"valueName\":\"search_term_string\"}}],\"inLanguage\":\"pt-BR\"},{\"@type\":\"Person\",\"@id\":\"https:\\\/\\\/aconteceunovale.com.br\\\/portal\\\/#\\\/schema\\\/person\\\/7d2f26d1483f8a63de73da1ee0754d35\",\"name\":\"Reda\u00e7\u00e3o Aconteceu no Vale\",\"description\":\"Equipe de reportagem do Aconteceu no Vale, portal de not\u00edcias do Vale do Jequitinhonha, em Minas Gerais. Cobrimos as 51 cidades do Vale desde 2013. Sugest\u00f5es de pauta e pedidos de corre\u00e7\u00e3o: contato@aconteceunovale.com.br\",\"url\":\"https:\\\/\\\/aconteceunovale.com.br\\\/portal\\\/?author=4\"}]}<\/script>\n<!-- \/ Yoast SEO plugin. -->","yoast_head_json":{"title":"Mel do Norte de Minas recebe Indica\u00e7\u00e3o Geogr\u00e1fica por suas caracter\u00edsticas \u00fanicas e terap\u00eauticas - Aconteceu no Vale","robots":{"index":"index","follow":"follow","max-snippet":"max-snippet:-1","max-image-preview":"max-image-preview:large","max-video-preview":"max-video-preview:-1"},"canonical":"https:\/\/aconteceunovale.com.br\/portal\/?p=186795","og_locale":"pt_BR","og_type":"article","og_title":"Mel do Norte de Minas recebe Indica\u00e7\u00e3o Geogr\u00e1fica por suas caracter\u00edsticas \u00fanicas e terap\u00eauticas - Aconteceu no Vale","og_description":"Antes considerado de pouco valor comercial por ser muito escuro, o mel de aroeira produzido na regi\u00e3o Norte de Minas Gerais ganhou destaque ap\u00f3s pesquisas indicarem suas caracter\u00edsticas terap\u00eauticas. Agora, o Mel do Norte de Minas recebeu o registro de Indica\u00e7\u00e3o Geogr\u00e1fica (IG), na esp\u00e9cie Denomina\u00e7\u00e3o de Origem, conforme publicado na\u00a0edi\u00e7\u00e3o 2665 da Revista da [&hellip;]","og_url":"https:\/\/aconteceunovale.com.br\/portal\/?p=186795","og_site_name":"Aconteceu no Vale","article_publisher":"https:\/\/www.facebook.com\/aconteceunovale\/","article_published_time":"2022-02-06T13:57:44+00:00","article_modified_time":"2022-02-06T13:57:54+00:00","og_image":[{"width":678,"height":432,"url":"https:\/\/aconteceunovale.com.br\/portal\/wp-content\/uploads\/2022\/02\/mel_norte_de_minas.jpeg","type":"image\/jpeg"}],"author":"Reda\u00e7\u00e3o Aconteceu no Vale","twitter_card":"summary_large_image","twitter_creator":"@noticiadosvales","twitter_site":"@noticiadosvales","twitter_misc":{"Escrito por":"Reda\u00e7\u00e3o Aconteceu no Vale","Est. tempo de leitura":"4 minutos"},"schema":{"@context":"https:\/\/schema.org","@graph":[{"@type":"Article","@id":"https:\/\/aconteceunovale.com.br\/portal\/?p=186795#article","isPartOf":{"@id":"https:\/\/aconteceunovale.com.br\/portal\/?p=186795"},"author":{"name":"Reda\u00e7\u00e3o Aconteceu no Vale","@id":"https:\/\/aconteceunovale.com.br\/portal\/#\/schema\/person\/7d2f26d1483f8a63de73da1ee0754d35"},"headline":"Mel do Norte de Minas recebe Indica\u00e7\u00e3o Geogr\u00e1fica por suas caracter\u00edsticas \u00fanicas e terap\u00eauticas","datePublished":"2022-02-06T13:57:44+00:00","dateModified":"2022-02-06T13:57:54+00:00","mainEntityOfPage":{"@id":"https:\/\/aconteceunovale.com.br\/portal\/?p=186795"},"wordCount":727,"commentCount":0,"image":{"@id":"https:\/\/aconteceunovale.com.br\/portal\/?p=186795#primaryimage"},"thumbnailUrl":"https:\/\/aconteceunovale.com.br\/portal\/wp-content\/uploads\/2022\/02\/mel_norte_de_minas.jpeg","keywords":["Caracter\u00edsticas do Mel de aroeira","Caracter\u00edsticas do Mel do Norte de Minas","Caracter\u00edsticas \u00fanicas do Mel do Norte de Minas","Carlos Roberto de Castro","D\u00e9bora Santiago","destaque","IG do Mel do Norte de Minas","Indica\u00e7\u00e3o Geogr\u00e1fica do Mel do Norte de Minas","Mapa","Mel de aroeira do Norte de Minas","mel do norte de minas","Mel do Norte de Minas recebe Indica\u00e7\u00e3o Geogr\u00e1fica por suas caracter\u00edsticas \u00fanicas e terap\u00eauticas"],"articleSection":["Norte de Minas"],"inLanguage":"pt-BR","potentialAction":[{"@type":"CommentAction","name":"Comment","target":["https:\/\/aconteceunovale.com.br\/portal\/?p=186795#respond"]}]},{"@type":"WebPage","@id":"https:\/\/aconteceunovale.com.br\/portal\/?p=186795","url":"https:\/\/aconteceunovale.com.br\/portal\/?p=186795","name":"Mel do Norte de Minas recebe Indica\u00e7\u00e3o Geogr\u00e1fica por suas caracter\u00edsticas \u00fanicas e terap\u00eauticas - Aconteceu no Vale","isPartOf":{"@id":"https:\/\/aconteceunovale.com.br\/portal\/#website"},"primaryImageOfPage":{"@id":"https:\/\/aconteceunovale.com.br\/portal\/?p=186795#primaryimage"},"image":{"@id":"https:\/\/aconteceunovale.com.br\/portal\/?p=186795#primaryimage"},"thumbnailUrl":"https:\/\/aconteceunovale.com.br\/portal\/wp-content\/uploads\/2022\/02\/mel_norte_de_minas.jpeg","datePublished":"2022-02-06T13:57:44+00:00","dateModified":"2022-02-06T13:57:54+00:00","author":{"@id":"https:\/\/aconteceunovale.com.br\/portal\/#\/schema\/person\/7d2f26d1483f8a63de73da1ee0754d35"},"breadcrumb":{"@id":"https:\/\/aconteceunovale.com.br\/portal\/?p=186795#breadcrumb"},"inLanguage":"pt-BR","potentialAction":[{"@type":"ReadAction","target":["https:\/\/aconteceunovale.com.br\/portal\/?p=186795"]}]},{"@type":"ImageObject","inLanguage":"pt-BR","@id":"https:\/\/aconteceunovale.com.br\/portal\/?p=186795#primaryimage","url":"https:\/\/aconteceunovale.com.br\/portal\/wp-content\/uploads\/2022\/02\/mel_norte_de_minas.jpeg","contentUrl":"https:\/\/aconteceunovale.com.br\/portal\/wp-content\/uploads\/2022\/02\/mel_norte_de_minas.jpeg","width":678,"height":432},{"@type":"BreadcrumbList","@id":"https:\/\/aconteceunovale.com.br\/portal\/?p=186795#breadcrumb","itemListElement":[{"@type":"ListItem","position":1,"name":"In\u00edcio","item":"https:\/\/aconteceunovale.com.br\/portal\/"},{"@type":"ListItem","position":2,"name":"Mel do Norte de Minas recebe Indica\u00e7\u00e3o Geogr\u00e1fica por suas caracter\u00edsticas \u00fanicas e terap\u00eauticas"}]},{"@type":"WebSite","@id":"https:\/\/aconteceunovale.com.br\/portal\/#website","url":"https:\/\/aconteceunovale.com.br\/portal\/","name":"Aconteceu no Vale","description":"Portal de Not\u00edcias","potentialAction":[{"@type":"SearchAction","target":{"@type":"EntryPoint","urlTemplate":"https:\/\/aconteceunovale.com.br\/portal\/?s={search_term_string}"},"query-input":{"@type":"PropertyValueSpecification","valueRequired":true,"valueName":"search_term_string"}}],"inLanguage":"pt-BR"},{"@type":"Person","@id":"https:\/\/aconteceunovale.com.br\/portal\/#\/schema\/person\/7d2f26d1483f8a63de73da1ee0754d35","name":"Reda\u00e7\u00e3o Aconteceu no Vale","description":"Equipe de reportagem do Aconteceu no Vale, portal de not\u00edcias do Vale do Jequitinhonha, em Minas Gerais. Cobrimos as 51 cidades do Vale desde 2013. Sugest\u00f5es de pauta e pedidos de corre\u00e7\u00e3o: contato@aconteceunovale.com.br","url":"https:\/\/aconteceunovale.com.br\/portal\/?author=4"}]}},"_links":{"self":[{"href":"https:\/\/aconteceunovale.com.br\/portal\/index.php?rest_route=\/wp\/v2\/posts\/186795","targetHints":{"allow":["GET"]}}],"collection":[{"href":"https:\/\/aconteceunovale.com.br\/portal\/index.php?rest_route=\/wp\/v2\/posts"}],"about":[{"href":"https:\/\/aconteceunovale.com.br\/portal\/index.php?rest_route=\/wp\/v2\/types\/post"}],"author":[{"embeddable":true,"href":"https:\/\/aconteceunovale.com.br\/portal\/index.php?rest_route=\/wp\/v2\/users\/4"}],"replies":[{"embeddable":true,"href":"https:\/\/aconteceunovale.com.br\/portal\/index.php?rest_route=%2Fwp%2Fv2%2Fcomments&post=186795"}],"version-history":[{"count":1,"href":"https:\/\/aconteceunovale.com.br\/portal\/index.php?rest_route=\/wp\/v2\/posts\/186795\/revisions"}],"predecessor-version":[{"id":186797,"href":"https:\/\/aconteceunovale.com.br\/portal\/index.php?rest_route=\/wp\/v2\/posts\/186795\/revisions\/186797"}],"wp:featuredmedia":[{"embeddable":true,"href":"https:\/\/aconteceunovale.com.br\/portal\/index.php?rest_route=\/wp\/v2\/media\/186796"}],"wp:attachment":[{"href":"https:\/\/aconteceunovale.com.br\/portal\/index.php?rest_route=%2Fwp%2Fv2%2Fmedia&parent=186795"}],"wp:term":[{"taxonomy":"category","embeddable":true,"href":"https:\/\/aconteceunovale.com.br\/portal\/index.php?rest_route=%2Fwp%2Fv2%2Fcategories&post=186795"},{"taxonomy":"post_tag","embeddable":true,"href":"https:\/\/aconteceunovale.com.br\/portal\/index.php?rest_route=%2Fwp%2Fv2%2Ftags&post=186795"}],"curies":[{"name":"wp","href":"https:\/\/api.w.org\/{rel}","templated":true}]}}