{"id":186791,"date":"2022-02-06T10:47:12","date_gmt":"2022-02-06T13:47:12","guid":{"rendered":"https:\/\/aconteceunovale.com.br\/portal\/?p=186791"},"modified":"2022-02-06T10:48:02","modified_gmt":"2022-02-06T13:48:02","slug":"escolas-municipais-de-governador-valadares-contam-com-sistema-de-identificacao-facial","status":"publish","type":"post","link":"https:\/\/aconteceunovale.com.br\/portal\/?p=186791","title":{"rendered":"Escolas municipais de Governador Valadares contam com sistema de identifica\u00e7\u00e3o facial"},"content":{"rendered":"\n<p class=\"wp-block-paragraph\">Seguran\u00e7a, tecnologia e efici\u00eancia. Esses s\u00e3o apenas alguns dos benef\u00edcios que o novo sistema de reconhecimento facial, instalado em todas as escolas municipais de Governador Valadares, promete trazer para o Munic\u00edpio. Agora, assim que chegam na escola, os alunos passam por um equipamento que automaticamente registra a presen\u00e7a naquele dia e hor\u00e1rio no local.<\/p>\n\n\n\n<figure class=\"wp-block-gallery has-nested-images columns-default is-cropped wp-block-gallery-1 is-layout-flex wp-block-gallery-is-layout-flex\">\n<figure class=\"wp-block-image size-large\"><img loading=\"lazy\" decoding=\"async\" width=\"675\" height=\"450\" data-id=\"186792\" src=\"https:\/\/aconteceunovale.com.br\/portal\/wp-content\/uploads\/2022\/02\/reconhecimento_facial_escolas_gv_1.jpg\" alt=\"\" class=\"wp-image-186792\" srcset=\"https:\/\/aconteceunovale.com.br\/portal\/wp-content\/uploads\/2022\/02\/reconhecimento_facial_escolas_gv_1.jpg 675w, https:\/\/aconteceunovale.com.br\/portal\/wp-content\/uploads\/2022\/02\/reconhecimento_facial_escolas_gv_1-300x200.jpg 300w, https:\/\/aconteceunovale.com.br\/portal\/wp-content\/uploads\/2022\/02\/reconhecimento_facial_escolas_gv_1-630x420.jpg 630w\" sizes=\"auto, (max-width: 675px) 100vw, 675px\" \/><figcaption><em><sub>Foto: Leonardo Morais \/ Divulga\u00e7\u00e3o \/ Prefeitura de Governador Valadares<\/sub><\/em><\/figcaption><\/figure>\n<\/figure>\n\n\n\n<p class=\"wp-block-paragraph\">O secret\u00e1rio municipal de educa\u00e7\u00e3o, Jos\u00e9 Geraldo Prata, destaca a import\u00e2ncia dessa tecnologia para o Munic\u00edpio. <em>\u201cEssa tecnologia traz muita seguran\u00e7a para o modelo de gest\u00e3o e tamb\u00e9m para as fam\u00edlias dos alunos. Ao adentrar nas escolas, o aluno \u00e9 identificado e a fam\u00edlia tem essa confirma\u00e7\u00e3o da presen\u00e7a do aluno na escola. J\u00e1 na gest\u00e3o escolar, n\u00f3s teremos o controle geral da frequ\u00eancia do aluno. Ent\u00e3o, se o aluno estiver correndo o risco de perder o ano letivo por frequ\u00eancia, n\u00f3s acionamos o Conselho Tutelar para verificar junto \u00e0 fam\u00edlia qual \u00e9 a causa da aus\u00eancia daquele aluno na escola\u201d, <\/em>disse.<\/p>\n\n\n\n<p class=\"wp-block-paragraph\">O diretor de tecnologia da SMED, Filipe Cruz, trouxe mais detalhes de como os equipamentos podem contribuir com a gest\u00e3o escolar. <em>\u201cEsse investimento em tecnologia proporciona seguran\u00e7a, gest\u00e3o de informa\u00e7\u00e3o de qualidade e controle de acesso. No exato momento em que o filho entra na escola, os pais recebem um SMS. O pai n\u00e3o precisa nem de internet para saber que o filho chegou na escola. A gest\u00e3o de informa\u00e7\u00e3o de controle de acesso vai possibilitar que a escola saiba quantos alunos, em tempo real, est\u00e3o dentro da escola, podendo, assim, informar \u00e0 cozinha, por exemplo, a quantidade de alimentos que \u00e9 necess\u00e1rio se fazer, evitando-se o desperd\u00edcio de alimentos. Al\u00e9m disso, no momento de se preencher o di\u00e1rio de classe, o professor saber\u00e1 exatamente o hor\u00e1rio em os alunos adentraram a escola, facilitando, assim, esse trabalho\u201d,<\/em> explicou.<\/p>\n\n\n\n<figure class=\"wp-block-gallery has-nested-images columns-default is-cropped wp-block-gallery-2 is-layout-flex wp-block-gallery-is-layout-flex\">\n<figure class=\"wp-block-image size-large\"><img loading=\"lazy\" decoding=\"async\" width=\"675\" height=\"450\" data-id=\"186793\" src=\"https:\/\/aconteceunovale.com.br\/portal\/wp-content\/uploads\/2022\/02\/reconhecimento_facial_escolas_gv_2.jpg\" alt=\"\" class=\"wp-image-186793\" srcset=\"https:\/\/aconteceunovale.com.br\/portal\/wp-content\/uploads\/2022\/02\/reconhecimento_facial_escolas_gv_2.jpg 675w, https:\/\/aconteceunovale.com.br\/portal\/wp-content\/uploads\/2022\/02\/reconhecimento_facial_escolas_gv_2-300x200.jpg 300w, https:\/\/aconteceunovale.com.br\/portal\/wp-content\/uploads\/2022\/02\/reconhecimento_facial_escolas_gv_2-630x420.jpg 630w\" sizes=\"auto, (max-width: 675px) 100vw, 675px\" \/><figcaption><em><sub>Foto: Leonardo Morais \/ Divulga\u00e7\u00e3o \/ Prefeitura de Governador Valadares<\/sub><\/em><\/figcaption><\/figure>\n<\/figure>\n\n\n\n<p class=\"wp-block-paragraph\">&#8212;&#8212;&#8212;&#8212;&#8212;&#8212;<br><br><strong>Sabia que o Aconteceu no Vale est\u00e1 tamb\u00e9m no Telegram? <a rel=\"noreferrer noopener\" href=\"https:\/\/t.me\/aconteceunovaleoficial\" target=\"_blank\">Inscreva-se no canal<\/a>.<\/strong><br><br><strong>J\u00e1 curtiu ou seguiu nossas p\u00e1ginas nas redes sociais?\u00a0Receba as not\u00edcias em primeira m\u00e3o:<\/strong><br>\u2022 <a rel=\"noreferrer noopener\" href=\"https:\/\/news.google.com\/publications\/CAAqBwgKMNjklQswi4etAw?hl=pt-BR&amp;gl=BR&amp;ceid=BR%3Apt-419\" target=\"_blank\">Google News<\/a><br>\u2022 <a rel=\"noreferrer noopener\" href=\"https:\/\/www.facebook.com\/aconteceunovale\/\" target=\"_blank\">Facebook<\/a><br>\u2022 <a rel=\"noreferrer noopener\" href=\"https:\/\/twitter.com\/noticiadosvales\" target=\"_blank\">Twitter<\/a><br>\u2022 <a rel=\"noreferrer noopener\" href=\"https:\/\/www.instagram.com\/aconteceunovale\" target=\"_blank\">Instagram<\/a><br>\u2022 <a rel=\"noreferrer noopener\" href=\"https:\/\/www.youtube.com\/AconteceunoValeOficial\" target=\"_blank\">Youtube<\/a><br>\u2022 <a rel=\"noreferrer noopener\" href=\"https:\/\/www.tiktok.com\/@aconteceunovale\" target=\"_blank\">TikTok<\/a><\/p>\n","protected":false},"excerpt":{"rendered":"<p>Seguran\u00e7a, tecnologia e efici\u00eancia. Esses s\u00e3o apenas alguns dos benef\u00edcios que o novo sistema de reconhecimento facial, instalado em todas as escolas municipais de Governador Valadares, promete trazer para o Munic\u00edpio. Agora, assim que chegam na escola, os alunos passam por um equipamento que automaticamente registra a presen\u00e7a naquele dia e hor\u00e1rio no local. O [&hellip;]<\/p>\n","protected":false},"author":4,"featured_media":186793,"comment_status":"open","ping_status":"closed","sticky":false,"template":"","format":"standard","meta":{"amp_status":"","footnotes":""},"categories":[40238,121],"tags":[78703,258663,258667,247,258666,35082,258664,258665,233900,258668],"class_list":["post-186791","post","type-post","status-publish","format-standard","has-post-thumbnail","hentry","category-educacao-2","category-leste","tag-educacao-em-governador-valadares","tag-escolas-municipais-de-governador-valadares-contam-com-sistema-de-identificacao-facial","tag-filipe-cruz","tag-governador-valadares","tag-jose-geraldo-prata","tag-prefeitura-de-governador-valadares","tag-reconhecimento-facial-nas-escolas-de-governador-valadares","tag-secretaria-de-educacao-de-governador-valadares","tag-secretario-de-educacao-de-governador-valadares","tag-smed-governador-valadares"],"yoast_head":"<!-- This site is optimized with the Yoast SEO plugin v28.3 - https:\/\/yoast.com\/product\/yoast-seo-wordpress\/ -->\n<title>Escolas municipais de Governador Valadares contam com sistema de identifica\u00e7\u00e3o facial - Aconteceu no Vale<\/title>\n<meta name=\"robots\" content=\"index, follow, max-snippet:-1, max-image-preview:large, max-video-preview:-1\" \/>\n<link rel=\"canonical\" href=\"https:\/\/aconteceunovale.com.br\/portal\/?p=186791\" \/>\n<meta property=\"og:locale\" content=\"pt_BR\" \/>\n<meta property=\"og:type\" content=\"article\" \/>\n<meta property=\"og:title\" content=\"Escolas municipais de Governador Valadares contam com sistema de identifica\u00e7\u00e3o facial - Aconteceu no Vale\" \/>\n<meta property=\"og:description\" content=\"Seguran\u00e7a, tecnologia e efici\u00eancia. Esses s\u00e3o apenas alguns dos benef\u00edcios que o novo sistema de reconhecimento facial, instalado em todas as escolas municipais de Governador Valadares, promete trazer para o Munic\u00edpio. Agora, assim que chegam na escola, os alunos passam por um equipamento que automaticamente registra a presen\u00e7a naquele dia e hor\u00e1rio no local. O [&hellip;]\" \/>\n<meta property=\"og:url\" content=\"https:\/\/aconteceunovale.com.br\/portal\/?p=186791\" \/>\n<meta property=\"og:site_name\" content=\"Aconteceu no Vale\" \/>\n<meta property=\"article:publisher\" content=\"https:\/\/www.facebook.com\/aconteceunovale\/\" \/>\n<meta property=\"article:published_time\" content=\"2022-02-06T13:47:12+00:00\" \/>\n<meta property=\"article:modified_time\" content=\"2022-02-06T13:48:02+00:00\" \/>\n<meta property=\"og:image\" content=\"https:\/\/aconteceunovale.com.br\/portal\/wp-content\/uploads\/2022\/02\/reconhecimento_facial_escolas_gv_2.jpg\" \/>\n\t<meta property=\"og:image:width\" content=\"675\" \/>\n\t<meta property=\"og:image:height\" content=\"450\" \/>\n\t<meta property=\"og:image:type\" content=\"image\/jpeg\" \/>\n<meta name=\"author\" content=\"Reda\u00e7\u00e3o Aconteceu no Vale\" \/>\n<meta name=\"twitter:card\" content=\"summary_large_image\" \/>\n<meta name=\"twitter:creator\" content=\"@noticiadosvales\" \/>\n<meta name=\"twitter:site\" content=\"@noticiadosvales\" \/>\n<meta name=\"twitter:label1\" content=\"Escrito por\" \/>\n\t<meta name=\"twitter:data1\" content=\"Reda\u00e7\u00e3o Aconteceu no Vale\" \/>\n\t<meta name=\"twitter:label2\" content=\"Est. tempo de leitura\" \/>\n\t<meta name=\"twitter:data2\" content=\"2 minutos\" \/>\n<script type=\"application\/ld+json\" class=\"yoast-schema-graph\">{\"@context\":\"https:\\\/\\\/schema.org\",\"@graph\":[{\"@type\":\"Article\",\"@id\":\"https:\\\/\\\/aconteceunovale.com.br\\\/portal\\\/?p=186791#article\",\"isPartOf\":{\"@id\":\"https:\\\/\\\/aconteceunovale.com.br\\\/portal\\\/?p=186791\"},\"author\":{\"name\":\"Reda\u00e7\u00e3o Aconteceu no Vale\",\"@id\":\"https:\\\/\\\/aconteceunovale.com.br\\\/portal\\\/#\\\/schema\\\/person\\\/7d2f26d1483f8a63de73da1ee0754d35\"},\"headline\":\"Escolas municipais de Governador Valadares contam com sistema de identifica\u00e7\u00e3o facial\",\"datePublished\":\"2022-02-06T13:47:12+00:00\",\"dateModified\":\"2022-02-06T13:48:02+00:00\",\"mainEntityOfPage\":{\"@id\":\"https:\\\/\\\/aconteceunovale.com.br\\\/portal\\\/?p=186791\"},\"wordCount\":398,\"commentCount\":0,\"image\":{\"@id\":\"https:\\\/\\\/aconteceunovale.com.br\\\/portal\\\/?p=186791#primaryimage\"},\"thumbnailUrl\":\"https:\\\/\\\/aconteceunovale.com.br\\\/portal\\\/wp-content\\\/uploads\\\/2022\\\/02\\\/reconhecimento_facial_escolas_gv_2.jpg\",\"keywords\":[\"Educa\u00e7\u00e3o em Governador Valadares\",\"Escolas municipais de Governador Valadares contam com sistema de identifica\u00e7\u00e3o facial\",\"Filipe Cruz\",\"Governador Valadares\",\"Jos\u00e9 Geraldo Prata\",\"Prefeitura de Governador Valadares\",\"Reconhecimento facial nas escolas de Governador Valadares\",\"Secretaria de Educa\u00e7\u00e3o de Governador Valadares\",\"Secret\u00e1rio de educa\u00e7\u00e3o de Governador Valadares\",\"SMED Governador Valadares\"],\"articleSection\":[\"Educa\u00e7\u00e3o\",\"Leste de Minas\"],\"inLanguage\":\"pt-BR\",\"potentialAction\":[{\"@type\":\"CommentAction\",\"name\":\"Comment\",\"target\":[\"https:\\\/\\\/aconteceunovale.com.br\\\/portal\\\/?p=186791#respond\"]}]},{\"@type\":\"WebPage\",\"@id\":\"https:\\\/\\\/aconteceunovale.com.br\\\/portal\\\/?p=186791\",\"url\":\"https:\\\/\\\/aconteceunovale.com.br\\\/portal\\\/?p=186791\",\"name\":\"Escolas municipais de Governador Valadares contam com sistema de identifica\u00e7\u00e3o facial - Aconteceu no Vale\",\"isPartOf\":{\"@id\":\"https:\\\/\\\/aconteceunovale.com.br\\\/portal\\\/#website\"},\"primaryImageOfPage\":{\"@id\":\"https:\\\/\\\/aconteceunovale.com.br\\\/portal\\\/?p=186791#primaryimage\"},\"image\":{\"@id\":\"https:\\\/\\\/aconteceunovale.com.br\\\/portal\\\/?p=186791#primaryimage\"},\"thumbnailUrl\":\"https:\\\/\\\/aconteceunovale.com.br\\\/portal\\\/wp-content\\\/uploads\\\/2022\\\/02\\\/reconhecimento_facial_escolas_gv_2.jpg\",\"datePublished\":\"2022-02-06T13:47:12+00:00\",\"dateModified\":\"2022-02-06T13:48:02+00:00\",\"author\":{\"@id\":\"https:\\\/\\\/aconteceunovale.com.br\\\/portal\\\/#\\\/schema\\\/person\\\/7d2f26d1483f8a63de73da1ee0754d35\"},\"breadcrumb\":{\"@id\":\"https:\\\/\\\/aconteceunovale.com.br\\\/portal\\\/?p=186791#breadcrumb\"},\"inLanguage\":\"pt-BR\",\"potentialAction\":[{\"@type\":\"ReadAction\",\"target\":[\"https:\\\/\\\/aconteceunovale.com.br\\\/portal\\\/?p=186791\"]}]},{\"@type\":\"ImageObject\",\"inLanguage\":\"pt-BR\",\"@id\":\"https:\\\/\\\/aconteceunovale.com.br\\\/portal\\\/?p=186791#primaryimage\",\"url\":\"https:\\\/\\\/aconteceunovale.com.br\\\/portal\\\/wp-content\\\/uploads\\\/2022\\\/02\\\/reconhecimento_facial_escolas_gv_2.jpg\",\"contentUrl\":\"https:\\\/\\\/aconteceunovale.com.br\\\/portal\\\/wp-content\\\/uploads\\\/2022\\\/02\\\/reconhecimento_facial_escolas_gv_2.jpg\",\"width\":675,\"height\":450},{\"@type\":\"BreadcrumbList\",\"@id\":\"https:\\\/\\\/aconteceunovale.com.br\\\/portal\\\/?p=186791#breadcrumb\",\"itemListElement\":[{\"@type\":\"ListItem\",\"position\":1,\"name\":\"In\u00edcio\",\"item\":\"https:\\\/\\\/aconteceunovale.com.br\\\/portal\\\/\"},{\"@type\":\"ListItem\",\"position\":2,\"name\":\"Escolas municipais de Governador Valadares contam com sistema de identifica\u00e7\u00e3o facial\"}]},{\"@type\":\"WebSite\",\"@id\":\"https:\\\/\\\/aconteceunovale.com.br\\\/portal\\\/#website\",\"url\":\"https:\\\/\\\/aconteceunovale.com.br\\\/portal\\\/\",\"name\":\"Aconteceu no Vale\",\"description\":\"Portal de Not\u00edcias\",\"potentialAction\":[{\"@type\":\"SearchAction\",\"target\":{\"@type\":\"EntryPoint\",\"urlTemplate\":\"https:\\\/\\\/aconteceunovale.com.br\\\/portal\\\/?s={search_term_string}\"},\"query-input\":{\"@type\":\"PropertyValueSpecification\",\"valueRequired\":true,\"valueName\":\"search_term_string\"}}],\"inLanguage\":\"pt-BR\"},{\"@type\":\"Person\",\"@id\":\"https:\\\/\\\/aconteceunovale.com.br\\\/portal\\\/#\\\/schema\\\/person\\\/7d2f26d1483f8a63de73da1ee0754d35\",\"name\":\"Reda\u00e7\u00e3o Aconteceu no Vale\",\"description\":\"Equipe de reportagem do Aconteceu no Vale, portal de not\u00edcias do Vale do Jequitinhonha, em Minas Gerais. Cobrimos as 51 cidades do Vale desde 2013. Sugest\u00f5es de pauta e pedidos de corre\u00e7\u00e3o: contato@aconteceunovale.com.br\",\"url\":\"https:\\\/\\\/aconteceunovale.com.br\\\/portal\\\/?author=4\"}]}<\/script>\n<!-- \/ Yoast SEO plugin. -->","yoast_head_json":{"title":"Escolas municipais de Governador Valadares contam com sistema de identifica\u00e7\u00e3o facial - Aconteceu no Vale","robots":{"index":"index","follow":"follow","max-snippet":"max-snippet:-1","max-image-preview":"max-image-preview:large","max-video-preview":"max-video-preview:-1"},"canonical":"https:\/\/aconteceunovale.com.br\/portal\/?p=186791","og_locale":"pt_BR","og_type":"article","og_title":"Escolas municipais de Governador Valadares contam com sistema de identifica\u00e7\u00e3o facial - Aconteceu no Vale","og_description":"Seguran\u00e7a, tecnologia e efici\u00eancia. Esses s\u00e3o apenas alguns dos benef\u00edcios que o novo sistema de reconhecimento facial, instalado em todas as escolas municipais de Governador Valadares, promete trazer para o Munic\u00edpio. Agora, assim que chegam na escola, os alunos passam por um equipamento que automaticamente registra a presen\u00e7a naquele dia e hor\u00e1rio no local. O [&hellip;]","og_url":"https:\/\/aconteceunovale.com.br\/portal\/?p=186791","og_site_name":"Aconteceu no Vale","article_publisher":"https:\/\/www.facebook.com\/aconteceunovale\/","article_published_time":"2022-02-06T13:47:12+00:00","article_modified_time":"2022-02-06T13:48:02+00:00","og_image":[{"width":675,"height":450,"url":"https:\/\/aconteceunovale.com.br\/portal\/wp-content\/uploads\/2022\/02\/reconhecimento_facial_escolas_gv_2.jpg","type":"image\/jpeg"}],"author":"Reda\u00e7\u00e3o Aconteceu no Vale","twitter_card":"summary_large_image","twitter_creator":"@noticiadosvales","twitter_site":"@noticiadosvales","twitter_misc":{"Escrito por":"Reda\u00e7\u00e3o Aconteceu no Vale","Est. tempo de leitura":"2 minutos"},"schema":{"@context":"https:\/\/schema.org","@graph":[{"@type":"Article","@id":"https:\/\/aconteceunovale.com.br\/portal\/?p=186791#article","isPartOf":{"@id":"https:\/\/aconteceunovale.com.br\/portal\/?p=186791"},"author":{"name":"Reda\u00e7\u00e3o Aconteceu no Vale","@id":"https:\/\/aconteceunovale.com.br\/portal\/#\/schema\/person\/7d2f26d1483f8a63de73da1ee0754d35"},"headline":"Escolas municipais de Governador Valadares contam com sistema de identifica\u00e7\u00e3o facial","datePublished":"2022-02-06T13:47:12+00:00","dateModified":"2022-02-06T13:48:02+00:00","mainEntityOfPage":{"@id":"https:\/\/aconteceunovale.com.br\/portal\/?p=186791"},"wordCount":398,"commentCount":0,"image":{"@id":"https:\/\/aconteceunovale.com.br\/portal\/?p=186791#primaryimage"},"thumbnailUrl":"https:\/\/aconteceunovale.com.br\/portal\/wp-content\/uploads\/2022\/02\/reconhecimento_facial_escolas_gv_2.jpg","keywords":["Educa\u00e7\u00e3o em Governador Valadares","Escolas municipais de Governador Valadares contam com sistema de identifica\u00e7\u00e3o facial","Filipe Cruz","Governador Valadares","Jos\u00e9 Geraldo Prata","Prefeitura de Governador Valadares","Reconhecimento facial nas escolas de Governador Valadares","Secretaria de Educa\u00e7\u00e3o de Governador Valadares","Secret\u00e1rio de educa\u00e7\u00e3o de Governador Valadares","SMED Governador Valadares"],"articleSection":["Educa\u00e7\u00e3o","Leste de Minas"],"inLanguage":"pt-BR","potentialAction":[{"@type":"CommentAction","name":"Comment","target":["https:\/\/aconteceunovale.com.br\/portal\/?p=186791#respond"]}]},{"@type":"WebPage","@id":"https:\/\/aconteceunovale.com.br\/portal\/?p=186791","url":"https:\/\/aconteceunovale.com.br\/portal\/?p=186791","name":"Escolas municipais de Governador Valadares contam com sistema de identifica\u00e7\u00e3o facial - Aconteceu no Vale","isPartOf":{"@id":"https:\/\/aconteceunovale.com.br\/portal\/#website"},"primaryImageOfPage":{"@id":"https:\/\/aconteceunovale.com.br\/portal\/?p=186791#primaryimage"},"image":{"@id":"https:\/\/aconteceunovale.com.br\/portal\/?p=186791#primaryimage"},"thumbnailUrl":"https:\/\/aconteceunovale.com.br\/portal\/wp-content\/uploads\/2022\/02\/reconhecimento_facial_escolas_gv_2.jpg","datePublished":"2022-02-06T13:47:12+00:00","dateModified":"2022-02-06T13:48:02+00:00","author":{"@id":"https:\/\/aconteceunovale.com.br\/portal\/#\/schema\/person\/7d2f26d1483f8a63de73da1ee0754d35"},"breadcrumb":{"@id":"https:\/\/aconteceunovale.com.br\/portal\/?p=186791#breadcrumb"},"inLanguage":"pt-BR","potentialAction":[{"@type":"ReadAction","target":["https:\/\/aconteceunovale.com.br\/portal\/?p=186791"]}]},{"@type":"ImageObject","inLanguage":"pt-BR","@id":"https:\/\/aconteceunovale.com.br\/portal\/?p=186791#primaryimage","url":"https:\/\/aconteceunovale.com.br\/portal\/wp-content\/uploads\/2022\/02\/reconhecimento_facial_escolas_gv_2.jpg","contentUrl":"https:\/\/aconteceunovale.com.br\/portal\/wp-content\/uploads\/2022\/02\/reconhecimento_facial_escolas_gv_2.jpg","width":675,"height":450},{"@type":"BreadcrumbList","@id":"https:\/\/aconteceunovale.com.br\/portal\/?p=186791#breadcrumb","itemListElement":[{"@type":"ListItem","position":1,"name":"In\u00edcio","item":"https:\/\/aconteceunovale.com.br\/portal\/"},{"@type":"ListItem","position":2,"name":"Escolas municipais de Governador Valadares contam com sistema de identifica\u00e7\u00e3o facial"}]},{"@type":"WebSite","@id":"https:\/\/aconteceunovale.com.br\/portal\/#website","url":"https:\/\/aconteceunovale.com.br\/portal\/","name":"Aconteceu no Vale","description":"Portal de Not\u00edcias","potentialAction":[{"@type":"SearchAction","target":{"@type":"EntryPoint","urlTemplate":"https:\/\/aconteceunovale.com.br\/portal\/?s={search_term_string}"},"query-input":{"@type":"PropertyValueSpecification","valueRequired":true,"valueName":"search_term_string"}}],"inLanguage":"pt-BR"},{"@type":"Person","@id":"https:\/\/aconteceunovale.com.br\/portal\/#\/schema\/person\/7d2f26d1483f8a63de73da1ee0754d35","name":"Reda\u00e7\u00e3o Aconteceu no Vale","description":"Equipe de reportagem do Aconteceu no Vale, portal de not\u00edcias do Vale do Jequitinhonha, em Minas Gerais. Cobrimos as 51 cidades do Vale desde 2013. Sugest\u00f5es de pauta e pedidos de corre\u00e7\u00e3o: contato@aconteceunovale.com.br","url":"https:\/\/aconteceunovale.com.br\/portal\/?author=4"}]}},"_links":{"self":[{"href":"https:\/\/aconteceunovale.com.br\/portal\/index.php?rest_route=\/wp\/v2\/posts\/186791","targetHints":{"allow":["GET"]}}],"collection":[{"href":"https:\/\/aconteceunovale.com.br\/portal\/index.php?rest_route=\/wp\/v2\/posts"}],"about":[{"href":"https:\/\/aconteceunovale.com.br\/portal\/index.php?rest_route=\/wp\/v2\/types\/post"}],"author":[{"embeddable":true,"href":"https:\/\/aconteceunovale.com.br\/portal\/index.php?rest_route=\/wp\/v2\/users\/4"}],"replies":[{"embeddable":true,"href":"https:\/\/aconteceunovale.com.br\/portal\/index.php?rest_route=%2Fwp%2Fv2%2Fcomments&post=186791"}],"version-history":[{"count":1,"href":"https:\/\/aconteceunovale.com.br\/portal\/index.php?rest_route=\/wp\/v2\/posts\/186791\/revisions"}],"predecessor-version":[{"id":186794,"href":"https:\/\/aconteceunovale.com.br\/portal\/index.php?rest_route=\/wp\/v2\/posts\/186791\/revisions\/186794"}],"wp:featuredmedia":[{"embeddable":true,"href":"https:\/\/aconteceunovale.com.br\/portal\/index.php?rest_route=\/wp\/v2\/media\/186793"}],"wp:attachment":[{"href":"https:\/\/aconteceunovale.com.br\/portal\/index.php?rest_route=%2Fwp%2Fv2%2Fmedia&parent=186791"}],"wp:term":[{"taxonomy":"category","embeddable":true,"href":"https:\/\/aconteceunovale.com.br\/portal\/index.php?rest_route=%2Fwp%2Fv2%2Fcategories&post=186791"},{"taxonomy":"post_tag","embeddable":true,"href":"https:\/\/aconteceunovale.com.br\/portal\/index.php?rest_route=%2Fwp%2Fv2%2Ftags&post=186791"}],"curies":[{"name":"wp","href":"https:\/\/api.w.org\/{rel}","templated":true}]}}