{"id":186786,"date":"2022-02-06T10:19:44","date_gmt":"2022-02-06T13:19:44","guid":{"rendered":"https:\/\/aconteceunovale.com.br\/portal\/?p=186786"},"modified":"2022-02-06T10:22:04","modified_gmt":"2022-02-06T13:22:04","slug":"prefeitura-de-montes-claros-define-regras-para-doacao-de-mudas-do-viveiro-municipal","status":"publish","type":"post","link":"https:\/\/aconteceunovale.com.br\/portal\/?p=186786","title":{"rendered":"Prefeitura de Montes Claros define regras para doa\u00e7\u00e3o de mudas do Viveiro Municipal"},"content":{"rendered":"\n<p class=\"wp-block-paragraph\">Com a Portaria n\u00ba 01, de 02 de fevereiro de 2022, a Prefeitura de Montes Claros estabeleceu novas regras para a doa\u00e7\u00e3o de mudas de esp\u00e9cies vegetais nativas, paisag\u00edsticas e frut\u00edferas. A medida obedece aos princ\u00edpios da publicidade e efici\u00eancia no servi\u00e7o p\u00fablico, bem como a relev\u00e2ncia do plantio e do cuidado com a arboriza\u00e7\u00e3o, com o objetivo de viabilizar as boas pr\u00e1ticas ambientais pelos mun\u00edcipes.<\/p>\n\n\n\n<figure class=\"wp-block-gallery has-nested-images columns-default is-cropped wp-block-gallery-1 is-layout-flex wp-block-gallery-is-layout-flex\">\n<figure class=\"wp-block-image size-large\"><img loading=\"lazy\" decoding=\"async\" width=\"678\" height=\"368\" data-id=\"186787\" src=\"https:\/\/aconteceunovale.com.br\/portal\/wp-content\/uploads\/2022\/02\/viveiro_moc.jpg\" alt=\"\" class=\"wp-image-186787\" srcset=\"https:\/\/aconteceunovale.com.br\/portal\/wp-content\/uploads\/2022\/02\/viveiro_moc.jpg 678w, https:\/\/aconteceunovale.com.br\/portal\/wp-content\/uploads\/2022\/02\/viveiro_moc-300x163.jpg 300w\" sizes=\"auto, (max-width: 678px) 100vw, 678px\" \/><figcaption><em><sub>Foto: F\u00e1bio Mar\u00e7al \/ Divulga\u00e7\u00e3o \/ Prefeitura de Montes Claros<\/sub><\/em><\/figcaption><\/figure>\n<\/figure>\n\n\n\n<p class=\"wp-block-paragraph\">Assim, considerando a necessidade de disciplinar e padronizar a doa\u00e7\u00e3o de mudas produzidas pelo Viveiro Municipal Professor Santos D\u2019\u00c2ngelo Neto ou oriundas de compensa\u00e7\u00f5es ambientais, ficou estabelecido que o fornecimento de mudas, no \u00e2mbito da Secretaria Municipal de Meio Ambiente (SEMMA), ter\u00e1 como prioridade atender os projetos e programas ambientais do Munic\u00edpio, podendo, ainda, haver disponibiliza\u00e7\u00e3o para doa\u00e7\u00f5es diretas para a popula\u00e7\u00e3o, institui\u00e7\u00f5es p\u00fablicas e organiza\u00e7\u00f5es sem fins lucrativos.<\/p>\n\n\n\n<p class=\"wp-block-paragraph\">A portaria tamb\u00e9m institui o Programa de Doa\u00e7\u00e3o Continuada de Mudas (PDCM). Desta forma, ap\u00f3s a publica\u00e7\u00e3o da portaria, que se deu em 3 de fevereiro, toda a doa\u00e7\u00e3o de mudas de qualquer natureza dever\u00e1 ser precedida por autoriza\u00e7\u00e3o emitida pela Ger\u00eancia de Educa\u00e7\u00e3o Ambiental da SEMMA, respeitando a disponibilidade de estoque e planejamento, e atendendo a seguinte ordem de prioridade: pessoa f\u00edsica, com 18 anos completos, residente em Montes Claros; institui\u00e7\u00f5es p\u00fablicas ou organiza\u00e7\u00f5es sem fins lucrativos cuja finalidade seja a recupera\u00e7\u00e3o ambiental.<\/p>\n\n\n\n<p class=\"wp-block-paragraph\">As mudas doadas dever\u00e3o, exclusivamente, serem plantadas no munic\u00edpio de Montes Claros, sendo vedada a comercializa\u00e7\u00e3o ou permuta, de qualquer natureza, das mudas recebidas atrav\u00e9s do Programa de Doa\u00e7\u00e3o Continuada. Os agentes p\u00fablicos poder\u00e3o indicar comunidades e\/ou polos rurais para recebimento de mudas, atrav\u00e9s do PDCM. A solicita\u00e7\u00e3o de mudas ser\u00e1 formalizada atrav\u00e9s de formul\u00e1rio espec\u00edfico dispon\u00edvel na Ger\u00eancia de Educa\u00e7\u00e3o Ambiental para quantidades iguais ou inferiores a tr\u00eas unidades de mudas, por solicitante. Mais informa\u00e7\u00f5es podem ser obtidas pelo telefone (38) 2211-3321.<\/p>\n\n\n\n<h1 class=\"wp-block-heading\" id=\"r-800-mil-em-projetos-ambientais\">R$ 800 mil em projetos ambientais<\/h1>\n\n\n\n<figure class=\"wp-block-gallery aligncenter has-nested-images columns-default is-cropped wp-block-gallery-2 is-layout-flex wp-block-gallery-is-layout-flex\">\n<figure class=\"wp-block-image size-large\"><img loading=\"lazy\" decoding=\"async\" width=\"678\" height=\"450\" data-id=\"186788\" src=\"https:\/\/aconteceunovale.com.br\/portal\/wp-content\/uploads\/2022\/02\/meio_ambiente_moc.jpg\" alt=\"\" class=\"wp-image-186788\" srcset=\"https:\/\/aconteceunovale.com.br\/portal\/wp-content\/uploads\/2022\/02\/meio_ambiente_moc.jpg 678w, https:\/\/aconteceunovale.com.br\/portal\/wp-content\/uploads\/2022\/02\/meio_ambiente_moc-300x199.jpg 300w, https:\/\/aconteceunovale.com.br\/portal\/wp-content\/uploads\/2022\/02\/meio_ambiente_moc-633x420.jpg 633w\" sizes=\"auto, (max-width: 678px) 100vw, 678px\" \/><figcaption><em><sub>Foto: F\u00e1bio Mar\u00e7al \/ Divulga\u00e7\u00e3o \/ Prefeitura de Montes Claros<\/sub><\/em><\/figcaption><\/figure>\n<\/figure>\n\n\n\n<p class=\"wp-block-paragraph\">Encerra-se nesta segunda-feira, dia 7 de fevereiro de 2022, o per\u00edodo de inscri\u00e7\u00f5es para o edital de chamamento p\u00fablico da Secretaria de Meio Ambiente da Prefeitura de Montes Claros. Ser\u00e3o investidos R$ 800 mil em programas que visem a conserva\u00e7\u00e3o e recupera\u00e7\u00e3o da natureza, educa\u00e7\u00e3o ambiental, promo\u00e7\u00e3o do desenvolvimento sustent\u00e1vel e melhoria da qualidade de vida. Os recursos s\u00e3o provenientes do Fundo Municipal do Meio Ambiente (FAMMA), gerido pelo Conselho Municipal de Defesa do Meio Ambiente (CODEMA).<\/p>\n\n\n\n<p class=\"wp-block-paragraph\">O cronograma prev\u00ea que as propostas ser\u00e3o analisadas de 8 de fevereiro a 4 de mar\u00e7o. No dia 12 de mar\u00e7o ser\u00e1 divulgado o resultado preliminar, abrindo possibilidade de impetra\u00e7\u00e3o de recursos entre os dias 13 e 18 de mar\u00e7o. Entre 25 e 31 de mar\u00e7o ser\u00e3o julgados os recursos, pela Comiss\u00e3o de Sele\u00e7\u00e3o. A \u00faltima etapa ser\u00e1 a an\u00e1lise da documenta\u00e7\u00e3o das institui\u00e7\u00f5es que tiverem as propostas classificadas. Os projetos aprovados ter\u00e3o o prazo de 6 meses para serem executados e trar\u00e3o grandes ganhos ambientais ao munic\u00edpio.<\/p>\n\n\n\n<p class=\"wp-block-paragraph\">A \u00edntegra do edital pode ser conferida\u00a0<strong><a rel=\"noreferrer noopener\" href=\"https:\/\/marcoregulatorio.montesclaros.mg.gov.br\/chamamento-publico\/chamamento-032021-meio-ambiente\" target=\"_blank\">aqui<\/a>\u00a0<\/strong>ou na Secretaria Municipal de Meio Ambiente e Desenvolvimento Sustent\u00e1vel (38-2211-3323). O secret\u00e1rio de Meio Ambiente e presidente do CODEMA, Soter Magno, lembra que s\u00e3o 12 eixos tem\u00e1ticos e que o chamamento abrange a \u00e1rea urbana e a zona rural, podendo participar associa\u00e7\u00f5es, institui\u00e7\u00f5es diversas e organiza\u00e7\u00f5es n\u00e3o governamentais (ONG&#8217;s).<\/p>\n\n\n\n<h1 class=\"wp-block-heading\" id=\"ipe-amarelo-plantado-no-sagarana-homenageia-moradora-do-santa-rita\">Ip\u00ea amarelo plantado no Sagarana homenageia moradora do Santa Rita<\/h1>\n\n\n\n<figure class=\"wp-block-gallery has-nested-images columns-default is-cropped wp-block-gallery-3 is-layout-flex wp-block-gallery-is-layout-flex\">\n<figure class=\"wp-block-image size-large\"><img loading=\"lazy\" decoding=\"async\" width=\"678\" height=\"444\" data-id=\"186789\" src=\"https:\/\/aconteceunovale.com.br\/portal\/wp-content\/uploads\/2022\/02\/ipe_amarelo_moc.jpeg\" alt=\"\" class=\"wp-image-186789\" srcset=\"https:\/\/aconteceunovale.com.br\/portal\/wp-content\/uploads\/2022\/02\/ipe_amarelo_moc.jpeg 678w, https:\/\/aconteceunovale.com.br\/portal\/wp-content\/uploads\/2022\/02\/ipe_amarelo_moc-300x196.jpeg 300w, https:\/\/aconteceunovale.com.br\/portal\/wp-content\/uploads\/2022\/02\/ipe_amarelo_moc-641x420.jpeg 641w\" sizes=\"auto, (max-width: 678px) 100vw, 678px\" \/><figcaption><em><sub>Foto: Pedro Neto \/ Divulga\u00e7\u00e3o \/ Prefeitura de Montes Claros<\/sub><\/em><\/figcaption><\/figure>\n<\/figure>\n\n\n\n<p class=\"wp-block-paragraph\">Dentro da proposta da Prefeitura de arborizar e embelezar os logradouros p\u00fablicos de Montes Claros, o secret\u00e1rio municipal de Meio Ambiente e Desenvolvimento Sustent\u00e1vel, Soter Magno, e a servidora p\u00fablica municipal Eliana Prates Maia plantaram uma muda de ip\u00ea amarelo na manh\u00e3 de quarta-feira, dia 2 de fevereiro de 2022, em frente \u00e0 portaria principal do Parque Sagarana. Foi uma forma de homenagear a senhora Maria Aparecida Prates Maia, falecida em agosto de 2020, muito querida no bairro Santa Rita.<\/p>\n\n\n\n<p class=\"wp-block-paragraph\">O secret\u00e1rio afirma que o gesto simples \u00e9 de grande import\u00e2ncia, uma vez que representa a valoriza\u00e7\u00e3o das fam\u00edlias montes-clarenses, que v\u00eam prestigiando o Parque Sagarana, um dos mais belos cart\u00f5es postais da cidade. \u201cA simplicidade desta homenagem prestigia uma dona de casa humilde muito conhecida por vender doces e garantir o sustento dos 10 filhos\u201d, afirmou o secret\u00e1rio.<\/p>\n\n\n\n<p class=\"wp-block-paragraph\">Maria Aparecida Prates disse que ir\u00e1 visitar o canteiro sempre que puder e ajudar\u00e1 a cuidar da planta. \u201cS\u00f3 tenho a agradecer a Prefeitura por esta forma carinhosa de lembrar de minha m\u00e3e\u201d, afirmou.<\/p>\n\n\n\n<p class=\"wp-block-paragraph\">O Parque Sagarana \u00e9 local de piqueniques, caminhadas, entre outras atividades de lazer. Possui 35 mil metros quadrados e localiza\u00e7\u00e3o estrat\u00e9gica, sendo dotado de uma ecopista de 1.300 metros de extens\u00e3o e contando com obras dos artistas pl\u00e1sticos Gu Ferreira, Roberto Marques, Felicidade Tupinamb\u00e1, dentre outros. \u00c9 um verdadeiro bosque no per\u00edmetro urbano de Montes Claros, oferecendo ar puro e ambiente saud\u00e1vel para crian\u00e7as, jovens, adultos e idosos, tendo sido inaugurado pelo prefeito Humberto Souto e pelo ent\u00e3o secret\u00e1rio de Meio Ambiente, Paulo Ribeiro, em julho de 2018.<\/p>\n\n\n\n<p class=\"wp-block-paragraph\">&#8212;&#8212;&#8212;&#8212;&#8212;&#8212;<br><br><strong>Sabia que o Aconteceu no Vale est\u00e1 tamb\u00e9m no Telegram? <a rel=\"noreferrer noopener\" href=\"https:\/\/t.me\/aconteceunovaleoficial\" target=\"_blank\">Inscreva-se no canal<\/a>.<\/strong><br><br><strong>J\u00e1 curtiu ou seguiu nossas p\u00e1ginas nas redes sociais?\u00a0Receba as not\u00edcias em primeira m\u00e3o:<\/strong><br>\u2022 <a rel=\"noreferrer noopener\" href=\"https:\/\/news.google.com\/publications\/CAAqBwgKMNjklQswi4etAw?hl=pt-BR&amp;gl=BR&amp;ceid=BR%3Apt-419\" target=\"_blank\">Google News<\/a><br>\u2022 <a rel=\"noreferrer noopener\" href=\"https:\/\/www.facebook.com\/aconteceunovale\/\" target=\"_blank\">Facebook<\/a><br>\u2022 <a rel=\"noreferrer noopener\" href=\"https:\/\/twitter.com\/noticiadosvales\" target=\"_blank\">Twitter<\/a><br>\u2022 <a rel=\"noreferrer noopener\" href=\"https:\/\/www.instagram.com\/aconteceunovale\" target=\"_blank\">Instagram<\/a><br>\u2022 <a rel=\"noreferrer noopener\" href=\"https:\/\/www.youtube.com\/AconteceunoValeOficial\" target=\"_blank\">Youtube<\/a><br>\u2022 <a rel=\"noreferrer noopener\" href=\"https:\/\/www.tiktok.com\/@aconteceunovale\" target=\"_blank\">TikTok<\/a><\/p>\n","protected":false},"excerpt":{"rendered":"<p>Com a Portaria n\u00ba 01, de 02 de fevereiro de 2022, a Prefeitura de Montes Claros estabeleceu novas regras para a doa\u00e7\u00e3o de mudas de esp\u00e9cies vegetais nativas, paisag\u00edsticas e frut\u00edferas. A medida obedece aos princ\u00edpios da publicidade e efici\u00eancia no servi\u00e7o p\u00fablico, bem como a relev\u00e2ncia do plantio e do cuidado com a arboriza\u00e7\u00e3o, [&hellip;]<\/p>\n","protected":false},"author":4,"featured_media":186787,"comment_status":"open","ping_status":"closed","sticky":false,"template":"","format":"standard","meta":{"amp_status":"","footnotes":""},"categories":[1236],"tags":[258656,258658,211057,258652,258657,258662,211068,210,258661,258651,30996,258649,258655,258653,258654,258660,258659,258650],"class_list":["post-186786","post","type-post","status-publish","format-standard","has-post-thumbnail","hentry","category-norte_de_minas","tag-chamamento-publico-para-projetos-ambientais-em-montes-claros","tag-codema-montes-claros","tag-doacao-de-mudas-em-montes-claros","tag-doacao-de-mudas-nativas-e-frutiferas-em-montes-claros","tag-famma-montes-claros","tag-maria-aparecida-prates-maia","tag-meio-ambiente-em-montes-claros","tag-montes-claros","tag-parque-sagarana-em-montes-claros","tag-politica-ambiental-em-montes-claros","tag-prefeitura-de-montes-claros","tag-prefeitura-de-montes-claros-define-regras-para-doacao-de-mudas-do-viveiro-municipal","tag-recursos-para-projetos-ambientais-em-montes-claros","tag-secretaria-de-meio-ambiente-de-montes-claros","tag-semma-montes-claros","tag-soter-magno-meio-ambiente-montes-claros","tag-soter-magno-montes-claros","tag-viveiro-municipal-de-montes-claros"],"yoast_head":"<!-- This site is optimized with the Yoast SEO plugin v28.3 - https:\/\/yoast.com\/product\/yoast-seo-wordpress\/ -->\n<title>Prefeitura de Montes Claros define regras para doa\u00e7\u00e3o de mudas do Viveiro Municipal - Aconteceu no Vale<\/title>\n<meta name=\"robots\" content=\"index, follow, max-snippet:-1, max-image-preview:large, max-video-preview:-1\" \/>\n<link rel=\"canonical\" href=\"https:\/\/aconteceunovale.com.br\/portal\/?p=186786\" \/>\n<meta property=\"og:locale\" content=\"pt_BR\" \/>\n<meta property=\"og:type\" content=\"article\" \/>\n<meta property=\"og:title\" content=\"Prefeitura de Montes Claros define regras para doa\u00e7\u00e3o de mudas do Viveiro Municipal - Aconteceu no Vale\" \/>\n<meta property=\"og:description\" content=\"Com a Portaria n\u00ba 01, de 02 de fevereiro de 2022, a Prefeitura de Montes Claros estabeleceu novas regras para a doa\u00e7\u00e3o de mudas de esp\u00e9cies vegetais nativas, paisag\u00edsticas e frut\u00edferas. A medida obedece aos princ\u00edpios da publicidade e efici\u00eancia no servi\u00e7o p\u00fablico, bem como a relev\u00e2ncia do plantio e do cuidado com a arboriza\u00e7\u00e3o, [&hellip;]\" \/>\n<meta property=\"og:url\" content=\"https:\/\/aconteceunovale.com.br\/portal\/?p=186786\" \/>\n<meta property=\"og:site_name\" content=\"Aconteceu no Vale\" \/>\n<meta property=\"article:publisher\" content=\"https:\/\/www.facebook.com\/aconteceunovale\/\" \/>\n<meta property=\"article:published_time\" content=\"2022-02-06T13:19:44+00:00\" \/>\n<meta property=\"article:modified_time\" content=\"2022-02-06T13:22:04+00:00\" \/>\n<meta property=\"og:image\" content=\"https:\/\/aconteceunovale.com.br\/portal\/wp-content\/uploads\/2022\/02\/viveiro_moc.jpg\" \/>\n\t<meta property=\"og:image:width\" content=\"678\" \/>\n\t<meta property=\"og:image:height\" content=\"368\" \/>\n\t<meta property=\"og:image:type\" content=\"image\/jpeg\" \/>\n<meta name=\"author\" content=\"Reda\u00e7\u00e3o Aconteceu no Vale\" \/>\n<meta name=\"twitter:card\" content=\"summary_large_image\" \/>\n<meta name=\"twitter:creator\" content=\"@noticiadosvales\" \/>\n<meta name=\"twitter:site\" content=\"@noticiadosvales\" \/>\n<meta name=\"twitter:label1\" content=\"Escrito por\" \/>\n\t<meta name=\"twitter:data1\" content=\"Reda\u00e7\u00e3o Aconteceu no Vale\" \/>\n\t<meta name=\"twitter:label2\" content=\"Est. tempo de leitura\" \/>\n\t<meta name=\"twitter:data2\" content=\"5 minutos\" \/>\n<script type=\"application\/ld+json\" class=\"yoast-schema-graph\">{\"@context\":\"https:\\\/\\\/schema.org\",\"@graph\":[{\"@type\":\"Article\",\"@id\":\"https:\\\/\\\/aconteceunovale.com.br\\\/portal\\\/?p=186786#article\",\"isPartOf\":{\"@id\":\"https:\\\/\\\/aconteceunovale.com.br\\\/portal\\\/?p=186786\"},\"author\":{\"name\":\"Reda\u00e7\u00e3o Aconteceu no Vale\",\"@id\":\"https:\\\/\\\/aconteceunovale.com.br\\\/portal\\\/#\\\/schema\\\/person\\\/7d2f26d1483f8a63de73da1ee0754d35\"},\"headline\":\"Prefeitura de Montes Claros define regras para doa\u00e7\u00e3o de mudas do Viveiro Municipal\",\"datePublished\":\"2022-02-06T13:19:44+00:00\",\"dateModified\":\"2022-02-06T13:22:04+00:00\",\"mainEntityOfPage\":{\"@id\":\"https:\\\/\\\/aconteceunovale.com.br\\\/portal\\\/?p=186786\"},\"wordCount\":965,\"commentCount\":0,\"image\":{\"@id\":\"https:\\\/\\\/aconteceunovale.com.br\\\/portal\\\/?p=186786#primaryimage\"},\"thumbnailUrl\":\"https:\\\/\\\/aconteceunovale.com.br\\\/portal\\\/wp-content\\\/uploads\\\/2022\\\/02\\\/viveiro_moc.jpg\",\"keywords\":[\"Chamamento p\u00fablico para projetos ambientais em Montes Claros\",\"Codema Montes Claros\",\"Doa\u00e7\u00e3o de mudas em Montes Claros\",\"Doa\u00e7\u00e3o de mudas nativas e frut\u00edferas em Montes Claros\",\"FAMMA Montes Claros\",\"Maria Aparecida Prates Maia\",\"Meio Ambiente em Montes Claros\",\"Montes Claros\",\"Parque Sagarana em Montes Claros\",\"Pol\u00edtica Ambiental em Montes Claros\",\"Prefeitura de Montes Claros\",\"Prefeitura de Montes Claros define regras para doa\u00e7\u00e3o de mudas do Viveiro Municipal\",\"Recursos para projetos ambientais em Montes Claros\",\"Secretaria de Meio Ambiente de Montes Claros\",\"SEMMA Montes Claros\",\"Soter Magno Meio Ambiente Montes Claros\",\"Soter Magno Montes Claros\",\"Viveiro Municipal de Montes Claros\"],\"articleSection\":[\"Norte de Minas\"],\"inLanguage\":\"pt-BR\",\"potentialAction\":[{\"@type\":\"CommentAction\",\"name\":\"Comment\",\"target\":[\"https:\\\/\\\/aconteceunovale.com.br\\\/portal\\\/?p=186786#respond\"]}]},{\"@type\":\"WebPage\",\"@id\":\"https:\\\/\\\/aconteceunovale.com.br\\\/portal\\\/?p=186786\",\"url\":\"https:\\\/\\\/aconteceunovale.com.br\\\/portal\\\/?p=186786\",\"name\":\"Prefeitura de Montes Claros define regras para doa\u00e7\u00e3o de mudas do Viveiro Municipal - Aconteceu no Vale\",\"isPartOf\":{\"@id\":\"https:\\\/\\\/aconteceunovale.com.br\\\/portal\\\/#website\"},\"primaryImageOfPage\":{\"@id\":\"https:\\\/\\\/aconteceunovale.com.br\\\/portal\\\/?p=186786#primaryimage\"},\"image\":{\"@id\":\"https:\\\/\\\/aconteceunovale.com.br\\\/portal\\\/?p=186786#primaryimage\"},\"thumbnailUrl\":\"https:\\\/\\\/aconteceunovale.com.br\\\/portal\\\/wp-content\\\/uploads\\\/2022\\\/02\\\/viveiro_moc.jpg\",\"datePublished\":\"2022-02-06T13:19:44+00:00\",\"dateModified\":\"2022-02-06T13:22:04+00:00\",\"author\":{\"@id\":\"https:\\\/\\\/aconteceunovale.com.br\\\/portal\\\/#\\\/schema\\\/person\\\/7d2f26d1483f8a63de73da1ee0754d35\"},\"breadcrumb\":{\"@id\":\"https:\\\/\\\/aconteceunovale.com.br\\\/portal\\\/?p=186786#breadcrumb\"},\"inLanguage\":\"pt-BR\",\"potentialAction\":[{\"@type\":\"ReadAction\",\"target\":[\"https:\\\/\\\/aconteceunovale.com.br\\\/portal\\\/?p=186786\"]}]},{\"@type\":\"ImageObject\",\"inLanguage\":\"pt-BR\",\"@id\":\"https:\\\/\\\/aconteceunovale.com.br\\\/portal\\\/?p=186786#primaryimage\",\"url\":\"https:\\\/\\\/aconteceunovale.com.br\\\/portal\\\/wp-content\\\/uploads\\\/2022\\\/02\\\/viveiro_moc.jpg\",\"contentUrl\":\"https:\\\/\\\/aconteceunovale.com.br\\\/portal\\\/wp-content\\\/uploads\\\/2022\\\/02\\\/viveiro_moc.jpg\",\"width\":678,\"height\":368},{\"@type\":\"BreadcrumbList\",\"@id\":\"https:\\\/\\\/aconteceunovale.com.br\\\/portal\\\/?p=186786#breadcrumb\",\"itemListElement\":[{\"@type\":\"ListItem\",\"position\":1,\"name\":\"In\u00edcio\",\"item\":\"https:\\\/\\\/aconteceunovale.com.br\\\/portal\\\/\"},{\"@type\":\"ListItem\",\"position\":2,\"name\":\"Prefeitura de Montes Claros define regras para doa\u00e7\u00e3o de mudas do Viveiro Municipal\"}]},{\"@type\":\"WebSite\",\"@id\":\"https:\\\/\\\/aconteceunovale.com.br\\\/portal\\\/#website\",\"url\":\"https:\\\/\\\/aconteceunovale.com.br\\\/portal\\\/\",\"name\":\"Aconteceu no Vale\",\"description\":\"Portal de Not\u00edcias\",\"potentialAction\":[{\"@type\":\"SearchAction\",\"target\":{\"@type\":\"EntryPoint\",\"urlTemplate\":\"https:\\\/\\\/aconteceunovale.com.br\\\/portal\\\/?s={search_term_string}\"},\"query-input\":{\"@type\":\"PropertyValueSpecification\",\"valueRequired\":true,\"valueName\":\"search_term_string\"}}],\"inLanguage\":\"pt-BR\"},{\"@type\":\"Person\",\"@id\":\"https:\\\/\\\/aconteceunovale.com.br\\\/portal\\\/#\\\/schema\\\/person\\\/7d2f26d1483f8a63de73da1ee0754d35\",\"name\":\"Reda\u00e7\u00e3o Aconteceu no Vale\",\"description\":\"Equipe de reportagem do Aconteceu no Vale, portal de not\u00edcias do Vale do Jequitinhonha, em Minas Gerais. Cobrimos as 51 cidades do Vale desde 2013. Sugest\u00f5es de pauta e pedidos de corre\u00e7\u00e3o: contato@aconteceunovale.com.br\",\"url\":\"https:\\\/\\\/aconteceunovale.com.br\\\/portal\\\/?author=4\"}]}<\/script>\n<!-- \/ Yoast SEO plugin. -->","yoast_head_json":{"title":"Prefeitura de Montes Claros define regras para doa\u00e7\u00e3o de mudas do Viveiro Municipal - Aconteceu no Vale","robots":{"index":"index","follow":"follow","max-snippet":"max-snippet:-1","max-image-preview":"max-image-preview:large","max-video-preview":"max-video-preview:-1"},"canonical":"https:\/\/aconteceunovale.com.br\/portal\/?p=186786","og_locale":"pt_BR","og_type":"article","og_title":"Prefeitura de Montes Claros define regras para doa\u00e7\u00e3o de mudas do Viveiro Municipal - Aconteceu no Vale","og_description":"Com a Portaria n\u00ba 01, de 02 de fevereiro de 2022, a Prefeitura de Montes Claros estabeleceu novas regras para a doa\u00e7\u00e3o de mudas de esp\u00e9cies vegetais nativas, paisag\u00edsticas e frut\u00edferas. A medida obedece aos princ\u00edpios da publicidade e efici\u00eancia no servi\u00e7o p\u00fablico, bem como a relev\u00e2ncia do plantio e do cuidado com a arboriza\u00e7\u00e3o, [&hellip;]","og_url":"https:\/\/aconteceunovale.com.br\/portal\/?p=186786","og_site_name":"Aconteceu no Vale","article_publisher":"https:\/\/www.facebook.com\/aconteceunovale\/","article_published_time":"2022-02-06T13:19:44+00:00","article_modified_time":"2022-02-06T13:22:04+00:00","og_image":[{"width":678,"height":368,"url":"https:\/\/aconteceunovale.com.br\/portal\/wp-content\/uploads\/2022\/02\/viveiro_moc.jpg","type":"image\/jpeg"}],"author":"Reda\u00e7\u00e3o Aconteceu no Vale","twitter_card":"summary_large_image","twitter_creator":"@noticiadosvales","twitter_site":"@noticiadosvales","twitter_misc":{"Escrito por":"Reda\u00e7\u00e3o Aconteceu no Vale","Est. tempo de leitura":"5 minutos"},"schema":{"@context":"https:\/\/schema.org","@graph":[{"@type":"Article","@id":"https:\/\/aconteceunovale.com.br\/portal\/?p=186786#article","isPartOf":{"@id":"https:\/\/aconteceunovale.com.br\/portal\/?p=186786"},"author":{"name":"Reda\u00e7\u00e3o Aconteceu no Vale","@id":"https:\/\/aconteceunovale.com.br\/portal\/#\/schema\/person\/7d2f26d1483f8a63de73da1ee0754d35"},"headline":"Prefeitura de Montes Claros define regras para doa\u00e7\u00e3o de mudas do Viveiro Municipal","datePublished":"2022-02-06T13:19:44+00:00","dateModified":"2022-02-06T13:22:04+00:00","mainEntityOfPage":{"@id":"https:\/\/aconteceunovale.com.br\/portal\/?p=186786"},"wordCount":965,"commentCount":0,"image":{"@id":"https:\/\/aconteceunovale.com.br\/portal\/?p=186786#primaryimage"},"thumbnailUrl":"https:\/\/aconteceunovale.com.br\/portal\/wp-content\/uploads\/2022\/02\/viveiro_moc.jpg","keywords":["Chamamento p\u00fablico para projetos ambientais em Montes Claros","Codema Montes Claros","Doa\u00e7\u00e3o de mudas em Montes Claros","Doa\u00e7\u00e3o de mudas nativas e frut\u00edferas em Montes Claros","FAMMA Montes Claros","Maria Aparecida Prates Maia","Meio Ambiente em Montes Claros","Montes Claros","Parque Sagarana em Montes Claros","Pol\u00edtica Ambiental em Montes Claros","Prefeitura de Montes Claros","Prefeitura de Montes Claros define regras para doa\u00e7\u00e3o de mudas do Viveiro Municipal","Recursos para projetos ambientais em Montes Claros","Secretaria de Meio Ambiente de Montes Claros","SEMMA Montes Claros","Soter Magno Meio Ambiente Montes Claros","Soter Magno Montes Claros","Viveiro Municipal de Montes Claros"],"articleSection":["Norte de Minas"],"inLanguage":"pt-BR","potentialAction":[{"@type":"CommentAction","name":"Comment","target":["https:\/\/aconteceunovale.com.br\/portal\/?p=186786#respond"]}]},{"@type":"WebPage","@id":"https:\/\/aconteceunovale.com.br\/portal\/?p=186786","url":"https:\/\/aconteceunovale.com.br\/portal\/?p=186786","name":"Prefeitura de Montes Claros define regras para doa\u00e7\u00e3o de mudas do Viveiro Municipal - Aconteceu no Vale","isPartOf":{"@id":"https:\/\/aconteceunovale.com.br\/portal\/#website"},"primaryImageOfPage":{"@id":"https:\/\/aconteceunovale.com.br\/portal\/?p=186786#primaryimage"},"image":{"@id":"https:\/\/aconteceunovale.com.br\/portal\/?p=186786#primaryimage"},"thumbnailUrl":"https:\/\/aconteceunovale.com.br\/portal\/wp-content\/uploads\/2022\/02\/viveiro_moc.jpg","datePublished":"2022-02-06T13:19:44+00:00","dateModified":"2022-02-06T13:22:04+00:00","author":{"@id":"https:\/\/aconteceunovale.com.br\/portal\/#\/schema\/person\/7d2f26d1483f8a63de73da1ee0754d35"},"breadcrumb":{"@id":"https:\/\/aconteceunovale.com.br\/portal\/?p=186786#breadcrumb"},"inLanguage":"pt-BR","potentialAction":[{"@type":"ReadAction","target":["https:\/\/aconteceunovale.com.br\/portal\/?p=186786"]}]},{"@type":"ImageObject","inLanguage":"pt-BR","@id":"https:\/\/aconteceunovale.com.br\/portal\/?p=186786#primaryimage","url":"https:\/\/aconteceunovale.com.br\/portal\/wp-content\/uploads\/2022\/02\/viveiro_moc.jpg","contentUrl":"https:\/\/aconteceunovale.com.br\/portal\/wp-content\/uploads\/2022\/02\/viveiro_moc.jpg","width":678,"height":368},{"@type":"BreadcrumbList","@id":"https:\/\/aconteceunovale.com.br\/portal\/?p=186786#breadcrumb","itemListElement":[{"@type":"ListItem","position":1,"name":"In\u00edcio","item":"https:\/\/aconteceunovale.com.br\/portal\/"},{"@type":"ListItem","position":2,"name":"Prefeitura de Montes Claros define regras para doa\u00e7\u00e3o de mudas do Viveiro Municipal"}]},{"@type":"WebSite","@id":"https:\/\/aconteceunovale.com.br\/portal\/#website","url":"https:\/\/aconteceunovale.com.br\/portal\/","name":"Aconteceu no Vale","description":"Portal de Not\u00edcias","potentialAction":[{"@type":"SearchAction","target":{"@type":"EntryPoint","urlTemplate":"https:\/\/aconteceunovale.com.br\/portal\/?s={search_term_string}"},"query-input":{"@type":"PropertyValueSpecification","valueRequired":true,"valueName":"search_term_string"}}],"inLanguage":"pt-BR"},{"@type":"Person","@id":"https:\/\/aconteceunovale.com.br\/portal\/#\/schema\/person\/7d2f26d1483f8a63de73da1ee0754d35","name":"Reda\u00e7\u00e3o Aconteceu no Vale","description":"Equipe de reportagem do Aconteceu no Vale, portal de not\u00edcias do Vale do Jequitinhonha, em Minas Gerais. Cobrimos as 51 cidades do Vale desde 2013. Sugest\u00f5es de pauta e pedidos de corre\u00e7\u00e3o: contato@aconteceunovale.com.br","url":"https:\/\/aconteceunovale.com.br\/portal\/?author=4"}]}},"_links":{"self":[{"href":"https:\/\/aconteceunovale.com.br\/portal\/index.php?rest_route=\/wp\/v2\/posts\/186786","targetHints":{"allow":["GET"]}}],"collection":[{"href":"https:\/\/aconteceunovale.com.br\/portal\/index.php?rest_route=\/wp\/v2\/posts"}],"about":[{"href":"https:\/\/aconteceunovale.com.br\/portal\/index.php?rest_route=\/wp\/v2\/types\/post"}],"author":[{"embeddable":true,"href":"https:\/\/aconteceunovale.com.br\/portal\/index.php?rest_route=\/wp\/v2\/users\/4"}],"replies":[{"embeddable":true,"href":"https:\/\/aconteceunovale.com.br\/portal\/index.php?rest_route=%2Fwp%2Fv2%2Fcomments&post=186786"}],"version-history":[{"count":1,"href":"https:\/\/aconteceunovale.com.br\/portal\/index.php?rest_route=\/wp\/v2\/posts\/186786\/revisions"}],"predecessor-version":[{"id":186790,"href":"https:\/\/aconteceunovale.com.br\/portal\/index.php?rest_route=\/wp\/v2\/posts\/186786\/revisions\/186790"}],"wp:featuredmedia":[{"embeddable":true,"href":"https:\/\/aconteceunovale.com.br\/portal\/index.php?rest_route=\/wp\/v2\/media\/186787"}],"wp:attachment":[{"href":"https:\/\/aconteceunovale.com.br\/portal\/index.php?rest_route=%2Fwp%2Fv2%2Fmedia&parent=186786"}],"wp:term":[{"taxonomy":"category","embeddable":true,"href":"https:\/\/aconteceunovale.com.br\/portal\/index.php?rest_route=%2Fwp%2Fv2%2Fcategories&post=186786"},{"taxonomy":"post_tag","embeddable":true,"href":"https:\/\/aconteceunovale.com.br\/portal\/index.php?rest_route=%2Fwp%2Fv2%2Ftags&post=186786"}],"curies":[{"name":"wp","href":"https:\/\/api.w.org\/{rel}","templated":true}]}}