{"id":186783,"date":"2022-02-06T10:09:13","date_gmt":"2022-02-06T13:09:13","guid":{"rendered":"https:\/\/aconteceunovale.com.br\/portal\/?p=186783"},"modified":"2022-02-06T10:10:00","modified_gmt":"2022-02-06T13:10:00","slug":"montes-claros-adota-novas-medidas-para-conter-a-variante-omicron","status":"publish","type":"post","link":"https:\/\/aconteceunovale.com.br\/portal\/?p=186783","title":{"rendered":"Montes Claros adota novas medidas para conter a variante \u00d4micron"},"content":{"rendered":"\n<p class=\"wp-block-paragraph\">O\u00a0<a rel=\"noreferrer noopener\" href=\"https:\/\/admin.montesclaros.mg.gov.br\/upload\/montes-claros\/files\/secoes\/noticias\/2022\/02_Fevereiro\/04\/Decreto%204353%20-%20medida%20de%20prevencao%20durante%20o%20carnaval.pdf\" target=\"_blank\">Decreto Municipal n\u00ba 4.353, de 3 de fevereiro de 2022<\/a>, implementa novas medidas de combate \u00e0 Covid-19 em Montes Claros. A iniciativa leva em considera\u00e7\u00e3o o aumento substancial identificado no n\u00famero de casos di\u00e1rios, que se deu com a chegada da variante \u00d4micron, bem como as a\u00e7\u00f5es adotadas em diversos munic\u00edpios brasileiros. A determina\u00e7\u00e3o ainda considera que o cancelamento dos festejos em outras cidades poder\u00e1 gerar um fluxo migrat\u00f3rio para Montes Claros, gerando uma maior concentra\u00e7\u00e3o de pessoas e poss\u00edveis aglomera\u00e7\u00f5es aptas a facilitar o cont\u00e1gio pelo coronav\u00edrus.<\/p>\n\n\n\n<figure class=\"wp-block-gallery has-nested-images columns-default is-cropped wp-block-gallery-1 is-layout-flex wp-block-gallery-is-layout-flex\">\n<figure class=\"wp-block-image size-large\"><img loading=\"lazy\" decoding=\"async\" width=\"678\" height=\"379\" data-id=\"186784\" src=\"https:\/\/aconteceunovale.com.br\/portal\/wp-content\/uploads\/2022\/02\/montes_claros.jpg\" alt=\"\" class=\"wp-image-186784\" srcset=\"https:\/\/aconteceunovale.com.br\/portal\/wp-content\/uploads\/2022\/02\/montes_claros.jpg 678w, https:\/\/aconteceunovale.com.br\/portal\/wp-content\/uploads\/2022\/02\/montes_claros-300x168.jpg 300w\" sizes=\"auto, (max-width: 678px) 100vw, 678px\" \/><figcaption><em><sub>Foto: F\u00e1bio Mar\u00e7al \/ Divulga\u00e7\u00e3o \/ Prefeitura de Montes Claros<\/sub><\/em><\/figcaption><\/figure>\n<\/figure>\n\n\n\n<p class=\"wp-block-paragraph\">Assim, ficam suspensas, em Montes Claros, as comemora\u00e7\u00f5es carnavalescas ou eventos que gerem aglomera\u00e7\u00f5es em vias e logradouros p\u00fablicos ou locais particulares, no per\u00edodo de 25 de fevereiro a 1\u00ba de mar\u00e7o de 2022. As comemora\u00e7\u00f5es carnavalescas, por sua vez, ficam transferidas para os dias 21 a 24 de abril.<\/p>\n\n\n\n<p class=\"wp-block-paragraph\">A partir da publica\u00e7\u00e3o do Decreto, e at\u00e9 o dia 13 de mar\u00e7o de 2022, fica tamb\u00e9m vedada a realiza\u00e7\u00e3o de shows art\u00edsticos e musicais na cidade. No mesmo per\u00edodo, a realiza\u00e7\u00e3o dos demais eventos que gerem aglomera\u00e7\u00e3o de pessoas depender\u00e1 de pr\u00e9via autoriza\u00e7\u00e3o do Munic\u00edpio, com estabelecimento das condi\u00e7\u00f5es sanit\u00e1rias para sua realiza\u00e7\u00e3o.<\/p>\n\n\n\n<p class=\"wp-block-paragraph\">Ainda fica determinado \u00e0s secretarias municipais de Defesa Social, Sa\u00fade e Servi\u00e7os Urbanos que, de forma conjunta, intensifiquem a fiscaliza\u00e7\u00e3o nas datas descritas no presente Decreto. O descumprimento das regras previstas implicar\u00e1 na aplica\u00e7\u00e3o das multas descritas no artigo 25 do Decreto Municipal n.\u00ba 4.046\/2020, al\u00e9m de eventuais puni\u00e7\u00f5es no \u00e2mbito civil, penal e administrativo, a cargo da autoridade competente.<\/p>\n\n\n\n<p class=\"wp-block-paragraph\">&#8212;&#8212;&#8212;&#8212;&#8212;&#8212;<br><br><strong>Sabia que o Aconteceu no Vale est\u00e1 tamb\u00e9m no Telegram? <a rel=\"noreferrer noopener\" href=\"https:\/\/t.me\/aconteceunovaleoficial\" target=\"_blank\">Inscreva-se no canal<\/a>.<\/strong><br><br><strong>J\u00e1 curtiu ou seguiu nossas p\u00e1ginas nas redes sociais?\u00a0Receba as not\u00edcias em primeira m\u00e3o:<\/strong><br>\u2022 <a rel=\"noreferrer noopener\" href=\"https:\/\/news.google.com\/publications\/CAAqBwgKMNjklQswi4etAw?hl=pt-BR&amp;gl=BR&amp;ceid=BR%3Apt-419\" target=\"_blank\">Google News<\/a><br>\u2022 <a rel=\"noreferrer noopener\" href=\"https:\/\/www.facebook.com\/aconteceunovale\/\" target=\"_blank\">Facebook<\/a><br>\u2022 <a rel=\"noreferrer noopener\" href=\"https:\/\/twitter.com\/noticiadosvales\" target=\"_blank\">Twitter<\/a><br>\u2022 <a rel=\"noreferrer noopener\" href=\"https:\/\/www.instagram.com\/aconteceunovale\" target=\"_blank\">Instagram<\/a><br>\u2022 <a rel=\"noreferrer noopener\" href=\"https:\/\/www.youtube.com\/AconteceunoValeOficial\" target=\"_blank\">Youtube<\/a><br>\u2022 <a rel=\"noreferrer noopener\" href=\"https:\/\/www.tiktok.com\/@aconteceunovale\" target=\"_blank\">TikTok<\/a><\/p>\n","protected":false},"excerpt":{"rendered":"<p>O\u00a0Decreto Municipal n\u00ba 4.353, de 3 de fevereiro de 2022, implementa novas medidas de combate \u00e0 Covid-19 em Montes Claros. A iniciativa leva em considera\u00e7\u00e3o o aumento substancial identificado no n\u00famero de casos di\u00e1rios, que se deu com a chegada da variante \u00d4micron, bem como as a\u00e7\u00f5es adotadas em diversos munic\u00edpios brasileiros. A determina\u00e7\u00e3o ainda [&hellip;]<\/p>\n","protected":false},"author":4,"featured_media":186784,"comment_status":"open","ping_status":"closed","sticky":false,"template":"","format":"standard","meta":{"amp_status":"","footnotes":""},"categories":[125,1236,40242],"tags":[138563,220749,258645,1018,258644,258648,210,258643,258647,258646,30996],"class_list":["post-186783","post","type-post","status-publish","format-standard","has-post-thumbnail","hentry","category-noticias","category-norte_de_minas","category-saude-2","tag-carnaval-em-montes-claros","tag-covid-19-em-montes-claros","tag-decreto-proibe-shows-musicais-em-montes-claros","tag-destaque","tag-eventos-em-montes-claros","tag-festas-em-montes-claros","tag-montes-claros","tag-montes-claros-adota-novas-medidas-para-conter-a-variante-omicron","tag-omicron-em-montes-claros","tag-pandemia-em-montes-claros","tag-prefeitura-de-montes-claros"],"yoast_head":"<!-- This site is optimized with the Yoast SEO plugin v28.3 - https:\/\/yoast.com\/product\/yoast-seo-wordpress\/ -->\n<title>Montes Claros adota novas medidas para conter a variante \u00d4micron - Aconteceu no Vale<\/title>\n<meta name=\"robots\" content=\"index, follow, max-snippet:-1, max-image-preview:large, max-video-preview:-1\" \/>\n<link rel=\"canonical\" href=\"https:\/\/aconteceunovale.com.br\/portal\/?p=186783\" \/>\n<meta property=\"og:locale\" content=\"pt_BR\" \/>\n<meta property=\"og:type\" content=\"article\" \/>\n<meta property=\"og:title\" content=\"Montes Claros adota novas medidas para conter a variante \u00d4micron - Aconteceu no Vale\" \/>\n<meta property=\"og:description\" content=\"O\u00a0Decreto Municipal n\u00ba 4.353, de 3 de fevereiro de 2022, implementa novas medidas de combate \u00e0 Covid-19 em Montes Claros. A iniciativa leva em considera\u00e7\u00e3o o aumento substancial identificado no n\u00famero de casos di\u00e1rios, que se deu com a chegada da variante \u00d4micron, bem como as a\u00e7\u00f5es adotadas em diversos munic\u00edpios brasileiros. A determina\u00e7\u00e3o ainda [&hellip;]\" \/>\n<meta property=\"og:url\" content=\"https:\/\/aconteceunovale.com.br\/portal\/?p=186783\" \/>\n<meta property=\"og:site_name\" content=\"Aconteceu no Vale\" \/>\n<meta property=\"article:publisher\" content=\"https:\/\/www.facebook.com\/aconteceunovale\/\" \/>\n<meta property=\"article:published_time\" content=\"2022-02-06T13:09:13+00:00\" \/>\n<meta property=\"article:modified_time\" content=\"2022-02-06T13:10:00+00:00\" \/>\n<meta property=\"og:image\" content=\"https:\/\/aconteceunovale.com.br\/portal\/wp-content\/uploads\/2022\/02\/montes_claros.jpg\" \/>\n\t<meta property=\"og:image:width\" content=\"678\" \/>\n\t<meta property=\"og:image:height\" content=\"379\" \/>\n\t<meta property=\"og:image:type\" content=\"image\/jpeg\" \/>\n<meta name=\"author\" content=\"Reda\u00e7\u00e3o Aconteceu no Vale\" \/>\n<meta name=\"twitter:card\" content=\"summary_large_image\" \/>\n<meta name=\"twitter:creator\" content=\"@noticiadosvales\" \/>\n<meta name=\"twitter:site\" content=\"@noticiadosvales\" \/>\n<meta name=\"twitter:label1\" content=\"Escrito por\" \/>\n\t<meta name=\"twitter:data1\" content=\"Reda\u00e7\u00e3o Aconteceu no Vale\" \/>\n\t<meta name=\"twitter:label2\" content=\"Est. tempo de leitura\" \/>\n\t<meta name=\"twitter:data2\" content=\"2 minutos\" \/>\n<script type=\"application\/ld+json\" class=\"yoast-schema-graph\">{\"@context\":\"https:\\\/\\\/schema.org\",\"@graph\":[{\"@type\":\"Article\",\"@id\":\"https:\\\/\\\/aconteceunovale.com.br\\\/portal\\\/?p=186783#article\",\"isPartOf\":{\"@id\":\"https:\\\/\\\/aconteceunovale.com.br\\\/portal\\\/?p=186783\"},\"author\":{\"name\":\"Reda\u00e7\u00e3o Aconteceu no Vale\",\"@id\":\"https:\\\/\\\/aconteceunovale.com.br\\\/portal\\\/#\\\/schema\\\/person\\\/7d2f26d1483f8a63de73da1ee0754d35\"},\"headline\":\"Montes Claros adota novas medidas para conter a variante \u00d4micron\",\"datePublished\":\"2022-02-06T13:09:13+00:00\",\"dateModified\":\"2022-02-06T13:10:00+00:00\",\"mainEntityOfPage\":{\"@id\":\"https:\\\/\\\/aconteceunovale.com.br\\\/portal\\\/?p=186783\"},\"wordCount\":339,\"commentCount\":0,\"image\":{\"@id\":\"https:\\\/\\\/aconteceunovale.com.br\\\/portal\\\/?p=186783#primaryimage\"},\"thumbnailUrl\":\"https:\\\/\\\/aconteceunovale.com.br\\\/portal\\\/wp-content\\\/uploads\\\/2022\\\/02\\\/montes_claros.jpg\",\"keywords\":[\"Carnaval em Montes Claros\",\"Covid-19 em Montes Claros\",\"Decreto pro\u00edbe shows musicais em Montes Claros\",\"destaque\",\"Eventos em Montes Claros\",\"Festas em Montes Claros\",\"Montes Claros\",\"Montes Claros adota novas medidas para conter a variante \u00d4micron\",\"\u00d4micron em Montes Claros\",\"Pandemia em Montes Claros\",\"Prefeitura de Montes Claros\"],\"articleSection\":[\"Eventos\",\"Norte de Minas\",\"Sa\u00fade\"],\"inLanguage\":\"pt-BR\",\"potentialAction\":[{\"@type\":\"CommentAction\",\"name\":\"Comment\",\"target\":[\"https:\\\/\\\/aconteceunovale.com.br\\\/portal\\\/?p=186783#respond\"]}]},{\"@type\":\"WebPage\",\"@id\":\"https:\\\/\\\/aconteceunovale.com.br\\\/portal\\\/?p=186783\",\"url\":\"https:\\\/\\\/aconteceunovale.com.br\\\/portal\\\/?p=186783\",\"name\":\"Montes Claros adota novas medidas para conter a variante \u00d4micron - Aconteceu no Vale\",\"isPartOf\":{\"@id\":\"https:\\\/\\\/aconteceunovale.com.br\\\/portal\\\/#website\"},\"primaryImageOfPage\":{\"@id\":\"https:\\\/\\\/aconteceunovale.com.br\\\/portal\\\/?p=186783#primaryimage\"},\"image\":{\"@id\":\"https:\\\/\\\/aconteceunovale.com.br\\\/portal\\\/?p=186783#primaryimage\"},\"thumbnailUrl\":\"https:\\\/\\\/aconteceunovale.com.br\\\/portal\\\/wp-content\\\/uploads\\\/2022\\\/02\\\/montes_claros.jpg\",\"datePublished\":\"2022-02-06T13:09:13+00:00\",\"dateModified\":\"2022-02-06T13:10:00+00:00\",\"author\":{\"@id\":\"https:\\\/\\\/aconteceunovale.com.br\\\/portal\\\/#\\\/schema\\\/person\\\/7d2f26d1483f8a63de73da1ee0754d35\"},\"breadcrumb\":{\"@id\":\"https:\\\/\\\/aconteceunovale.com.br\\\/portal\\\/?p=186783#breadcrumb\"},\"inLanguage\":\"pt-BR\",\"potentialAction\":[{\"@type\":\"ReadAction\",\"target\":[\"https:\\\/\\\/aconteceunovale.com.br\\\/portal\\\/?p=186783\"]}]},{\"@type\":\"ImageObject\",\"inLanguage\":\"pt-BR\",\"@id\":\"https:\\\/\\\/aconteceunovale.com.br\\\/portal\\\/?p=186783#primaryimage\",\"url\":\"https:\\\/\\\/aconteceunovale.com.br\\\/portal\\\/wp-content\\\/uploads\\\/2022\\\/02\\\/montes_claros.jpg\",\"contentUrl\":\"https:\\\/\\\/aconteceunovale.com.br\\\/portal\\\/wp-content\\\/uploads\\\/2022\\\/02\\\/montes_claros.jpg\",\"width\":678,\"height\":379},{\"@type\":\"BreadcrumbList\",\"@id\":\"https:\\\/\\\/aconteceunovale.com.br\\\/portal\\\/?p=186783#breadcrumb\",\"itemListElement\":[{\"@type\":\"ListItem\",\"position\":1,\"name\":\"In\u00edcio\",\"item\":\"https:\\\/\\\/aconteceunovale.com.br\\\/portal\\\/\"},{\"@type\":\"ListItem\",\"position\":2,\"name\":\"Montes Claros adota novas medidas para conter a variante \u00d4micron\"}]},{\"@type\":\"WebSite\",\"@id\":\"https:\\\/\\\/aconteceunovale.com.br\\\/portal\\\/#website\",\"url\":\"https:\\\/\\\/aconteceunovale.com.br\\\/portal\\\/\",\"name\":\"Aconteceu no Vale\",\"description\":\"Portal de Not\u00edcias\",\"potentialAction\":[{\"@type\":\"SearchAction\",\"target\":{\"@type\":\"EntryPoint\",\"urlTemplate\":\"https:\\\/\\\/aconteceunovale.com.br\\\/portal\\\/?s={search_term_string}\"},\"query-input\":{\"@type\":\"PropertyValueSpecification\",\"valueRequired\":true,\"valueName\":\"search_term_string\"}}],\"inLanguage\":\"pt-BR\"},{\"@type\":\"Person\",\"@id\":\"https:\\\/\\\/aconteceunovale.com.br\\\/portal\\\/#\\\/schema\\\/person\\\/7d2f26d1483f8a63de73da1ee0754d35\",\"name\":\"Reda\u00e7\u00e3o Aconteceu no Vale\",\"description\":\"Equipe de reportagem do Aconteceu no Vale, portal de not\u00edcias do Vale do Jequitinhonha, em Minas Gerais. Cobrimos as 51 cidades do Vale desde 2013. Sugest\u00f5es de pauta e pedidos de corre\u00e7\u00e3o: contato@aconteceunovale.com.br\",\"url\":\"https:\\\/\\\/aconteceunovale.com.br\\\/portal\\\/?author=4\"}]}<\/script>\n<!-- \/ Yoast SEO plugin. -->","yoast_head_json":{"title":"Montes Claros adota novas medidas para conter a variante \u00d4micron - Aconteceu no Vale","robots":{"index":"index","follow":"follow","max-snippet":"max-snippet:-1","max-image-preview":"max-image-preview:large","max-video-preview":"max-video-preview:-1"},"canonical":"https:\/\/aconteceunovale.com.br\/portal\/?p=186783","og_locale":"pt_BR","og_type":"article","og_title":"Montes Claros adota novas medidas para conter a variante \u00d4micron - Aconteceu no Vale","og_description":"O\u00a0Decreto Municipal n\u00ba 4.353, de 3 de fevereiro de 2022, implementa novas medidas de combate \u00e0 Covid-19 em Montes Claros. A iniciativa leva em considera\u00e7\u00e3o o aumento substancial identificado no n\u00famero de casos di\u00e1rios, que se deu com a chegada da variante \u00d4micron, bem como as a\u00e7\u00f5es adotadas em diversos munic\u00edpios brasileiros. A determina\u00e7\u00e3o ainda [&hellip;]","og_url":"https:\/\/aconteceunovale.com.br\/portal\/?p=186783","og_site_name":"Aconteceu no Vale","article_publisher":"https:\/\/www.facebook.com\/aconteceunovale\/","article_published_time":"2022-02-06T13:09:13+00:00","article_modified_time":"2022-02-06T13:10:00+00:00","og_image":[{"width":678,"height":379,"url":"https:\/\/aconteceunovale.com.br\/portal\/wp-content\/uploads\/2022\/02\/montes_claros.jpg","type":"image\/jpeg"}],"author":"Reda\u00e7\u00e3o Aconteceu no Vale","twitter_card":"summary_large_image","twitter_creator":"@noticiadosvales","twitter_site":"@noticiadosvales","twitter_misc":{"Escrito por":"Reda\u00e7\u00e3o Aconteceu no Vale","Est. tempo de leitura":"2 minutos"},"schema":{"@context":"https:\/\/schema.org","@graph":[{"@type":"Article","@id":"https:\/\/aconteceunovale.com.br\/portal\/?p=186783#article","isPartOf":{"@id":"https:\/\/aconteceunovale.com.br\/portal\/?p=186783"},"author":{"name":"Reda\u00e7\u00e3o Aconteceu no Vale","@id":"https:\/\/aconteceunovale.com.br\/portal\/#\/schema\/person\/7d2f26d1483f8a63de73da1ee0754d35"},"headline":"Montes Claros adota novas medidas para conter a variante \u00d4micron","datePublished":"2022-02-06T13:09:13+00:00","dateModified":"2022-02-06T13:10:00+00:00","mainEntityOfPage":{"@id":"https:\/\/aconteceunovale.com.br\/portal\/?p=186783"},"wordCount":339,"commentCount":0,"image":{"@id":"https:\/\/aconteceunovale.com.br\/portal\/?p=186783#primaryimage"},"thumbnailUrl":"https:\/\/aconteceunovale.com.br\/portal\/wp-content\/uploads\/2022\/02\/montes_claros.jpg","keywords":["Carnaval em Montes Claros","Covid-19 em Montes Claros","Decreto pro\u00edbe shows musicais em Montes Claros","destaque","Eventos em Montes Claros","Festas em Montes Claros","Montes Claros","Montes Claros adota novas medidas para conter a variante \u00d4micron","\u00d4micron em Montes Claros","Pandemia em Montes Claros","Prefeitura de Montes Claros"],"articleSection":["Eventos","Norte de Minas","Sa\u00fade"],"inLanguage":"pt-BR","potentialAction":[{"@type":"CommentAction","name":"Comment","target":["https:\/\/aconteceunovale.com.br\/portal\/?p=186783#respond"]}]},{"@type":"WebPage","@id":"https:\/\/aconteceunovale.com.br\/portal\/?p=186783","url":"https:\/\/aconteceunovale.com.br\/portal\/?p=186783","name":"Montes Claros adota novas medidas para conter a variante \u00d4micron - Aconteceu no Vale","isPartOf":{"@id":"https:\/\/aconteceunovale.com.br\/portal\/#website"},"primaryImageOfPage":{"@id":"https:\/\/aconteceunovale.com.br\/portal\/?p=186783#primaryimage"},"image":{"@id":"https:\/\/aconteceunovale.com.br\/portal\/?p=186783#primaryimage"},"thumbnailUrl":"https:\/\/aconteceunovale.com.br\/portal\/wp-content\/uploads\/2022\/02\/montes_claros.jpg","datePublished":"2022-02-06T13:09:13+00:00","dateModified":"2022-02-06T13:10:00+00:00","author":{"@id":"https:\/\/aconteceunovale.com.br\/portal\/#\/schema\/person\/7d2f26d1483f8a63de73da1ee0754d35"},"breadcrumb":{"@id":"https:\/\/aconteceunovale.com.br\/portal\/?p=186783#breadcrumb"},"inLanguage":"pt-BR","potentialAction":[{"@type":"ReadAction","target":["https:\/\/aconteceunovale.com.br\/portal\/?p=186783"]}]},{"@type":"ImageObject","inLanguage":"pt-BR","@id":"https:\/\/aconteceunovale.com.br\/portal\/?p=186783#primaryimage","url":"https:\/\/aconteceunovale.com.br\/portal\/wp-content\/uploads\/2022\/02\/montes_claros.jpg","contentUrl":"https:\/\/aconteceunovale.com.br\/portal\/wp-content\/uploads\/2022\/02\/montes_claros.jpg","width":678,"height":379},{"@type":"BreadcrumbList","@id":"https:\/\/aconteceunovale.com.br\/portal\/?p=186783#breadcrumb","itemListElement":[{"@type":"ListItem","position":1,"name":"In\u00edcio","item":"https:\/\/aconteceunovale.com.br\/portal\/"},{"@type":"ListItem","position":2,"name":"Montes Claros adota novas medidas para conter a variante \u00d4micron"}]},{"@type":"WebSite","@id":"https:\/\/aconteceunovale.com.br\/portal\/#website","url":"https:\/\/aconteceunovale.com.br\/portal\/","name":"Aconteceu no Vale","description":"Portal de Not\u00edcias","potentialAction":[{"@type":"SearchAction","target":{"@type":"EntryPoint","urlTemplate":"https:\/\/aconteceunovale.com.br\/portal\/?s={search_term_string}"},"query-input":{"@type":"PropertyValueSpecification","valueRequired":true,"valueName":"search_term_string"}}],"inLanguage":"pt-BR"},{"@type":"Person","@id":"https:\/\/aconteceunovale.com.br\/portal\/#\/schema\/person\/7d2f26d1483f8a63de73da1ee0754d35","name":"Reda\u00e7\u00e3o Aconteceu no Vale","description":"Equipe de reportagem do Aconteceu no Vale, portal de not\u00edcias do Vale do Jequitinhonha, em Minas Gerais. Cobrimos as 51 cidades do Vale desde 2013. Sugest\u00f5es de pauta e pedidos de corre\u00e7\u00e3o: contato@aconteceunovale.com.br","url":"https:\/\/aconteceunovale.com.br\/portal\/?author=4"}]}},"_links":{"self":[{"href":"https:\/\/aconteceunovale.com.br\/portal\/index.php?rest_route=\/wp\/v2\/posts\/186783","targetHints":{"allow":["GET"]}}],"collection":[{"href":"https:\/\/aconteceunovale.com.br\/portal\/index.php?rest_route=\/wp\/v2\/posts"}],"about":[{"href":"https:\/\/aconteceunovale.com.br\/portal\/index.php?rest_route=\/wp\/v2\/types\/post"}],"author":[{"embeddable":true,"href":"https:\/\/aconteceunovale.com.br\/portal\/index.php?rest_route=\/wp\/v2\/users\/4"}],"replies":[{"embeddable":true,"href":"https:\/\/aconteceunovale.com.br\/portal\/index.php?rest_route=%2Fwp%2Fv2%2Fcomments&post=186783"}],"version-history":[{"count":1,"href":"https:\/\/aconteceunovale.com.br\/portal\/index.php?rest_route=\/wp\/v2\/posts\/186783\/revisions"}],"predecessor-version":[{"id":186785,"href":"https:\/\/aconteceunovale.com.br\/portal\/index.php?rest_route=\/wp\/v2\/posts\/186783\/revisions\/186785"}],"wp:featuredmedia":[{"embeddable":true,"href":"https:\/\/aconteceunovale.com.br\/portal\/index.php?rest_route=\/wp\/v2\/media\/186784"}],"wp:attachment":[{"href":"https:\/\/aconteceunovale.com.br\/portal\/index.php?rest_route=%2Fwp%2Fv2%2Fmedia&parent=186783"}],"wp:term":[{"taxonomy":"category","embeddable":true,"href":"https:\/\/aconteceunovale.com.br\/portal\/index.php?rest_route=%2Fwp%2Fv2%2Fcategories&post=186783"},{"taxonomy":"post_tag","embeddable":true,"href":"https:\/\/aconteceunovale.com.br\/portal\/index.php?rest_route=%2Fwp%2Fv2%2Ftags&post=186783"}],"curies":[{"name":"wp","href":"https:\/\/api.w.org\/{rel}","templated":true}]}}