{"id":186770,"date":"2022-02-04T09:00:51","date_gmt":"2022-02-04T12:00:51","guid":{"rendered":"https:\/\/aconteceunovale.com.br\/portal\/?p=186770"},"modified":"2022-02-05T20:03:21","modified_gmt":"2022-02-05T23:03:21","slug":"dnit-libera-desvio-na-br-381","status":"publish","type":"post","link":"https:\/\/aconteceunovale.com.br\/portal\/?p=186770","title":{"rendered":"DNIT libera desvio na BR-381"},"content":{"rendered":"\n<p>O Departamento Nacional de Infraestrutura de Transportes (DNIT) concluiu, na quinta-feira (3\/2\/2022), as obras de constru\u00e7\u00e3o de um desvio no km 321 da BR-381, no munic\u00edpio de Nova Era, em Minas Gerais. O tr\u00e1fego de ve\u00edculos no trecho foi interrompido ap\u00f3s um deslizamento de terra durante as fortes chuvas que atingiram o estado no m\u00eas de janeiro.\u00a0<\/p>\n\n\n\n<iframe loading=\"lazy\" src=\"https:\/\/www.facebook.com\/plugins\/video.php?height=314&#038;href=https%3A%2F%2Fwww.facebook.com%2Faconteceunovale%2Fvideos%2F3010614835916992%2F&#038;show_text=false&#038;width=560&#038;t=0\" width=\"560\" height=\"314\" style=\"border:none;overflow:hidden\" scrolling=\"no\" frameborder=\"0\" allowfullscreen=\"true\" allow=\"autoplay; clipboard-write; encrypted-media; picture-in-picture; web-share\" allowFullScreen=\"true\"><\/iframe>\n\n\n\n<p>T\u00e9cnicos do DNIT primeiro iniciaram os levantamentos t\u00e9cnicos necess\u00e1rios para definir a solu\u00e7\u00e3o do problema e elaboraram um plano para implanta\u00e7\u00e3o de desvio no local, utilizando um volume consider\u00e1vel de material p\u00e9treo.<\/p>\n\n\n\n<p>Ap\u00f3s uma semana, equipes anteciparam o cronograma e garantiram a trafegabilidade de ve\u00edculos leves e pesados por meio do desvio emergencial. A pr\u00f3xima etapa a ser executada \u00e9 avan\u00e7ar com os servi\u00e7os de recomposi\u00e7\u00e3o da pista principal.<\/p>\n\n\n\n<h2 class=\"wp-block-heading\" id=\"historico\"><strong>Hist\u00f3rico<\/strong><\/h2>\n\n\n\n<p>Em 14 de janeiro, ap\u00f3s fortes chuvas na regi\u00e3o, as equipes do DNIT observaram o primeiro deslocamento de uma grande massa de terra do talude do km 321 da BR-381, que pressionou a base da rodovia e rompeu a pista. No dia 21 de janeiro, houve um novo deslocamento do maci\u00e7o e a continuidade de movimenta\u00e7\u00e3o de terra no talude do trecho.<\/p>\n\n\n\n<p>Ap\u00f3s a segunda ocorr\u00eancia, comprometendo inclusive as \u00e1reas previstas para o desvio, as obras s\u00f3 puderam ser iniciadas depois da estabiliza\u00e7\u00e3o do local, para garantir a seguran\u00e7a das equipes e dos usu\u00e1rios da rodovia.<\/p>\n\n\n\n<p>&#8212;&#8212;&#8212;&#8212;&#8212;&#8212;<br><br><strong>Sabia que o Aconteceu no Vale est\u00e1 tamb\u00e9m no Telegram? <a rel=\"noreferrer noopener\" href=\"https:\/\/t.me\/aconteceunovaleoficial\" target=\"_blank\">Inscreva-se no canal<\/a>.<\/strong><br><br><strong>J\u00e1 curtiu ou seguiu nossas p\u00e1ginas nas redes sociais?\u00a0Receba as not\u00edcias em primeira m\u00e3o:<\/strong><br>\u2022 <a rel=\"noreferrer noopener\" href=\"https:\/\/news.google.com\/publications\/CAAqBwgKMNjklQswi4etAw?hl=pt-BR&amp;gl=BR&amp;ceid=BR%3Apt-419\" target=\"_blank\">Google News<\/a><br>\u2022 <a rel=\"noreferrer noopener\" href=\"https:\/\/www.facebook.com\/aconteceunovale\/\" target=\"_blank\">Facebook<\/a><br>\u2022 <a rel=\"noreferrer noopener\" href=\"https:\/\/twitter.com\/noticiadosvales\" target=\"_blank\">Twitter<\/a><br>\u2022 <a rel=\"noreferrer noopener\" href=\"https:\/\/www.instagram.com\/aconteceunovale\" target=\"_blank\">Instagram<\/a><br>\u2022 <a rel=\"noreferrer noopener\" href=\"https:\/\/www.youtube.com\/AconteceunoValeOficial\" target=\"_blank\">Youtube<\/a><br>\u2022 <a rel=\"noreferrer noopener\" href=\"https:\/\/www.tiktok.com\/@aconteceunovale\" target=\"_blank\">TikTok<\/a><\/p>\n","protected":false},"excerpt":{"rendered":"<p>O Departamento Nacional de Infraestrutura de Transportes (DNIT) concluiu, na quinta-feira (3\/2\/2022), as obras de constru\u00e7\u00e3o de um desvio no km 321 da BR-381, no munic\u00edpio de Nova Era, em Minas Gerais. O tr\u00e1fego de ve\u00edculos no trecho foi interrompido ap\u00f3s um deslizamento de terra durante as fortes chuvas que atingiram o estado no m\u00eas [&hellip;]<\/p>\n","protected":false},"author":4,"featured_media":186771,"comment_status":"open","ping_status":"closed","sticky":false,"template":"","format":"standard","meta":{"amp_status":"","footnotes":""},"categories":[121,123],"tags":[70951,209677,1018,258625,258626,4484,258184,70949,258623,258624,131,1103],"class_list":["post-186770","post","type-post","status-publish","format-standard","has-post-thumbnail","hentry","category-leste","category-gerais","tag-bloqueio-da-br-381","tag-br-381-2","tag-destaque","tag-dnit-libera-desvio-na-br-381","tag-dnit-libera-desvio-na-br-381-em-nova-era","tag-espirito-santo","tag-fechamento-da-br-381","tag-interdicao-da-br-381","tag-interdicao-da-br-381-em-nova-era","tag-interdicao-em-nova-era","tag-minas-gerais","tag-nova-era"],"_links":{"self":[{"href":"https:\/\/aconteceunovale.com.br\/portal\/index.php?rest_route=\/wp\/v2\/posts\/186770","targetHints":{"allow":["GET"]}}],"collection":[{"href":"https:\/\/aconteceunovale.com.br\/portal\/index.php?rest_route=\/wp\/v2\/posts"}],"about":[{"href":"https:\/\/aconteceunovale.com.br\/portal\/index.php?rest_route=\/wp\/v2\/types\/post"}],"author":[{"embeddable":true,"href":"https:\/\/aconteceunovale.com.br\/portal\/index.php?rest_route=\/wp\/v2\/users\/4"}],"replies":[{"embeddable":true,"href":"https:\/\/aconteceunovale.com.br\/portal\/index.php?rest_route=%2Fwp%2Fv2%2Fcomments&post=186770"}],"version-history":[{"count":1,"href":"https:\/\/aconteceunovale.com.br\/portal\/index.php?rest_route=\/wp\/v2\/posts\/186770\/revisions"}],"predecessor-version":[{"id":186772,"href":"https:\/\/aconteceunovale.com.br\/portal\/index.php?rest_route=\/wp\/v2\/posts\/186770\/revisions\/186772"}],"wp:featuredmedia":[{"embeddable":true,"href":"https:\/\/aconteceunovale.com.br\/portal\/index.php?rest_route=\/wp\/v2\/media\/186771"}],"wp:attachment":[{"href":"https:\/\/aconteceunovale.com.br\/portal\/index.php?rest_route=%2Fwp%2Fv2%2Fmedia&parent=186770"}],"wp:term":[{"taxonomy":"category","embeddable":true,"href":"https:\/\/aconteceunovale.com.br\/portal\/index.php?rest_route=%2Fwp%2Fv2%2Fcategories&post=186770"},{"taxonomy":"post_tag","embeddable":true,"href":"https:\/\/aconteceunovale.com.br\/portal\/index.php?rest_route=%2Fwp%2Fv2%2Ftags&post=186770"}],"curies":[{"name":"wp","href":"https:\/\/api.w.org\/{rel}","templated":true}]}}