{"id":186758,"date":"2022-02-05T18:32:26","date_gmt":"2022-02-05T21:32:26","guid":{"rendered":"https:\/\/aconteceunovale.com.br\/portal\/?p=186758"},"modified":"2022-02-05T18:35:03","modified_gmt":"2022-02-05T21:35:03","slug":"democrata-de-governador-valadares-conquista-primeira-vitoria-no-campeonato-mineiro","status":"publish","type":"post","link":"https:\/\/aconteceunovale.com.br\/portal\/?p=186758","title":{"rendered":"Democrata de Governador Valadares conquista primeira vit\u00f3ria no Campeonato Mineiro"},"content":{"rendered":"\n<p class=\"wp-block-paragraph\">O Democrata GV recebeu o Pouso Alegre, neste s\u00e1bado (5\/2\/2022), no\u00a0Est\u00e1dio Jos\u00e9 Mammoud Abbas (Mamud\u00e3o),\u00a0em partida v\u00e1lida pela quarta rodada do Campeonato Mineiro. A equipe valadarense venceu por 1 a 0, com gol de Matheus Bidick aos 28 minutos do segundo tempo, e somou tr\u00eas importantes pontos.\u00a0<\/p>\n\n\n\n<p class=\"wp-block-paragraph\">Com o triunfo em casa, a Pantera subiu para o sexto lugar na tabela. O Pouso Alegre, que ainda n\u00e3o venceu no campeonato,&nbsp;tem apenas dois pontos e segue na 11\u00aa posi\u00e7\u00e3o.&nbsp;<\/p>\n\n\n\n<p class=\"wp-block-paragraph\">O Democrata volta a campo na pr\u00f3xima quarta-feira (9\/2), \u00e0s 19h30, quando encara o Cruzeiro no Mineir\u00e3o. No dia anterior, \u00e0s 21h30, o Pous\u00e3o recebe o Am\u00e9rica-MG no Est\u00e1dio Irm\u00e3o Gino Maria Rossi (Manduz\u00e3o).\u00a0<\/p>\n\n\n\n<p class=\"wp-block-paragraph\">&#8212;&#8212;&#8212;&#8212;&#8212;&#8212;<br><br><strong>Sabia que o Aconteceu no Vale est\u00e1 tamb\u00e9m no Telegram? <a rel=\"noreferrer noopener\" href=\"https:\/\/t.me\/aconteceunovaleoficial\" target=\"_blank\">Inscreva-se no canal<\/a>.<\/strong><br><br><strong>J\u00e1 curtiu ou seguiu nossas p\u00e1ginas nas redes sociais?\u00a0Receba as not\u00edcias em primeira m\u00e3o:<\/strong><br>\u2022 <a rel=\"noreferrer noopener\" href=\"https:\/\/news.google.com\/publications\/CAAqBwgKMNjklQswi4etAw?hl=pt-BR&amp;gl=BR&amp;ceid=BR%3Apt-419\" target=\"_blank\">Google News<\/a><br>\u2022 <a rel=\"noreferrer noopener\" href=\"https:\/\/www.facebook.com\/aconteceunovale\/\" target=\"_blank\">Facebook<\/a><br>\u2022 <a rel=\"noreferrer noopener\" href=\"https:\/\/twitter.com\/noticiadosvales\" target=\"_blank\">Twitter<\/a><br>\u2022 <a rel=\"noreferrer noopener\" href=\"https:\/\/www.instagram.com\/aconteceunovale\" target=\"_blank\">Instagram<\/a><br>\u2022 <a rel=\"noreferrer noopener\" href=\"https:\/\/www.youtube.com\/AconteceunoValeOficial\" target=\"_blank\">Youtube<\/a><br>\u2022 <a rel=\"noreferrer noopener\" href=\"https:\/\/www.tiktok.com\/@aconteceunovale\" target=\"_blank\">TikTok<\/a><\/p>\n","protected":false},"excerpt":{"rendered":"<p>O Democrata GV recebeu o Pouso Alegre, neste s\u00e1bado (5\/2\/2022), no\u00a0Est\u00e1dio Jos\u00e9 Mammoud Abbas (Mamud\u00e3o),\u00a0em partida v\u00e1lida pela quarta rodada do Campeonato Mineiro. A equipe valadarense venceu por 1 a 0, com gol de Matheus Bidick aos 28 minutos do segundo tempo, e somou tr\u00eas importantes pontos.\u00a0 Com o triunfo em casa, a Pantera subiu [&hellip;]<\/p>\n","protected":false},"author":4,"featured_media":186759,"comment_status":"open","ping_status":"closed","sticky":false,"template":"","format":"standard","meta":{"amp_status":"","footnotes":""},"categories":[59,121,123],"tags":[75846,4404,257945,682,4369,258620,77422,79456,247,18800,32054,243595,258621,16500,5324,242253,216,18801],"class_list":["post-186758","post","type-post","status-publish","format-standard","has-post-thumbnail","hentry","category-esportes","category-leste","category-gerais","tag-america-mg","tag-campeonato-mineiro","tag-campeonato-mineiro-2022","tag-cruzeiro","tag-democrata-de-governador-valadares","tag-democrata-de-governador-valadares-conquista-primeira-vitoria-no-campeonato-mineiro","tag-democrata-gv","tag-estadio-jose-mammoud-abbas","tag-governador-valadares","tag-gv","tag-mamudao","tag-manduzao","tag-matheus-bidick","tag-mineirao","tag-pantera","tag-pousao","tag-pouso-alegre","tag-valadares"],"yoast_head":"<!-- This site is optimized with the Yoast SEO plugin v28.3 - https:\/\/yoast.com\/product\/yoast-seo-wordpress\/ -->\n<title>Democrata de Governador Valadares conquista primeira vit\u00f3ria no Campeonato Mineiro - Aconteceu no Vale<\/title>\n<meta name=\"robots\" content=\"index, follow, max-snippet:-1, max-image-preview:large, max-video-preview:-1\" \/>\n<link rel=\"canonical\" href=\"https:\/\/aconteceunovale.com.br\/portal\/?p=186758\" \/>\n<meta property=\"og:locale\" content=\"pt_BR\" \/>\n<meta property=\"og:type\" content=\"article\" \/>\n<meta property=\"og:title\" content=\"Democrata de Governador Valadares conquista primeira vit\u00f3ria no Campeonato Mineiro - Aconteceu no Vale\" \/>\n<meta property=\"og:description\" content=\"O Democrata GV recebeu o Pouso Alegre, neste s\u00e1bado (5\/2\/2022), no\u00a0Est\u00e1dio Jos\u00e9 Mammoud Abbas (Mamud\u00e3o),\u00a0em partida v\u00e1lida pela quarta rodada do Campeonato Mineiro. A equipe valadarense venceu por 1 a 0, com gol de Matheus Bidick aos 28 minutos do segundo tempo, e somou tr\u00eas importantes pontos.\u00a0 Com o triunfo em casa, a Pantera subiu [&hellip;]\" \/>\n<meta property=\"og:url\" content=\"https:\/\/aconteceunovale.com.br\/portal\/?p=186758\" \/>\n<meta property=\"og:site_name\" content=\"Aconteceu no Vale\" \/>\n<meta property=\"article:publisher\" content=\"https:\/\/www.facebook.com\/aconteceunovale\/\" \/>\n<meta property=\"article:published_time\" content=\"2022-02-05T21:32:26+00:00\" \/>\n<meta property=\"article:modified_time\" content=\"2022-02-05T21:35:03+00:00\" \/>\n<meta property=\"og:image\" content=\"https:\/\/aconteceunovale.com.br\/portal\/wp-content\/uploads\/2022\/02\/democrata_gv.jpg\" \/>\n\t<meta property=\"og:image:width\" content=\"678\" \/>\n\t<meta property=\"og:image:height\" content=\"439\" \/>\n\t<meta property=\"og:image:type\" content=\"image\/jpeg\" \/>\n<meta name=\"author\" content=\"Reda\u00e7\u00e3o Aconteceu no Vale\" \/>\n<meta name=\"twitter:card\" content=\"summary_large_image\" \/>\n<meta name=\"twitter:creator\" content=\"@noticiadosvales\" \/>\n<meta name=\"twitter:site\" content=\"@noticiadosvales\" \/>\n<meta name=\"twitter:label1\" content=\"Escrito por\" \/>\n\t<meta name=\"twitter:data1\" content=\"Reda\u00e7\u00e3o Aconteceu no Vale\" \/>\n\t<meta name=\"twitter:label2\" content=\"Est. tempo de leitura\" \/>\n\t<meta name=\"twitter:data2\" content=\"1 minuto\" \/>\n<script type=\"application\/ld+json\" class=\"yoast-schema-graph\">{\"@context\":\"https:\\\/\\\/schema.org\",\"@graph\":[{\"@type\":\"Article\",\"@id\":\"https:\\\/\\\/aconteceunovale.com.br\\\/portal\\\/?p=186758#article\",\"isPartOf\":{\"@id\":\"https:\\\/\\\/aconteceunovale.com.br\\\/portal\\\/?p=186758\"},\"author\":{\"name\":\"Reda\u00e7\u00e3o Aconteceu no Vale\",\"@id\":\"https:\\\/\\\/aconteceunovale.com.br\\\/portal\\\/#\\\/schema\\\/person\\\/7d2f26d1483f8a63de73da1ee0754d35\"},\"headline\":\"Democrata de Governador Valadares conquista primeira vit\u00f3ria no Campeonato Mineiro\",\"datePublished\":\"2022-02-05T21:32:26+00:00\",\"dateModified\":\"2022-02-05T21:35:03+00:00\",\"mainEntityOfPage\":{\"@id\":\"https:\\\/\\\/aconteceunovale.com.br\\\/portal\\\/?p=186758\"},\"wordCount\":176,\"commentCount\":0,\"image\":{\"@id\":\"https:\\\/\\\/aconteceunovale.com.br\\\/portal\\\/?p=186758#primaryimage\"},\"thumbnailUrl\":\"https:\\\/\\\/aconteceunovale.com.br\\\/portal\\\/wp-content\\\/uploads\\\/2022\\\/02\\\/democrata_gv.jpg\",\"keywords\":[\"Am\u00e9rica-MG\",\"Campeonato Mineiro\",\"Campeonato Mineiro 2022\",\"Cruzeiro\",\"Democrata de Governador Valadares\",\"Democrata de Governador Valadares conquista primeira vit\u00f3ria no Campeonato Mineiro\",\"DEMOCRATA-GV\",\"Est\u00e1dio Jos\u00e9 Mammoud Abbas\",\"Governador Valadares\",\"gv\",\"Mamud\u00e3o\",\"Manduz\u00e3o\",\"Matheus Bidick\",\"Mineir\u00e3o\",\"Pantera\",\"Pous\u00e3o\",\"Pouso Alegre\",\"valadares\"],\"articleSection\":[\"Esportes\",\"Leste de Minas\",\"Minas Gerais\"],\"inLanguage\":\"pt-BR\",\"potentialAction\":[{\"@type\":\"CommentAction\",\"name\":\"Comment\",\"target\":[\"https:\\\/\\\/aconteceunovale.com.br\\\/portal\\\/?p=186758#respond\"]}]},{\"@type\":\"WebPage\",\"@id\":\"https:\\\/\\\/aconteceunovale.com.br\\\/portal\\\/?p=186758\",\"url\":\"https:\\\/\\\/aconteceunovale.com.br\\\/portal\\\/?p=186758\",\"name\":\"Democrata de Governador Valadares conquista primeira vit\u00f3ria no Campeonato Mineiro - Aconteceu no Vale\",\"isPartOf\":{\"@id\":\"https:\\\/\\\/aconteceunovale.com.br\\\/portal\\\/#website\"},\"primaryImageOfPage\":{\"@id\":\"https:\\\/\\\/aconteceunovale.com.br\\\/portal\\\/?p=186758#primaryimage\"},\"image\":{\"@id\":\"https:\\\/\\\/aconteceunovale.com.br\\\/portal\\\/?p=186758#primaryimage\"},\"thumbnailUrl\":\"https:\\\/\\\/aconteceunovale.com.br\\\/portal\\\/wp-content\\\/uploads\\\/2022\\\/02\\\/democrata_gv.jpg\",\"datePublished\":\"2022-02-05T21:32:26+00:00\",\"dateModified\":\"2022-02-05T21:35:03+00:00\",\"author\":{\"@id\":\"https:\\\/\\\/aconteceunovale.com.br\\\/portal\\\/#\\\/schema\\\/person\\\/7d2f26d1483f8a63de73da1ee0754d35\"},\"breadcrumb\":{\"@id\":\"https:\\\/\\\/aconteceunovale.com.br\\\/portal\\\/?p=186758#breadcrumb\"},\"inLanguage\":\"pt-BR\",\"potentialAction\":[{\"@type\":\"ReadAction\",\"target\":[\"https:\\\/\\\/aconteceunovale.com.br\\\/portal\\\/?p=186758\"]}]},{\"@type\":\"ImageObject\",\"inLanguage\":\"pt-BR\",\"@id\":\"https:\\\/\\\/aconteceunovale.com.br\\\/portal\\\/?p=186758#primaryimage\",\"url\":\"https:\\\/\\\/aconteceunovale.com.br\\\/portal\\\/wp-content\\\/uploads\\\/2022\\\/02\\\/democrata_gv.jpg\",\"contentUrl\":\"https:\\\/\\\/aconteceunovale.com.br\\\/portal\\\/wp-content\\\/uploads\\\/2022\\\/02\\\/democrata_gv.jpg\",\"width\":678,\"height\":439},{\"@type\":\"BreadcrumbList\",\"@id\":\"https:\\\/\\\/aconteceunovale.com.br\\\/portal\\\/?p=186758#breadcrumb\",\"itemListElement\":[{\"@type\":\"ListItem\",\"position\":1,\"name\":\"In\u00edcio\",\"item\":\"https:\\\/\\\/aconteceunovale.com.br\\\/portal\\\/\"},{\"@type\":\"ListItem\",\"position\":2,\"name\":\"Democrata de Governador Valadares conquista primeira vit\u00f3ria no Campeonato Mineiro\"}]},{\"@type\":\"WebSite\",\"@id\":\"https:\\\/\\\/aconteceunovale.com.br\\\/portal\\\/#website\",\"url\":\"https:\\\/\\\/aconteceunovale.com.br\\\/portal\\\/\",\"name\":\"Aconteceu no Vale\",\"description\":\"Portal de Not\u00edcias\",\"potentialAction\":[{\"@type\":\"SearchAction\",\"target\":{\"@type\":\"EntryPoint\",\"urlTemplate\":\"https:\\\/\\\/aconteceunovale.com.br\\\/portal\\\/?s={search_term_string}\"},\"query-input\":{\"@type\":\"PropertyValueSpecification\",\"valueRequired\":true,\"valueName\":\"search_term_string\"}}],\"inLanguage\":\"pt-BR\"},{\"@type\":\"Person\",\"@id\":\"https:\\\/\\\/aconteceunovale.com.br\\\/portal\\\/#\\\/schema\\\/person\\\/7d2f26d1483f8a63de73da1ee0754d35\",\"name\":\"Reda\u00e7\u00e3o Aconteceu no Vale\",\"description\":\"Equipe de reportagem do Aconteceu no Vale, portal de not\u00edcias do Vale do Jequitinhonha, em Minas Gerais. Cobrimos as 51 cidades do Vale desde 2013. Sugest\u00f5es de pauta e pedidos de corre\u00e7\u00e3o: contato@aconteceunovale.com.br\",\"url\":\"https:\\\/\\\/aconteceunovale.com.br\\\/portal\\\/?author=4\"}]}<\/script>\n<!-- \/ Yoast SEO plugin. -->","yoast_head_json":{"title":"Democrata de Governador Valadares conquista primeira vit\u00f3ria no Campeonato Mineiro - Aconteceu no Vale","robots":{"index":"index","follow":"follow","max-snippet":"max-snippet:-1","max-image-preview":"max-image-preview:large","max-video-preview":"max-video-preview:-1"},"canonical":"https:\/\/aconteceunovale.com.br\/portal\/?p=186758","og_locale":"pt_BR","og_type":"article","og_title":"Democrata de Governador Valadares conquista primeira vit\u00f3ria no Campeonato Mineiro - Aconteceu no Vale","og_description":"O Democrata GV recebeu o Pouso Alegre, neste s\u00e1bado (5\/2\/2022), no\u00a0Est\u00e1dio Jos\u00e9 Mammoud Abbas (Mamud\u00e3o),\u00a0em partida v\u00e1lida pela quarta rodada do Campeonato Mineiro. A equipe valadarense venceu por 1 a 0, com gol de Matheus Bidick aos 28 minutos do segundo tempo, e somou tr\u00eas importantes pontos.\u00a0 Com o triunfo em casa, a Pantera subiu [&hellip;]","og_url":"https:\/\/aconteceunovale.com.br\/portal\/?p=186758","og_site_name":"Aconteceu no Vale","article_publisher":"https:\/\/www.facebook.com\/aconteceunovale\/","article_published_time":"2022-02-05T21:32:26+00:00","article_modified_time":"2022-02-05T21:35:03+00:00","og_image":[{"width":678,"height":439,"url":"https:\/\/aconteceunovale.com.br\/portal\/wp-content\/uploads\/2022\/02\/democrata_gv.jpg","type":"image\/jpeg"}],"author":"Reda\u00e7\u00e3o Aconteceu no Vale","twitter_card":"summary_large_image","twitter_creator":"@noticiadosvales","twitter_site":"@noticiadosvales","twitter_misc":{"Escrito por":"Reda\u00e7\u00e3o Aconteceu no Vale","Est. tempo de leitura":"1 minuto"},"schema":{"@context":"https:\/\/schema.org","@graph":[{"@type":"Article","@id":"https:\/\/aconteceunovale.com.br\/portal\/?p=186758#article","isPartOf":{"@id":"https:\/\/aconteceunovale.com.br\/portal\/?p=186758"},"author":{"name":"Reda\u00e7\u00e3o Aconteceu no Vale","@id":"https:\/\/aconteceunovale.com.br\/portal\/#\/schema\/person\/7d2f26d1483f8a63de73da1ee0754d35"},"headline":"Democrata de Governador Valadares conquista primeira vit\u00f3ria no Campeonato Mineiro","datePublished":"2022-02-05T21:32:26+00:00","dateModified":"2022-02-05T21:35:03+00:00","mainEntityOfPage":{"@id":"https:\/\/aconteceunovale.com.br\/portal\/?p=186758"},"wordCount":176,"commentCount":0,"image":{"@id":"https:\/\/aconteceunovale.com.br\/portal\/?p=186758#primaryimage"},"thumbnailUrl":"https:\/\/aconteceunovale.com.br\/portal\/wp-content\/uploads\/2022\/02\/democrata_gv.jpg","keywords":["Am\u00e9rica-MG","Campeonato Mineiro","Campeonato Mineiro 2022","Cruzeiro","Democrata de Governador Valadares","Democrata de Governador Valadares conquista primeira vit\u00f3ria no Campeonato Mineiro","DEMOCRATA-GV","Est\u00e1dio Jos\u00e9 Mammoud Abbas","Governador Valadares","gv","Mamud\u00e3o","Manduz\u00e3o","Matheus Bidick","Mineir\u00e3o","Pantera","Pous\u00e3o","Pouso Alegre","valadares"],"articleSection":["Esportes","Leste de Minas","Minas Gerais"],"inLanguage":"pt-BR","potentialAction":[{"@type":"CommentAction","name":"Comment","target":["https:\/\/aconteceunovale.com.br\/portal\/?p=186758#respond"]}]},{"@type":"WebPage","@id":"https:\/\/aconteceunovale.com.br\/portal\/?p=186758","url":"https:\/\/aconteceunovale.com.br\/portal\/?p=186758","name":"Democrata de Governador Valadares conquista primeira vit\u00f3ria no Campeonato Mineiro - Aconteceu no Vale","isPartOf":{"@id":"https:\/\/aconteceunovale.com.br\/portal\/#website"},"primaryImageOfPage":{"@id":"https:\/\/aconteceunovale.com.br\/portal\/?p=186758#primaryimage"},"image":{"@id":"https:\/\/aconteceunovale.com.br\/portal\/?p=186758#primaryimage"},"thumbnailUrl":"https:\/\/aconteceunovale.com.br\/portal\/wp-content\/uploads\/2022\/02\/democrata_gv.jpg","datePublished":"2022-02-05T21:32:26+00:00","dateModified":"2022-02-05T21:35:03+00:00","author":{"@id":"https:\/\/aconteceunovale.com.br\/portal\/#\/schema\/person\/7d2f26d1483f8a63de73da1ee0754d35"},"breadcrumb":{"@id":"https:\/\/aconteceunovale.com.br\/portal\/?p=186758#breadcrumb"},"inLanguage":"pt-BR","potentialAction":[{"@type":"ReadAction","target":["https:\/\/aconteceunovale.com.br\/portal\/?p=186758"]}]},{"@type":"ImageObject","inLanguage":"pt-BR","@id":"https:\/\/aconteceunovale.com.br\/portal\/?p=186758#primaryimage","url":"https:\/\/aconteceunovale.com.br\/portal\/wp-content\/uploads\/2022\/02\/democrata_gv.jpg","contentUrl":"https:\/\/aconteceunovale.com.br\/portal\/wp-content\/uploads\/2022\/02\/democrata_gv.jpg","width":678,"height":439},{"@type":"BreadcrumbList","@id":"https:\/\/aconteceunovale.com.br\/portal\/?p=186758#breadcrumb","itemListElement":[{"@type":"ListItem","position":1,"name":"In\u00edcio","item":"https:\/\/aconteceunovale.com.br\/portal\/"},{"@type":"ListItem","position":2,"name":"Democrata de Governador Valadares conquista primeira vit\u00f3ria no Campeonato Mineiro"}]},{"@type":"WebSite","@id":"https:\/\/aconteceunovale.com.br\/portal\/#website","url":"https:\/\/aconteceunovale.com.br\/portal\/","name":"Aconteceu no Vale","description":"Portal de Not\u00edcias","potentialAction":[{"@type":"SearchAction","target":{"@type":"EntryPoint","urlTemplate":"https:\/\/aconteceunovale.com.br\/portal\/?s={search_term_string}"},"query-input":{"@type":"PropertyValueSpecification","valueRequired":true,"valueName":"search_term_string"}}],"inLanguage":"pt-BR"},{"@type":"Person","@id":"https:\/\/aconteceunovale.com.br\/portal\/#\/schema\/person\/7d2f26d1483f8a63de73da1ee0754d35","name":"Reda\u00e7\u00e3o Aconteceu no Vale","description":"Equipe de reportagem do Aconteceu no Vale, portal de not\u00edcias do Vale do Jequitinhonha, em Minas Gerais. Cobrimos as 51 cidades do Vale desde 2013. Sugest\u00f5es de pauta e pedidos de corre\u00e7\u00e3o: contato@aconteceunovale.com.br","url":"https:\/\/aconteceunovale.com.br\/portal\/?author=4"}]}},"_links":{"self":[{"href":"https:\/\/aconteceunovale.com.br\/portal\/index.php?rest_route=\/wp\/v2\/posts\/186758","targetHints":{"allow":["GET"]}}],"collection":[{"href":"https:\/\/aconteceunovale.com.br\/portal\/index.php?rest_route=\/wp\/v2\/posts"}],"about":[{"href":"https:\/\/aconteceunovale.com.br\/portal\/index.php?rest_route=\/wp\/v2\/types\/post"}],"author":[{"embeddable":true,"href":"https:\/\/aconteceunovale.com.br\/portal\/index.php?rest_route=\/wp\/v2\/users\/4"}],"replies":[{"embeddable":true,"href":"https:\/\/aconteceunovale.com.br\/portal\/index.php?rest_route=%2Fwp%2Fv2%2Fcomments&post=186758"}],"version-history":[{"count":2,"href":"https:\/\/aconteceunovale.com.br\/portal\/index.php?rest_route=\/wp\/v2\/posts\/186758\/revisions"}],"predecessor-version":[{"id":186761,"href":"https:\/\/aconteceunovale.com.br\/portal\/index.php?rest_route=\/wp\/v2\/posts\/186758\/revisions\/186761"}],"wp:featuredmedia":[{"embeddable":true,"href":"https:\/\/aconteceunovale.com.br\/portal\/index.php?rest_route=\/wp\/v2\/media\/186759"}],"wp:attachment":[{"href":"https:\/\/aconteceunovale.com.br\/portal\/index.php?rest_route=%2Fwp%2Fv2%2Fmedia&parent=186758"}],"wp:term":[{"taxonomy":"category","embeddable":true,"href":"https:\/\/aconteceunovale.com.br\/portal\/index.php?rest_route=%2Fwp%2Fv2%2Fcategories&post=186758"},{"taxonomy":"post_tag","embeddable":true,"href":"https:\/\/aconteceunovale.com.br\/portal\/index.php?rest_route=%2Fwp%2Fv2%2Ftags&post=186758"}],"curies":[{"name":"wp","href":"https:\/\/api.w.org\/{rel}","templated":true}]}}