{"id":18669,"date":"2014-01-16T15:36:58","date_gmt":"2014-01-16T17:36:58","guid":{"rendered":"http:\/\/aconteceunovale.com.br\/portal\/?p=18669"},"modified":"2014-01-16T15:36:58","modified_gmt":"2014-01-16T17:36:58","slug":"prefeitura-de-conceicao-do-mato-dentro-abre-34-vagas-na-educacao","status":"publish","type":"post","link":"https:\/\/aconteceunovale.com.br\/portal\/?p=18669","title":{"rendered":"Prefeitura de Concei\u00e7\u00e3o do Mato dentro abre 34 vagas na educa\u00e7\u00e3o"},"content":{"rendered":"<p>Est\u00e3o abertas at\u00e9 amanh\u00e3, sexta-feira (17\/01), as inscri\u00e7\u00f5es para processo seletivo da Secretaria de Educa\u00e7\u00e3o da prefeitura de Concei\u00e7\u00e3o do Mato Dentro. V\u00e3o ser ofertadas 34 vagas, divididas entre os cargos de professor P1, professor P2 e servente escolar.<\/p>\n<p>As inscri\u00e7\u00f5es s\u00e3o gratuitas e devem ser feitas pessoalmente na sede da Secretaria de Educa\u00e7\u00e3o, que fica localizada na rua Daniel Carvalho, n\u00ba 379, Centro. O hor\u00e1rio de atendimento \u00e9 de 8h as 16h da tarde.<\/p>\n<p>No ato da inscri\u00e7\u00e3o, o candidato dever\u00e1 apresentar em fotoc\u00f3pias os seguintes documentos:<br \/>\n&#8211; Carteira de Identidade e Carteira de Trabalho;<br \/>\n&#8211; CPF;<br \/>\n&#8211; T\u00edtulo de Eleitor (com comprovante de vota\u00e7\u00e3o ou justifica\u00e7\u00e3o na \u00faltima elei\u00e7\u00e3o);<br \/>\n&#8211; Declara\u00e7\u00e3o de tempo de servi\u00e7o na fun\u00e7\u00e3o p\u00fablica \u00e0 qual ir\u00e1 concorrer;<br \/>\n&#8211; Comprovante de habilita\u00e7\u00e3o: diploma e hist\u00f3rico, carteira ou registro no \u00f3rg\u00e3o de fiscaliza\u00e7\u00e3o do exerc\u00edcio profissional competente;<br \/>\n&#8211; T\u00edtulos de p\u00f3s-gradua\u00e7\u00e3o, mestrado e doutorado. <\/p>\n<p>O resultado do processo vai ser divulgado no dia 22 de janeiro. Outras informa\u00e7\u00f5es pelo telefone: (31) 3868-1056.<\/p>\n<p><img decoding=\"async\" src=\"http:\/\/aconteceunovale.com.br\/portal\/wp-content\/uploads\/2014\/01\/selecao_de_professores.jpg\" alt=\"\" \/><br \/>\n<em>(Imagem ilustrativa)<\/em><\/p>\n<p><em>(Fonte: Prefeitura Municipal de Concei\u00e7\u00e3o do Mato Dentro)<\/em><\/p>\n","protected":false},"excerpt":{"rendered":"<p>Est\u00e3o abertas at\u00e9 amanh\u00e3, sexta-feira (17\/01), as inscri\u00e7\u00f5es para processo seletivo da Secretaria de Educa\u00e7\u00e3o da prefeitura de Concei\u00e7\u00e3o do Mato Dentro. V\u00e3o ser ofertadas 34 vagas, divididas entre os cargos de professor P1, professor P2 e servente escolar. As inscri\u00e7\u00f5es s\u00e3o gratuitas e devem ser feitas pessoalmente na sede da Secretaria de Educa\u00e7\u00e3o, que [&hellip;]<\/p>\n","protected":false},"author":1,"featured_media":0,"comment_status":"open","ping_status":"closed","sticky":false,"template":"","format":"standard","meta":{"amp_status":"","footnotes":""},"categories":[123],"tags":[628,3070],"class_list":["post-18669","post","type-post","status-publish","format-standard","hentry","category-gerais","tag-conceicao-do-mato-dentro","tag-prefeitura-de-conceicao-do-mato-dentro-abre-34-vagas-na-educacao"],"_links":{"self":[{"href":"https:\/\/aconteceunovale.com.br\/portal\/index.php?rest_route=\/wp\/v2\/posts\/18669","targetHints":{"allow":["GET"]}}],"collection":[{"href":"https:\/\/aconteceunovale.com.br\/portal\/index.php?rest_route=\/wp\/v2\/posts"}],"about":[{"href":"https:\/\/aconteceunovale.com.br\/portal\/index.php?rest_route=\/wp\/v2\/types\/post"}],"author":[{"embeddable":true,"href":"https:\/\/aconteceunovale.com.br\/portal\/index.php?rest_route=\/wp\/v2\/users\/1"}],"replies":[{"embeddable":true,"href":"https:\/\/aconteceunovale.com.br\/portal\/index.php?rest_route=%2Fwp%2Fv2%2Fcomments&post=18669"}],"version-history":[{"count":0,"href":"https:\/\/aconteceunovale.com.br\/portal\/index.php?rest_route=\/wp\/v2\/posts\/18669\/revisions"}],"wp:attachment":[{"href":"https:\/\/aconteceunovale.com.br\/portal\/index.php?rest_route=%2Fwp%2Fv2%2Fmedia&parent=18669"}],"wp:term":[{"taxonomy":"category","embeddable":true,"href":"https:\/\/aconteceunovale.com.br\/portal\/index.php?rest_route=%2Fwp%2Fv2%2Fcategories&post=18669"},{"taxonomy":"post_tag","embeddable":true,"href":"https:\/\/aconteceunovale.com.br\/portal\/index.php?rest_route=%2Fwp%2Fv2%2Ftags&post=18669"}],"curies":[{"name":"wp","href":"https:\/\/api.w.org\/{rel}","templated":true}]}}