{"id":186633,"date":"2022-02-02T20:13:02","date_gmt":"2022-02-02T23:13:02","guid":{"rendered":"https:\/\/aconteceunovale.com.br\/portal\/?p=186633"},"modified":"2022-02-02T20:13:56","modified_gmt":"2022-02-02T23:13:56","slug":"policia-civil-localiza-desmanche-de-veiculos-e-prende-suspeitos","status":"publish","type":"post","link":"https:\/\/aconteceunovale.com.br\/portal\/?p=186633","title":{"rendered":"Pol\u00edcia Civil localiza desmanche de ve\u00edculos e prende suspeitos"},"content":{"rendered":"\n<p class=\"wp-block-paragraph\">Investiga\u00e7\u00f5es realizadas pela Pol\u00edcia Civil de Minas Gerais ( PCMG), por meio do Departamento Estadual de Investiga\u00e7\u00e3o de Crimes de Tr\u00e2nsito (Deictran), com o objetivo de reprimir o furto e roubo de ve\u00edculos e recepta\u00e7\u00e3o de pe\u00e7as, resultaram na localiza\u00e7\u00e3o de um desmanche e pris\u00e3o de dois homens, no \u00faltimo s\u00e1bado (29\/1\/2022), no bairro Nacional, na cidade de Contagem, na Regi\u00e3o Metropolitana de Belo Horizonte (RMBH).<\/p>\n\n\n\n<figure class=\"wp-block-gallery has-nested-images columns-default is-cropped wp-block-gallery-1 is-layout-flex wp-block-gallery-is-layout-flex\">\n<figure class=\"wp-block-image size-large\"><img loading=\"lazy\" decoding=\"async\" width=\"678\" height=\"375\" data-id=\"186634\" src=\"https:\/\/aconteceunovale.com.br\/portal\/wp-content\/uploads\/2022\/02\/desmanche_pcmg.jpg\" alt=\"\" class=\"wp-image-186634\" srcset=\"https:\/\/aconteceunovale.com.br\/portal\/wp-content\/uploads\/2022\/02\/desmanche_pcmg.jpg 678w, https:\/\/aconteceunovale.com.br\/portal\/wp-content\/uploads\/2022\/02\/desmanche_pcmg-300x166.jpg 300w\" sizes=\"auto, (max-width: 678px) 100vw, 678px\" \/><figcaption><em>Fotos: Divulga\u00e7\u00e3o \/ PCMG<\/em><\/figcaption><\/figure>\n<\/figure>\n\n\n\n<p class=\"wp-block-paragraph\">As investiga\u00e7\u00f5es apontam que um dos suspeitos, de 50 anos, era o gerente e mentor do esquema criminoso, respons\u00e1vel por organizar n\u00facleos relacionados ao furtos de ve\u00edculos, gerenciamento da m\u00e3o de obra especializada no desmanche dos mesmos e posteriormente venda das pe\u00e7as junto \u00e0 sua rede de receptadores. O outro homem, de 37 anos, era um dos contratados para desmontar os ve\u00edculos.<\/p>\n\n\n\n<p class=\"wp-block-paragraph\">Durante coletiva de imprensa, realizada na manh\u00e3 de hoje (2\/2), a delegada Gislaine de Oliveira Rios, titular da 2\u00aa Delegacia da Divis\u00e3o Especializada em Preven\u00e7\u00e3o e Investiga\u00e7\u00e3o a Furto e Roubo de Ve\u00edculos Automotores (DEPIFRVA), afirmou que a organiza\u00e7\u00e3o criminosa roubava e furtava ve\u00edculos na capital e em regi\u00e3o metropolitana. Ainda segundo a delegada, o homem, suspeito de ser o articulador do esquema, alugava um galp\u00e3o e contratava diversas pessoas para realizarem o servi\u00e7o de desmanche. Muitas de pe\u00e7as eram revendidas tamb\u00e9m para compradores de outros estados. Os respons\u00e1veis por desmanche desmontavam em m\u00e9dia um ve\u00edculo por dia e ganhavam cerca de R$ 500 por cada um desses servi\u00e7os.<\/p>\n\n\n\n<p class=\"wp-block-paragraph\">No galp\u00e3o, os policiais civis recuperaram 22 ve\u00edculos desmontados e um ve\u00edculo inteiro. Todos os autom\u00f3veis tinham registros de furto, principalmente na RMBH, em datas recentes.<\/p>\n\n\n\n<p class=\"wp-block-paragraph\">\u201cO grupo \u00e9 especializado e contumaz na pr\u00e1tica de subtrair apenas uma marca e modelo de ve\u00edculo. Sempre que havia necessidade, o mentor do grupo entrava em contato com as pessoas para que subtra\u00edssem os ve\u00edculos e, em seguida, eles eram encaminhados diretamente para o galp\u00e3o do desmanche\u201d, explica a delegada. O im\u00f3vel permanecia fechado, com uma placa indicando que futuramente ali seria instalado um estabelecimento comercial, mantendo assim a apar\u00eancia de que n\u00e3o havia a\u00e7\u00e3o il\u00edcita no local.<\/p>\n\n\n\n<p class=\"wp-block-paragraph\">O chefe da DEPIFRVA, delegado Domiciano Monteiro, acredita em um impacto positivo na redu\u00e7\u00e3o desse tipo de crime ap\u00f3s o desmantelamento do grupo. \u201cSomente nos \u00faltimos meses esse grupo criminoso foi respons\u00e1vel por dezenas de furtos na regi\u00e3o metropolitana e as investiga\u00e7\u00f5es desestruturaram toda a rede criminosa, incluindo receptadores, constituindo mais uma a\u00e7\u00e3o da Divis\u00e3o Especializada que mira o topo das estruturas criminosas\u201d, afirma o delegado.<\/p>\n\n\n\n<p class=\"wp-block-paragraph\">Os suspeitos, que j\u00e1 possuem antecedentes criminais, foram autuados por recepta\u00e7\u00e3o e associa\u00e7\u00e3o criminosa. Eles foram encaminhados para o sistema prisional, onde permanecem \u00e0 disposi\u00e7\u00e3o da justi\u00e7a.<\/p>\n\n\n\n<p class=\"wp-block-paragraph\">&#8212;&#8212;&#8212;&#8212;&#8212;&#8212;<br><br><strong>Sabia que o Aconteceu no Vale est\u00e1 tamb\u00e9m no Telegram? <a rel=\"noreferrer noopener\" href=\"https:\/\/t.me\/aconteceunovaleoficial\" target=\"_blank\">Inscreva-se no canal<\/a>.<\/strong><br><br><strong>J\u00e1 curtiu ou seguiu nossas p\u00e1ginas nas redes sociais?\u00a0Receba as not\u00edcias em primeira m\u00e3o:<br><\/strong>\u2022 <a rel=\"noreferrer noopener\" href=\"https:\/\/www.facebook.com\/aconteceunovale\/\" target=\"_blank\">Facebook<\/a><br>\u2022 <a rel=\"noreferrer noopener\" href=\"https:\/\/twitter.com\/noticiadosvales\" target=\"_blank\">Twitter<\/a><br>\u2022 <a rel=\"noreferrer noopener\" href=\"https:\/\/www.instagram.com\/aconteceunovale\" target=\"_blank\">Instagram<\/a><br>\u2022 <a rel=\"noreferrer noopener\" href=\"https:\/\/www.youtube.com\/AconteceunoValeOficial\" target=\"_blank\">Youtube<\/a><br>\u2022 <a rel=\"noreferrer noopener\" href=\"https:\/\/www.tiktok.com\/@aconteceunovale\" target=\"_blank\">TikTok<\/a><\/p>\n","protected":false},"excerpt":{"rendered":"<p>Investiga\u00e7\u00f5es realizadas pela Pol\u00edcia Civil de Minas Gerais ( PCMG), por meio do Departamento Estadual de Investiga\u00e7\u00e3o de Crimes de Tr\u00e2nsito (Deictran), com o objetivo de reprimir o furto e roubo de ve\u00edculos e recepta\u00e7\u00e3o de pe\u00e7as, resultaram na localiza\u00e7\u00e3o de um desmanche e pris\u00e3o de dois homens, no \u00faltimo s\u00e1bado (29\/1\/2022), no bairro Nacional, [&hellip;]<\/p>\n","protected":false},"author":4,"featured_media":186634,"comment_status":"open","ping_status":"closed","sticky":false,"template":"","format":"standard","meta":{"amp_status":"","footnotes":""},"categories":[123],"tags":[956,258471,258472,225511,258473,604,258468,258469,258470],"class_list":["post-186633","post","type-post","status-publish","format-standard","has-post-thumbnail","hentry","category-gerais","tag-contagem","tag-deictran","tag-delegada-gislaine-de-oliveira-rios","tag-delegado-domiciano-monteiro","tag-depifrva","tag-pcmg","tag-policia-civil-localiza-desmanche-de-veiculos-e-prende-suspeitos","tag-policia-civil-localiza-desmanche-de-veiculos-e-prende-suspeitos-em-contagem","tag-presos-por-desmanche-de-veiculos-em-contagem"],"yoast_head":"<!-- This site is optimized with the Yoast SEO plugin v28.3 - https:\/\/yoast.com\/product\/yoast-seo-wordpress\/ -->\n<title>Pol\u00edcia Civil localiza desmanche de ve\u00edculos e prende suspeitos - Aconteceu no Vale<\/title>\n<meta name=\"robots\" content=\"index, follow, max-snippet:-1, max-image-preview:large, max-video-preview:-1\" \/>\n<link rel=\"canonical\" href=\"https:\/\/aconteceunovale.com.br\/portal\/?p=186633\" \/>\n<meta property=\"og:locale\" content=\"pt_BR\" \/>\n<meta property=\"og:type\" content=\"article\" \/>\n<meta property=\"og:title\" content=\"Pol\u00edcia Civil localiza desmanche de ve\u00edculos e prende suspeitos - Aconteceu no Vale\" \/>\n<meta property=\"og:description\" content=\"Investiga\u00e7\u00f5es realizadas pela Pol\u00edcia Civil de Minas Gerais ( PCMG), por meio do Departamento Estadual de Investiga\u00e7\u00e3o de Crimes de Tr\u00e2nsito (Deictran), com o objetivo de reprimir o furto e roubo de ve\u00edculos e recepta\u00e7\u00e3o de pe\u00e7as, resultaram na localiza\u00e7\u00e3o de um desmanche e pris\u00e3o de dois homens, no \u00faltimo s\u00e1bado (29\/1\/2022), no bairro Nacional, [&hellip;]\" \/>\n<meta property=\"og:url\" content=\"https:\/\/aconteceunovale.com.br\/portal\/?p=186633\" \/>\n<meta property=\"og:site_name\" content=\"Aconteceu no Vale\" \/>\n<meta property=\"article:publisher\" content=\"https:\/\/www.facebook.com\/aconteceunovale\/\" \/>\n<meta property=\"article:published_time\" content=\"2022-02-02T23:13:02+00:00\" \/>\n<meta property=\"article:modified_time\" content=\"2022-02-02T23:13:56+00:00\" \/>\n<meta property=\"og:image\" content=\"https:\/\/aconteceunovale.com.br\/portal\/wp-content\/uploads\/2022\/02\/desmanche_pcmg.jpg\" \/>\n\t<meta property=\"og:image:width\" content=\"678\" \/>\n\t<meta property=\"og:image:height\" content=\"375\" \/>\n\t<meta property=\"og:image:type\" content=\"image\/jpeg\" \/>\n<meta name=\"author\" content=\"Reda\u00e7\u00e3o Aconteceu no Vale\" \/>\n<meta name=\"twitter:card\" content=\"summary_large_image\" \/>\n<meta name=\"twitter:creator\" content=\"@noticiadosvales\" \/>\n<meta name=\"twitter:site\" content=\"@noticiadosvales\" \/>\n<meta name=\"twitter:label1\" content=\"Escrito por\" \/>\n\t<meta name=\"twitter:data1\" content=\"Reda\u00e7\u00e3o Aconteceu no Vale\" \/>\n\t<meta name=\"twitter:label2\" content=\"Est. tempo de leitura\" \/>\n\t<meta name=\"twitter:data2\" content=\"3 minutos\" \/>\n<script type=\"application\/ld+json\" class=\"yoast-schema-graph\">{\"@context\":\"https:\\\/\\\/schema.org\",\"@graph\":[{\"@type\":\"Article\",\"@id\":\"https:\\\/\\\/aconteceunovale.com.br\\\/portal\\\/?p=186633#article\",\"isPartOf\":{\"@id\":\"https:\\\/\\\/aconteceunovale.com.br\\\/portal\\\/?p=186633\"},\"author\":{\"name\":\"Reda\u00e7\u00e3o Aconteceu no Vale\",\"@id\":\"https:\\\/\\\/aconteceunovale.com.br\\\/portal\\\/#\\\/schema\\\/person\\\/7d2f26d1483f8a63de73da1ee0754d35\"},\"headline\":\"Pol\u00edcia Civil localiza desmanche de ve\u00edculos e prende suspeitos\",\"datePublished\":\"2022-02-02T23:13:02+00:00\",\"dateModified\":\"2022-02-02T23:13:56+00:00\",\"mainEntityOfPage\":{\"@id\":\"https:\\\/\\\/aconteceunovale.com.br\\\/portal\\\/?p=186633\"},\"wordCount\":535,\"commentCount\":0,\"image\":{\"@id\":\"https:\\\/\\\/aconteceunovale.com.br\\\/portal\\\/?p=186633#primaryimage\"},\"thumbnailUrl\":\"https:\\\/\\\/aconteceunovale.com.br\\\/portal\\\/wp-content\\\/uploads\\\/2022\\\/02\\\/desmanche_pcmg.jpg\",\"keywords\":[\"Contagem\",\"Deictran\",\"Delegada Gislaine de Oliveira Rios\",\"Delegado Domiciano Monteiro\",\"Depifrva\",\"PCMG\",\"Pol\u00edcia Civil localiza desmanche de ve\u00edculos e prende suspeitos\",\"Pol\u00edcia Civil localiza desmanche de ve\u00edculos e prende suspeitos em Contagem\",\"Presos por desmanche de ve\u00edculos em Contagem\"],\"articleSection\":[\"Minas Gerais\"],\"inLanguage\":\"pt-BR\",\"potentialAction\":[{\"@type\":\"CommentAction\",\"name\":\"Comment\",\"target\":[\"https:\\\/\\\/aconteceunovale.com.br\\\/portal\\\/?p=186633#respond\"]}]},{\"@type\":\"WebPage\",\"@id\":\"https:\\\/\\\/aconteceunovale.com.br\\\/portal\\\/?p=186633\",\"url\":\"https:\\\/\\\/aconteceunovale.com.br\\\/portal\\\/?p=186633\",\"name\":\"Pol\u00edcia Civil localiza desmanche de ve\u00edculos e prende suspeitos - Aconteceu no Vale\",\"isPartOf\":{\"@id\":\"https:\\\/\\\/aconteceunovale.com.br\\\/portal\\\/#website\"},\"primaryImageOfPage\":{\"@id\":\"https:\\\/\\\/aconteceunovale.com.br\\\/portal\\\/?p=186633#primaryimage\"},\"image\":{\"@id\":\"https:\\\/\\\/aconteceunovale.com.br\\\/portal\\\/?p=186633#primaryimage\"},\"thumbnailUrl\":\"https:\\\/\\\/aconteceunovale.com.br\\\/portal\\\/wp-content\\\/uploads\\\/2022\\\/02\\\/desmanche_pcmg.jpg\",\"datePublished\":\"2022-02-02T23:13:02+00:00\",\"dateModified\":\"2022-02-02T23:13:56+00:00\",\"author\":{\"@id\":\"https:\\\/\\\/aconteceunovale.com.br\\\/portal\\\/#\\\/schema\\\/person\\\/7d2f26d1483f8a63de73da1ee0754d35\"},\"breadcrumb\":{\"@id\":\"https:\\\/\\\/aconteceunovale.com.br\\\/portal\\\/?p=186633#breadcrumb\"},\"inLanguage\":\"pt-BR\",\"potentialAction\":[{\"@type\":\"ReadAction\",\"target\":[\"https:\\\/\\\/aconteceunovale.com.br\\\/portal\\\/?p=186633\"]}]},{\"@type\":\"ImageObject\",\"inLanguage\":\"pt-BR\",\"@id\":\"https:\\\/\\\/aconteceunovale.com.br\\\/portal\\\/?p=186633#primaryimage\",\"url\":\"https:\\\/\\\/aconteceunovale.com.br\\\/portal\\\/wp-content\\\/uploads\\\/2022\\\/02\\\/desmanche_pcmg.jpg\",\"contentUrl\":\"https:\\\/\\\/aconteceunovale.com.br\\\/portal\\\/wp-content\\\/uploads\\\/2022\\\/02\\\/desmanche_pcmg.jpg\",\"width\":678,\"height\":375},{\"@type\":\"BreadcrumbList\",\"@id\":\"https:\\\/\\\/aconteceunovale.com.br\\\/portal\\\/?p=186633#breadcrumb\",\"itemListElement\":[{\"@type\":\"ListItem\",\"position\":1,\"name\":\"In\u00edcio\",\"item\":\"https:\\\/\\\/aconteceunovale.com.br\\\/portal\\\/\"},{\"@type\":\"ListItem\",\"position\":2,\"name\":\"Pol\u00edcia Civil localiza desmanche de ve\u00edculos e prende suspeitos\"}]},{\"@type\":\"WebSite\",\"@id\":\"https:\\\/\\\/aconteceunovale.com.br\\\/portal\\\/#website\",\"url\":\"https:\\\/\\\/aconteceunovale.com.br\\\/portal\\\/\",\"name\":\"Aconteceu no Vale\",\"description\":\"Portal de Not\u00edcias\",\"potentialAction\":[{\"@type\":\"SearchAction\",\"target\":{\"@type\":\"EntryPoint\",\"urlTemplate\":\"https:\\\/\\\/aconteceunovale.com.br\\\/portal\\\/?s={search_term_string}\"},\"query-input\":{\"@type\":\"PropertyValueSpecification\",\"valueRequired\":true,\"valueName\":\"search_term_string\"}}],\"inLanguage\":\"pt-BR\"},{\"@type\":\"Person\",\"@id\":\"https:\\\/\\\/aconteceunovale.com.br\\\/portal\\\/#\\\/schema\\\/person\\\/7d2f26d1483f8a63de73da1ee0754d35\",\"name\":\"Reda\u00e7\u00e3o Aconteceu no Vale\",\"description\":\"Equipe de reportagem do Aconteceu no Vale, portal de not\u00edcias do Vale do Jequitinhonha, em Minas Gerais. Cobrimos as 51 cidades do Vale desde 2013. Sugest\u00f5es de pauta e pedidos de corre\u00e7\u00e3o: contato@aconteceunovale.com.br\",\"url\":\"https:\\\/\\\/aconteceunovale.com.br\\\/portal\\\/?author=4\"}]}<\/script>\n<!-- \/ Yoast SEO plugin. -->","yoast_head_json":{"title":"Pol\u00edcia Civil localiza desmanche de ve\u00edculos e prende suspeitos - Aconteceu no Vale","robots":{"index":"index","follow":"follow","max-snippet":"max-snippet:-1","max-image-preview":"max-image-preview:large","max-video-preview":"max-video-preview:-1"},"canonical":"https:\/\/aconteceunovale.com.br\/portal\/?p=186633","og_locale":"pt_BR","og_type":"article","og_title":"Pol\u00edcia Civil localiza desmanche de ve\u00edculos e prende suspeitos - Aconteceu no Vale","og_description":"Investiga\u00e7\u00f5es realizadas pela Pol\u00edcia Civil de Minas Gerais ( PCMG), por meio do Departamento Estadual de Investiga\u00e7\u00e3o de Crimes de Tr\u00e2nsito (Deictran), com o objetivo de reprimir o furto e roubo de ve\u00edculos e recepta\u00e7\u00e3o de pe\u00e7as, resultaram na localiza\u00e7\u00e3o de um desmanche e pris\u00e3o de dois homens, no \u00faltimo s\u00e1bado (29\/1\/2022), no bairro Nacional, [&hellip;]","og_url":"https:\/\/aconteceunovale.com.br\/portal\/?p=186633","og_site_name":"Aconteceu no Vale","article_publisher":"https:\/\/www.facebook.com\/aconteceunovale\/","article_published_time":"2022-02-02T23:13:02+00:00","article_modified_time":"2022-02-02T23:13:56+00:00","og_image":[{"width":678,"height":375,"url":"https:\/\/aconteceunovale.com.br\/portal\/wp-content\/uploads\/2022\/02\/desmanche_pcmg.jpg","type":"image\/jpeg"}],"author":"Reda\u00e7\u00e3o Aconteceu no Vale","twitter_card":"summary_large_image","twitter_creator":"@noticiadosvales","twitter_site":"@noticiadosvales","twitter_misc":{"Escrito por":"Reda\u00e7\u00e3o Aconteceu no Vale","Est. tempo de leitura":"3 minutos"},"schema":{"@context":"https:\/\/schema.org","@graph":[{"@type":"Article","@id":"https:\/\/aconteceunovale.com.br\/portal\/?p=186633#article","isPartOf":{"@id":"https:\/\/aconteceunovale.com.br\/portal\/?p=186633"},"author":{"name":"Reda\u00e7\u00e3o Aconteceu no Vale","@id":"https:\/\/aconteceunovale.com.br\/portal\/#\/schema\/person\/7d2f26d1483f8a63de73da1ee0754d35"},"headline":"Pol\u00edcia Civil localiza desmanche de ve\u00edculos e prende suspeitos","datePublished":"2022-02-02T23:13:02+00:00","dateModified":"2022-02-02T23:13:56+00:00","mainEntityOfPage":{"@id":"https:\/\/aconteceunovale.com.br\/portal\/?p=186633"},"wordCount":535,"commentCount":0,"image":{"@id":"https:\/\/aconteceunovale.com.br\/portal\/?p=186633#primaryimage"},"thumbnailUrl":"https:\/\/aconteceunovale.com.br\/portal\/wp-content\/uploads\/2022\/02\/desmanche_pcmg.jpg","keywords":["Contagem","Deictran","Delegada Gislaine de Oliveira Rios","Delegado Domiciano Monteiro","Depifrva","PCMG","Pol\u00edcia Civil localiza desmanche de ve\u00edculos e prende suspeitos","Pol\u00edcia Civil localiza desmanche de ve\u00edculos e prende suspeitos em Contagem","Presos por desmanche de ve\u00edculos em Contagem"],"articleSection":["Minas Gerais"],"inLanguage":"pt-BR","potentialAction":[{"@type":"CommentAction","name":"Comment","target":["https:\/\/aconteceunovale.com.br\/portal\/?p=186633#respond"]}]},{"@type":"WebPage","@id":"https:\/\/aconteceunovale.com.br\/portal\/?p=186633","url":"https:\/\/aconteceunovale.com.br\/portal\/?p=186633","name":"Pol\u00edcia Civil localiza desmanche de ve\u00edculos e prende suspeitos - Aconteceu no Vale","isPartOf":{"@id":"https:\/\/aconteceunovale.com.br\/portal\/#website"},"primaryImageOfPage":{"@id":"https:\/\/aconteceunovale.com.br\/portal\/?p=186633#primaryimage"},"image":{"@id":"https:\/\/aconteceunovale.com.br\/portal\/?p=186633#primaryimage"},"thumbnailUrl":"https:\/\/aconteceunovale.com.br\/portal\/wp-content\/uploads\/2022\/02\/desmanche_pcmg.jpg","datePublished":"2022-02-02T23:13:02+00:00","dateModified":"2022-02-02T23:13:56+00:00","author":{"@id":"https:\/\/aconteceunovale.com.br\/portal\/#\/schema\/person\/7d2f26d1483f8a63de73da1ee0754d35"},"breadcrumb":{"@id":"https:\/\/aconteceunovale.com.br\/portal\/?p=186633#breadcrumb"},"inLanguage":"pt-BR","potentialAction":[{"@type":"ReadAction","target":["https:\/\/aconteceunovale.com.br\/portal\/?p=186633"]}]},{"@type":"ImageObject","inLanguage":"pt-BR","@id":"https:\/\/aconteceunovale.com.br\/portal\/?p=186633#primaryimage","url":"https:\/\/aconteceunovale.com.br\/portal\/wp-content\/uploads\/2022\/02\/desmanche_pcmg.jpg","contentUrl":"https:\/\/aconteceunovale.com.br\/portal\/wp-content\/uploads\/2022\/02\/desmanche_pcmg.jpg","width":678,"height":375},{"@type":"BreadcrumbList","@id":"https:\/\/aconteceunovale.com.br\/portal\/?p=186633#breadcrumb","itemListElement":[{"@type":"ListItem","position":1,"name":"In\u00edcio","item":"https:\/\/aconteceunovale.com.br\/portal\/"},{"@type":"ListItem","position":2,"name":"Pol\u00edcia Civil localiza desmanche de ve\u00edculos e prende suspeitos"}]},{"@type":"WebSite","@id":"https:\/\/aconteceunovale.com.br\/portal\/#website","url":"https:\/\/aconteceunovale.com.br\/portal\/","name":"Aconteceu no Vale","description":"Portal de Not\u00edcias","potentialAction":[{"@type":"SearchAction","target":{"@type":"EntryPoint","urlTemplate":"https:\/\/aconteceunovale.com.br\/portal\/?s={search_term_string}"},"query-input":{"@type":"PropertyValueSpecification","valueRequired":true,"valueName":"search_term_string"}}],"inLanguage":"pt-BR"},{"@type":"Person","@id":"https:\/\/aconteceunovale.com.br\/portal\/#\/schema\/person\/7d2f26d1483f8a63de73da1ee0754d35","name":"Reda\u00e7\u00e3o Aconteceu no Vale","description":"Equipe de reportagem do Aconteceu no Vale, portal de not\u00edcias do Vale do Jequitinhonha, em Minas Gerais. Cobrimos as 51 cidades do Vale desde 2013. Sugest\u00f5es de pauta e pedidos de corre\u00e7\u00e3o: contato@aconteceunovale.com.br","url":"https:\/\/aconteceunovale.com.br\/portal\/?author=4"}]}},"_links":{"self":[{"href":"https:\/\/aconteceunovale.com.br\/portal\/index.php?rest_route=\/wp\/v2\/posts\/186633","targetHints":{"allow":["GET"]}}],"collection":[{"href":"https:\/\/aconteceunovale.com.br\/portal\/index.php?rest_route=\/wp\/v2\/posts"}],"about":[{"href":"https:\/\/aconteceunovale.com.br\/portal\/index.php?rest_route=\/wp\/v2\/types\/post"}],"author":[{"embeddable":true,"href":"https:\/\/aconteceunovale.com.br\/portal\/index.php?rest_route=\/wp\/v2\/users\/4"}],"replies":[{"embeddable":true,"href":"https:\/\/aconteceunovale.com.br\/portal\/index.php?rest_route=%2Fwp%2Fv2%2Fcomments&post=186633"}],"version-history":[{"count":1,"href":"https:\/\/aconteceunovale.com.br\/portal\/index.php?rest_route=\/wp\/v2\/posts\/186633\/revisions"}],"predecessor-version":[{"id":186635,"href":"https:\/\/aconteceunovale.com.br\/portal\/index.php?rest_route=\/wp\/v2\/posts\/186633\/revisions\/186635"}],"wp:featuredmedia":[{"embeddable":true,"href":"https:\/\/aconteceunovale.com.br\/portal\/index.php?rest_route=\/wp\/v2\/media\/186634"}],"wp:attachment":[{"href":"https:\/\/aconteceunovale.com.br\/portal\/index.php?rest_route=%2Fwp%2Fv2%2Fmedia&parent=186633"}],"wp:term":[{"taxonomy":"category","embeddable":true,"href":"https:\/\/aconteceunovale.com.br\/portal\/index.php?rest_route=%2Fwp%2Fv2%2Fcategories&post=186633"},{"taxonomy":"post_tag","embeddable":true,"href":"https:\/\/aconteceunovale.com.br\/portal\/index.php?rest_route=%2Fwp%2Fv2%2Ftags&post=186633"}],"curies":[{"name":"wp","href":"https:\/\/api.w.org\/{rel}","templated":true}]}}