{"id":186630,"date":"2022-02-02T20:07:13","date_gmt":"2022-02-02T23:07:13","guid":{"rendered":"https:\/\/aconteceunovale.com.br\/portal\/?p=186630"},"modified":"2022-02-02T20:08:27","modified_gmt":"2022-02-02T23:08:27","slug":"pcmg-divulga-novidades-sobre-homicidio-de-dentista","status":"publish","type":"post","link":"https:\/\/aconteceunovale.com.br\/portal\/?p=186630","title":{"rendered":"PCMG divulga novidades sobre homic\u00eddio de dentista"},"content":{"rendered":"\n<p class=\"wp-block-paragraph\">A Pol\u00edcia Civil de Minas Gerais (PCMG) prendeu temporariamente, nesta quarta-feira (2\/2\/2022), dois homens, de 43 e 44 anos, suspeitos de envolvimento no homic\u00eddio de uma dentista, de 46, ocorrido no dia 25 de novembro do \u00faltimo ano, em Ribeir\u00e3o das Neves, na Regi\u00e3o Metropolitana de Belo Horizonte.<\/p>\n\n\n\n<figure class=\"wp-block-gallery has-nested-images columns-default is-cropped wp-block-gallery-1 is-layout-flex wp-block-gallery-is-layout-flex\">\n<figure class=\"wp-block-image size-large\"><img loading=\"lazy\" decoding=\"async\" width=\"678\" height=\"381\" data-id=\"186631\" src=\"https:\/\/aconteceunovale.com.br\/portal\/wp-content\/uploads\/2022\/02\/homicidio_dentista.jpg\" alt=\"\" class=\"wp-image-186631\" srcset=\"https:\/\/aconteceunovale.com.br\/portal\/wp-content\/uploads\/2022\/02\/homicidio_dentista.jpg 678w, https:\/\/aconteceunovale.com.br\/portal\/wp-content\/uploads\/2022\/02\/homicidio_dentista-300x169.jpg 300w\" sizes=\"auto, (max-width: 678px) 100vw, 678px\" \/><figcaption><em>Foto: Divulga\u00e7\u00e3o \/ PCMG<\/em><\/figcaption><\/figure>\n<\/figure>\n\n\n\n<p class=\"wp-block-paragraph\">A opera\u00e7\u00e3o policial foi deflagrada nos bairros Jardim dos Comerci\u00e1rios, Calif\u00f3rnia e Piratininga, em Belo Horizonte. Al\u00e9m das pris\u00f5es, a equipe da Delegacia Especializada de Homic\u00eddios em Ribeir\u00e3o das Neves cumpriu mandados de busca e apreens\u00e3o. Foram recolhidos os celulares dos suspeitos, que ser\u00e3o analisados no curso do inqu\u00e9rito policial.<\/p>\n\n\n\n<p class=\"wp-block-paragraph\">Em dezembro do \u00faltimo ano, na primeira fase da opera\u00e7\u00e3o, uma mulher de 42 anos, e o filho dela, de 22, tamb\u00e9m foram presos temporariamente pela PCMG.<\/p>\n\n\n\n<h2 class=\"wp-block-heading\" id=\"o-crime\"><strong>O crime<\/strong><\/h2>\n\n\n\n<p class=\"wp-block-paragraph\">A v\u00edtima, que trabalhava como cirurgi\u00e3-dentista na capital, foi tirada de seu apartamento e levada a Ribeir\u00e3o das Neves, at\u00e9 uma esta\u00e7\u00e3o de tratamento de esgoto desativada, onde foi morta por carboniza\u00e7\u00e3o.<\/p>\n\n\n\n<p class=\"wp-block-paragraph\">O carro dela foi abandonado no dia seguinte, na regi\u00e3o central do munic\u00edpio. A partir da an\u00e1lise de imagens de seguran\u00e7a desse local, a mulher e o filho, que trabalhava como pedreiro, foram identificados e presos.<\/p>\n\n\n\n<p class=\"wp-block-paragraph\">Dos quatro investigados, tr\u00eas trabalhavam para a v\u00edtima como pedreiros e servente na constru\u00e7\u00e3o de uma casa na propriedade rural dela, localizada em Itamb\u00e9 do Mato Dentro, pr\u00f3ximo a Itabira.<\/p>\n\n\n\n<h2 class=\"wp-block-heading\" id=\"motivacao\"><strong>Motiva\u00e7\u00e3o<\/strong><\/h2>\n\n\n\n<p class=\"wp-block-paragraph\">O delegado respons\u00e1vel pelo caso, F\u00e1bio Moraes Werneck Neto, ressalta que o inqu\u00e9rito policial n\u00e3o foi conclu\u00eddo e os presos na opera\u00e7\u00e3o de hoje ainda ser\u00e3o interrogados. \u201cContudo, partimos da hip\u00f3tese de que o crime possa ter sido motivado por desaven\u00e7as negociais entre a v\u00edtima e os envolvidos\u201d, adiantou.<\/p>\n\n\n\n<p class=\"wp-block-paragraph\">Ainda de acordo com Werneck, h\u00e1 informa\u00e7\u00f5es de que a v\u00edtima estaria insatisfeita com um dos investigados, que atuava como empreiteiro e subcontratava os demais trabalhadores. Ele pretendia transferir a fun\u00e7\u00e3o para outro dos suspeitos. \u201cEstamos verificando tamb\u00e9m se houve desaven\u00e7as em fun\u00e7\u00e3o de valores pagos na obra e poss\u00edveis cobran\u00e7as de comprovantes de compras da v\u00edtima aos suspeitos, mas tudo est\u00e1 sob investiga\u00e7\u00e3o\u201d, pontuou o delegado.<\/p>\n\n\n\n<h2 class=\"wp-block-heading\" id=\"provas\"><strong>Provas<\/strong><\/h2>\n\n\n\n<p class=\"wp-block-paragraph\">Durante os trabalhos periciais, a Pol\u00edcia Civil recolheu elementos que confirmaram a viola\u00e7\u00e3o do cofre no apartamento da v\u00edtima, o que pode indicar tamb\u00e9m o crime de furto. Foram analisadas impress\u00f5es digitais no im\u00f3vel, sendo compat\u00edveis com a de um dos suspeitos preso na primeira fase da opera\u00e7\u00e3o policial. A PCMG tamb\u00e9m ir\u00e1 confrontar as digitais da dupla presa hoje.<\/p>\n\n\n\n<p class=\"wp-block-paragraph\">As investiga\u00e7\u00f5es prosseguem.<\/p>\n\n\n\n<p class=\"wp-block-paragraph\">&#8212;&#8212;&#8212;&#8212;&#8212;&#8212;<br><br><strong>Sabia que o Aconteceu no Vale est\u00e1 tamb\u00e9m no Telegram? <a rel=\"noreferrer noopener\" href=\"https:\/\/t.me\/aconteceunovaleoficial\" target=\"_blank\">Inscreva-se no canal<\/a>.<\/strong><br><br><strong>J\u00e1 curtiu ou seguiu nossas p\u00e1ginas nas redes sociais?\u00a0Receba as not\u00edcias em primeira m\u00e3o:<br><\/strong>\u2022 <a rel=\"noreferrer noopener\" href=\"https:\/\/www.facebook.com\/aconteceunovale\/\" target=\"_blank\">Facebook<\/a><br>\u2022 <a rel=\"noreferrer noopener\" href=\"https:\/\/twitter.com\/noticiadosvales\" target=\"_blank\">Twitter<\/a><br>\u2022 <a rel=\"noreferrer noopener\" href=\"https:\/\/www.instagram.com\/aconteceunovale\" target=\"_blank\">Instagram<\/a><br>\u2022 <a rel=\"noreferrer noopener\" href=\"https:\/\/www.youtube.com\/AconteceunoValeOficial\" target=\"_blank\">Youtube<\/a><br>\u2022 <a rel=\"noreferrer noopener\" href=\"https:\/\/www.tiktok.com\/@aconteceunovale\" target=\"_blank\">TikTok<\/a><\/p>\n","protected":false},"excerpt":{"rendered":"<p>A Pol\u00edcia Civil de Minas Gerais (PCMG) prendeu temporariamente, nesta quarta-feira (2\/2\/2022), dois homens, de 43 e 44 anos, suspeitos de envolvimento no homic\u00eddio de uma dentista, de 46, ocorrido no dia 25 de novembro do \u00faltimo ano, em Ribeir\u00e3o das Neves, na Regi\u00e3o Metropolitana de Belo Horizonte. A opera\u00e7\u00e3o policial foi deflagrada nos bairros [&hellip;]<\/p>\n","protected":false},"author":4,"featured_media":186631,"comment_status":"open","ping_status":"closed","sticky":false,"template":"","format":"standard","meta":{"amp_status":"","footnotes":""},"categories":[123],"tags":[194,1017,258467,258465,131,604,258464,44644,258466,3674],"class_list":["post-186630","post","type-post","status-publish","format-standard","has-post-thumbnail","hentry","category-gerais","tag-belo-horizonte","tag-bh","tag-delegado-fabio-moraes-werneck-neto","tag-homicidio-em-ribeirao-das-neves","tag-minas-gerais","tag-pcmg","tag-pcmg-divulga-novidades-sobre-homicidio-de-dentista","tag-policia-civil-de-minas-gerais","tag-presos-por-matar-dentista-em-ribeirao-das-neves","tag-ribeirao-das-neves"],"yoast_head":"<!-- This site is optimized with the Yoast SEO plugin v28.3 - https:\/\/yoast.com\/product\/yoast-seo-wordpress\/ -->\n<title>PCMG divulga novidades sobre homic\u00eddio de dentista - Aconteceu no Vale<\/title>\n<meta name=\"robots\" content=\"index, follow, max-snippet:-1, max-image-preview:large, max-video-preview:-1\" \/>\n<link rel=\"canonical\" href=\"https:\/\/aconteceunovale.com.br\/portal\/?p=186630\" \/>\n<meta property=\"og:locale\" content=\"pt_BR\" \/>\n<meta property=\"og:type\" content=\"article\" \/>\n<meta property=\"og:title\" content=\"PCMG divulga novidades sobre homic\u00eddio de dentista - Aconteceu no Vale\" \/>\n<meta property=\"og:description\" content=\"A Pol\u00edcia Civil de Minas Gerais (PCMG) prendeu temporariamente, nesta quarta-feira (2\/2\/2022), dois homens, de 43 e 44 anos, suspeitos de envolvimento no homic\u00eddio de uma dentista, de 46, ocorrido no dia 25 de novembro do \u00faltimo ano, em Ribeir\u00e3o das Neves, na Regi\u00e3o Metropolitana de Belo Horizonte. A opera\u00e7\u00e3o policial foi deflagrada nos bairros [&hellip;]\" \/>\n<meta property=\"og:url\" content=\"https:\/\/aconteceunovale.com.br\/portal\/?p=186630\" \/>\n<meta property=\"og:site_name\" content=\"Aconteceu no Vale\" \/>\n<meta property=\"article:publisher\" content=\"https:\/\/www.facebook.com\/aconteceunovale\/\" \/>\n<meta property=\"article:published_time\" content=\"2022-02-02T23:07:13+00:00\" \/>\n<meta property=\"article:modified_time\" content=\"2022-02-02T23:08:27+00:00\" \/>\n<meta property=\"og:image\" content=\"https:\/\/aconteceunovale.com.br\/portal\/wp-content\/uploads\/2022\/02\/homicidio_dentista.jpg\" \/>\n\t<meta property=\"og:image:width\" content=\"678\" \/>\n\t<meta property=\"og:image:height\" content=\"381\" \/>\n\t<meta property=\"og:image:type\" content=\"image\/jpeg\" \/>\n<meta name=\"author\" content=\"Reda\u00e7\u00e3o Aconteceu no Vale\" \/>\n<meta name=\"twitter:card\" content=\"summary_large_image\" \/>\n<meta name=\"twitter:creator\" content=\"@noticiadosvales\" \/>\n<meta name=\"twitter:site\" content=\"@noticiadosvales\" \/>\n<meta name=\"twitter:label1\" content=\"Escrito por\" \/>\n\t<meta name=\"twitter:data1\" content=\"Reda\u00e7\u00e3o Aconteceu no Vale\" \/>\n\t<meta name=\"twitter:label2\" content=\"Est. tempo de leitura\" \/>\n\t<meta name=\"twitter:data2\" content=\"3 minutos\" \/>\n<script type=\"application\/ld+json\" class=\"yoast-schema-graph\">{\"@context\":\"https:\\\/\\\/schema.org\",\"@graph\":[{\"@type\":\"Article\",\"@id\":\"https:\\\/\\\/aconteceunovale.com.br\\\/portal\\\/?p=186630#article\",\"isPartOf\":{\"@id\":\"https:\\\/\\\/aconteceunovale.com.br\\\/portal\\\/?p=186630\"},\"author\":{\"name\":\"Reda\u00e7\u00e3o Aconteceu no Vale\",\"@id\":\"https:\\\/\\\/aconteceunovale.com.br\\\/portal\\\/#\\\/schema\\\/person\\\/7d2f26d1483f8a63de73da1ee0754d35\"},\"headline\":\"PCMG divulga novidades sobre homic\u00eddio de dentista\",\"datePublished\":\"2022-02-02T23:07:13+00:00\",\"dateModified\":\"2022-02-02T23:08:27+00:00\",\"mainEntityOfPage\":{\"@id\":\"https:\\\/\\\/aconteceunovale.com.br\\\/portal\\\/?p=186630\"},\"wordCount\":509,\"commentCount\":0,\"image\":{\"@id\":\"https:\\\/\\\/aconteceunovale.com.br\\\/portal\\\/?p=186630#primaryimage\"},\"thumbnailUrl\":\"https:\\\/\\\/aconteceunovale.com.br\\\/portal\\\/wp-content\\\/uploads\\\/2022\\\/02\\\/homicidio_dentista.jpg\",\"keywords\":[\"Belo Horizonte\",\"bh\",\"Delegado F\u00e1bio Moraes Werneck Neto\",\"Homic\u00eddio em Ribeir\u00e3o das Neves\",\"Minas Gerais\",\"PCMG\",\"PCMG divulga novidades sobre homic\u00eddio de dentista\",\"Pol\u00edcia Civil de Minas Gerais\",\"Presos por matar dentista em Ribeir\u00e3o das Neves\",\"Ribeir\u00e3o das Neves\"],\"articleSection\":[\"Minas Gerais\"],\"inLanguage\":\"pt-BR\",\"potentialAction\":[{\"@type\":\"CommentAction\",\"name\":\"Comment\",\"target\":[\"https:\\\/\\\/aconteceunovale.com.br\\\/portal\\\/?p=186630#respond\"]}]},{\"@type\":\"WebPage\",\"@id\":\"https:\\\/\\\/aconteceunovale.com.br\\\/portal\\\/?p=186630\",\"url\":\"https:\\\/\\\/aconteceunovale.com.br\\\/portal\\\/?p=186630\",\"name\":\"PCMG divulga novidades sobre homic\u00eddio de dentista - Aconteceu no Vale\",\"isPartOf\":{\"@id\":\"https:\\\/\\\/aconteceunovale.com.br\\\/portal\\\/#website\"},\"primaryImageOfPage\":{\"@id\":\"https:\\\/\\\/aconteceunovale.com.br\\\/portal\\\/?p=186630#primaryimage\"},\"image\":{\"@id\":\"https:\\\/\\\/aconteceunovale.com.br\\\/portal\\\/?p=186630#primaryimage\"},\"thumbnailUrl\":\"https:\\\/\\\/aconteceunovale.com.br\\\/portal\\\/wp-content\\\/uploads\\\/2022\\\/02\\\/homicidio_dentista.jpg\",\"datePublished\":\"2022-02-02T23:07:13+00:00\",\"dateModified\":\"2022-02-02T23:08:27+00:00\",\"author\":{\"@id\":\"https:\\\/\\\/aconteceunovale.com.br\\\/portal\\\/#\\\/schema\\\/person\\\/7d2f26d1483f8a63de73da1ee0754d35\"},\"breadcrumb\":{\"@id\":\"https:\\\/\\\/aconteceunovale.com.br\\\/portal\\\/?p=186630#breadcrumb\"},\"inLanguage\":\"pt-BR\",\"potentialAction\":[{\"@type\":\"ReadAction\",\"target\":[\"https:\\\/\\\/aconteceunovale.com.br\\\/portal\\\/?p=186630\"]}]},{\"@type\":\"ImageObject\",\"inLanguage\":\"pt-BR\",\"@id\":\"https:\\\/\\\/aconteceunovale.com.br\\\/portal\\\/?p=186630#primaryimage\",\"url\":\"https:\\\/\\\/aconteceunovale.com.br\\\/portal\\\/wp-content\\\/uploads\\\/2022\\\/02\\\/homicidio_dentista.jpg\",\"contentUrl\":\"https:\\\/\\\/aconteceunovale.com.br\\\/portal\\\/wp-content\\\/uploads\\\/2022\\\/02\\\/homicidio_dentista.jpg\",\"width\":678,\"height\":381},{\"@type\":\"BreadcrumbList\",\"@id\":\"https:\\\/\\\/aconteceunovale.com.br\\\/portal\\\/?p=186630#breadcrumb\",\"itemListElement\":[{\"@type\":\"ListItem\",\"position\":1,\"name\":\"In\u00edcio\",\"item\":\"https:\\\/\\\/aconteceunovale.com.br\\\/portal\\\/\"},{\"@type\":\"ListItem\",\"position\":2,\"name\":\"PCMG divulga novidades sobre homic\u00eddio de dentista\"}]},{\"@type\":\"WebSite\",\"@id\":\"https:\\\/\\\/aconteceunovale.com.br\\\/portal\\\/#website\",\"url\":\"https:\\\/\\\/aconteceunovale.com.br\\\/portal\\\/\",\"name\":\"Aconteceu no Vale\",\"description\":\"Portal de Not\u00edcias\",\"potentialAction\":[{\"@type\":\"SearchAction\",\"target\":{\"@type\":\"EntryPoint\",\"urlTemplate\":\"https:\\\/\\\/aconteceunovale.com.br\\\/portal\\\/?s={search_term_string}\"},\"query-input\":{\"@type\":\"PropertyValueSpecification\",\"valueRequired\":true,\"valueName\":\"search_term_string\"}}],\"inLanguage\":\"pt-BR\"},{\"@type\":\"Person\",\"@id\":\"https:\\\/\\\/aconteceunovale.com.br\\\/portal\\\/#\\\/schema\\\/person\\\/7d2f26d1483f8a63de73da1ee0754d35\",\"name\":\"Reda\u00e7\u00e3o Aconteceu no Vale\",\"description\":\"Equipe de reportagem do Aconteceu no Vale, portal de not\u00edcias do Vale do Jequitinhonha, em Minas Gerais. Cobrimos as 51 cidades do Vale desde 2013. Sugest\u00f5es de pauta e pedidos de corre\u00e7\u00e3o: contato@aconteceunovale.com.br\",\"url\":\"https:\\\/\\\/aconteceunovale.com.br\\\/portal\\\/?author=4\"}]}<\/script>\n<!-- \/ Yoast SEO plugin. -->","yoast_head_json":{"title":"PCMG divulga novidades sobre homic\u00eddio de dentista - Aconteceu no Vale","robots":{"index":"index","follow":"follow","max-snippet":"max-snippet:-1","max-image-preview":"max-image-preview:large","max-video-preview":"max-video-preview:-1"},"canonical":"https:\/\/aconteceunovale.com.br\/portal\/?p=186630","og_locale":"pt_BR","og_type":"article","og_title":"PCMG divulga novidades sobre homic\u00eddio de dentista - Aconteceu no Vale","og_description":"A Pol\u00edcia Civil de Minas Gerais (PCMG) prendeu temporariamente, nesta quarta-feira (2\/2\/2022), dois homens, de 43 e 44 anos, suspeitos de envolvimento no homic\u00eddio de uma dentista, de 46, ocorrido no dia 25 de novembro do \u00faltimo ano, em Ribeir\u00e3o das Neves, na Regi\u00e3o Metropolitana de Belo Horizonte. A opera\u00e7\u00e3o policial foi deflagrada nos bairros [&hellip;]","og_url":"https:\/\/aconteceunovale.com.br\/portal\/?p=186630","og_site_name":"Aconteceu no Vale","article_publisher":"https:\/\/www.facebook.com\/aconteceunovale\/","article_published_time":"2022-02-02T23:07:13+00:00","article_modified_time":"2022-02-02T23:08:27+00:00","og_image":[{"width":678,"height":381,"url":"https:\/\/aconteceunovale.com.br\/portal\/wp-content\/uploads\/2022\/02\/homicidio_dentista.jpg","type":"image\/jpeg"}],"author":"Reda\u00e7\u00e3o Aconteceu no Vale","twitter_card":"summary_large_image","twitter_creator":"@noticiadosvales","twitter_site":"@noticiadosvales","twitter_misc":{"Escrito por":"Reda\u00e7\u00e3o Aconteceu no Vale","Est. tempo de leitura":"3 minutos"},"schema":{"@context":"https:\/\/schema.org","@graph":[{"@type":"Article","@id":"https:\/\/aconteceunovale.com.br\/portal\/?p=186630#article","isPartOf":{"@id":"https:\/\/aconteceunovale.com.br\/portal\/?p=186630"},"author":{"name":"Reda\u00e7\u00e3o Aconteceu no Vale","@id":"https:\/\/aconteceunovale.com.br\/portal\/#\/schema\/person\/7d2f26d1483f8a63de73da1ee0754d35"},"headline":"PCMG divulga novidades sobre homic\u00eddio de dentista","datePublished":"2022-02-02T23:07:13+00:00","dateModified":"2022-02-02T23:08:27+00:00","mainEntityOfPage":{"@id":"https:\/\/aconteceunovale.com.br\/portal\/?p=186630"},"wordCount":509,"commentCount":0,"image":{"@id":"https:\/\/aconteceunovale.com.br\/portal\/?p=186630#primaryimage"},"thumbnailUrl":"https:\/\/aconteceunovale.com.br\/portal\/wp-content\/uploads\/2022\/02\/homicidio_dentista.jpg","keywords":["Belo Horizonte","bh","Delegado F\u00e1bio Moraes Werneck Neto","Homic\u00eddio em Ribeir\u00e3o das Neves","Minas Gerais","PCMG","PCMG divulga novidades sobre homic\u00eddio de dentista","Pol\u00edcia Civil de Minas Gerais","Presos por matar dentista em Ribeir\u00e3o das Neves","Ribeir\u00e3o das Neves"],"articleSection":["Minas Gerais"],"inLanguage":"pt-BR","potentialAction":[{"@type":"CommentAction","name":"Comment","target":["https:\/\/aconteceunovale.com.br\/portal\/?p=186630#respond"]}]},{"@type":"WebPage","@id":"https:\/\/aconteceunovale.com.br\/portal\/?p=186630","url":"https:\/\/aconteceunovale.com.br\/portal\/?p=186630","name":"PCMG divulga novidades sobre homic\u00eddio de dentista - Aconteceu no Vale","isPartOf":{"@id":"https:\/\/aconteceunovale.com.br\/portal\/#website"},"primaryImageOfPage":{"@id":"https:\/\/aconteceunovale.com.br\/portal\/?p=186630#primaryimage"},"image":{"@id":"https:\/\/aconteceunovale.com.br\/portal\/?p=186630#primaryimage"},"thumbnailUrl":"https:\/\/aconteceunovale.com.br\/portal\/wp-content\/uploads\/2022\/02\/homicidio_dentista.jpg","datePublished":"2022-02-02T23:07:13+00:00","dateModified":"2022-02-02T23:08:27+00:00","author":{"@id":"https:\/\/aconteceunovale.com.br\/portal\/#\/schema\/person\/7d2f26d1483f8a63de73da1ee0754d35"},"breadcrumb":{"@id":"https:\/\/aconteceunovale.com.br\/portal\/?p=186630#breadcrumb"},"inLanguage":"pt-BR","potentialAction":[{"@type":"ReadAction","target":["https:\/\/aconteceunovale.com.br\/portal\/?p=186630"]}]},{"@type":"ImageObject","inLanguage":"pt-BR","@id":"https:\/\/aconteceunovale.com.br\/portal\/?p=186630#primaryimage","url":"https:\/\/aconteceunovale.com.br\/portal\/wp-content\/uploads\/2022\/02\/homicidio_dentista.jpg","contentUrl":"https:\/\/aconteceunovale.com.br\/portal\/wp-content\/uploads\/2022\/02\/homicidio_dentista.jpg","width":678,"height":381},{"@type":"BreadcrumbList","@id":"https:\/\/aconteceunovale.com.br\/portal\/?p=186630#breadcrumb","itemListElement":[{"@type":"ListItem","position":1,"name":"In\u00edcio","item":"https:\/\/aconteceunovale.com.br\/portal\/"},{"@type":"ListItem","position":2,"name":"PCMG divulga novidades sobre homic\u00eddio de dentista"}]},{"@type":"WebSite","@id":"https:\/\/aconteceunovale.com.br\/portal\/#website","url":"https:\/\/aconteceunovale.com.br\/portal\/","name":"Aconteceu no Vale","description":"Portal de Not\u00edcias","potentialAction":[{"@type":"SearchAction","target":{"@type":"EntryPoint","urlTemplate":"https:\/\/aconteceunovale.com.br\/portal\/?s={search_term_string}"},"query-input":{"@type":"PropertyValueSpecification","valueRequired":true,"valueName":"search_term_string"}}],"inLanguage":"pt-BR"},{"@type":"Person","@id":"https:\/\/aconteceunovale.com.br\/portal\/#\/schema\/person\/7d2f26d1483f8a63de73da1ee0754d35","name":"Reda\u00e7\u00e3o Aconteceu no Vale","description":"Equipe de reportagem do Aconteceu no Vale, portal de not\u00edcias do Vale do Jequitinhonha, em Minas Gerais. Cobrimos as 51 cidades do Vale desde 2013. Sugest\u00f5es de pauta e pedidos de corre\u00e7\u00e3o: contato@aconteceunovale.com.br","url":"https:\/\/aconteceunovale.com.br\/portal\/?author=4"}]}},"_links":{"self":[{"href":"https:\/\/aconteceunovale.com.br\/portal\/index.php?rest_route=\/wp\/v2\/posts\/186630","targetHints":{"allow":["GET"]}}],"collection":[{"href":"https:\/\/aconteceunovale.com.br\/portal\/index.php?rest_route=\/wp\/v2\/posts"}],"about":[{"href":"https:\/\/aconteceunovale.com.br\/portal\/index.php?rest_route=\/wp\/v2\/types\/post"}],"author":[{"embeddable":true,"href":"https:\/\/aconteceunovale.com.br\/portal\/index.php?rest_route=\/wp\/v2\/users\/4"}],"replies":[{"embeddable":true,"href":"https:\/\/aconteceunovale.com.br\/portal\/index.php?rest_route=%2Fwp%2Fv2%2Fcomments&post=186630"}],"version-history":[{"count":1,"href":"https:\/\/aconteceunovale.com.br\/portal\/index.php?rest_route=\/wp\/v2\/posts\/186630\/revisions"}],"predecessor-version":[{"id":186632,"href":"https:\/\/aconteceunovale.com.br\/portal\/index.php?rest_route=\/wp\/v2\/posts\/186630\/revisions\/186632"}],"wp:featuredmedia":[{"embeddable":true,"href":"https:\/\/aconteceunovale.com.br\/portal\/index.php?rest_route=\/wp\/v2\/media\/186631"}],"wp:attachment":[{"href":"https:\/\/aconteceunovale.com.br\/portal\/index.php?rest_route=%2Fwp%2Fv2%2Fmedia&parent=186630"}],"wp:term":[{"taxonomy":"category","embeddable":true,"href":"https:\/\/aconteceunovale.com.br\/portal\/index.php?rest_route=%2Fwp%2Fv2%2Fcategories&post=186630"},{"taxonomy":"post_tag","embeddable":true,"href":"https:\/\/aconteceunovale.com.br\/portal\/index.php?rest_route=%2Fwp%2Fv2%2Ftags&post=186630"}],"curies":[{"name":"wp","href":"https:\/\/api.w.org\/{rel}","templated":true}]}}