{"id":18663,"date":"2014-01-16T15:04:40","date_gmt":"2014-01-16T17:04:40","guid":{"rendered":"http:\/\/aconteceunovale.com.br\/portal\/?p=18663"},"modified":"2014-01-16T15:04:40","modified_gmt":"2014-01-16T17:04:40","slug":"obras-de-revitalizacao-de-sub-bacias-do-sao-francisco-vao-beneficiar-mais-23-municipios-em-2014","status":"publish","type":"post","link":"https:\/\/aconteceunovale.com.br\/portal\/?p=18663","title":{"rendered":"Obras de revitaliza\u00e7\u00e3o de sub-bacias do S\u00e3o Francisco v\u00e3o beneficiar mais 23 munic\u00edpios em 2014"},"content":{"rendered":"<p><em><strong>A meta para 2014 inclui recupera\u00e7\u00e3o e preserva\u00e7\u00e3o de \u00e1reas localizadas em 18 cidades do Norte de Minas e em outras cinco de demais regi\u00f5es do Estado<\/strong><\/em><\/p>\n<p><img decoding=\"async\" src=\"http:\/\/aconteceunovale.com.br\/portal\/wp-content\/uploads\/2014\/01\/obras-de-revitalizacao-de-sub-bacias-do-sao-francisco-vao-beneficiar-mais-23-municipios-em-2014.jpg\" alt=\"\" \/><br \/>\n<em><strong>Em 2013, o projeto de recupera\u00e7\u00e3o das \u00e1reas atuou em 12 sub-bacias de 12 munic\u00edpios mineiros<\/strong><\/em><\/p>\n<p>Obras de revitaliza\u00e7\u00e3o de 24 sub-bacias hidrogr\u00e1ficas do Rio S\u00e3o Francisco dever\u00e3o beneficiar mais 23 munic\u00edpios mineiros em 2014. A meta inclui a recupera\u00e7\u00e3o e preserva\u00e7\u00e3o de \u00e1reas, localizadas em 18 munic\u00edpios da regi\u00e3o Norte do Estado e em outros cinco de demais regi\u00f5es mineiras. O projeto, que prev\u00ea a constru\u00e7\u00e3o de terra\u00e7os, bacias de capta\u00e7\u00e3o de \u00e1gua de enxurradas, recupera\u00e7\u00e3o de estradas vicinais e cercamento de nascentes e matas ciliares, ser\u00e1 mais uma vez realizado pela Empresa de Assist\u00eancia T\u00e9cnica e Extens\u00e3o Rural do Estado de Minas Gerais (Emater-MG), Secretaria de Estado de Agricultura, Pecu\u00e1ria e Abastecimento (Seapa-MG), Ruralminas e Companhia de Desenvolvimentos dos Vales do S\u00e3o Francisco e do Parna\u00edba (Codevasf).<\/p>\n<p>\u201cJ\u00e1 foi feita a licita\u00e7\u00e3o para as obras, mas ainda falta a assinatura com a empreiteira respons\u00e1vel\u201d, informa o gestor do programa na Emater-MG, o coordenador t\u00e9cnico Osmar Antunes Neto. Ele explica que, para cinco munic\u00edpios, onde as obras j\u00e1 foram licitadas, est\u00e3o previstas 225 nascentes protegidas, 121 quil\u00f4metros de cercas de matas ciliares, assim como a constru\u00e7\u00e3o de 873 bacias de capta\u00e7\u00e3o de \u00e1gua e 224 quil\u00f4metros de terra\u00e7os. \u201cPara outros 18 munic\u00edpios onde ainda n\u00e3o sabemos em que m\u00eas ser\u00e3o iniciadas as atividades, ser\u00e3o 53 nascentes protegidas, 98 quil\u00f4metros de cercas de matas ciliares, 4.220 bacias de capta\u00e7\u00e3o, 297 quil\u00f4metros de terra\u00e7os e 66 quil\u00f4metros de adequa\u00e7\u00e3o de estradas\u201d, enumera.<\/p>\n<p>O gestor Osmar completa que a iniciativa vai abranger, no Norte, os munic\u00edpios de Bonito de Minas, C\u00f4nego Marinho, Mirav\u00e2nia, Chapada Ga\u00facha, S\u00e3o Jo\u00e3o da Ponte, Mirabela, Japonvar, Patis, Varzel\u00e2ndia, Guaraciama, Juramento, Monte Azul, Nova Porteirinha, Pai Pedro, Riacho dos Machados, Verdel\u00e2ndia, Matias Cardoso e Ja\u00edba. Em outras regi\u00f5es mineiras, est\u00e3o na rota de mais a\u00e7\u00f5es do mesmo projeto, os munic\u00edpios de Papagaios, Florestal, On\u00e7a do Pitangui, Par\u00e1 de Minas e Ita\u00fana, segundo o coordenador.<\/p>\n<p>Atualmente, conforme Antunes, o mesmo projeto est\u00e1 com obras de constru\u00e7\u00e3o de terra\u00e7os, bacias de capta\u00e7\u00e3o e recupera\u00e7\u00e3o de estradas vicinais no munic\u00edpio de Maravilhas, na regional Emater-MG de Sete Lagoas. Tamb\u00e9m est\u00e1 em andamento o cercamento de matas e nascentes em Curvelo, Lassance, Paraopeba, Pequi, Tr\u00eas Marias, Jaboticatubas, Maravilhas, Santana do Ricaho, Sete Lagoas, Esmeraldas e Pedro Leopoldo.<\/p>\n<p>No total, o projeto de revitaliza\u00e7\u00e3o de sub-bacias do S\u00e3o Franscisco prev\u00ea a recupera\u00e7\u00e3o de 178 sub-bacias em 158 munic\u00edpios. A meta geral \u00e9 o cercamento de 1.123 nascentes, 1.028 quil\u00f4metros de matas ciliares e de topos de morros, al\u00e9m da constru\u00e7\u00e3o de 53.784 bacias de capta\u00e7\u00e3o de \u00e1gua de enxurradas e de 3.451 quil\u00f4metros de terra\u00e7os, e da adequa\u00e7\u00e3o de 471 quil\u00f4metros de estradas.<\/p>\n<p>Em 2013, o projeto atuou em 12 sub-bacias de 12 munic\u00edpios. Balan\u00e7o do projeto no ano passado mostra que 17 nascentes foram protegidas, 30 quil\u00f4metros de matas ciliares cercadas, 1.836 bacias de capta\u00e7\u00e3o e 225 quil\u00f4metros de terra\u00e7os constru\u00eddos. Trinta e seis quil\u00f4metros de estradas tamb\u00e9m foram adequadas no ano passado.<\/p>\n<p><strong>HIST\u00d3RIA E PR\u00caMIOS<\/strong><\/p>\n<p>Batizado de Projeto de Revitaliza\u00e7\u00e3o de Sub-Bacias Hidrogr\u00e1ficas Formadoras dos Afluentes Mineiros do Rio S\u00e3o Franscisco, a iniciativa come\u00e7ou em 2001 com um conv\u00eanio entre a Emater-MG e a Ag\u00eancia Nacional de \u00c1gua (Ana). Durante a parceria, que durou de 2001 a 2004, foram produzidos 200 projetos para 200 munic\u00edpios, localizados na Bacia do S\u00e3o Francisco, onde tinham escrit\u00f3rios da Emater-MG.<\/p>\n<p>O coordenador t\u00e9cnico estadual \u00canio Resende conta que, nesta primeira etapa, o trabalho focou na caracteriza\u00e7\u00e3o dos ambientes (diagn\u00f3stico e projeto) e em a\u00e7\u00f5es de educa\u00e7\u00e3o ambiental, capacita\u00e7\u00e3o de t\u00e9cnicos da empresa, al\u00e9m da mobiliza\u00e7\u00e3o das popula\u00e7\u00f5es dessas sub-bacias. \u201cProduzimos e utilizamos v\u00eddeos, folders, cartazes e banners. Treinamos cerca de 270 t\u00e9cnicos\u201d, relembra.<\/p>\n<p>Ainda conforme o coordenador t\u00e9cnico estadual, um dos ex-gestores do projeto, a partir de 2005, por meio de conv\u00eanios com a Codevasf, ANA e Semad, foi negociada a implanta\u00e7\u00e3o do projeto em 177 sub-bacias hidrogr\u00e1ficas. Posteriormente mais uma sub-bacia foi acrescentada. \u201cEm 2010, por meio de parcerias com a Seapa, Ruralminas e IEF, o projeto j\u00e1 estava implantado em 57 sub-bacias\u201d, conta.<\/p>\n<p>Segundo \u00canio Rezende, as a\u00e7\u00f5es empreendidas nessas sub-bacias hidrogr\u00e1ficas trabalhadas, al\u00e9m de envolverem os agricultores nos processo de gest\u00e3o ambiental, visaram, sobretudo, aumentar a disponibilidade e melhorar a qualidade das \u00e1guas superficiais.<\/p>\n<p><strong>AMPLIA\u00c7\u00c3O E RECONHECIMENTO<\/strong><\/p>\n<p>Nesses \u00faltimos tr\u00eas anos, o projeto avan\u00e7ou mais e j\u00e1 inclui 168 sub-bacias do S\u00e3o Francisco. O n\u00famero compreende obras realizadas e algumas em andamento em diferentes cidades, por onde passam afluentes do Velho Chico.<\/p>\n<p>Para o coordenador estadual \u00canio Rezende, um dos idealizadores do projeto, esse \u00e9 um trabalho emblem\u00e1tico porque est\u00e1 avan\u00e7ando, repercutindo em v\u00e1rios locais e servindo de modelo para outras institui\u00e7\u00f5es. Em dezembro de 2013, Rezende participou de mais uma cerim\u00f4nia de premia\u00e7\u00e3o da Emater-MG pelas a\u00e7\u00f5es do projeto, no 12\u00ba Pr\u00eamio Furnas Ouro Azul.<\/p>\n<p>Na edi\u00e7\u00e3o de 2013 do Ouro Azul, a empresa mineira de extens\u00e3o rural foi selecionada para a lista de 12 iniciativas, cujas propostas visam a recupera\u00e7\u00e3o e preserva\u00e7\u00e3o de recursos h\u00eddricos. Mais uma vez, a Emater-MG recebeu o reconhecimento na categoria Empresa P\u00fablica. O mesmo projeto j\u00e1 conquistou, em 2004 e 2010, o primeiro lugar na citada categoria, sendo que, em 2010, foi considerado o trabalho realizado em 40 sub-bacias. O Furnas Ouro Azul \u00e9 uma realiza\u00e7\u00e3o do Jornal Estado de Minas, com patroc\u00ednio da Eletrobras Furnas.<\/p>\n<p><strong>(Ag\u00eancia Minas)<\/strong><\/p>\n","protected":false},"excerpt":{"rendered":"<p>A meta para 2014 inclui recupera\u00e7\u00e3o e preserva\u00e7\u00e3o de \u00e1reas localizadas em 18 cidades do Norte de Minas e em outras cinco de demais regi\u00f5es do Estado Em 2013, o projeto de recupera\u00e7\u00e3o das \u00e1reas atuou em 12 sub-bacias de 12 munic\u00edpios mineiros Obras de revitaliza\u00e7\u00e3o de 24 sub-bacias hidrogr\u00e1ficas do Rio S\u00e3o Francisco dever\u00e3o [&hellip;]<\/p>\n","protected":false},"author":1,"featured_media":0,"comment_status":"open","ping_status":"closed","sticky":false,"template":"","format":"standard","meta":{"amp_status":"","footnotes":""},"categories":[1236],"tags":[1799,3057,3055,197,1492,3061,1694,1512,2600,1058,3058,1697,2941,3063,1708,1699,3056,1277,1805,3054,3062,3059,3060,962,1437,1700,3065,1653,1807,3064,2448,1532,1533,1713,1814],"class_list":["post-18663","post","type-post","status-publish","format-standard","hentry","category-norte_de_minas","tag-bonito-de-minas","tag-chapada-gaucha","tag-conego-marinho","tag-curvelo","tag-esmeraldas","tag-florestal","tag-guaraciama","tag-itauna","tag-jaboticatubas","tag-jaiba","tag-japonvar","tag-juramento","tag-lassance","tag-maravilhas","tag-matias-cardoso","tag-mirabela","tag-miravania","tag-monte-azul","tag-nova-porteirinha","tag-obras-de-revitalizacao-de-sub-bacias-do-sao-francisco-vao-beneficiar-mais-23-municipios-em-2014","tag-onca-do-pitangui","tag-pai-pedro","tag-papagaios","tag-para-de-minas","tag-paraopeba","tag-patis","tag-pedro-leopoldo","tag-pequi","tag-riacho-dos-machados","tag-santana-do-ricaho","tag-sao-joao-da-ponte","tag-sete-lagoas","tag-tres-marias","tag-varzelandia","tag-verdelandia"],"_links":{"self":[{"href":"https:\/\/aconteceunovale.com.br\/portal\/index.php?rest_route=\/wp\/v2\/posts\/18663","targetHints":{"allow":["GET"]}}],"collection":[{"href":"https:\/\/aconteceunovale.com.br\/portal\/index.php?rest_route=\/wp\/v2\/posts"}],"about":[{"href":"https:\/\/aconteceunovale.com.br\/portal\/index.php?rest_route=\/wp\/v2\/types\/post"}],"author":[{"embeddable":true,"href":"https:\/\/aconteceunovale.com.br\/portal\/index.php?rest_route=\/wp\/v2\/users\/1"}],"replies":[{"embeddable":true,"href":"https:\/\/aconteceunovale.com.br\/portal\/index.php?rest_route=%2Fwp%2Fv2%2Fcomments&post=18663"}],"version-history":[{"count":0,"href":"https:\/\/aconteceunovale.com.br\/portal\/index.php?rest_route=\/wp\/v2\/posts\/18663\/revisions"}],"wp:attachment":[{"href":"https:\/\/aconteceunovale.com.br\/portal\/index.php?rest_route=%2Fwp%2Fv2%2Fmedia&parent=18663"}],"wp:term":[{"taxonomy":"category","embeddable":true,"href":"https:\/\/aconteceunovale.com.br\/portal\/index.php?rest_route=%2Fwp%2Fv2%2Fcategories&post=18663"},{"taxonomy":"post_tag","embeddable":true,"href":"https:\/\/aconteceunovale.com.br\/portal\/index.php?rest_route=%2Fwp%2Fv2%2Ftags&post=18663"}],"curies":[{"name":"wp","href":"https:\/\/api.w.org\/{rel}","templated":true}]}}