{"id":186628,"date":"2022-02-02T19:54:09","date_gmt":"2022-02-02T22:54:09","guid":{"rendered":"https:\/\/aconteceunovale.com.br\/portal\/?p=186628"},"modified":"2022-02-02T19:55:06","modified_gmt":"2022-02-02T22:55:06","slug":"inscricoes-abertas-para-professor-substituto-na-ufvjm","status":"publish","type":"post","link":"https:\/\/aconteceunovale.com.br\/portal\/?p=186628","title":{"rendered":"Inscri\u00e7\u00f5es abertas para professor substituto na UFVJM"},"content":{"rendered":"\n<p class=\"wp-block-paragraph\">O curso de Pedagogia da Faculdade Interdisciplinar em Humanidades da Universidade Federal dos Vales do Jequitinhonha e Mucuri (FIH\/UFVJM) est\u00e1 com processo seletivo aberto para uma vaga de professor substituto, na \u00e1rea de conhecimento Educa\u00e7\u00e3o\/Fundamentos da Educa\u00e7\u00e3o; Hist\u00f3ria da Educa\u00e7\u00e3o; Sociologia da Educa\u00e7\u00e3o; Filosofia da Educa\u00e7\u00e3o, Pol\u00edtica Educacional; Ensino \u2013 Aprendizagem. As inscri\u00e7\u00f5es j\u00e1 est\u00e3o abertas e devem ser feitas at\u00e9 o pr\u00f3ximo dia 4 de fevereiro. A sele\u00e7\u00e3o ser\u00e1 feita por meio de an\u00e1lise do curr\u00edculo Lattes dos candidatos, prova did\u00e1tica e entrevista. As provas ser\u00e3o realizadas nos dias 16 e 17 de fevereiro.<\/p>\n\n\n\n<p class=\"wp-block-paragraph\">Al\u00e9m da vaga para o curso de Pedagogia, o edital do processo seletivo tamb\u00e9m oferece mais quatro vagas para professor substituto nas \u00e1reas: Matem\u00e1tica\/Educa\u00e7\u00e3o Matem\u00e1tica; Inform\u00e1tica: C\u00e1lculo Num\u00e9rico, Pesquisa Operacional, Gest\u00e3o da Manuten\u00e7\u00e3o e disciplinas correlatas; Letras\/Literatura; e Ci\u00eancias da Sa\u00fade\/Sa\u00fade Coletiva &#8211; Medicina de Fam\u00edlia e Comunidade. H\u00e1 vagas para atuar em Diamantina e Te\u00f3filo Otoni.<\/p>\n\n\n\n<p class=\"wp-block-paragraph\"><a rel=\"noreferrer noopener\" href=\"http:\/\/www.ufvjm.edu.br\/rh\/index.php?option=com_content&amp;view=article&amp;id=1828\" target=\"_blank\">Confira as informa\u00e7\u00f5es sobre a sele\u00e7\u00e3o, como rela\u00e7\u00e3o de documentos para se inscrever e regime de trabalho.<\/a>\u00a0<\/p>\n\n\n\n<p class=\"wp-block-paragraph\">&#8212;&#8212;&#8212;&#8212;&#8212;&#8212;<br><br><strong>Sabia que o Aconteceu no Vale est\u00e1 tamb\u00e9m no Telegram? <a rel=\"noreferrer noopener\" href=\"https:\/\/t.me\/aconteceunovaleoficial\" target=\"_blank\">Inscreva-se no canal<\/a>.<\/strong><br><br><strong>J\u00e1 curtiu ou seguiu nossas p\u00e1ginas nas redes sociais?\u00a0Receba as not\u00edcias em primeira m\u00e3o:<br><\/strong>\u2022 <a rel=\"noreferrer noopener\" href=\"https:\/\/www.facebook.com\/aconteceunovale\/\" target=\"_blank\">Facebook<\/a><br>\u2022 <a rel=\"noreferrer noopener\" href=\"https:\/\/twitter.com\/noticiadosvales\" target=\"_blank\">Twitter<\/a><br>\u2022 <a rel=\"noreferrer noopener\" href=\"https:\/\/www.instagram.com\/aconteceunovale\" target=\"_blank\">Instagram<\/a><br>\u2022 <a rel=\"noreferrer noopener\" href=\"https:\/\/www.youtube.com\/AconteceunoValeOficial\" target=\"_blank\">Youtube<\/a><br>\u2022 <a rel=\"noreferrer noopener\" href=\"https:\/\/www.tiktok.com\/@aconteceunovale\" target=\"_blank\">TikTok<\/a><\/p>\n","protected":false},"excerpt":{"rendered":"<p>O curso de Pedagogia da Faculdade Interdisciplinar em Humanidades da Universidade Federal dos Vales do Jequitinhonha e Mucuri (FIH\/UFVJM) est\u00e1 com processo seletivo aberto para uma vaga de professor substituto, na \u00e1rea de conhecimento Educa\u00e7\u00e3o\/Fundamentos da Educa\u00e7\u00e3o; Hist\u00f3ria da Educa\u00e7\u00e3o; Sociologia da Educa\u00e7\u00e3o; Filosofia da Educa\u00e7\u00e3o, Pol\u00edtica Educacional; Ensino \u2013 Aprendizagem. As inscri\u00e7\u00f5es j\u00e1 est\u00e3o [&hellip;]<\/p>\n","protected":false},"author":4,"featured_media":172709,"comment_status":"open","ping_status":"closed","sticky":false,"template":"","format":"standard","meta":{"amp_status":"","footnotes":""},"categories":[40237,40238,40236,120,122],"tags":[258462,639,198,258463,258460,245345,164,250,7129,258461],"class_list":["post-186628","post","type-post","status-publish","format-standard","has-post-thumbnail","hentry","category-concursos","category-educacao-2","category-empregos-2","category-jequi","category-mucuri","tag-concurso-para-professor-ufvjm","tag-concurso-ufvjm","tag-diamantina","tag-fih-ufvjm","tag-inscricoes-abertas-para-professor-substituto-na-ufvjm","tag-processo-seletivo-ufvjm","tag-teofilo-otoni","tag-ufvjm","tag-universidade-federal-dos-vales-do-jequitinhonha-e-mucuri","tag-vaga-para-professor-ufvjm"],"yoast_head":"<!-- This site is optimized with the Yoast SEO plugin v28.3 - https:\/\/yoast.com\/product\/yoast-seo-wordpress\/ -->\n<title>Inscri\u00e7\u00f5es abertas para professor substituto na UFVJM - Aconteceu no Vale<\/title>\n<meta name=\"robots\" content=\"index, follow, max-snippet:-1, max-image-preview:large, max-video-preview:-1\" \/>\n<link rel=\"canonical\" href=\"https:\/\/aconteceunovale.com.br\/portal\/?p=186628\" \/>\n<meta property=\"og:locale\" content=\"pt_BR\" \/>\n<meta property=\"og:type\" content=\"article\" \/>\n<meta property=\"og:title\" content=\"Inscri\u00e7\u00f5es abertas para professor substituto na UFVJM - Aconteceu no Vale\" \/>\n<meta property=\"og:description\" content=\"O curso de Pedagogia da Faculdade Interdisciplinar em Humanidades da Universidade Federal dos Vales do Jequitinhonha e Mucuri (FIH\/UFVJM) est\u00e1 com processo seletivo aberto para uma vaga de professor substituto, na \u00e1rea de conhecimento Educa\u00e7\u00e3o\/Fundamentos da Educa\u00e7\u00e3o; Hist\u00f3ria da Educa\u00e7\u00e3o; Sociologia da Educa\u00e7\u00e3o; Filosofia da Educa\u00e7\u00e3o, Pol\u00edtica Educacional; Ensino \u2013 Aprendizagem. As inscri\u00e7\u00f5es j\u00e1 est\u00e3o [&hellip;]\" \/>\n<meta property=\"og:url\" content=\"https:\/\/aconteceunovale.com.br\/portal\/?p=186628\" \/>\n<meta property=\"og:site_name\" content=\"Aconteceu no Vale\" \/>\n<meta property=\"article:publisher\" content=\"https:\/\/www.facebook.com\/aconteceunovale\/\" \/>\n<meta property=\"article:published_time\" content=\"2022-02-02T22:54:09+00:00\" \/>\n<meta property=\"article:modified_time\" content=\"2022-02-02T22:55:06+00:00\" \/>\n<meta property=\"og:image\" content=\"https:\/\/aconteceunovale.com.br\/portal\/wp-content\/uploads\/2021\/01\/ufvjm.jpg\" \/>\n\t<meta property=\"og:image:width\" content=\"678\" \/>\n\t<meta property=\"og:image:height\" content=\"386\" \/>\n\t<meta property=\"og:image:type\" content=\"image\/jpeg\" \/>\n<meta name=\"author\" content=\"Reda\u00e7\u00e3o Aconteceu no Vale\" \/>\n<meta name=\"twitter:card\" content=\"summary_large_image\" \/>\n<meta name=\"twitter:creator\" content=\"@noticiadosvales\" \/>\n<meta name=\"twitter:site\" content=\"@noticiadosvales\" \/>\n<meta name=\"twitter:label1\" content=\"Escrito por\" \/>\n\t<meta name=\"twitter:data1\" content=\"Reda\u00e7\u00e3o Aconteceu no Vale\" \/>\n\t<meta name=\"twitter:label2\" content=\"Est. tempo de leitura\" \/>\n\t<meta name=\"twitter:data2\" content=\"1 minuto\" \/>\n<script type=\"application\/ld+json\" class=\"yoast-schema-graph\">{\"@context\":\"https:\\\/\\\/schema.org\",\"@graph\":[{\"@type\":\"Article\",\"@id\":\"https:\\\/\\\/aconteceunovale.com.br\\\/portal\\\/?p=186628#article\",\"isPartOf\":{\"@id\":\"https:\\\/\\\/aconteceunovale.com.br\\\/portal\\\/?p=186628\"},\"author\":{\"name\":\"Reda\u00e7\u00e3o Aconteceu no Vale\",\"@id\":\"https:\\\/\\\/aconteceunovale.com.br\\\/portal\\\/#\\\/schema\\\/person\\\/7d2f26d1483f8a63de73da1ee0754d35\"},\"headline\":\"Inscri\u00e7\u00f5es abertas para professor substituto na UFVJM\",\"datePublished\":\"2022-02-02T22:54:09+00:00\",\"dateModified\":\"2022-02-02T22:55:06+00:00\",\"mainEntityOfPage\":{\"@id\":\"https:\\\/\\\/aconteceunovale.com.br\\\/portal\\\/?p=186628\"},\"wordCount\":249,\"commentCount\":0,\"image\":{\"@id\":\"https:\\\/\\\/aconteceunovale.com.br\\\/portal\\\/?p=186628#primaryimage\"},\"thumbnailUrl\":\"https:\\\/\\\/aconteceunovale.com.br\\\/portal\\\/wp-content\\\/uploads\\\/2021\\\/01\\\/ufvjm.jpg\",\"keywords\":[\"Concurso para professor UFVJM\",\"Concurso UFVJM\",\"Diamantina\",\"FIH UFVJM\",\"Inscri\u00e7\u00f5es abertas para professor substituto na UFVJM\",\"Processo seletivo UFVJM\",\"Te\u00f3filo Otoni\",\"UFVJM\",\"Universidade Federal dos Vales do Jequitinhonha e Mucuri\",\"Vaga para professor UFVJM\"],\"articleSection\":[\"Concursos\",\"Educa\u00e7\u00e3o\",\"Empregos\",\"Vale do Jequitinhonha\",\"Vale do Mucuri\"],\"inLanguage\":\"pt-BR\",\"potentialAction\":[{\"@type\":\"CommentAction\",\"name\":\"Comment\",\"target\":[\"https:\\\/\\\/aconteceunovale.com.br\\\/portal\\\/?p=186628#respond\"]}]},{\"@type\":\"WebPage\",\"@id\":\"https:\\\/\\\/aconteceunovale.com.br\\\/portal\\\/?p=186628\",\"url\":\"https:\\\/\\\/aconteceunovale.com.br\\\/portal\\\/?p=186628\",\"name\":\"Inscri\u00e7\u00f5es abertas para professor substituto na UFVJM - Aconteceu no Vale\",\"isPartOf\":{\"@id\":\"https:\\\/\\\/aconteceunovale.com.br\\\/portal\\\/#website\"},\"primaryImageOfPage\":{\"@id\":\"https:\\\/\\\/aconteceunovale.com.br\\\/portal\\\/?p=186628#primaryimage\"},\"image\":{\"@id\":\"https:\\\/\\\/aconteceunovale.com.br\\\/portal\\\/?p=186628#primaryimage\"},\"thumbnailUrl\":\"https:\\\/\\\/aconteceunovale.com.br\\\/portal\\\/wp-content\\\/uploads\\\/2021\\\/01\\\/ufvjm.jpg\",\"datePublished\":\"2022-02-02T22:54:09+00:00\",\"dateModified\":\"2022-02-02T22:55:06+00:00\",\"author\":{\"@id\":\"https:\\\/\\\/aconteceunovale.com.br\\\/portal\\\/#\\\/schema\\\/person\\\/7d2f26d1483f8a63de73da1ee0754d35\"},\"breadcrumb\":{\"@id\":\"https:\\\/\\\/aconteceunovale.com.br\\\/portal\\\/?p=186628#breadcrumb\"},\"inLanguage\":\"pt-BR\",\"potentialAction\":[{\"@type\":\"ReadAction\",\"target\":[\"https:\\\/\\\/aconteceunovale.com.br\\\/portal\\\/?p=186628\"]}]},{\"@type\":\"ImageObject\",\"inLanguage\":\"pt-BR\",\"@id\":\"https:\\\/\\\/aconteceunovale.com.br\\\/portal\\\/?p=186628#primaryimage\",\"url\":\"https:\\\/\\\/aconteceunovale.com.br\\\/portal\\\/wp-content\\\/uploads\\\/2021\\\/01\\\/ufvjm.jpg\",\"contentUrl\":\"https:\\\/\\\/aconteceunovale.com.br\\\/portal\\\/wp-content\\\/uploads\\\/2021\\\/01\\\/ufvjm.jpg\",\"width\":678,\"height\":386},{\"@type\":\"BreadcrumbList\",\"@id\":\"https:\\\/\\\/aconteceunovale.com.br\\\/portal\\\/?p=186628#breadcrumb\",\"itemListElement\":[{\"@type\":\"ListItem\",\"position\":1,\"name\":\"In\u00edcio\",\"item\":\"https:\\\/\\\/aconteceunovale.com.br\\\/portal\\\/\"},{\"@type\":\"ListItem\",\"position\":2,\"name\":\"Inscri\u00e7\u00f5es abertas para professor substituto na UFVJM\"}]},{\"@type\":\"WebSite\",\"@id\":\"https:\\\/\\\/aconteceunovale.com.br\\\/portal\\\/#website\",\"url\":\"https:\\\/\\\/aconteceunovale.com.br\\\/portal\\\/\",\"name\":\"Aconteceu no Vale\",\"description\":\"Portal de Not\u00edcias\",\"potentialAction\":[{\"@type\":\"SearchAction\",\"target\":{\"@type\":\"EntryPoint\",\"urlTemplate\":\"https:\\\/\\\/aconteceunovale.com.br\\\/portal\\\/?s={search_term_string}\"},\"query-input\":{\"@type\":\"PropertyValueSpecification\",\"valueRequired\":true,\"valueName\":\"search_term_string\"}}],\"inLanguage\":\"pt-BR\"},{\"@type\":\"Person\",\"@id\":\"https:\\\/\\\/aconteceunovale.com.br\\\/portal\\\/#\\\/schema\\\/person\\\/7d2f26d1483f8a63de73da1ee0754d35\",\"name\":\"Reda\u00e7\u00e3o Aconteceu no Vale\",\"description\":\"Equipe de reportagem do Aconteceu no Vale, portal de not\u00edcias do Vale do Jequitinhonha, em Minas Gerais. Cobrimos as 51 cidades do Vale desde 2013. Sugest\u00f5es de pauta e pedidos de corre\u00e7\u00e3o: contato@aconteceunovale.com.br\",\"url\":\"https:\\\/\\\/aconteceunovale.com.br\\\/portal\\\/?author=4\"}]}<\/script>\n<!-- \/ Yoast SEO plugin. -->","yoast_head_json":{"title":"Inscri\u00e7\u00f5es abertas para professor substituto na UFVJM - Aconteceu no Vale","robots":{"index":"index","follow":"follow","max-snippet":"max-snippet:-1","max-image-preview":"max-image-preview:large","max-video-preview":"max-video-preview:-1"},"canonical":"https:\/\/aconteceunovale.com.br\/portal\/?p=186628","og_locale":"pt_BR","og_type":"article","og_title":"Inscri\u00e7\u00f5es abertas para professor substituto na UFVJM - Aconteceu no Vale","og_description":"O curso de Pedagogia da Faculdade Interdisciplinar em Humanidades da Universidade Federal dos Vales do Jequitinhonha e Mucuri (FIH\/UFVJM) est\u00e1 com processo seletivo aberto para uma vaga de professor substituto, na \u00e1rea de conhecimento Educa\u00e7\u00e3o\/Fundamentos da Educa\u00e7\u00e3o; Hist\u00f3ria da Educa\u00e7\u00e3o; Sociologia da Educa\u00e7\u00e3o; Filosofia da Educa\u00e7\u00e3o, Pol\u00edtica Educacional; Ensino \u2013 Aprendizagem. As inscri\u00e7\u00f5es j\u00e1 est\u00e3o [&hellip;]","og_url":"https:\/\/aconteceunovale.com.br\/portal\/?p=186628","og_site_name":"Aconteceu no Vale","article_publisher":"https:\/\/www.facebook.com\/aconteceunovale\/","article_published_time":"2022-02-02T22:54:09+00:00","article_modified_time":"2022-02-02T22:55:06+00:00","og_image":[{"width":678,"height":386,"url":"https:\/\/aconteceunovale.com.br\/portal\/wp-content\/uploads\/2021\/01\/ufvjm.jpg","type":"image\/jpeg"}],"author":"Reda\u00e7\u00e3o Aconteceu no Vale","twitter_card":"summary_large_image","twitter_creator":"@noticiadosvales","twitter_site":"@noticiadosvales","twitter_misc":{"Escrito por":"Reda\u00e7\u00e3o Aconteceu no Vale","Est. tempo de leitura":"1 minuto"},"schema":{"@context":"https:\/\/schema.org","@graph":[{"@type":"Article","@id":"https:\/\/aconteceunovale.com.br\/portal\/?p=186628#article","isPartOf":{"@id":"https:\/\/aconteceunovale.com.br\/portal\/?p=186628"},"author":{"name":"Reda\u00e7\u00e3o Aconteceu no Vale","@id":"https:\/\/aconteceunovale.com.br\/portal\/#\/schema\/person\/7d2f26d1483f8a63de73da1ee0754d35"},"headline":"Inscri\u00e7\u00f5es abertas para professor substituto na UFVJM","datePublished":"2022-02-02T22:54:09+00:00","dateModified":"2022-02-02T22:55:06+00:00","mainEntityOfPage":{"@id":"https:\/\/aconteceunovale.com.br\/portal\/?p=186628"},"wordCount":249,"commentCount":0,"image":{"@id":"https:\/\/aconteceunovale.com.br\/portal\/?p=186628#primaryimage"},"thumbnailUrl":"https:\/\/aconteceunovale.com.br\/portal\/wp-content\/uploads\/2021\/01\/ufvjm.jpg","keywords":["Concurso para professor UFVJM","Concurso UFVJM","Diamantina","FIH UFVJM","Inscri\u00e7\u00f5es abertas para professor substituto na UFVJM","Processo seletivo UFVJM","Te\u00f3filo Otoni","UFVJM","Universidade Federal dos Vales do Jequitinhonha e Mucuri","Vaga para professor UFVJM"],"articleSection":["Concursos","Educa\u00e7\u00e3o","Empregos","Vale do Jequitinhonha","Vale do Mucuri"],"inLanguage":"pt-BR","potentialAction":[{"@type":"CommentAction","name":"Comment","target":["https:\/\/aconteceunovale.com.br\/portal\/?p=186628#respond"]}]},{"@type":"WebPage","@id":"https:\/\/aconteceunovale.com.br\/portal\/?p=186628","url":"https:\/\/aconteceunovale.com.br\/portal\/?p=186628","name":"Inscri\u00e7\u00f5es abertas para professor substituto na UFVJM - Aconteceu no Vale","isPartOf":{"@id":"https:\/\/aconteceunovale.com.br\/portal\/#website"},"primaryImageOfPage":{"@id":"https:\/\/aconteceunovale.com.br\/portal\/?p=186628#primaryimage"},"image":{"@id":"https:\/\/aconteceunovale.com.br\/portal\/?p=186628#primaryimage"},"thumbnailUrl":"https:\/\/aconteceunovale.com.br\/portal\/wp-content\/uploads\/2021\/01\/ufvjm.jpg","datePublished":"2022-02-02T22:54:09+00:00","dateModified":"2022-02-02T22:55:06+00:00","author":{"@id":"https:\/\/aconteceunovale.com.br\/portal\/#\/schema\/person\/7d2f26d1483f8a63de73da1ee0754d35"},"breadcrumb":{"@id":"https:\/\/aconteceunovale.com.br\/portal\/?p=186628#breadcrumb"},"inLanguage":"pt-BR","potentialAction":[{"@type":"ReadAction","target":["https:\/\/aconteceunovale.com.br\/portal\/?p=186628"]}]},{"@type":"ImageObject","inLanguage":"pt-BR","@id":"https:\/\/aconteceunovale.com.br\/portal\/?p=186628#primaryimage","url":"https:\/\/aconteceunovale.com.br\/portal\/wp-content\/uploads\/2021\/01\/ufvjm.jpg","contentUrl":"https:\/\/aconteceunovale.com.br\/portal\/wp-content\/uploads\/2021\/01\/ufvjm.jpg","width":678,"height":386},{"@type":"BreadcrumbList","@id":"https:\/\/aconteceunovale.com.br\/portal\/?p=186628#breadcrumb","itemListElement":[{"@type":"ListItem","position":1,"name":"In\u00edcio","item":"https:\/\/aconteceunovale.com.br\/portal\/"},{"@type":"ListItem","position":2,"name":"Inscri\u00e7\u00f5es abertas para professor substituto na UFVJM"}]},{"@type":"WebSite","@id":"https:\/\/aconteceunovale.com.br\/portal\/#website","url":"https:\/\/aconteceunovale.com.br\/portal\/","name":"Aconteceu no Vale","description":"Portal de Not\u00edcias","potentialAction":[{"@type":"SearchAction","target":{"@type":"EntryPoint","urlTemplate":"https:\/\/aconteceunovale.com.br\/portal\/?s={search_term_string}"},"query-input":{"@type":"PropertyValueSpecification","valueRequired":true,"valueName":"search_term_string"}}],"inLanguage":"pt-BR"},{"@type":"Person","@id":"https:\/\/aconteceunovale.com.br\/portal\/#\/schema\/person\/7d2f26d1483f8a63de73da1ee0754d35","name":"Reda\u00e7\u00e3o Aconteceu no Vale","description":"Equipe de reportagem do Aconteceu no Vale, portal de not\u00edcias do Vale do Jequitinhonha, em Minas Gerais. Cobrimos as 51 cidades do Vale desde 2013. Sugest\u00f5es de pauta e pedidos de corre\u00e7\u00e3o: contato@aconteceunovale.com.br","url":"https:\/\/aconteceunovale.com.br\/portal\/?author=4"}]}},"_links":{"self":[{"href":"https:\/\/aconteceunovale.com.br\/portal\/index.php?rest_route=\/wp\/v2\/posts\/186628","targetHints":{"allow":["GET"]}}],"collection":[{"href":"https:\/\/aconteceunovale.com.br\/portal\/index.php?rest_route=\/wp\/v2\/posts"}],"about":[{"href":"https:\/\/aconteceunovale.com.br\/portal\/index.php?rest_route=\/wp\/v2\/types\/post"}],"author":[{"embeddable":true,"href":"https:\/\/aconteceunovale.com.br\/portal\/index.php?rest_route=\/wp\/v2\/users\/4"}],"replies":[{"embeddable":true,"href":"https:\/\/aconteceunovale.com.br\/portal\/index.php?rest_route=%2Fwp%2Fv2%2Fcomments&post=186628"}],"version-history":[{"count":1,"href":"https:\/\/aconteceunovale.com.br\/portal\/index.php?rest_route=\/wp\/v2\/posts\/186628\/revisions"}],"predecessor-version":[{"id":186629,"href":"https:\/\/aconteceunovale.com.br\/portal\/index.php?rest_route=\/wp\/v2\/posts\/186628\/revisions\/186629"}],"wp:featuredmedia":[{"embeddable":true,"href":"https:\/\/aconteceunovale.com.br\/portal\/index.php?rest_route=\/wp\/v2\/media\/172709"}],"wp:attachment":[{"href":"https:\/\/aconteceunovale.com.br\/portal\/index.php?rest_route=%2Fwp%2Fv2%2Fmedia&parent=186628"}],"wp:term":[{"taxonomy":"category","embeddable":true,"href":"https:\/\/aconteceunovale.com.br\/portal\/index.php?rest_route=%2Fwp%2Fv2%2Fcategories&post=186628"},{"taxonomy":"post_tag","embeddable":true,"href":"https:\/\/aconteceunovale.com.br\/portal\/index.php?rest_route=%2Fwp%2Fv2%2Ftags&post=186628"}],"curies":[{"name":"wp","href":"https:\/\/api.w.org\/{rel}","templated":true}]}}