{"id":18657,"date":"2014-01-16T14:58:30","date_gmt":"2014-01-16T16:58:30","guid":{"rendered":"http:\/\/aconteceunovale.com.br\/portal\/?p=18657"},"modified":"2014-01-16T14:58:30","modified_gmt":"2014-01-16T16:58:30","slug":"tragedia-na-381-acidente-entre-quatro-veiculos-mata-menina-de-5-anos","status":"publish","type":"post","link":"https:\/\/aconteceunovale.com.br\/portal\/?p=18657","title":{"rendered":"TRAG\u00c9DIA NA 381: Acidente entre quatro ve\u00edculos mata menina de 5 anos"},"content":{"rendered":"<p>A BR-381 foi palco de mais uma trag\u00e9dia na madrugada desta quinta-feira, 16 de janeiro. Uma crian\u00e7a de apenas 5 anos morreu em um acidente envolvendo quatro ve\u00edculos, no km 361 da rodovia, no trecho conhecido como Corte de Pedras, no bairro Tanquinho, em Jo\u00e3o Monlevade. Clara Mendes Castro Leite foi retirada sem vida das ferragens do Polo guiado pelo pai dela. O homem e outra filha, de 7 anos, foram socorridos em estado grave.<\/p>\n<p><img decoding=\"async\" src=\"http:\/\/aconteceunovale.com.br\/portal\/wp-content\/uploads\/2014\/01\/acidente_proximo_monlevade_1.jpg\" alt=\"\" \/><br \/>\n<em>(Foto: Bell Silva)<\/em><\/p>\n<p>O acidente envolveu o Polo em que estava a crian\u00e7a, um caminh\u00e3o Volkswagen, uma picape Fiorino e um caminh\u00e3o Mercedes Benz. Os ve\u00edculos bateram de frente. Josu\u00e9 da Silva Leite, pai de Clara, sofreu ferimentos graves, assim como a outra filha, Laura Mendes e Leite. Os dois foram levados pelo Sevor ao Hospital Margarida, em Monlevade.<\/p>\n<p>Militares do Corpo de Bombeiros de Itabira tamb\u00e9m participaram do resgate \u00e0s v\u00edtimas. Tatiana Mendes Castro Leite, 37 anos, m\u00e3e das crian\u00e7as, n\u00e3o sofreu les\u00f5es. Os condutores do caminh\u00e3o Volkswagen, Geraldo Manoel da Silva; da Fiorino, Welton Soares; e do caminh\u00e3o Mercedes, C\u00edcero de Andrade, escaparam ilesos. Por causa do acidente, a rodovia ficou com tr\u00e2nsito completamente interrompido por cerca de duas horas.<\/p>\n<p><strong>GALERIA DE FOTOS:<\/strong><br \/>\n<em>(Fotos: Bell Silva)<\/em><\/p>\n<p><img decoding=\"async\" src=\"http:\/\/aconteceunovale.com.br\/portal\/wp-content\/uploads\/2014\/01\/acidente_proximo_monlevade_2.jpg\" alt=\"\" \/><br \/>\n<img decoding=\"async\" src=\"http:\/\/aconteceunovale.com.br\/portal\/wp-content\/uploads\/2014\/01\/acidente_proximo_monlevade_3.jpg\" alt=\"\" \/><br \/>\n<img decoding=\"async\" src=\"http:\/\/aconteceunovale.com.br\/portal\/wp-content\/uploads\/2014\/01\/acidente_proximo_monlevade_4.jpg\" alt=\"\" \/><\/p>\n<p><strong>(Fonte: Portal DeFato)<\/strong><\/p>\n","protected":false},"excerpt":{"rendered":"<p>A BR-381 foi palco de mais uma trag\u00e9dia na madrugada desta quinta-feira, 16 de janeiro. Uma crian\u00e7a de apenas 5 anos morreu em um acidente envolvendo quatro ve\u00edculos, no km 361 da rodovia, no trecho conhecido como Corte de Pedras, no bairro Tanquinho, em Jo\u00e3o Monlevade. Clara Mendes Castro Leite foi retirada sem vida das [&hellip;]<\/p>\n","protected":false},"author":1,"featured_media":0,"comment_status":"open","ping_status":"closed","sticky":false,"template":"","format":"standard","meta":{"amp_status":"","footnotes":""},"categories":[123],"tags":[3052,3053,3049,1102,3050,3051],"class_list":["post-18657","post","type-post","status-publish","format-standard","hentry","category-gerais","tag-acidente-entre-quatro-veiculos-mata-menina-de-5-anos","tag-acidente-entre-quatro-veiculos-mata-menina-de-5-anos-em-joao-monlevade","tag-clara-mendes-castro-leite","tag-joao-monlevade","tag-josue-da-silva-leite","tag-tatiana-mendes-castro-leite"],"_links":{"self":[{"href":"https:\/\/aconteceunovale.com.br\/portal\/index.php?rest_route=\/wp\/v2\/posts\/18657","targetHints":{"allow":["GET"]}}],"collection":[{"href":"https:\/\/aconteceunovale.com.br\/portal\/index.php?rest_route=\/wp\/v2\/posts"}],"about":[{"href":"https:\/\/aconteceunovale.com.br\/portal\/index.php?rest_route=\/wp\/v2\/types\/post"}],"author":[{"embeddable":true,"href":"https:\/\/aconteceunovale.com.br\/portal\/index.php?rest_route=\/wp\/v2\/users\/1"}],"replies":[{"embeddable":true,"href":"https:\/\/aconteceunovale.com.br\/portal\/index.php?rest_route=%2Fwp%2Fv2%2Fcomments&post=18657"}],"version-history":[{"count":0,"href":"https:\/\/aconteceunovale.com.br\/portal\/index.php?rest_route=\/wp\/v2\/posts\/18657\/revisions"}],"wp:attachment":[{"href":"https:\/\/aconteceunovale.com.br\/portal\/index.php?rest_route=%2Fwp%2Fv2%2Fmedia&parent=18657"}],"wp:term":[{"taxonomy":"category","embeddable":true,"href":"https:\/\/aconteceunovale.com.br\/portal\/index.php?rest_route=%2Fwp%2Fv2%2Fcategories&post=18657"},{"taxonomy":"post_tag","embeddable":true,"href":"https:\/\/aconteceunovale.com.br\/portal\/index.php?rest_route=%2Fwp%2Fv2%2Ftags&post=18657"}],"curies":[{"name":"wp","href":"https:\/\/api.w.org\/{rel}","templated":true}]}}