{"id":186550,"date":"2022-01-31T19:15:45","date_gmt":"2022-01-31T22:15:45","guid":{"rendered":"https:\/\/aconteceunovale.com.br\/portal\/?p=186550"},"modified":"2022-01-31T19:17:54","modified_gmt":"2022-01-31T22:17:54","slug":"anatel-aprova-compra-da-oi-movel-por-vivo-tim-e-claro","status":"publish","type":"post","link":"https:\/\/aconteceunovale.com.br\/portal\/?p=186550","title":{"rendered":"Anatel aprova compra da Oi M\u00f3vel por Vivo, TIM e Claro"},"content":{"rendered":"\n<p class=\"wp-block-paragraph\">Por unanimidade, o conselho diretor da Ag\u00eancia Nacional de Telecomunica\u00e7\u00f5es (Anatel) aprovou hoje (31), em Bras\u00edlia, a compra do servi\u00e7o de telefonia m\u00f3vel da Oi pelo cons\u00f3rcio formado pelas operadoras Vivo, TIM e Claro. Os conselheiros seguiram o relator, Emanuel Campelo, que tinha dado aval ao neg\u00f3cio, mas imp\u00f4s condicionantes.<\/p>\n\n\n\n<p class=\"wp-block-paragraph\">O julgamento tinha come\u00e7ado na \u00faltima sexta-feira (28). Na ocasi\u00e3o, apenas o parecer foi lido. O diretor Vicente Aquino pediu vistas [mais tempo para analisar o tema], e a vota\u00e7\u00e3o n\u00e3o come\u00e7ou. Na sess\u00e3o de hoje, Aquino devolveu o processo com ajustes de reda\u00e7\u00e3o e condicionantes adicionais em rela\u00e7\u00e3o \u00e0s medidas propostas por Campelo. Tanto o relator como os diretores Carlos Baigorri e Mois\u00e9s Moreira acolheram os ajustes.<\/p>\n\n\n\n<p class=\"wp-block-paragraph\">Pelos pontos acrescentados, a Anatel ter\u00e1 de acompanhar os usu\u00e1rios da Oi M\u00f3vel durante o processo de migra\u00e7\u00e3o para as operadoras concorrentes. Os compradores ter\u00e3o at\u00e9 90 dias, renov\u00e1veis por mais 90, para negociarem um acordo para a manuten\u00e7\u00e3o dos servi\u00e7os m\u00f3veis prestados pela Oi na Esta\u00e7\u00e3o Ant\u00e1rtica Comandante Ferraz.<\/p>\n\n\n\n<p class=\"wp-block-paragraph\">Ap\u00f3s a aprova\u00e7\u00e3o do neg\u00f3cio pela Anatel, a venda da Oi M\u00f3vel ser\u00e1 analisada pelo Conselho Administrativo de Defesa Econ\u00f4mica (Cade), que tem at\u00e9 15 de fevereiro para emitir a decis\u00e3o final.<\/p>\n\n\n\n<p class=\"wp-block-paragraph\">Desde 2016, a Oi est\u00e1 em recupera\u00e7\u00e3o judicial, quando uma companhia negocia d\u00edvidas com credores para evitar a fal\u00eancia. Em setembro do ano passado, a 7\u00aa Vara Empresarial do Tribunal de Justi\u00e7a do Rio de Janeiro prorrogou a conclus\u00e3o do processo at\u00e9 mar\u00e7o deste ano.<\/p>\n\n\n\n<p class=\"wp-block-paragraph\">Em novembro de 2020, a Oi vendeu ativos, como torres e centros de dados, por R$ 30,7 bilh\u00f5es. A companhia ainda come\u00e7ou a receber os valores, tendo angariado cerca de R$ 1,4 bilh\u00e3o at\u00e9 o terceiro trimestre do ano passado. A venda da Oi M\u00f3vel deve render R$ 15,8 bilh\u00f5es, e a venda da InfraCo, empresa de infraestrutura \u00f3ptica, est\u00e1 avaliada em R$ 10,6 bilh\u00f5es.<\/p>\n\n\n\n<h2 class=\"wp-block-heading\" id=\"concorrencia\">Concorr\u00eancia<\/h2>\n\n\n\n<p class=\"wp-block-paragraph\">Para manter a concorr\u00eancia na telefonia m\u00f3vel, o relator do processo sugeriu que as operadoras concorrentes que comprarem o servi\u00e7o m\u00f3vel da Oi ofere\u00e7am, por pre\u00e7os especiais, os servi\u00e7os de roaming a prestadoras de pequeno porte; estimulem a explora\u00e7\u00e3o do servi\u00e7o m\u00f3vel pessoal (SMP) por rede virtual e fa\u00e7am planos de compromissos volunt\u00e1rios para a utiliza\u00e7\u00e3o de faixas do espectro.<\/p>\n\n\n\n<p class=\"wp-block-paragraph\">As empresas tamb\u00e9m dever\u00e3o elaborar um plano especial de comunica\u00e7\u00e3o aos clientes, informando o direito de escolha do plano telef\u00f4nico com consentimento expresso e garantindo o direito \u00e0 portabilidade a qualquer momento.<\/p>\n\n\n\n<p class=\"wp-block-paragraph\">&#8212;&#8212;&#8212;&#8212;&#8212;&#8212;<br><em>Quer receber as not\u00edcias do <strong>Aconteceu no Vale<\/strong> em primeira m\u00e3o? Siga-nos no Facebook <a rel=\"noreferrer noopener\" href=\"http:\/\/facebook.com\/aconteceunovale\" target=\"_blank\">@aconteceunovale<\/a>, Twitter <a rel=\"noreferrer noopener\" href=\"https:\/\/twitter.com\/noticiadosvales\" target=\"_blank\">@noticiadosvales<\/a> e Instagram <a rel=\"noreferrer noopener\" href=\"https:\/\/www.instagram.com\/aconteceunovale\" target=\"_blank\">@aconteceunovale<\/a>.<\/em><\/p>\n","protected":false},"excerpt":{"rendered":"<p>Por unanimidade, o conselho diretor da Ag\u00eancia Nacional de Telecomunica\u00e7\u00f5es (Anatel) aprovou hoje (31), em Bras\u00edlia, a compra do servi\u00e7o de telefonia m\u00f3vel da Oi pelo cons\u00f3rcio formado pelas operadoras Vivo, TIM e Claro. Os conselheiros seguiram o relator, Emanuel Campelo, que tinha dado aval ao neg\u00f3cio, mas imp\u00f4s condicionantes. O julgamento tinha come\u00e7ado na [&hellip;]<\/p>\n","protected":false},"author":4,"featured_media":166312,"comment_status":"open","ping_status":"closed","sticky":false,"template":"","format":"standard","meta":{"amp_status":"","footnotes":""},"categories":[6],"tags":[36954,19797,4606,258367,23612,258366,258369,258368,225620,258365,26159,258361,258364,258363,258362,19693],"class_list":["post-186550","post","type-post","status-publish","format-standard","has-post-thumbnail","hentry","category-br","tag-agencia-nacional-de-telecomunicacoes","tag-anatel","tag-brasilia","tag-carlos-baigorri","tag-claro","tag-emanuel-campelo","tag-infraco","tag-moises-moreira","tag-oi-movel","tag-servico-de-telefonia-movel-da-oi","tag-tim","tag-venda-da-oi-movel","tag-venda-da-oi-movel-para-a-claro","tag-venda-da-oi-movel-para-a-tim","tag-venda-da-oi-movel-para-a-vivo","tag-vivo"],"yoast_head":"<!-- This site is optimized with the Yoast SEO plugin v28.3 - https:\/\/yoast.com\/product\/yoast-seo-wordpress\/ -->\n<title>Anatel aprova compra da Oi M\u00f3vel por Vivo, TIM e Claro - Aconteceu no Vale<\/title>\n<meta name=\"robots\" content=\"index, follow, max-snippet:-1, max-image-preview:large, max-video-preview:-1\" \/>\n<link rel=\"canonical\" href=\"https:\/\/aconteceunovale.com.br\/portal\/?p=186550\" \/>\n<meta property=\"og:locale\" content=\"pt_BR\" \/>\n<meta property=\"og:type\" content=\"article\" \/>\n<meta property=\"og:title\" content=\"Anatel aprova compra da Oi M\u00f3vel por Vivo, TIM e Claro - Aconteceu no Vale\" \/>\n<meta property=\"og:description\" content=\"Por unanimidade, o conselho diretor da Ag\u00eancia Nacional de Telecomunica\u00e7\u00f5es (Anatel) aprovou hoje (31), em Bras\u00edlia, a compra do servi\u00e7o de telefonia m\u00f3vel da Oi pelo cons\u00f3rcio formado pelas operadoras Vivo, TIM e Claro. Os conselheiros seguiram o relator, Emanuel Campelo, que tinha dado aval ao neg\u00f3cio, mas imp\u00f4s condicionantes. O julgamento tinha come\u00e7ado na [&hellip;]\" \/>\n<meta property=\"og:url\" content=\"https:\/\/aconteceunovale.com.br\/portal\/?p=186550\" \/>\n<meta property=\"og:site_name\" content=\"Aconteceu no Vale\" \/>\n<meta property=\"article:publisher\" content=\"https:\/\/www.facebook.com\/aconteceunovale\/\" \/>\n<meta property=\"article:published_time\" content=\"2022-01-31T22:15:45+00:00\" \/>\n<meta property=\"article:modified_time\" content=\"2022-01-31T22:17:54+00:00\" \/>\n<meta property=\"og:image\" content=\"https:\/\/aconteceunovale.com.br\/portal\/wp-content\/uploads\/2020\/07\/oi.jpg\" \/>\n\t<meta property=\"og:image:width\" content=\"550\" \/>\n\t<meta property=\"og:image:height\" content=\"308\" \/>\n\t<meta property=\"og:image:type\" content=\"image\/jpeg\" \/>\n<meta name=\"author\" content=\"Reda\u00e7\u00e3o Aconteceu no Vale\" \/>\n<meta name=\"twitter:card\" content=\"summary_large_image\" \/>\n<meta name=\"twitter:creator\" content=\"@noticiadosvales\" \/>\n<meta name=\"twitter:site\" content=\"@noticiadosvales\" \/>\n<meta name=\"twitter:label1\" content=\"Escrito por\" \/>\n\t<meta name=\"twitter:data1\" content=\"Reda\u00e7\u00e3o Aconteceu no Vale\" \/>\n\t<meta name=\"twitter:label2\" content=\"Est. tempo de leitura\" \/>\n\t<meta name=\"twitter:data2\" content=\"2 minutos\" \/>\n<script type=\"application\/ld+json\" class=\"yoast-schema-graph\">{\"@context\":\"https:\\\/\\\/schema.org\",\"@graph\":[{\"@type\":\"Article\",\"@id\":\"https:\\\/\\\/aconteceunovale.com.br\\\/portal\\\/?p=186550#article\",\"isPartOf\":{\"@id\":\"https:\\\/\\\/aconteceunovale.com.br\\\/portal\\\/?p=186550\"},\"author\":{\"name\":\"Reda\u00e7\u00e3o Aconteceu no Vale\",\"@id\":\"https:\\\/\\\/aconteceunovale.com.br\\\/portal\\\/#\\\/schema\\\/person\\\/7d2f26d1483f8a63de73da1ee0754d35\"},\"headline\":\"Anatel aprova compra da Oi M\u00f3vel por Vivo, TIM e Claro\",\"datePublished\":\"2022-01-31T22:15:45+00:00\",\"dateModified\":\"2022-01-31T22:17:54+00:00\",\"mainEntityOfPage\":{\"@id\":\"https:\\\/\\\/aconteceunovale.com.br\\\/portal\\\/?p=186550\"},\"wordCount\":488,\"commentCount\":0,\"image\":{\"@id\":\"https:\\\/\\\/aconteceunovale.com.br\\\/portal\\\/?p=186550#primaryimage\"},\"thumbnailUrl\":\"https:\\\/\\\/aconteceunovale.com.br\\\/portal\\\/wp-content\\\/uploads\\\/2020\\\/07\\\/oi.jpg\",\"keywords\":[\"Ag\u00eancia Nacional de Telecomunica\u00e7\u00f5es\",\"Anatel\",\"Bras\u00edlia\",\"Carlos Baigorri\",\"Claro\",\"Emanuel Campelo\",\"InfraCo\",\"Mois\u00e9s Moreira\",\"Oi M\u00f3vel\",\"Servi\u00e7o de telefonia m\u00f3vel da Oi\",\"TIM\",\"Venda da Oi M\u00f3vel\",\"Venda da Oi M\u00f3vel para a Claro\",\"Venda da Oi M\u00f3vel para a Tim\",\"Venda da Oi M\u00f3vel para a Vivo\",\"Vivo\"],\"articleSection\":[\"Brasil\"],\"inLanguage\":\"pt-BR\",\"potentialAction\":[{\"@type\":\"CommentAction\",\"name\":\"Comment\",\"target\":[\"https:\\\/\\\/aconteceunovale.com.br\\\/portal\\\/?p=186550#respond\"]}]},{\"@type\":\"WebPage\",\"@id\":\"https:\\\/\\\/aconteceunovale.com.br\\\/portal\\\/?p=186550\",\"url\":\"https:\\\/\\\/aconteceunovale.com.br\\\/portal\\\/?p=186550\",\"name\":\"Anatel aprova compra da Oi M\u00f3vel por Vivo, TIM e Claro - Aconteceu no Vale\",\"isPartOf\":{\"@id\":\"https:\\\/\\\/aconteceunovale.com.br\\\/portal\\\/#website\"},\"primaryImageOfPage\":{\"@id\":\"https:\\\/\\\/aconteceunovale.com.br\\\/portal\\\/?p=186550#primaryimage\"},\"image\":{\"@id\":\"https:\\\/\\\/aconteceunovale.com.br\\\/portal\\\/?p=186550#primaryimage\"},\"thumbnailUrl\":\"https:\\\/\\\/aconteceunovale.com.br\\\/portal\\\/wp-content\\\/uploads\\\/2020\\\/07\\\/oi.jpg\",\"datePublished\":\"2022-01-31T22:15:45+00:00\",\"dateModified\":\"2022-01-31T22:17:54+00:00\",\"author\":{\"@id\":\"https:\\\/\\\/aconteceunovale.com.br\\\/portal\\\/#\\\/schema\\\/person\\\/7d2f26d1483f8a63de73da1ee0754d35\"},\"breadcrumb\":{\"@id\":\"https:\\\/\\\/aconteceunovale.com.br\\\/portal\\\/?p=186550#breadcrumb\"},\"inLanguage\":\"pt-BR\",\"potentialAction\":[{\"@type\":\"ReadAction\",\"target\":[\"https:\\\/\\\/aconteceunovale.com.br\\\/portal\\\/?p=186550\"]}]},{\"@type\":\"ImageObject\",\"inLanguage\":\"pt-BR\",\"@id\":\"https:\\\/\\\/aconteceunovale.com.br\\\/portal\\\/?p=186550#primaryimage\",\"url\":\"https:\\\/\\\/aconteceunovale.com.br\\\/portal\\\/wp-content\\\/uploads\\\/2020\\\/07\\\/oi.jpg\",\"contentUrl\":\"https:\\\/\\\/aconteceunovale.com.br\\\/portal\\\/wp-content\\\/uploads\\\/2020\\\/07\\\/oi.jpg\",\"width\":550,\"height\":308},{\"@type\":\"BreadcrumbList\",\"@id\":\"https:\\\/\\\/aconteceunovale.com.br\\\/portal\\\/?p=186550#breadcrumb\",\"itemListElement\":[{\"@type\":\"ListItem\",\"position\":1,\"name\":\"In\u00edcio\",\"item\":\"https:\\\/\\\/aconteceunovale.com.br\\\/portal\\\/\"},{\"@type\":\"ListItem\",\"position\":2,\"name\":\"Anatel aprova compra da Oi M\u00f3vel por Vivo, TIM e Claro\"}]},{\"@type\":\"WebSite\",\"@id\":\"https:\\\/\\\/aconteceunovale.com.br\\\/portal\\\/#website\",\"url\":\"https:\\\/\\\/aconteceunovale.com.br\\\/portal\\\/\",\"name\":\"Aconteceu no Vale\",\"description\":\"Portal de Not\u00edcias\",\"potentialAction\":[{\"@type\":\"SearchAction\",\"target\":{\"@type\":\"EntryPoint\",\"urlTemplate\":\"https:\\\/\\\/aconteceunovale.com.br\\\/portal\\\/?s={search_term_string}\"},\"query-input\":{\"@type\":\"PropertyValueSpecification\",\"valueRequired\":true,\"valueName\":\"search_term_string\"}}],\"inLanguage\":\"pt-BR\"},{\"@type\":\"Person\",\"@id\":\"https:\\\/\\\/aconteceunovale.com.br\\\/portal\\\/#\\\/schema\\\/person\\\/7d2f26d1483f8a63de73da1ee0754d35\",\"name\":\"Reda\u00e7\u00e3o Aconteceu no Vale\",\"description\":\"Equipe de reportagem do Aconteceu no Vale, portal de not\u00edcias do Vale do Jequitinhonha, em Minas Gerais. Cobrimos as 51 cidades do Vale desde 2013. Sugest\u00f5es de pauta e pedidos de corre\u00e7\u00e3o: contato@aconteceunovale.com.br\",\"url\":\"https:\\\/\\\/aconteceunovale.com.br\\\/portal\\\/?author=4\"}]}<\/script>\n<!-- \/ Yoast SEO plugin. -->","yoast_head_json":{"title":"Anatel aprova compra da Oi M\u00f3vel por Vivo, TIM e Claro - Aconteceu no Vale","robots":{"index":"index","follow":"follow","max-snippet":"max-snippet:-1","max-image-preview":"max-image-preview:large","max-video-preview":"max-video-preview:-1"},"canonical":"https:\/\/aconteceunovale.com.br\/portal\/?p=186550","og_locale":"pt_BR","og_type":"article","og_title":"Anatel aprova compra da Oi M\u00f3vel por Vivo, TIM e Claro - Aconteceu no Vale","og_description":"Por unanimidade, o conselho diretor da Ag\u00eancia Nacional de Telecomunica\u00e7\u00f5es (Anatel) aprovou hoje (31), em Bras\u00edlia, a compra do servi\u00e7o de telefonia m\u00f3vel da Oi pelo cons\u00f3rcio formado pelas operadoras Vivo, TIM e Claro. Os conselheiros seguiram o relator, Emanuel Campelo, que tinha dado aval ao neg\u00f3cio, mas imp\u00f4s condicionantes. O julgamento tinha come\u00e7ado na [&hellip;]","og_url":"https:\/\/aconteceunovale.com.br\/portal\/?p=186550","og_site_name":"Aconteceu no Vale","article_publisher":"https:\/\/www.facebook.com\/aconteceunovale\/","article_published_time":"2022-01-31T22:15:45+00:00","article_modified_time":"2022-01-31T22:17:54+00:00","og_image":[{"width":550,"height":308,"url":"https:\/\/aconteceunovale.com.br\/portal\/wp-content\/uploads\/2020\/07\/oi.jpg","type":"image\/jpeg"}],"author":"Reda\u00e7\u00e3o Aconteceu no Vale","twitter_card":"summary_large_image","twitter_creator":"@noticiadosvales","twitter_site":"@noticiadosvales","twitter_misc":{"Escrito por":"Reda\u00e7\u00e3o Aconteceu no Vale","Est. tempo de leitura":"2 minutos"},"schema":{"@context":"https:\/\/schema.org","@graph":[{"@type":"Article","@id":"https:\/\/aconteceunovale.com.br\/portal\/?p=186550#article","isPartOf":{"@id":"https:\/\/aconteceunovale.com.br\/portal\/?p=186550"},"author":{"name":"Reda\u00e7\u00e3o Aconteceu no Vale","@id":"https:\/\/aconteceunovale.com.br\/portal\/#\/schema\/person\/7d2f26d1483f8a63de73da1ee0754d35"},"headline":"Anatel aprova compra da Oi M\u00f3vel por Vivo, TIM e Claro","datePublished":"2022-01-31T22:15:45+00:00","dateModified":"2022-01-31T22:17:54+00:00","mainEntityOfPage":{"@id":"https:\/\/aconteceunovale.com.br\/portal\/?p=186550"},"wordCount":488,"commentCount":0,"image":{"@id":"https:\/\/aconteceunovale.com.br\/portal\/?p=186550#primaryimage"},"thumbnailUrl":"https:\/\/aconteceunovale.com.br\/portal\/wp-content\/uploads\/2020\/07\/oi.jpg","keywords":["Ag\u00eancia Nacional de Telecomunica\u00e7\u00f5es","Anatel","Bras\u00edlia","Carlos Baigorri","Claro","Emanuel Campelo","InfraCo","Mois\u00e9s Moreira","Oi M\u00f3vel","Servi\u00e7o de telefonia m\u00f3vel da Oi","TIM","Venda da Oi M\u00f3vel","Venda da Oi M\u00f3vel para a Claro","Venda da Oi M\u00f3vel para a Tim","Venda da Oi M\u00f3vel para a Vivo","Vivo"],"articleSection":["Brasil"],"inLanguage":"pt-BR","potentialAction":[{"@type":"CommentAction","name":"Comment","target":["https:\/\/aconteceunovale.com.br\/portal\/?p=186550#respond"]}]},{"@type":"WebPage","@id":"https:\/\/aconteceunovale.com.br\/portal\/?p=186550","url":"https:\/\/aconteceunovale.com.br\/portal\/?p=186550","name":"Anatel aprova compra da Oi M\u00f3vel por Vivo, TIM e Claro - Aconteceu no Vale","isPartOf":{"@id":"https:\/\/aconteceunovale.com.br\/portal\/#website"},"primaryImageOfPage":{"@id":"https:\/\/aconteceunovale.com.br\/portal\/?p=186550#primaryimage"},"image":{"@id":"https:\/\/aconteceunovale.com.br\/portal\/?p=186550#primaryimage"},"thumbnailUrl":"https:\/\/aconteceunovale.com.br\/portal\/wp-content\/uploads\/2020\/07\/oi.jpg","datePublished":"2022-01-31T22:15:45+00:00","dateModified":"2022-01-31T22:17:54+00:00","author":{"@id":"https:\/\/aconteceunovale.com.br\/portal\/#\/schema\/person\/7d2f26d1483f8a63de73da1ee0754d35"},"breadcrumb":{"@id":"https:\/\/aconteceunovale.com.br\/portal\/?p=186550#breadcrumb"},"inLanguage":"pt-BR","potentialAction":[{"@type":"ReadAction","target":["https:\/\/aconteceunovale.com.br\/portal\/?p=186550"]}]},{"@type":"ImageObject","inLanguage":"pt-BR","@id":"https:\/\/aconteceunovale.com.br\/portal\/?p=186550#primaryimage","url":"https:\/\/aconteceunovale.com.br\/portal\/wp-content\/uploads\/2020\/07\/oi.jpg","contentUrl":"https:\/\/aconteceunovale.com.br\/portal\/wp-content\/uploads\/2020\/07\/oi.jpg","width":550,"height":308},{"@type":"BreadcrumbList","@id":"https:\/\/aconteceunovale.com.br\/portal\/?p=186550#breadcrumb","itemListElement":[{"@type":"ListItem","position":1,"name":"In\u00edcio","item":"https:\/\/aconteceunovale.com.br\/portal\/"},{"@type":"ListItem","position":2,"name":"Anatel aprova compra da Oi M\u00f3vel por Vivo, TIM e Claro"}]},{"@type":"WebSite","@id":"https:\/\/aconteceunovale.com.br\/portal\/#website","url":"https:\/\/aconteceunovale.com.br\/portal\/","name":"Aconteceu no Vale","description":"Portal de Not\u00edcias","potentialAction":[{"@type":"SearchAction","target":{"@type":"EntryPoint","urlTemplate":"https:\/\/aconteceunovale.com.br\/portal\/?s={search_term_string}"},"query-input":{"@type":"PropertyValueSpecification","valueRequired":true,"valueName":"search_term_string"}}],"inLanguage":"pt-BR"},{"@type":"Person","@id":"https:\/\/aconteceunovale.com.br\/portal\/#\/schema\/person\/7d2f26d1483f8a63de73da1ee0754d35","name":"Reda\u00e7\u00e3o Aconteceu no Vale","description":"Equipe de reportagem do Aconteceu no Vale, portal de not\u00edcias do Vale do Jequitinhonha, em Minas Gerais. Cobrimos as 51 cidades do Vale desde 2013. Sugest\u00f5es de pauta e pedidos de corre\u00e7\u00e3o: contato@aconteceunovale.com.br","url":"https:\/\/aconteceunovale.com.br\/portal\/?author=4"}]}},"_links":{"self":[{"href":"https:\/\/aconteceunovale.com.br\/portal\/index.php?rest_route=\/wp\/v2\/posts\/186550","targetHints":{"allow":["GET"]}}],"collection":[{"href":"https:\/\/aconteceunovale.com.br\/portal\/index.php?rest_route=\/wp\/v2\/posts"}],"about":[{"href":"https:\/\/aconteceunovale.com.br\/portal\/index.php?rest_route=\/wp\/v2\/types\/post"}],"author":[{"embeddable":true,"href":"https:\/\/aconteceunovale.com.br\/portal\/index.php?rest_route=\/wp\/v2\/users\/4"}],"replies":[{"embeddable":true,"href":"https:\/\/aconteceunovale.com.br\/portal\/index.php?rest_route=%2Fwp%2Fv2%2Fcomments&post=186550"}],"version-history":[{"count":1,"href":"https:\/\/aconteceunovale.com.br\/portal\/index.php?rest_route=\/wp\/v2\/posts\/186550\/revisions"}],"predecessor-version":[{"id":186551,"href":"https:\/\/aconteceunovale.com.br\/portal\/index.php?rest_route=\/wp\/v2\/posts\/186550\/revisions\/186551"}],"wp:featuredmedia":[{"embeddable":true,"href":"https:\/\/aconteceunovale.com.br\/portal\/index.php?rest_route=\/wp\/v2\/media\/166312"}],"wp:attachment":[{"href":"https:\/\/aconteceunovale.com.br\/portal\/index.php?rest_route=%2Fwp%2Fv2%2Fmedia&parent=186550"}],"wp:term":[{"taxonomy":"category","embeddable":true,"href":"https:\/\/aconteceunovale.com.br\/portal\/index.php?rest_route=%2Fwp%2Fv2%2Fcategories&post=186550"},{"taxonomy":"post_tag","embeddable":true,"href":"https:\/\/aconteceunovale.com.br\/portal\/index.php?rest_route=%2Fwp%2Fv2%2Ftags&post=186550"}],"curies":[{"name":"wp","href":"https:\/\/api.w.org\/{rel}","templated":true}]}}