{"id":186530,"date":"2022-01-31T16:26:22","date_gmt":"2022-01-31T19:26:22","guid":{"rendered":"https:\/\/aconteceunovale.com.br\/portal\/?p=186530"},"modified":"2022-01-31T17:38:40","modified_gmt":"2022-01-31T20:38:40","slug":"aviao-de-pequeno-porte-cai-em-brasilia","status":"publish","type":"post","link":"https:\/\/aconteceunovale.com.br\/portal\/?p=186530","title":{"rendered":"Avi\u00e3o de pequeno porte cai em Bras\u00edlia"},"content":{"rendered":"\n<p class=\"wp-block-paragraph\">Um avi\u00e3o de pequeno porte caiu, na manh\u00e3 desta segunda-feira (31\/1\/2022), ao tentar pousar em uma fazenda do Jardim Bot\u00e2nico, uma das 33 regi\u00f5es administrativas do Distrito Federal, a cerca de 12 quil\u00f4metros da Esplanada dos Minist\u00e9rios.<\/p>\n\n\n\n<figure class=\"wp-block-gallery has-nested-images columns-default is-cropped wp-block-gallery-1 is-layout-flex wp-block-gallery-is-layout-flex\">\n<figure class=\"wp-block-image size-large\"><img loading=\"lazy\" decoding=\"async\" width=\"678\" height=\"382\" data-id=\"186531\" src=\"https:\/\/aconteceunovale.com.br\/portal\/wp-content\/uploads\/2022\/01\/queda_aviao_brasilia_1.jpeg\" alt=\"\" class=\"wp-image-186531\" srcset=\"https:\/\/aconteceunovale.com.br\/portal\/wp-content\/uploads\/2022\/01\/queda_aviao_brasilia_1.jpeg 678w, https:\/\/aconteceunovale.com.br\/portal\/wp-content\/uploads\/2022\/01\/queda_aviao_brasilia_1-300x169.jpeg 300w\" sizes=\"auto, (max-width: 678px) 100vw, 678px\" \/><figcaption><em>Foto: Reprodu\u00e7\u00e3o \/ WhatsApp<\/em><\/figcaption><\/figure>\n<\/figure>\n\n\n\n<p class=\"wp-block-paragraph\">Segundo o Corpo de Bombeiros, nenhuma das cinco pessoas que estavam a bordo da aeronave se feriu, mas, por precau\u00e7\u00e3o, uma passageira que viajava com seu beb\u00ea de dois meses decidiu passar por um estabelecimento de sa\u00fade para se submeter a uma avalia\u00e7\u00e3o m\u00e9dica.<\/p>\n\n\n\n<p class=\"wp-block-paragraph\">Ainda de acordo com o Corpo de Bombeiros, o piloto do avi\u00e3o\u00a0contou\u00a0que uma rajada de vento atingiu a aeronave pouco antes do pouso, desestabilizando-a. Acionados, investigadores do Centro de Investiga\u00e7\u00e3o e Preven\u00e7\u00e3o de Acidentes Aeron\u00e1uticos (Cenipa) estiveram no local do acidente, onde recolheram partes da aeronave para an\u00e1lises, ouviram os primeiros relatos das testemunhas e tiraram fotografias. O objetivo \u00e9 tentar identificar os fatores que contribu\u00edram para a queda do avi\u00e3o e, assim, tentar evitar que acidentes semelhantes voltem a ocorrer. N\u00e3o h\u00e1 um prazo limite para a conclus\u00e3o da apura\u00e7\u00e3o.<\/p>\n\n\n\n<p class=\"wp-block-paragraph\">Os\u00a0nomes dos\u00a0passageiros e dos tripulantes\u00a0e a rota do voo n\u00e3o foram divulgados, mas segundo o Registro Aeron\u00e1utico Brasileiro, o monomotor prefixo\u00a0PP-INQ est\u00e1 cadastrado em nome do produtor rural baiano Renato Joner. Fabricada em 2010, a aeronave consta como em condi\u00e7\u00e3o documental regular, n\u00e3o estando autorizada a realizar o servi\u00e7o de t\u00e1xi a\u00e9reo.<\/p>\n\n\n\n<figure class=\"wp-block-gallery has-nested-images columns-default is-cropped wp-block-gallery-2 is-layout-flex wp-block-gallery-is-layout-flex\">\n<figure class=\"wp-block-image size-large\"><img loading=\"lazy\" decoding=\"async\" width=\"678\" height=\"382\" data-id=\"186532\" src=\"https:\/\/aconteceunovale.com.br\/portal\/wp-content\/uploads\/2022\/01\/queda_aviao_brasilia_3.jpeg\" alt=\"\" class=\"wp-image-186532\" srcset=\"https:\/\/aconteceunovale.com.br\/portal\/wp-content\/uploads\/2022\/01\/queda_aviao_brasilia_3.jpeg 678w, https:\/\/aconteceunovale.com.br\/portal\/wp-content\/uploads\/2022\/01\/queda_aviao_brasilia_3-300x169.jpeg 300w\" sizes=\"auto, (max-width: 678px) 100vw, 678px\" \/><figcaption><em>Foto: Reprodu\u00e7\u00e3o \/ WhatsApp<\/em><\/figcaption><\/figure>\n<\/figure>\n\n\n\n<h2 class=\"wp-block-heading\" id=\"nota-do-corpo-de-bombeiros\">Nota do Corpo de Bombeiros<\/h2>\n\n\n\n<p class=\"wp-block-paragraph\"><em>O Corpo de Bombeiros Militar do Distrito Federal (CBMDF) atendeu esta ocorr\u00eancia \u00e0s 9h31 (31\/01), empregando sete (07) viaturas e trinta e um (31) bombeiros militares.<\/em><\/p>\n\n\n\n<p class=\"wp-block-paragraph\"><em>O CBMDF foi acionado para uma queda de avi\u00e3o em Fazenda de propriedade particular na regi\u00e3o do Jardim Bot\u00e2nico. Na hora do acidente, havia cinco pessoas na aeronave, incluindo o piloto; todos foram atendidos por nossas equipes e se encontravam ilesos. Por precau\u00e7\u00e3o, m\u00e3e e beb\u00ea que estavam no avi\u00e3o, foram para uma unidade de sa\u00fade por meios pr\u00f3prios para uma avalia\u00e7\u00e3o m\u00e9dica mais detalhada. Segundo o piloto, que estava pousando a aeronave, a mesma recebeu uma rajada de vento lateral em baixa altitude que a fez cair. Na aeronave havia tr\u00eas adultos masculinos e uma m\u00e3e com o seu beb\u00ea de dois meses.<\/em><\/p>\n\n\n\n<p class=\"wp-block-paragraph\"><em>As equipes de produtos perigosos do CBMDF foram acionadas para o local para averiguarem os poss\u00edveis riscos de vazamento de combust\u00edvel. Ap\u00f3s avalia\u00e7\u00e3o, foi constatado que n\u00e3o havia mais risco e que boa parte do produto j\u00e1 tinha escoado, ainda assim, a bateria da aeronave foi desligada.<\/em><\/p>\n\n\n\n<p class=\"wp-block-paragraph\"><em>Segundo informa\u00e7\u00f5es do piloto da aeronave, este acionou o CENIPA para o local do acidente.<\/em><\/p>\n\n\n\n<figure class=\"wp-block-gallery has-nested-images columns-default is-cropped wp-block-gallery-3 is-layout-flex wp-block-gallery-is-layout-flex\">\n<figure class=\"wp-block-image size-large\"><img loading=\"lazy\" decoding=\"async\" width=\"678\" height=\"382\" data-id=\"186533\" src=\"https:\/\/aconteceunovale.com.br\/portal\/wp-content\/uploads\/2022\/01\/queda_aviao_brasilia_2.jpg\" alt=\"\" class=\"wp-image-186533\" srcset=\"https:\/\/aconteceunovale.com.br\/portal\/wp-content\/uploads\/2022\/01\/queda_aviao_brasilia_2.jpg 678w, https:\/\/aconteceunovale.com.br\/portal\/wp-content\/uploads\/2022\/01\/queda_aviao_brasilia_2-300x169.jpg 300w\" sizes=\"auto, (max-width: 678px) 100vw, 678px\" \/><figcaption><em>Foto: Divulga\u00e7\u00e3o \/ CBMDF<\/em><\/figcaption><\/figure>\n<\/figure>\n\n\n\n<p class=\"wp-block-paragraph\">&#8212;&#8212;&#8212;&#8212;&#8212;&#8212;<br><em>Quer receber as not\u00edcias do <strong>Aconteceu no Vale<\/strong> em primeira m\u00e3o? Siga-nos no Facebook <a rel=\"noreferrer noopener\" href=\"http:\/\/facebook.com\/aconteceunovale\" target=\"_blank\">@aconteceunovale<\/a>, Twitter <a rel=\"noreferrer noopener\" href=\"https:\/\/twitter.com\/noticiadosvales\" target=\"_blank\">@noticiadosvales<\/a> e Instagram <a rel=\"noreferrer noopener\" href=\"https:\/\/www.instagram.com\/aconteceunovale\" target=\"_blank\">@aconteceunovale<\/a>.<\/em><\/p>\n","protected":false},"excerpt":{"rendered":"<p>Um avi\u00e3o de pequeno porte caiu, na manh\u00e3 desta segunda-feira (31\/1\/2022), ao tentar pousar em uma fazenda do Jardim Bot\u00e2nico, uma das 33 regi\u00f5es administrativas do Distrito Federal, a cerca de 12 quil\u00f4metros da Esplanada dos Minist\u00e9rios. Segundo o Corpo de Bombeiros, nenhuma das cinco pessoas que estavam a bordo da aeronave se feriu, mas, [&hellip;]<\/p>\n","protected":false},"author":4,"featured_media":186533,"comment_status":"open","ping_status":"closed","sticky":false,"template":"","format":"standard","meta":{"amp_status":"","footnotes":""},"categories":[6],"tags":[258350,258351,4606,1018,81464,5107,258349,258348,258347,258346,258352],"class_list":["post-186530","post","type-post","status-publish","format-standard","has-post-thumbnail","hentry","category-br","tag-acidente-com-aviao-em-brasilia","tag-acidente-com-aviao-no-distrito-federal","tag-brasilia","tag-destaque","tag-df","tag-distrito-federal","tag-fazenda-de-nelson-piquet","tag-fazenda-piquet","tag-queda-de-aviao-na-fazenda-de-nelson-piquet","tag-queda-de-aviao-na-fazenda-piquet","tag-queda-de-aviao-no-df"],"yoast_head":"<!-- This site is optimized with the Yoast SEO plugin v28.3 - https:\/\/yoast.com\/product\/yoast-seo-wordpress\/ -->\n<title>Avi\u00e3o de pequeno porte cai em Bras\u00edlia - Aconteceu no Vale<\/title>\n<meta name=\"robots\" content=\"index, follow, max-snippet:-1, max-image-preview:large, max-video-preview:-1\" \/>\n<link rel=\"canonical\" href=\"https:\/\/aconteceunovale.com.br\/portal\/?p=186530\" \/>\n<meta property=\"og:locale\" content=\"pt_BR\" \/>\n<meta property=\"og:type\" content=\"article\" \/>\n<meta property=\"og:title\" content=\"Avi\u00e3o de pequeno porte cai em Bras\u00edlia - Aconteceu no Vale\" \/>\n<meta property=\"og:description\" content=\"Um avi\u00e3o de pequeno porte caiu, na manh\u00e3 desta segunda-feira (31\/1\/2022), ao tentar pousar em uma fazenda do Jardim Bot\u00e2nico, uma das 33 regi\u00f5es administrativas do Distrito Federal, a cerca de 12 quil\u00f4metros da Esplanada dos Minist\u00e9rios. Segundo o Corpo de Bombeiros, nenhuma das cinco pessoas que estavam a bordo da aeronave se feriu, mas, [&hellip;]\" \/>\n<meta property=\"og:url\" content=\"https:\/\/aconteceunovale.com.br\/portal\/?p=186530\" \/>\n<meta property=\"og:site_name\" content=\"Aconteceu no Vale\" \/>\n<meta property=\"article:publisher\" content=\"https:\/\/www.facebook.com\/aconteceunovale\/\" \/>\n<meta property=\"article:published_time\" content=\"2022-01-31T19:26:22+00:00\" \/>\n<meta property=\"article:modified_time\" content=\"2022-01-31T20:38:40+00:00\" \/>\n<meta property=\"og:image\" content=\"https:\/\/aconteceunovale.com.br\/portal\/wp-content\/uploads\/2022\/01\/queda_aviao_brasilia_2.jpg\" \/>\n\t<meta property=\"og:image:width\" content=\"678\" \/>\n\t<meta property=\"og:image:height\" content=\"382\" \/>\n\t<meta property=\"og:image:type\" content=\"image\/jpeg\" \/>\n<meta name=\"author\" content=\"Reda\u00e7\u00e3o Aconteceu no Vale\" \/>\n<meta name=\"twitter:card\" content=\"summary_large_image\" \/>\n<meta name=\"twitter:creator\" content=\"@noticiadosvales\" \/>\n<meta name=\"twitter:site\" content=\"@noticiadosvales\" \/>\n<meta name=\"twitter:label1\" content=\"Escrito por\" \/>\n\t<meta name=\"twitter:data1\" content=\"Reda\u00e7\u00e3o Aconteceu no Vale\" \/>\n\t<meta name=\"twitter:label2\" content=\"Est. tempo de leitura\" \/>\n\t<meta name=\"twitter:data2\" content=\"2 minutos\" \/>\n<script type=\"application\/ld+json\" class=\"yoast-schema-graph\">{\"@context\":\"https:\\\/\\\/schema.org\",\"@graph\":[{\"@type\":\"Article\",\"@id\":\"https:\\\/\\\/aconteceunovale.com.br\\\/portal\\\/?p=186530#article\",\"isPartOf\":{\"@id\":\"https:\\\/\\\/aconteceunovale.com.br\\\/portal\\\/?p=186530\"},\"author\":{\"name\":\"Reda\u00e7\u00e3o Aconteceu no Vale\",\"@id\":\"https:\\\/\\\/aconteceunovale.com.br\\\/portal\\\/#\\\/schema\\\/person\\\/7d2f26d1483f8a63de73da1ee0754d35\"},\"headline\":\"Avi\u00e3o de pequeno porte cai em Bras\u00edlia\",\"datePublished\":\"2022-01-31T19:26:22+00:00\",\"dateModified\":\"2022-01-31T20:38:40+00:00\",\"mainEntityOfPage\":{\"@id\":\"https:\\\/\\\/aconteceunovale.com.br\\\/portal\\\/?p=186530\"},\"wordCount\":508,\"commentCount\":0,\"image\":{\"@id\":\"https:\\\/\\\/aconteceunovale.com.br\\\/portal\\\/?p=186530#primaryimage\"},\"thumbnailUrl\":\"https:\\\/\\\/aconteceunovale.com.br\\\/portal\\\/wp-content\\\/uploads\\\/2022\\\/01\\\/queda_aviao_brasilia_2.jpg\",\"keywords\":[\"Acidente com avi\u00e3o em Bras\u00edlia\",\"Acidente com avi\u00e3o no Distrito Federal\",\"Bras\u00edlia\",\"destaque\",\"DF\",\"Distrito Federal\",\"Fazenda de Nelson Piquet\",\"Fazenda Piquet\",\"Queda de avi\u00e3o na fazenda de Nelson Piquet\",\"Queda de avi\u00e3o na fazenda Piquet\",\"Queda de avi\u00e3o no DF\"],\"articleSection\":[\"Brasil\"],\"inLanguage\":\"pt-BR\",\"potentialAction\":[{\"@type\":\"CommentAction\",\"name\":\"Comment\",\"target\":[\"https:\\\/\\\/aconteceunovale.com.br\\\/portal\\\/?p=186530#respond\"]}]},{\"@type\":\"WebPage\",\"@id\":\"https:\\\/\\\/aconteceunovale.com.br\\\/portal\\\/?p=186530\",\"url\":\"https:\\\/\\\/aconteceunovale.com.br\\\/portal\\\/?p=186530\",\"name\":\"Avi\u00e3o de pequeno porte cai em Bras\u00edlia - Aconteceu no Vale\",\"isPartOf\":{\"@id\":\"https:\\\/\\\/aconteceunovale.com.br\\\/portal\\\/#website\"},\"primaryImageOfPage\":{\"@id\":\"https:\\\/\\\/aconteceunovale.com.br\\\/portal\\\/?p=186530#primaryimage\"},\"image\":{\"@id\":\"https:\\\/\\\/aconteceunovale.com.br\\\/portal\\\/?p=186530#primaryimage\"},\"thumbnailUrl\":\"https:\\\/\\\/aconteceunovale.com.br\\\/portal\\\/wp-content\\\/uploads\\\/2022\\\/01\\\/queda_aviao_brasilia_2.jpg\",\"datePublished\":\"2022-01-31T19:26:22+00:00\",\"dateModified\":\"2022-01-31T20:38:40+00:00\",\"author\":{\"@id\":\"https:\\\/\\\/aconteceunovale.com.br\\\/portal\\\/#\\\/schema\\\/person\\\/7d2f26d1483f8a63de73da1ee0754d35\"},\"breadcrumb\":{\"@id\":\"https:\\\/\\\/aconteceunovale.com.br\\\/portal\\\/?p=186530#breadcrumb\"},\"inLanguage\":\"pt-BR\",\"potentialAction\":[{\"@type\":\"ReadAction\",\"target\":[\"https:\\\/\\\/aconteceunovale.com.br\\\/portal\\\/?p=186530\"]}]},{\"@type\":\"ImageObject\",\"inLanguage\":\"pt-BR\",\"@id\":\"https:\\\/\\\/aconteceunovale.com.br\\\/portal\\\/?p=186530#primaryimage\",\"url\":\"https:\\\/\\\/aconteceunovale.com.br\\\/portal\\\/wp-content\\\/uploads\\\/2022\\\/01\\\/queda_aviao_brasilia_2.jpg\",\"contentUrl\":\"https:\\\/\\\/aconteceunovale.com.br\\\/portal\\\/wp-content\\\/uploads\\\/2022\\\/01\\\/queda_aviao_brasilia_2.jpg\",\"width\":678,\"height\":382},{\"@type\":\"BreadcrumbList\",\"@id\":\"https:\\\/\\\/aconteceunovale.com.br\\\/portal\\\/?p=186530#breadcrumb\",\"itemListElement\":[{\"@type\":\"ListItem\",\"position\":1,\"name\":\"In\u00edcio\",\"item\":\"https:\\\/\\\/aconteceunovale.com.br\\\/portal\\\/\"},{\"@type\":\"ListItem\",\"position\":2,\"name\":\"Avi\u00e3o de pequeno porte cai em Bras\u00edlia\"}]},{\"@type\":\"WebSite\",\"@id\":\"https:\\\/\\\/aconteceunovale.com.br\\\/portal\\\/#website\",\"url\":\"https:\\\/\\\/aconteceunovale.com.br\\\/portal\\\/\",\"name\":\"Aconteceu no Vale\",\"description\":\"Portal de Not\u00edcias\",\"potentialAction\":[{\"@type\":\"SearchAction\",\"target\":{\"@type\":\"EntryPoint\",\"urlTemplate\":\"https:\\\/\\\/aconteceunovale.com.br\\\/portal\\\/?s={search_term_string}\"},\"query-input\":{\"@type\":\"PropertyValueSpecification\",\"valueRequired\":true,\"valueName\":\"search_term_string\"}}],\"inLanguage\":\"pt-BR\"},{\"@type\":\"Person\",\"@id\":\"https:\\\/\\\/aconteceunovale.com.br\\\/portal\\\/#\\\/schema\\\/person\\\/7d2f26d1483f8a63de73da1ee0754d35\",\"name\":\"Reda\u00e7\u00e3o Aconteceu no Vale\",\"description\":\"Equipe de reportagem do Aconteceu no Vale, portal de not\u00edcias do Vale do Jequitinhonha, em Minas Gerais. Cobrimos as 51 cidades do Vale desde 2013. Sugest\u00f5es de pauta e pedidos de corre\u00e7\u00e3o: contato@aconteceunovale.com.br\",\"url\":\"https:\\\/\\\/aconteceunovale.com.br\\\/portal\\\/?author=4\"}]}<\/script>\n<!-- \/ Yoast SEO plugin. -->","yoast_head_json":{"title":"Avi\u00e3o de pequeno porte cai em Bras\u00edlia - Aconteceu no Vale","robots":{"index":"index","follow":"follow","max-snippet":"max-snippet:-1","max-image-preview":"max-image-preview:large","max-video-preview":"max-video-preview:-1"},"canonical":"https:\/\/aconteceunovale.com.br\/portal\/?p=186530","og_locale":"pt_BR","og_type":"article","og_title":"Avi\u00e3o de pequeno porte cai em Bras\u00edlia - Aconteceu no Vale","og_description":"Um avi\u00e3o de pequeno porte caiu, na manh\u00e3 desta segunda-feira (31\/1\/2022), ao tentar pousar em uma fazenda do Jardim Bot\u00e2nico, uma das 33 regi\u00f5es administrativas do Distrito Federal, a cerca de 12 quil\u00f4metros da Esplanada dos Minist\u00e9rios. Segundo o Corpo de Bombeiros, nenhuma das cinco pessoas que estavam a bordo da aeronave se feriu, mas, [&hellip;]","og_url":"https:\/\/aconteceunovale.com.br\/portal\/?p=186530","og_site_name":"Aconteceu no Vale","article_publisher":"https:\/\/www.facebook.com\/aconteceunovale\/","article_published_time":"2022-01-31T19:26:22+00:00","article_modified_time":"2022-01-31T20:38:40+00:00","og_image":[{"width":678,"height":382,"url":"https:\/\/aconteceunovale.com.br\/portal\/wp-content\/uploads\/2022\/01\/queda_aviao_brasilia_2.jpg","type":"image\/jpeg"}],"author":"Reda\u00e7\u00e3o Aconteceu no Vale","twitter_card":"summary_large_image","twitter_creator":"@noticiadosvales","twitter_site":"@noticiadosvales","twitter_misc":{"Escrito por":"Reda\u00e7\u00e3o Aconteceu no Vale","Est. tempo de leitura":"2 minutos"},"schema":{"@context":"https:\/\/schema.org","@graph":[{"@type":"Article","@id":"https:\/\/aconteceunovale.com.br\/portal\/?p=186530#article","isPartOf":{"@id":"https:\/\/aconteceunovale.com.br\/portal\/?p=186530"},"author":{"name":"Reda\u00e7\u00e3o Aconteceu no Vale","@id":"https:\/\/aconteceunovale.com.br\/portal\/#\/schema\/person\/7d2f26d1483f8a63de73da1ee0754d35"},"headline":"Avi\u00e3o de pequeno porte cai em Bras\u00edlia","datePublished":"2022-01-31T19:26:22+00:00","dateModified":"2022-01-31T20:38:40+00:00","mainEntityOfPage":{"@id":"https:\/\/aconteceunovale.com.br\/portal\/?p=186530"},"wordCount":508,"commentCount":0,"image":{"@id":"https:\/\/aconteceunovale.com.br\/portal\/?p=186530#primaryimage"},"thumbnailUrl":"https:\/\/aconteceunovale.com.br\/portal\/wp-content\/uploads\/2022\/01\/queda_aviao_brasilia_2.jpg","keywords":["Acidente com avi\u00e3o em Bras\u00edlia","Acidente com avi\u00e3o no Distrito Federal","Bras\u00edlia","destaque","DF","Distrito Federal","Fazenda de Nelson Piquet","Fazenda Piquet","Queda de avi\u00e3o na fazenda de Nelson Piquet","Queda de avi\u00e3o na fazenda Piquet","Queda de avi\u00e3o no DF"],"articleSection":["Brasil"],"inLanguage":"pt-BR","potentialAction":[{"@type":"CommentAction","name":"Comment","target":["https:\/\/aconteceunovale.com.br\/portal\/?p=186530#respond"]}]},{"@type":"WebPage","@id":"https:\/\/aconteceunovale.com.br\/portal\/?p=186530","url":"https:\/\/aconteceunovale.com.br\/portal\/?p=186530","name":"Avi\u00e3o de pequeno porte cai em Bras\u00edlia - Aconteceu no Vale","isPartOf":{"@id":"https:\/\/aconteceunovale.com.br\/portal\/#website"},"primaryImageOfPage":{"@id":"https:\/\/aconteceunovale.com.br\/portal\/?p=186530#primaryimage"},"image":{"@id":"https:\/\/aconteceunovale.com.br\/portal\/?p=186530#primaryimage"},"thumbnailUrl":"https:\/\/aconteceunovale.com.br\/portal\/wp-content\/uploads\/2022\/01\/queda_aviao_brasilia_2.jpg","datePublished":"2022-01-31T19:26:22+00:00","dateModified":"2022-01-31T20:38:40+00:00","author":{"@id":"https:\/\/aconteceunovale.com.br\/portal\/#\/schema\/person\/7d2f26d1483f8a63de73da1ee0754d35"},"breadcrumb":{"@id":"https:\/\/aconteceunovale.com.br\/portal\/?p=186530#breadcrumb"},"inLanguage":"pt-BR","potentialAction":[{"@type":"ReadAction","target":["https:\/\/aconteceunovale.com.br\/portal\/?p=186530"]}]},{"@type":"ImageObject","inLanguage":"pt-BR","@id":"https:\/\/aconteceunovale.com.br\/portal\/?p=186530#primaryimage","url":"https:\/\/aconteceunovale.com.br\/portal\/wp-content\/uploads\/2022\/01\/queda_aviao_brasilia_2.jpg","contentUrl":"https:\/\/aconteceunovale.com.br\/portal\/wp-content\/uploads\/2022\/01\/queda_aviao_brasilia_2.jpg","width":678,"height":382},{"@type":"BreadcrumbList","@id":"https:\/\/aconteceunovale.com.br\/portal\/?p=186530#breadcrumb","itemListElement":[{"@type":"ListItem","position":1,"name":"In\u00edcio","item":"https:\/\/aconteceunovale.com.br\/portal\/"},{"@type":"ListItem","position":2,"name":"Avi\u00e3o de pequeno porte cai em Bras\u00edlia"}]},{"@type":"WebSite","@id":"https:\/\/aconteceunovale.com.br\/portal\/#website","url":"https:\/\/aconteceunovale.com.br\/portal\/","name":"Aconteceu no Vale","description":"Portal de Not\u00edcias","potentialAction":[{"@type":"SearchAction","target":{"@type":"EntryPoint","urlTemplate":"https:\/\/aconteceunovale.com.br\/portal\/?s={search_term_string}"},"query-input":{"@type":"PropertyValueSpecification","valueRequired":true,"valueName":"search_term_string"}}],"inLanguage":"pt-BR"},{"@type":"Person","@id":"https:\/\/aconteceunovale.com.br\/portal\/#\/schema\/person\/7d2f26d1483f8a63de73da1ee0754d35","name":"Reda\u00e7\u00e3o Aconteceu no Vale","description":"Equipe de reportagem do Aconteceu no Vale, portal de not\u00edcias do Vale do Jequitinhonha, em Minas Gerais. Cobrimos as 51 cidades do Vale desde 2013. Sugest\u00f5es de pauta e pedidos de corre\u00e7\u00e3o: contato@aconteceunovale.com.br","url":"https:\/\/aconteceunovale.com.br\/portal\/?author=4"}]}},"_links":{"self":[{"href":"https:\/\/aconteceunovale.com.br\/portal\/index.php?rest_route=\/wp\/v2\/posts\/186530","targetHints":{"allow":["GET"]}}],"collection":[{"href":"https:\/\/aconteceunovale.com.br\/portal\/index.php?rest_route=\/wp\/v2\/posts"}],"about":[{"href":"https:\/\/aconteceunovale.com.br\/portal\/index.php?rest_route=\/wp\/v2\/types\/post"}],"author":[{"embeddable":true,"href":"https:\/\/aconteceunovale.com.br\/portal\/index.php?rest_route=\/wp\/v2\/users\/4"}],"replies":[{"embeddable":true,"href":"https:\/\/aconteceunovale.com.br\/portal\/index.php?rest_route=%2Fwp%2Fv2%2Fcomments&post=186530"}],"version-history":[{"count":4,"href":"https:\/\/aconteceunovale.com.br\/portal\/index.php?rest_route=\/wp\/v2\/posts\/186530\/revisions"}],"predecessor-version":[{"id":186545,"href":"https:\/\/aconteceunovale.com.br\/portal\/index.php?rest_route=\/wp\/v2\/posts\/186530\/revisions\/186545"}],"wp:featuredmedia":[{"embeddable":true,"href":"https:\/\/aconteceunovale.com.br\/portal\/index.php?rest_route=\/wp\/v2\/media\/186533"}],"wp:attachment":[{"href":"https:\/\/aconteceunovale.com.br\/portal\/index.php?rest_route=%2Fwp%2Fv2%2Fmedia&parent=186530"}],"wp:term":[{"taxonomy":"category","embeddable":true,"href":"https:\/\/aconteceunovale.com.br\/portal\/index.php?rest_route=%2Fwp%2Fv2%2Fcategories&post=186530"},{"taxonomy":"post_tag","embeddable":true,"href":"https:\/\/aconteceunovale.com.br\/portal\/index.php?rest_route=%2Fwp%2Fv2%2Ftags&post=186530"}],"curies":[{"name":"wp","href":"https:\/\/api.w.org\/{rel}","templated":true}]}}