{"id":186528,"date":"2022-01-31T16:07:36","date_gmt":"2022-01-31T19:07:36","guid":{"rendered":"https:\/\/aconteceunovale.com.br\/portal\/?p=186528"},"modified":"2022-01-31T16:09:02","modified_gmt":"2022-01-31T19:09:02","slug":"policia-federal-conclui-que-bolsonaro-nao-cometeu-crime-no-caso-da-vacina-covaxin","status":"publish","type":"post","link":"https:\/\/aconteceunovale.com.br\/portal\/?p=186528","title":{"rendered":"Pol\u00edcia Federal conclui que Bolsonaro n\u00e3o cometeu crime no caso da vacina Covaxin"},"content":{"rendered":"\n<p class=\"wp-block-paragraph\">A Pol\u00edcia Federal (PF) enviou\u00a0hoje\u00a0(31) ao Supremo Tribunal Federal (STF) o relat\u00f3rio final sobre o inqu\u00e9rito aberto para apurar a conduta do presidente Jair Bolsonaro no caso da negocia\u00e7\u00e3o para compra da vacina Covaxin. O documento diz que o presidente n\u00e3o cometeu\u00a0crime de prevarica\u00e7\u00e3o. \u201cN\u00e3o h\u00e1 materialidade, n\u00e3o h\u00e1 crime\u201d, concluiu a PF.<\/p>\n\n\n\n<p class=\"wp-block-paragraph\">A investiga\u00e7\u00e3o foi aberta em julho do ano passado pela ministra Rosa Weber. A medida atendeu ao pedido da Procuradoria-Geral da Rep\u00fablica (PGR) e foi motivada por not\u00edcia-crime&nbsp;protocolada no STF pelos senadores Randolfe Rodrigues (Rede-AP), Jorge Kajuru (Podemos-GO) e Fabiano Contarato (Rede-ES).&nbsp;<\/p>\n\n\n\n<p class=\"wp-block-paragraph\">Os parlamentares pediram a apura\u00e7\u00e3o do crime de prevarica\u00e7\u00e3o. A iniciativa dos senadores foi tomada ap\u00f3s o depoimento de Luis Ricardo Miranda, servidor do Minist\u00e9rio da Sa\u00fade, \u00e0 CPI da Pandemia.&nbsp;<\/p>\n\n\n\n<p class=\"wp-block-paragraph\">Ele afirmou&nbsp;ter&nbsp;sofrido press\u00e3o incomum de seus superiores para finalizar a tramita\u00e7\u00e3o da compra da Covaxin, al\u00e9m de&nbsp;ter&nbsp;conhecimento de supostas irregularidades no processo.<\/p>\n\n\n\n<p class=\"wp-block-paragraph\">O servidor \u00e9 irm\u00e3o do deputado Luis Miranda (DEM-DF), a quem disse&nbsp;ter&nbsp;relatado o caso. \u00c0 CPI, o parlamentar disse&nbsp;ter&nbsp;levado o relato do irm\u00e3o at\u00e9 o presidente Jair Bolsonaro, em mar\u00e7o de 2021, mas que nenhuma provid\u00eancia teria sido tomada.&nbsp;<\/p>\n\n\n\n<p class=\"wp-block-paragraph\">Em junho do ano passado, o Minist\u00e9rio da Sa\u00fade suspendeu o contrato de compra da vacina indiana, por orienta\u00e7\u00e3o da Controladoria-Geral da Uni\u00e3o (CGU), dias depois dos depoimentos dos irm\u00e3os Miranda. Na ocasi\u00e3o, Bolsonaro declarou que a suspens\u00e3o foi feita devido aos controles governamentais.&nbsp;<\/p>\n\n\n\n<p class=\"wp-block-paragraph\">No relat\u00f3rio final, a Policia Federal argumenta que alguns agentes p\u00fablicos t\u00eam o dever de comunicar a pr\u00e1tica de il\u00edcitos \u00e0s autoridades competentes. No entanto, a obriga\u00e7\u00e3o deve estar prevista em lei como dever funcional do ocupante do cargo p\u00fablico para caracterizar o crime de prevarica\u00e7\u00e3o.&nbsp;<\/p>\n\n\n\n<p class=\"wp-block-paragraph\">\u201cPor isso, neste caso, ausente o dever funcional do presidente da Rep\u00fablica, Jair Messias Bolsonaro, de comunicar eventuais irregularidades de que tenha tido conhecimento &#8211; e das quais n\u00e3o fa\u00e7a parte como coautor ou part\u00edcipe &#8211;&nbsp;aos \u00f3rg\u00e3os de investiga\u00e7\u00e3o, como a Pol\u00edcia Federal, ou de fiscaliza\u00e7\u00e3o, n\u00e3o est\u00e1 presente o ato de of\u00edcio\u201d, concluiu a PF.&nbsp;<\/p>\n\n\n\n<p class=\"wp-block-paragraph\">Com a finaliza\u00e7\u00e3o da investiga\u00e7\u00e3o e a entrega do relat\u00f3rio ao STF, o inqu\u00e9rito deve ser enviado \u00e0 PGR para parecer. Em seguida, caber\u00e1 \u00e0\u00a0ministra Rosa Weber, relatora do caso, decidir sobre o arquivamento ou prosseguimento da apura\u00e7\u00e3o.<\/p>\n\n\n\n<p class=\"wp-block-paragraph\">&#8212;&#8212;&#8212;&#8212;&#8212;&#8212;<br><em>Quer receber as not\u00edcias do <strong>Aconteceu no Vale<\/strong> em primeira m\u00e3o? Siga-nos no Facebook <a rel=\"noreferrer noopener\" href=\"http:\/\/facebook.com\/aconteceunovale\" target=\"_blank\">@aconteceunovale<\/a>, Twitter <a rel=\"noreferrer noopener\" href=\"https:\/\/twitter.com\/noticiadosvales\" target=\"_blank\">@noticiadosvales<\/a> e Instagram <a rel=\"noreferrer noopener\" href=\"https:\/\/www.instagram.com\/aconteceunovale\" target=\"_blank\">@aconteceunovale<\/a>.<\/em><\/p>\n","protected":false},"excerpt":{"rendered":"<p>A Pol\u00edcia Federal (PF) enviou\u00a0hoje\u00a0(31) ao Supremo Tribunal Federal (STF) o relat\u00f3rio final sobre o inqu\u00e9rito aberto para apurar a conduta do presidente Jair Bolsonaro no caso da negocia\u00e7\u00e3o para compra da vacina Covaxin. O documento diz que o presidente n\u00e3o cometeu\u00a0crime de prevarica\u00e7\u00e3o. \u201cN\u00e3o h\u00e1 materialidade, n\u00e3o h\u00e1 crime\u201d, concluiu a PF. A investiga\u00e7\u00e3o [&hellip;]<\/p>\n","protected":false},"author":4,"featured_media":181628,"comment_status":"open","ping_status":"closed","sticky":false,"template":"","format":"standard","meta":{"amp_status":"","footnotes":""},"categories":[6,40240],"tags":[100375,258342,258341,242518,1018,258344,258343,26436,102944,247389,258345,19326,20966,772,174222,242527,35139,28511,28510],"class_list":["post-186528","post","type-post","status-publish","format-standard","has-post-thumbnail","hentry","category-br","category-politica","tag-bolsonaro","tag-caso-covaxin","tag-caso-da-vacina-covaxin","tag-cpi-da-pandemia","tag-destaque","tag-fabiano-contarato","tag-inquerito-que-apura-o-caso-covaxin","tag-jair-bolsonaro","tag-jorge-kajuru","tag-luis-miranda","tag-luis-ricardo-miranda","tag-ministerio-da-saude","tag-pf","tag-policia-federal","tag-presidente-jair-bolsonaro","tag-randolfe-rodrigues","tag-rosa-weber","tag-stf","tag-supremo-tribunal-federal"],"yoast_head":"<!-- This site is optimized with the Yoast SEO plugin v28.3 - https:\/\/yoast.com\/product\/yoast-seo-wordpress\/ -->\n<title>Pol\u00edcia Federal conclui que Bolsonaro n\u00e3o cometeu crime no caso da vacina Covaxin - Aconteceu no Vale<\/title>\n<meta name=\"robots\" content=\"index, follow, max-snippet:-1, max-image-preview:large, max-video-preview:-1\" \/>\n<link rel=\"canonical\" href=\"https:\/\/aconteceunovale.com.br\/portal\/?p=186528\" \/>\n<meta property=\"og:locale\" content=\"pt_BR\" \/>\n<meta property=\"og:type\" content=\"article\" \/>\n<meta property=\"og:title\" content=\"Pol\u00edcia Federal conclui que Bolsonaro n\u00e3o cometeu crime no caso da vacina Covaxin - Aconteceu no Vale\" \/>\n<meta property=\"og:description\" content=\"A Pol\u00edcia Federal (PF) enviou\u00a0hoje\u00a0(31) ao Supremo Tribunal Federal (STF) o relat\u00f3rio final sobre o inqu\u00e9rito aberto para apurar a conduta do presidente Jair Bolsonaro no caso da negocia\u00e7\u00e3o para compra da vacina Covaxin. O documento diz que o presidente n\u00e3o cometeu\u00a0crime de prevarica\u00e7\u00e3o. \u201cN\u00e3o h\u00e1 materialidade, n\u00e3o h\u00e1 crime\u201d, concluiu a PF. A investiga\u00e7\u00e3o [&hellip;]\" \/>\n<meta property=\"og:url\" content=\"https:\/\/aconteceunovale.com.br\/portal\/?p=186528\" \/>\n<meta property=\"og:site_name\" content=\"Aconteceu no Vale\" \/>\n<meta property=\"article:publisher\" content=\"https:\/\/www.facebook.com\/aconteceunovale\/\" \/>\n<meta property=\"article:published_time\" content=\"2022-01-31T19:07:36+00:00\" \/>\n<meta property=\"article:modified_time\" content=\"2022-01-31T19:09:02+00:00\" \/>\n<meta property=\"og:image\" content=\"https:\/\/aconteceunovale.com.br\/portal\/wp-content\/uploads\/2021\/09\/bolsonaro_nota.jpg\" \/>\n\t<meta property=\"og:image:width\" content=\"678\" \/>\n\t<meta property=\"og:image:height\" content=\"406\" \/>\n\t<meta property=\"og:image:type\" content=\"image\/jpeg\" \/>\n<meta name=\"author\" content=\"Reda\u00e7\u00e3o Aconteceu no Vale\" \/>\n<meta name=\"twitter:card\" content=\"summary_large_image\" \/>\n<meta name=\"twitter:creator\" content=\"@noticiadosvales\" \/>\n<meta name=\"twitter:site\" content=\"@noticiadosvales\" \/>\n<meta name=\"twitter:label1\" content=\"Escrito por\" \/>\n\t<meta name=\"twitter:data1\" content=\"Reda\u00e7\u00e3o Aconteceu no Vale\" \/>\n\t<meta name=\"twitter:label2\" content=\"Est. tempo de leitura\" \/>\n\t<meta name=\"twitter:data2\" content=\"2 minutos\" \/>\n<script type=\"application\/ld+json\" class=\"yoast-schema-graph\">{\"@context\":\"https:\\\/\\\/schema.org\",\"@graph\":[{\"@type\":\"Article\",\"@id\":\"https:\\\/\\\/aconteceunovale.com.br\\\/portal\\\/?p=186528#article\",\"isPartOf\":{\"@id\":\"https:\\\/\\\/aconteceunovale.com.br\\\/portal\\\/?p=186528\"},\"author\":{\"name\":\"Reda\u00e7\u00e3o Aconteceu no Vale\",\"@id\":\"https:\\\/\\\/aconteceunovale.com.br\\\/portal\\\/#\\\/schema\\\/person\\\/7d2f26d1483f8a63de73da1ee0754d35\"},\"headline\":\"Pol\u00edcia Federal conclui que Bolsonaro n\u00e3o cometeu crime no caso da vacina Covaxin\",\"datePublished\":\"2022-01-31T19:07:36+00:00\",\"dateModified\":\"2022-01-31T19:09:02+00:00\",\"mainEntityOfPage\":{\"@id\":\"https:\\\/\\\/aconteceunovale.com.br\\\/portal\\\/?p=186528\"},\"wordCount\":485,\"commentCount\":0,\"image\":{\"@id\":\"https:\\\/\\\/aconteceunovale.com.br\\\/portal\\\/?p=186528#primaryimage\"},\"thumbnailUrl\":\"https:\\\/\\\/aconteceunovale.com.br\\\/portal\\\/wp-content\\\/uploads\\\/2021\\\/09\\\/bolsonaro_nota.jpg\",\"keywords\":[\"Bolsonaro\",\"Caso Covaxin\",\"Caso da vacina Covaxin\",\"CPI da Pandemia\",\"destaque\",\"Fabiano Contarato\",\"Inqu\u00e9rito que apura o caso Covaxin\",\"Jair Bolsonaro\",\"Jorge Kajuru\",\"Luis Miranda\",\"Luis Ricardo Miranda\",\"Minist\u00e9rio da Sa\u00fade\",\"PF\",\"pol\u00edcia federal\",\"Presidente Jair Bolsonaro\",\"Randolfe Rodrigues\",\"Rosa Weber\",\"STF\",\"Supremo Tribunal Federal\"],\"articleSection\":[\"Brasil\",\"Pol\u00edtica\"],\"inLanguage\":\"pt-BR\",\"potentialAction\":[{\"@type\":\"CommentAction\",\"name\":\"Comment\",\"target\":[\"https:\\\/\\\/aconteceunovale.com.br\\\/portal\\\/?p=186528#respond\"]}]},{\"@type\":\"WebPage\",\"@id\":\"https:\\\/\\\/aconteceunovale.com.br\\\/portal\\\/?p=186528\",\"url\":\"https:\\\/\\\/aconteceunovale.com.br\\\/portal\\\/?p=186528\",\"name\":\"Pol\u00edcia Federal conclui que Bolsonaro n\u00e3o cometeu crime no caso da vacina Covaxin - Aconteceu no Vale\",\"isPartOf\":{\"@id\":\"https:\\\/\\\/aconteceunovale.com.br\\\/portal\\\/#website\"},\"primaryImageOfPage\":{\"@id\":\"https:\\\/\\\/aconteceunovale.com.br\\\/portal\\\/?p=186528#primaryimage\"},\"image\":{\"@id\":\"https:\\\/\\\/aconteceunovale.com.br\\\/portal\\\/?p=186528#primaryimage\"},\"thumbnailUrl\":\"https:\\\/\\\/aconteceunovale.com.br\\\/portal\\\/wp-content\\\/uploads\\\/2021\\\/09\\\/bolsonaro_nota.jpg\",\"datePublished\":\"2022-01-31T19:07:36+00:00\",\"dateModified\":\"2022-01-31T19:09:02+00:00\",\"author\":{\"@id\":\"https:\\\/\\\/aconteceunovale.com.br\\\/portal\\\/#\\\/schema\\\/person\\\/7d2f26d1483f8a63de73da1ee0754d35\"},\"breadcrumb\":{\"@id\":\"https:\\\/\\\/aconteceunovale.com.br\\\/portal\\\/?p=186528#breadcrumb\"},\"inLanguage\":\"pt-BR\",\"potentialAction\":[{\"@type\":\"ReadAction\",\"target\":[\"https:\\\/\\\/aconteceunovale.com.br\\\/portal\\\/?p=186528\"]}]},{\"@type\":\"ImageObject\",\"inLanguage\":\"pt-BR\",\"@id\":\"https:\\\/\\\/aconteceunovale.com.br\\\/portal\\\/?p=186528#primaryimage\",\"url\":\"https:\\\/\\\/aconteceunovale.com.br\\\/portal\\\/wp-content\\\/uploads\\\/2021\\\/09\\\/bolsonaro_nota.jpg\",\"contentUrl\":\"https:\\\/\\\/aconteceunovale.com.br\\\/portal\\\/wp-content\\\/uploads\\\/2021\\\/09\\\/bolsonaro_nota.jpg\",\"width\":678,\"height\":406,\"caption\":\"O presidente Jair Bolsonaro, participa de cerim\u00f4nia de cumprimentos aos oficiais-generais promovidos\"},{\"@type\":\"BreadcrumbList\",\"@id\":\"https:\\\/\\\/aconteceunovale.com.br\\\/portal\\\/?p=186528#breadcrumb\",\"itemListElement\":[{\"@type\":\"ListItem\",\"position\":1,\"name\":\"In\u00edcio\",\"item\":\"https:\\\/\\\/aconteceunovale.com.br\\\/portal\\\/\"},{\"@type\":\"ListItem\",\"position\":2,\"name\":\"Pol\u00edcia Federal conclui que Bolsonaro n\u00e3o cometeu crime no caso da vacina Covaxin\"}]},{\"@type\":\"WebSite\",\"@id\":\"https:\\\/\\\/aconteceunovale.com.br\\\/portal\\\/#website\",\"url\":\"https:\\\/\\\/aconteceunovale.com.br\\\/portal\\\/\",\"name\":\"Aconteceu no Vale\",\"description\":\"Portal de Not\u00edcias\",\"potentialAction\":[{\"@type\":\"SearchAction\",\"target\":{\"@type\":\"EntryPoint\",\"urlTemplate\":\"https:\\\/\\\/aconteceunovale.com.br\\\/portal\\\/?s={search_term_string}\"},\"query-input\":{\"@type\":\"PropertyValueSpecification\",\"valueRequired\":true,\"valueName\":\"search_term_string\"}}],\"inLanguage\":\"pt-BR\"},{\"@type\":\"Person\",\"@id\":\"https:\\\/\\\/aconteceunovale.com.br\\\/portal\\\/#\\\/schema\\\/person\\\/7d2f26d1483f8a63de73da1ee0754d35\",\"name\":\"Reda\u00e7\u00e3o Aconteceu no Vale\",\"description\":\"Equipe de reportagem do Aconteceu no Vale, portal de not\u00edcias do Vale do Jequitinhonha, em Minas Gerais. Cobrimos as 51 cidades do Vale desde 2013. Sugest\u00f5es de pauta e pedidos de corre\u00e7\u00e3o: contato@aconteceunovale.com.br\",\"url\":\"https:\\\/\\\/aconteceunovale.com.br\\\/portal\\\/?author=4\"}]}<\/script>\n<!-- \/ Yoast SEO plugin. -->","yoast_head_json":{"title":"Pol\u00edcia Federal conclui que Bolsonaro n\u00e3o cometeu crime no caso da vacina Covaxin - Aconteceu no Vale","robots":{"index":"index","follow":"follow","max-snippet":"max-snippet:-1","max-image-preview":"max-image-preview:large","max-video-preview":"max-video-preview:-1"},"canonical":"https:\/\/aconteceunovale.com.br\/portal\/?p=186528","og_locale":"pt_BR","og_type":"article","og_title":"Pol\u00edcia Federal conclui que Bolsonaro n\u00e3o cometeu crime no caso da vacina Covaxin - Aconteceu no Vale","og_description":"A Pol\u00edcia Federal (PF) enviou\u00a0hoje\u00a0(31) ao Supremo Tribunal Federal (STF) o relat\u00f3rio final sobre o inqu\u00e9rito aberto para apurar a conduta do presidente Jair Bolsonaro no caso da negocia\u00e7\u00e3o para compra da vacina Covaxin. O documento diz que o presidente n\u00e3o cometeu\u00a0crime de prevarica\u00e7\u00e3o. \u201cN\u00e3o h\u00e1 materialidade, n\u00e3o h\u00e1 crime\u201d, concluiu a PF. A investiga\u00e7\u00e3o [&hellip;]","og_url":"https:\/\/aconteceunovale.com.br\/portal\/?p=186528","og_site_name":"Aconteceu no Vale","article_publisher":"https:\/\/www.facebook.com\/aconteceunovale\/","article_published_time":"2022-01-31T19:07:36+00:00","article_modified_time":"2022-01-31T19:09:02+00:00","og_image":[{"width":678,"height":406,"url":"https:\/\/aconteceunovale.com.br\/portal\/wp-content\/uploads\/2021\/09\/bolsonaro_nota.jpg","type":"image\/jpeg"}],"author":"Reda\u00e7\u00e3o Aconteceu no Vale","twitter_card":"summary_large_image","twitter_creator":"@noticiadosvales","twitter_site":"@noticiadosvales","twitter_misc":{"Escrito por":"Reda\u00e7\u00e3o Aconteceu no Vale","Est. tempo de leitura":"2 minutos"},"schema":{"@context":"https:\/\/schema.org","@graph":[{"@type":"Article","@id":"https:\/\/aconteceunovale.com.br\/portal\/?p=186528#article","isPartOf":{"@id":"https:\/\/aconteceunovale.com.br\/portal\/?p=186528"},"author":{"name":"Reda\u00e7\u00e3o Aconteceu no Vale","@id":"https:\/\/aconteceunovale.com.br\/portal\/#\/schema\/person\/7d2f26d1483f8a63de73da1ee0754d35"},"headline":"Pol\u00edcia Federal conclui que Bolsonaro n\u00e3o cometeu crime no caso da vacina Covaxin","datePublished":"2022-01-31T19:07:36+00:00","dateModified":"2022-01-31T19:09:02+00:00","mainEntityOfPage":{"@id":"https:\/\/aconteceunovale.com.br\/portal\/?p=186528"},"wordCount":485,"commentCount":0,"image":{"@id":"https:\/\/aconteceunovale.com.br\/portal\/?p=186528#primaryimage"},"thumbnailUrl":"https:\/\/aconteceunovale.com.br\/portal\/wp-content\/uploads\/2021\/09\/bolsonaro_nota.jpg","keywords":["Bolsonaro","Caso Covaxin","Caso da vacina Covaxin","CPI da Pandemia","destaque","Fabiano Contarato","Inqu\u00e9rito que apura o caso Covaxin","Jair Bolsonaro","Jorge Kajuru","Luis Miranda","Luis Ricardo Miranda","Minist\u00e9rio da Sa\u00fade","PF","pol\u00edcia federal","Presidente Jair Bolsonaro","Randolfe Rodrigues","Rosa Weber","STF","Supremo Tribunal Federal"],"articleSection":["Brasil","Pol\u00edtica"],"inLanguage":"pt-BR","potentialAction":[{"@type":"CommentAction","name":"Comment","target":["https:\/\/aconteceunovale.com.br\/portal\/?p=186528#respond"]}]},{"@type":"WebPage","@id":"https:\/\/aconteceunovale.com.br\/portal\/?p=186528","url":"https:\/\/aconteceunovale.com.br\/portal\/?p=186528","name":"Pol\u00edcia Federal conclui que Bolsonaro n\u00e3o cometeu crime no caso da vacina Covaxin - Aconteceu no Vale","isPartOf":{"@id":"https:\/\/aconteceunovale.com.br\/portal\/#website"},"primaryImageOfPage":{"@id":"https:\/\/aconteceunovale.com.br\/portal\/?p=186528#primaryimage"},"image":{"@id":"https:\/\/aconteceunovale.com.br\/portal\/?p=186528#primaryimage"},"thumbnailUrl":"https:\/\/aconteceunovale.com.br\/portal\/wp-content\/uploads\/2021\/09\/bolsonaro_nota.jpg","datePublished":"2022-01-31T19:07:36+00:00","dateModified":"2022-01-31T19:09:02+00:00","author":{"@id":"https:\/\/aconteceunovale.com.br\/portal\/#\/schema\/person\/7d2f26d1483f8a63de73da1ee0754d35"},"breadcrumb":{"@id":"https:\/\/aconteceunovale.com.br\/portal\/?p=186528#breadcrumb"},"inLanguage":"pt-BR","potentialAction":[{"@type":"ReadAction","target":["https:\/\/aconteceunovale.com.br\/portal\/?p=186528"]}]},{"@type":"ImageObject","inLanguage":"pt-BR","@id":"https:\/\/aconteceunovale.com.br\/portal\/?p=186528#primaryimage","url":"https:\/\/aconteceunovale.com.br\/portal\/wp-content\/uploads\/2021\/09\/bolsonaro_nota.jpg","contentUrl":"https:\/\/aconteceunovale.com.br\/portal\/wp-content\/uploads\/2021\/09\/bolsonaro_nota.jpg","width":678,"height":406,"caption":"O presidente Jair Bolsonaro, participa de cerim\u00f4nia de cumprimentos aos oficiais-generais promovidos"},{"@type":"BreadcrumbList","@id":"https:\/\/aconteceunovale.com.br\/portal\/?p=186528#breadcrumb","itemListElement":[{"@type":"ListItem","position":1,"name":"In\u00edcio","item":"https:\/\/aconteceunovale.com.br\/portal\/"},{"@type":"ListItem","position":2,"name":"Pol\u00edcia Federal conclui que Bolsonaro n\u00e3o cometeu crime no caso da vacina Covaxin"}]},{"@type":"WebSite","@id":"https:\/\/aconteceunovale.com.br\/portal\/#website","url":"https:\/\/aconteceunovale.com.br\/portal\/","name":"Aconteceu no Vale","description":"Portal de Not\u00edcias","potentialAction":[{"@type":"SearchAction","target":{"@type":"EntryPoint","urlTemplate":"https:\/\/aconteceunovale.com.br\/portal\/?s={search_term_string}"},"query-input":{"@type":"PropertyValueSpecification","valueRequired":true,"valueName":"search_term_string"}}],"inLanguage":"pt-BR"},{"@type":"Person","@id":"https:\/\/aconteceunovale.com.br\/portal\/#\/schema\/person\/7d2f26d1483f8a63de73da1ee0754d35","name":"Reda\u00e7\u00e3o Aconteceu no Vale","description":"Equipe de reportagem do Aconteceu no Vale, portal de not\u00edcias do Vale do Jequitinhonha, em Minas Gerais. Cobrimos as 51 cidades do Vale desde 2013. Sugest\u00f5es de pauta e pedidos de corre\u00e7\u00e3o: contato@aconteceunovale.com.br","url":"https:\/\/aconteceunovale.com.br\/portal\/?author=4"}]}},"_links":{"self":[{"href":"https:\/\/aconteceunovale.com.br\/portal\/index.php?rest_route=\/wp\/v2\/posts\/186528","targetHints":{"allow":["GET"]}}],"collection":[{"href":"https:\/\/aconteceunovale.com.br\/portal\/index.php?rest_route=\/wp\/v2\/posts"}],"about":[{"href":"https:\/\/aconteceunovale.com.br\/portal\/index.php?rest_route=\/wp\/v2\/types\/post"}],"author":[{"embeddable":true,"href":"https:\/\/aconteceunovale.com.br\/portal\/index.php?rest_route=\/wp\/v2\/users\/4"}],"replies":[{"embeddable":true,"href":"https:\/\/aconteceunovale.com.br\/portal\/index.php?rest_route=%2Fwp%2Fv2%2Fcomments&post=186528"}],"version-history":[{"count":1,"href":"https:\/\/aconteceunovale.com.br\/portal\/index.php?rest_route=\/wp\/v2\/posts\/186528\/revisions"}],"predecessor-version":[{"id":186529,"href":"https:\/\/aconteceunovale.com.br\/portal\/index.php?rest_route=\/wp\/v2\/posts\/186528\/revisions\/186529"}],"wp:featuredmedia":[{"embeddable":true,"href":"https:\/\/aconteceunovale.com.br\/portal\/index.php?rest_route=\/wp\/v2\/media\/181628"}],"wp:attachment":[{"href":"https:\/\/aconteceunovale.com.br\/portal\/index.php?rest_route=%2Fwp%2Fv2%2Fmedia&parent=186528"}],"wp:term":[{"taxonomy":"category","embeddable":true,"href":"https:\/\/aconteceunovale.com.br\/portal\/index.php?rest_route=%2Fwp%2Fv2%2Fcategories&post=186528"},{"taxonomy":"post_tag","embeddable":true,"href":"https:\/\/aconteceunovale.com.br\/portal\/index.php?rest_route=%2Fwp%2Fv2%2Ftags&post=186528"}],"curies":[{"name":"wp","href":"https:\/\/api.w.org\/{rel}","templated":true}]}}