{"id":186526,"date":"2022-01-31T16:00:59","date_gmt":"2022-01-31T19:00:59","guid":{"rendered":"https:\/\/aconteceunovale.com.br\/portal\/?p=186526"},"modified":"2022-01-31T16:02:19","modified_gmt":"2022-01-31T19:02:19","slug":"minas-gerais-registrou-a-geracao-de-305-mil-empregos-formais-no-ano-passado","status":"publish","type":"post","link":"https:\/\/aconteceunovale.com.br\/portal\/?p=186526","title":{"rendered":"Minas Gerais registrou a gera\u00e7\u00e3o de 305 mil empregos formais no ano passado"},"content":{"rendered":"\n<p class=\"wp-block-paragraph\">Minas Gerais fechou 2021 com a gera\u00e7\u00e3o acumulada de 305.182 empregos formais, resultado da admiss\u00e3o de 2.202.162 trabalhadores e do desligamento de 1.896.980. Segundo dados do novo Cadastro Geral de Empregados e Desempregados (Caged), do Minist\u00e9rio da Economia, todos os setores registraram desempenho positivo, liderado por servi\u00e7os (124.079), com\u00e9rcio (68.846), ind\u00fastria (65.587), constru\u00e7\u00e3o civil (31.804) e agropecu\u00e1ria (14.866).<\/p>\n\n\n\n<p class=\"wp-block-paragraph\"><em>&#8220;Ap\u00f3s 11 resultados positivos na gera\u00e7\u00e3o de emprego, a cria\u00e7\u00e3o de mais de 300 mil postos de trabalho no acumulado de 2021 reflete uma trajet\u00f3ria de recupera\u00e7\u00e3o do mercado formal em Minas Gerais, motivada pelos setores de servi\u00e7o e com\u00e9rcio, os principais atingidos no in\u00edcio da pandemia, o que traz as perspectivas de um cen\u00e1rio otimista para 2022&#8221;<\/em>, avalia Amanda Siqueira Carvalho, diretora de Monitoramento e Articula\u00e7\u00e3o de Oportunidades de Trabalho, da Subsecretaria de Trabalho e Emprego da\u00a0Secretaria de Estado de Desenvolvimento Social (Sedese).<\/p>\n\n\n\n<p class=\"wp-block-paragraph\">Em dezembro do ano passado, o saldo de empregos formais no estado ficou negativo em 22.771, com 150.587 admiss\u00f5es e 173.358 desligamentos. O resultado \u00e9 inferior tanto a novembro, que registrou saldo positivo de 21.240 empregos formais, quanto em rela\u00e7\u00e3o a dezembro de 2020, quando o saldo ficou negativo em 11.946.<\/p>\n\n\n\n<p class=\"wp-block-paragraph\">Numa an\u00e1lise setorial, em dezembro de 2021 apenas o setor de com\u00e9rcio teve saldo positivo, com a abertura de 2.970 vagas formais de trabalho.<\/p>\n\n\n\n<h2 class=\"wp-block-heading\" id=\"brasil\"><strong>Brasil<\/strong><\/h2>\n\n\n\n<p class=\"wp-block-paragraph\">No Brasil, tamb\u00e9m em 2021, houve a gera\u00e7\u00e3o de 2,73 milh\u00f5es de empregos com carteira assinada, com 20.699.802 contrata\u00e7\u00f5es e 17.969.205 demiss\u00f5es. Assim como em Minas, o resultado apresentou uma \u00a0melhora em rela\u00e7\u00e3o a 2020, quando foram fechadas 191.455 vagas formais.<\/p>\n\n\n\n<p class=\"wp-block-paragraph\">Em dezembro, no Brasil, houve o corte de 265.811 postos de trabalho, contra 157.474 em igual m\u00eas de 2020. No m\u00eas de novembro do ano passado, no entanto, houve a\u00a0\u00a0gera\u00e7\u00e3o de 300.181 empregos com carteira assinada.<\/p>\n\n\n\n<p class=\"wp-block-paragraph\">&#8212;&#8212;&#8212;&#8212;&#8212;&#8212;<br><em>Quer receber as not\u00edcias do <strong>Aconteceu no Vale<\/strong> em primeira m\u00e3o? Siga-nos no Facebook <a rel=\"noreferrer noopener\" href=\"http:\/\/facebook.com\/aconteceunovale\" target=\"_blank\">@aconteceunovale<\/a>, Twitter <a rel=\"noreferrer noopener\" href=\"https:\/\/twitter.com\/noticiadosvales\" target=\"_blank\">@noticiadosvales<\/a> e Instagram <a rel=\"noreferrer noopener\" href=\"https:\/\/www.instagram.com\/aconteceunovale\" target=\"_blank\">@aconteceunovale<\/a>.<\/em><\/p>\n","protected":false},"excerpt":{"rendered":"<p>Minas Gerais fechou 2021 com a gera\u00e7\u00e3o acumulada de 305.182 empregos formais, resultado da admiss\u00e3o de 2.202.162 trabalhadores e do desligamento de 1.896.980. Segundo dados do novo Cadastro Geral de Empregados e Desempregados (Caged), do Minist\u00e9rio da Economia, todos os setores registraram desempenho positivo, liderado por servi\u00e7os (124.079), com\u00e9rcio (68.846), ind\u00fastria (65.587), constru\u00e7\u00e3o civil (31.804) [&hellip;]<\/p>\n","protected":false},"author":4,"featured_media":133149,"comment_status":"open","ping_status":"closed","sticky":false,"template":"","format":"standard","meta":{"amp_status":"","footnotes":""},"categories":[6,40236,123],"tags":[248708,4785,143275,258338,1018,226422,149488,131,258337,258339,258340,27579],"class_list":["post-186526","post","type-post","status-publish","format-standard","has-post-thumbnail","hentry","category-br","category-empregos-2","category-gerais","tag-amanda-siqueira-carvalho","tag-brasil","tag-caged-minas-gerais","tag-criacao-de-empregos-em-minas-gerais","tag-destaque","tag-empregos-formais-em-minas-gerais","tag-geracao-de-empregos-em-minas-gerais","tag-minas-gerais","tag-minas-gerais-registrou-a-geracao-de-305-mil-empregos-formais-no-ano-passado","tag-recuperacao-da-economia-em-minas-gerais","tag-saldo-de-empregos-formais-em-minas-gerais","tag-sedese"],"yoast_head":"<!-- This site is optimized with the Yoast SEO plugin v28.3 - https:\/\/yoast.com\/product\/yoast-seo-wordpress\/ -->\n<title>Minas Gerais registrou a gera\u00e7\u00e3o de 305 mil empregos formais no ano passado - Aconteceu no Vale<\/title>\n<meta name=\"robots\" content=\"index, follow, max-snippet:-1, max-image-preview:large, max-video-preview:-1\" \/>\n<link rel=\"canonical\" href=\"https:\/\/aconteceunovale.com.br\/portal\/?p=186526\" \/>\n<meta property=\"og:locale\" content=\"pt_BR\" \/>\n<meta property=\"og:type\" content=\"article\" \/>\n<meta property=\"og:title\" content=\"Minas Gerais registrou a gera\u00e7\u00e3o de 305 mil empregos formais no ano passado - Aconteceu no Vale\" \/>\n<meta property=\"og:description\" content=\"Minas Gerais fechou 2021 com a gera\u00e7\u00e3o acumulada de 305.182 empregos formais, resultado da admiss\u00e3o de 2.202.162 trabalhadores e do desligamento de 1.896.980. Segundo dados do novo Cadastro Geral de Empregados e Desempregados (Caged), do Minist\u00e9rio da Economia, todos os setores registraram desempenho positivo, liderado por servi\u00e7os (124.079), com\u00e9rcio (68.846), ind\u00fastria (65.587), constru\u00e7\u00e3o civil (31.804) [&hellip;]\" \/>\n<meta property=\"og:url\" content=\"https:\/\/aconteceunovale.com.br\/portal\/?p=186526\" \/>\n<meta property=\"og:site_name\" content=\"Aconteceu no Vale\" \/>\n<meta property=\"article:publisher\" content=\"https:\/\/www.facebook.com\/aconteceunovale\/\" \/>\n<meta property=\"article:published_time\" content=\"2022-01-31T19:00:59+00:00\" \/>\n<meta property=\"article:modified_time\" content=\"2022-01-31T19:02:19+00:00\" \/>\n<meta property=\"og:image\" content=\"https:\/\/aconteceunovale.com.br\/portal\/wp-content\/uploads\/2018\/06\/ctps_dinheiro.png\" \/>\n\t<meta property=\"og:image:width\" content=\"600\" \/>\n\t<meta property=\"og:image:height\" content=\"314\" \/>\n\t<meta property=\"og:image:type\" content=\"image\/png\" \/>\n<meta name=\"author\" content=\"Reda\u00e7\u00e3o Aconteceu no Vale\" \/>\n<meta name=\"twitter:card\" content=\"summary_large_image\" \/>\n<meta name=\"twitter:creator\" content=\"@noticiadosvales\" \/>\n<meta name=\"twitter:site\" content=\"@noticiadosvales\" \/>\n<meta name=\"twitter:label1\" content=\"Escrito por\" \/>\n\t<meta name=\"twitter:data1\" content=\"Reda\u00e7\u00e3o Aconteceu no Vale\" \/>\n\t<meta name=\"twitter:label2\" content=\"Est. tempo de leitura\" \/>\n\t<meta name=\"twitter:data2\" content=\"2 minutos\" \/>\n<script type=\"application\/ld+json\" class=\"yoast-schema-graph\">{\"@context\":\"https:\\\/\\\/schema.org\",\"@graph\":[{\"@type\":\"Article\",\"@id\":\"https:\\\/\\\/aconteceunovale.com.br\\\/portal\\\/?p=186526#article\",\"isPartOf\":{\"@id\":\"https:\\\/\\\/aconteceunovale.com.br\\\/portal\\\/?p=186526\"},\"author\":{\"name\":\"Reda\u00e7\u00e3o Aconteceu no Vale\",\"@id\":\"https:\\\/\\\/aconteceunovale.com.br\\\/portal\\\/#\\\/schema\\\/person\\\/7d2f26d1483f8a63de73da1ee0754d35\"},\"headline\":\"Minas Gerais registrou a gera\u00e7\u00e3o de 305 mil empregos formais no ano passado\",\"datePublished\":\"2022-01-31T19:00:59+00:00\",\"dateModified\":\"2022-01-31T19:02:19+00:00\",\"mainEntityOfPage\":{\"@id\":\"https:\\\/\\\/aconteceunovale.com.br\\\/portal\\\/?p=186526\"},\"wordCount\":332,\"commentCount\":0,\"image\":{\"@id\":\"https:\\\/\\\/aconteceunovale.com.br\\\/portal\\\/?p=186526#primaryimage\"},\"thumbnailUrl\":\"https:\\\/\\\/aconteceunovale.com.br\\\/portal\\\/wp-content\\\/uploads\\\/2018\\\/06\\\/ctps_dinheiro.png\",\"keywords\":[\"Amanda Siqueira Carvalho\",\"brasil\",\"Caged Minas Gerais\",\"Cria\u00e7\u00e3o de empregos em Minas Gerais\",\"destaque\",\"Empregos formais em Minas Gerais\",\"Gera\u00e7\u00e3o de empregos em Minas Gerais\",\"Minas Gerais\",\"Minas Gerais registrou a gera\u00e7\u00e3o de 305 mil empregos formais no ano passado\",\"Recupera\u00e7\u00e3o da economia em Minas Gerais\",\"Saldo de empregos formais em Minas Gerais\",\"Sedese\"],\"articleSection\":[\"Brasil\",\"Empregos\",\"Minas Gerais\"],\"inLanguage\":\"pt-BR\",\"potentialAction\":[{\"@type\":\"CommentAction\",\"name\":\"Comment\",\"target\":[\"https:\\\/\\\/aconteceunovale.com.br\\\/portal\\\/?p=186526#respond\"]}]},{\"@type\":\"WebPage\",\"@id\":\"https:\\\/\\\/aconteceunovale.com.br\\\/portal\\\/?p=186526\",\"url\":\"https:\\\/\\\/aconteceunovale.com.br\\\/portal\\\/?p=186526\",\"name\":\"Minas Gerais registrou a gera\u00e7\u00e3o de 305 mil empregos formais no ano passado - Aconteceu no Vale\",\"isPartOf\":{\"@id\":\"https:\\\/\\\/aconteceunovale.com.br\\\/portal\\\/#website\"},\"primaryImageOfPage\":{\"@id\":\"https:\\\/\\\/aconteceunovale.com.br\\\/portal\\\/?p=186526#primaryimage\"},\"image\":{\"@id\":\"https:\\\/\\\/aconteceunovale.com.br\\\/portal\\\/?p=186526#primaryimage\"},\"thumbnailUrl\":\"https:\\\/\\\/aconteceunovale.com.br\\\/portal\\\/wp-content\\\/uploads\\\/2018\\\/06\\\/ctps_dinheiro.png\",\"datePublished\":\"2022-01-31T19:00:59+00:00\",\"dateModified\":\"2022-01-31T19:02:19+00:00\",\"author\":{\"@id\":\"https:\\\/\\\/aconteceunovale.com.br\\\/portal\\\/#\\\/schema\\\/person\\\/7d2f26d1483f8a63de73da1ee0754d35\"},\"breadcrumb\":{\"@id\":\"https:\\\/\\\/aconteceunovale.com.br\\\/portal\\\/?p=186526#breadcrumb\"},\"inLanguage\":\"pt-BR\",\"potentialAction\":[{\"@type\":\"ReadAction\",\"target\":[\"https:\\\/\\\/aconteceunovale.com.br\\\/portal\\\/?p=186526\"]}]},{\"@type\":\"ImageObject\",\"inLanguage\":\"pt-BR\",\"@id\":\"https:\\\/\\\/aconteceunovale.com.br\\\/portal\\\/?p=186526#primaryimage\",\"url\":\"https:\\\/\\\/aconteceunovale.com.br\\\/portal\\\/wp-content\\\/uploads\\\/2018\\\/06\\\/ctps_dinheiro.png\",\"contentUrl\":\"https:\\\/\\\/aconteceunovale.com.br\\\/portal\\\/wp-content\\\/uploads\\\/2018\\\/06\\\/ctps_dinheiro.png\",\"width\":600,\"height\":314},{\"@type\":\"BreadcrumbList\",\"@id\":\"https:\\\/\\\/aconteceunovale.com.br\\\/portal\\\/?p=186526#breadcrumb\",\"itemListElement\":[{\"@type\":\"ListItem\",\"position\":1,\"name\":\"In\u00edcio\",\"item\":\"https:\\\/\\\/aconteceunovale.com.br\\\/portal\\\/\"},{\"@type\":\"ListItem\",\"position\":2,\"name\":\"Minas Gerais registrou a gera\u00e7\u00e3o de 305 mil empregos formais no ano passado\"}]},{\"@type\":\"WebSite\",\"@id\":\"https:\\\/\\\/aconteceunovale.com.br\\\/portal\\\/#website\",\"url\":\"https:\\\/\\\/aconteceunovale.com.br\\\/portal\\\/\",\"name\":\"Aconteceu no Vale\",\"description\":\"Portal de Not\u00edcias\",\"potentialAction\":[{\"@type\":\"SearchAction\",\"target\":{\"@type\":\"EntryPoint\",\"urlTemplate\":\"https:\\\/\\\/aconteceunovale.com.br\\\/portal\\\/?s={search_term_string}\"},\"query-input\":{\"@type\":\"PropertyValueSpecification\",\"valueRequired\":true,\"valueName\":\"search_term_string\"}}],\"inLanguage\":\"pt-BR\"},{\"@type\":\"Person\",\"@id\":\"https:\\\/\\\/aconteceunovale.com.br\\\/portal\\\/#\\\/schema\\\/person\\\/7d2f26d1483f8a63de73da1ee0754d35\",\"name\":\"Reda\u00e7\u00e3o Aconteceu no Vale\",\"description\":\"Equipe de reportagem do Aconteceu no Vale, portal de not\u00edcias do Vale do Jequitinhonha, em Minas Gerais. Cobrimos as 51 cidades do Vale desde 2013. Sugest\u00f5es de pauta e pedidos de corre\u00e7\u00e3o: contato@aconteceunovale.com.br\",\"url\":\"https:\\\/\\\/aconteceunovale.com.br\\\/portal\\\/?author=4\"}]}<\/script>\n<!-- \/ Yoast SEO plugin. -->","yoast_head_json":{"title":"Minas Gerais registrou a gera\u00e7\u00e3o de 305 mil empregos formais no ano passado - Aconteceu no Vale","robots":{"index":"index","follow":"follow","max-snippet":"max-snippet:-1","max-image-preview":"max-image-preview:large","max-video-preview":"max-video-preview:-1"},"canonical":"https:\/\/aconteceunovale.com.br\/portal\/?p=186526","og_locale":"pt_BR","og_type":"article","og_title":"Minas Gerais registrou a gera\u00e7\u00e3o de 305 mil empregos formais no ano passado - Aconteceu no Vale","og_description":"Minas Gerais fechou 2021 com a gera\u00e7\u00e3o acumulada de 305.182 empregos formais, resultado da admiss\u00e3o de 2.202.162 trabalhadores e do desligamento de 1.896.980. Segundo dados do novo Cadastro Geral de Empregados e Desempregados (Caged), do Minist\u00e9rio da Economia, todos os setores registraram desempenho positivo, liderado por servi\u00e7os (124.079), com\u00e9rcio (68.846), ind\u00fastria (65.587), constru\u00e7\u00e3o civil (31.804) [&hellip;]","og_url":"https:\/\/aconteceunovale.com.br\/portal\/?p=186526","og_site_name":"Aconteceu no Vale","article_publisher":"https:\/\/www.facebook.com\/aconteceunovale\/","article_published_time":"2022-01-31T19:00:59+00:00","article_modified_time":"2022-01-31T19:02:19+00:00","og_image":[{"width":600,"height":314,"url":"https:\/\/aconteceunovale.com.br\/portal\/wp-content\/uploads\/2018\/06\/ctps_dinheiro.png","type":"image\/png"}],"author":"Reda\u00e7\u00e3o Aconteceu no Vale","twitter_card":"summary_large_image","twitter_creator":"@noticiadosvales","twitter_site":"@noticiadosvales","twitter_misc":{"Escrito por":"Reda\u00e7\u00e3o Aconteceu no Vale","Est. tempo de leitura":"2 minutos"},"schema":{"@context":"https:\/\/schema.org","@graph":[{"@type":"Article","@id":"https:\/\/aconteceunovale.com.br\/portal\/?p=186526#article","isPartOf":{"@id":"https:\/\/aconteceunovale.com.br\/portal\/?p=186526"},"author":{"name":"Reda\u00e7\u00e3o Aconteceu no Vale","@id":"https:\/\/aconteceunovale.com.br\/portal\/#\/schema\/person\/7d2f26d1483f8a63de73da1ee0754d35"},"headline":"Minas Gerais registrou a gera\u00e7\u00e3o de 305 mil empregos formais no ano passado","datePublished":"2022-01-31T19:00:59+00:00","dateModified":"2022-01-31T19:02:19+00:00","mainEntityOfPage":{"@id":"https:\/\/aconteceunovale.com.br\/portal\/?p=186526"},"wordCount":332,"commentCount":0,"image":{"@id":"https:\/\/aconteceunovale.com.br\/portal\/?p=186526#primaryimage"},"thumbnailUrl":"https:\/\/aconteceunovale.com.br\/portal\/wp-content\/uploads\/2018\/06\/ctps_dinheiro.png","keywords":["Amanda Siqueira Carvalho","brasil","Caged Minas Gerais","Cria\u00e7\u00e3o de empregos em Minas Gerais","destaque","Empregos formais em Minas Gerais","Gera\u00e7\u00e3o de empregos em Minas Gerais","Minas Gerais","Minas Gerais registrou a gera\u00e7\u00e3o de 305 mil empregos formais no ano passado","Recupera\u00e7\u00e3o da economia em Minas Gerais","Saldo de empregos formais em Minas Gerais","Sedese"],"articleSection":["Brasil","Empregos","Minas Gerais"],"inLanguage":"pt-BR","potentialAction":[{"@type":"CommentAction","name":"Comment","target":["https:\/\/aconteceunovale.com.br\/portal\/?p=186526#respond"]}]},{"@type":"WebPage","@id":"https:\/\/aconteceunovale.com.br\/portal\/?p=186526","url":"https:\/\/aconteceunovale.com.br\/portal\/?p=186526","name":"Minas Gerais registrou a gera\u00e7\u00e3o de 305 mil empregos formais no ano passado - Aconteceu no Vale","isPartOf":{"@id":"https:\/\/aconteceunovale.com.br\/portal\/#website"},"primaryImageOfPage":{"@id":"https:\/\/aconteceunovale.com.br\/portal\/?p=186526#primaryimage"},"image":{"@id":"https:\/\/aconteceunovale.com.br\/portal\/?p=186526#primaryimage"},"thumbnailUrl":"https:\/\/aconteceunovale.com.br\/portal\/wp-content\/uploads\/2018\/06\/ctps_dinheiro.png","datePublished":"2022-01-31T19:00:59+00:00","dateModified":"2022-01-31T19:02:19+00:00","author":{"@id":"https:\/\/aconteceunovale.com.br\/portal\/#\/schema\/person\/7d2f26d1483f8a63de73da1ee0754d35"},"breadcrumb":{"@id":"https:\/\/aconteceunovale.com.br\/portal\/?p=186526#breadcrumb"},"inLanguage":"pt-BR","potentialAction":[{"@type":"ReadAction","target":["https:\/\/aconteceunovale.com.br\/portal\/?p=186526"]}]},{"@type":"ImageObject","inLanguage":"pt-BR","@id":"https:\/\/aconteceunovale.com.br\/portal\/?p=186526#primaryimage","url":"https:\/\/aconteceunovale.com.br\/portal\/wp-content\/uploads\/2018\/06\/ctps_dinheiro.png","contentUrl":"https:\/\/aconteceunovale.com.br\/portal\/wp-content\/uploads\/2018\/06\/ctps_dinheiro.png","width":600,"height":314},{"@type":"BreadcrumbList","@id":"https:\/\/aconteceunovale.com.br\/portal\/?p=186526#breadcrumb","itemListElement":[{"@type":"ListItem","position":1,"name":"In\u00edcio","item":"https:\/\/aconteceunovale.com.br\/portal\/"},{"@type":"ListItem","position":2,"name":"Minas Gerais registrou a gera\u00e7\u00e3o de 305 mil empregos formais no ano passado"}]},{"@type":"WebSite","@id":"https:\/\/aconteceunovale.com.br\/portal\/#website","url":"https:\/\/aconteceunovale.com.br\/portal\/","name":"Aconteceu no Vale","description":"Portal de Not\u00edcias","potentialAction":[{"@type":"SearchAction","target":{"@type":"EntryPoint","urlTemplate":"https:\/\/aconteceunovale.com.br\/portal\/?s={search_term_string}"},"query-input":{"@type":"PropertyValueSpecification","valueRequired":true,"valueName":"search_term_string"}}],"inLanguage":"pt-BR"},{"@type":"Person","@id":"https:\/\/aconteceunovale.com.br\/portal\/#\/schema\/person\/7d2f26d1483f8a63de73da1ee0754d35","name":"Reda\u00e7\u00e3o Aconteceu no Vale","description":"Equipe de reportagem do Aconteceu no Vale, portal de not\u00edcias do Vale do Jequitinhonha, em Minas Gerais. Cobrimos as 51 cidades do Vale desde 2013. Sugest\u00f5es de pauta e pedidos de corre\u00e7\u00e3o: contato@aconteceunovale.com.br","url":"https:\/\/aconteceunovale.com.br\/portal\/?author=4"}]}},"_links":{"self":[{"href":"https:\/\/aconteceunovale.com.br\/portal\/index.php?rest_route=\/wp\/v2\/posts\/186526","targetHints":{"allow":["GET"]}}],"collection":[{"href":"https:\/\/aconteceunovale.com.br\/portal\/index.php?rest_route=\/wp\/v2\/posts"}],"about":[{"href":"https:\/\/aconteceunovale.com.br\/portal\/index.php?rest_route=\/wp\/v2\/types\/post"}],"author":[{"embeddable":true,"href":"https:\/\/aconteceunovale.com.br\/portal\/index.php?rest_route=\/wp\/v2\/users\/4"}],"replies":[{"embeddable":true,"href":"https:\/\/aconteceunovale.com.br\/portal\/index.php?rest_route=%2Fwp%2Fv2%2Fcomments&post=186526"}],"version-history":[{"count":1,"href":"https:\/\/aconteceunovale.com.br\/portal\/index.php?rest_route=\/wp\/v2\/posts\/186526\/revisions"}],"predecessor-version":[{"id":186527,"href":"https:\/\/aconteceunovale.com.br\/portal\/index.php?rest_route=\/wp\/v2\/posts\/186526\/revisions\/186527"}],"wp:featuredmedia":[{"embeddable":true,"href":"https:\/\/aconteceunovale.com.br\/portal\/index.php?rest_route=\/wp\/v2\/media\/133149"}],"wp:attachment":[{"href":"https:\/\/aconteceunovale.com.br\/portal\/index.php?rest_route=%2Fwp%2Fv2%2Fmedia&parent=186526"}],"wp:term":[{"taxonomy":"category","embeddable":true,"href":"https:\/\/aconteceunovale.com.br\/portal\/index.php?rest_route=%2Fwp%2Fv2%2Fcategories&post=186526"},{"taxonomy":"post_tag","embeddable":true,"href":"https:\/\/aconteceunovale.com.br\/portal\/index.php?rest_route=%2Fwp%2Fv2%2Ftags&post=186526"}],"curies":[{"name":"wp","href":"https:\/\/api.w.org\/{rel}","templated":true}]}}