{"id":186517,"date":"2022-01-31T15:30:25","date_gmt":"2022-01-31T18:30:25","guid":{"rendered":"https:\/\/aconteceunovale.com.br\/portal\/?p=186517"},"modified":"2022-01-31T15:30:49","modified_gmt":"2022-01-31T18:30:49","slug":"prorrogadas-as-inscricoes-para-contratacao-de-psicologos-e-assistentes-sociais-na-rede-estadual-de-ensino","status":"publish","type":"post","link":"https:\/\/aconteceunovale.com.br\/portal\/?p=186517","title":{"rendered":"Prorrogadas as inscri\u00e7\u00f5es para contrata\u00e7\u00e3o de psic\u00f3logos e assistentes sociais na rede estadual de ensino"},"content":{"rendered":"\n<p class=\"wp-block-paragraph\">Psic\u00f3logos e assistentes sociais interessados em atuar na rede estadual de ensino de Minas Gerais ter\u00e3o mais uma chance de inscri\u00e7\u00e3o. A\u00a0Secretaria de Estado de Educa\u00e7\u00e3o (SEE\/MG)\u00a0prorrogou, at\u00e9 7\/2, o prazo para as candidaturas ao Processo Seletivo Simplificado (PPS), que busca contratar esses profissionais.<\/p>\n\n\n\n<p class=\"wp-block-paragraph\">A inscri\u00e7\u00e3o e o envio da documenta\u00e7\u00e3o devem ser feitas pela internet, por meio do formul\u00e1rio dispon\u00edvel no endere\u00e7o\u00a0<a href=\"http:\/\/www.pss.educacao.mg.gov.br\/\" target=\"_blank\" rel=\"noreferrer noopener\">www.pss.educacao.mg.gov.br<\/a>.\u00a0<\/p>\n\n\n\n<p class=\"wp-block-paragraph\">Al\u00e9m de prorrogar o per\u00edodo de candidaturas, a retifica\u00e7\u00e3o do edital tamb\u00e9m eliminou a obrigatoriedade da apresenta\u00e7\u00e3o de comprovante de registro no Conselho Classe, no ato da inscri\u00e7\u00e3o. A retifica\u00e7\u00e3o foi publicada no\u00a0<a href=\"https:\/\/www.jornalminasgerais.mg.gov.br\/\" target=\"_blank\" rel=\"noreferrer noopener\">Di\u00e1rio Oficial de Minas Gerais<\/a>\u00a0do \u00faltimo s\u00e1bado (31\/1).\u00a0<a href=\"https:\/\/www2.educacao.mg.gov.br\/images\/SEI_GOVMG_-_40955083_-_Edital.pdf\" target=\"_blank\" rel=\"noreferrer noopener\">Clique aqui<\/a>\u00a0para acessar todas as mudan\u00e7as.<\/p>\n\n\n\n<h2 class=\"wp-block-heading\" id=\"vagas-em-todo-o-estado\"><strong>Vagas em todo o estado<\/strong><\/h2>\n\n\n\n<p class=\"wp-block-paragraph\">De acordo com o edital, s\u00e3o previstas 460 vagas, sendo 230 para cada cargo, para atuar em n\u00facleos distribu\u00eddos em diversos munic\u00edpios de todas as 47 Superintend\u00eancias Regionais de Ensino (SREs).<\/p>\n\n\n\n<p class=\"wp-block-paragraph\">O PSS \u00e9 composto por duas etapas de car\u00e1ter classificat\u00f3rio e eliminat\u00f3rio. A primeira vai analisar o requisito de habilita\u00e7\u00e3o e as informa\u00e7\u00f5es curriculares. J\u00e1 a segunda ser\u00e1 uma entrevista t\u00e9cnico\/comportamental. Todas as etapas ser\u00e3o conduzidas por uma comiss\u00e3o composta por servidores da SEE\/MG. O contrato ser\u00e1 de um ano, podendo ser prorrogado pelo mesmo per\u00edodo.<\/p>\n\n\n\n<h2 class=\"wp-block-heading\" id=\"manual\"><strong>Manual&nbsp;<\/strong><\/h2>\n\n\n\n<p class=\"wp-block-paragraph\">\u00c9 importante que todos os candidatos fiquem atentos aos dados informados no ato da inscri\u00e7\u00e3o, especialmente ao e-mail, que \u00e9 o canal de comunica\u00e7\u00e3o com o candidato. Para auxiliar os profissionais, a SEE\/MG elaborou um manual com orienta\u00e7\u00f5es.\u00a0<a href=\"https:\/\/ati-seplag.gitbook.io\/processos-seletivos-candidatos\/\" target=\"_blank\" rel=\"noreferrer noopener\">Clique aqui<\/a>\u00a0para acessar.<\/p>\n\n\n\n<h2 class=\"wp-block-heading\" id=\"nucleos\"><strong>N\u00facleos&nbsp;<\/strong><\/h2>\n\n\n\n<p class=\"wp-block-paragraph\">Nos n\u00facleos de atua\u00e7\u00e3o dos profissionais de psicologia e de servi\u00e7o social ser\u00e3o desenvolvidas a\u00e7\u00f5es que auxiliem as escolas no processo de ensino-aprendizagem, com o objetivo de prevenir e minimizar os problemas educacionais, al\u00e9m de orientar a equipe gestora na media\u00e7\u00e3o de conflitos.<\/p>\n\n\n\n<p class=\"wp-block-paragraph\">Cada n\u00facleo contar\u00e1, no m\u00ednimo, com um psic\u00f3logo e um assistente social. O quantitativo de profissionais levar\u00e1 em considera\u00e7\u00e3o o n\u00famero de escolas estaduais localizadas no munic\u00edpio. As Superintend\u00eancias Regionais de Ensino ser\u00e3o as respons\u00e1veis por organizar a implementa\u00e7\u00e3o dos n\u00facleos, de acordo com a necessidade de atendimento. Ser\u00e3o priorizadas cidades cujas escolas e regionais tenham mais registros de situa\u00e7\u00f5es de viola\u00e7\u00e3o de direitos dos estudantes na rede estadual.<\/p>\n\n\n\n<p class=\"wp-block-paragraph\">&#8212;&#8212;&#8212;&#8212;&#8212;&#8212;<br><em>Quer receber as not\u00edcias do <strong>Aconteceu no Vale<\/strong> em primeira m\u00e3o? Siga-nos no Facebook <a rel=\"noreferrer noopener\" href=\"http:\/\/facebook.com\/aconteceunovale\" target=\"_blank\">@aconteceunovale<\/a>, Twitter <a rel=\"noreferrer noopener\" href=\"https:\/\/twitter.com\/noticiadosvales\" target=\"_blank\">@noticiadosvales<\/a> e Instagram <a rel=\"noreferrer noopener\" href=\"https:\/\/www.instagram.com\/aconteceunovale\" target=\"_blank\">@aconteceunovale<\/a>.<\/em><\/p>\n","protected":false},"excerpt":{"rendered":"<p>Psic\u00f3logos e assistentes sociais interessados em atuar na rede estadual de ensino de Minas Gerais ter\u00e3o mais uma chance de inscri\u00e7\u00e3o. A\u00a0Secretaria de Estado de Educa\u00e7\u00e3o (SEE\/MG)\u00a0prorrogou, at\u00e9 7\/2, o prazo para as candidaturas ao Processo Seletivo Simplificado (PPS), que busca contratar esses profissionais. A inscri\u00e7\u00e3o e o envio da documenta\u00e7\u00e3o devem ser feitas pela [&hellip;]<\/p>\n","protected":false},"author":4,"featured_media":186518,"comment_status":"open","ping_status":"closed","sticky":false,"template":"","format":"standard","meta":{"amp_status":"","footnotes":""},"categories":[40237,40238,123],"tags":[258089,258087,258086,131,81601,258319,258088,133841],"class_list":["post-186517","post","type-post","status-publish","format-standard","has-post-thumbnail","hentry","category-concursos","category-educacao-2","category-gerais","tag-assistentes-sociais-rede-de-ensino-minas-gerais","tag-contratacao-de-assistentes-sociais-para-a-rede-estadual-de-ensino-em-minas-gerais","tag-contratacao-de-psicologos-para-a-rede-estadual-de-ensino-em-minas-gerais","tag-minas-gerais","tag-processo-seletivo-da-see-mg","tag-prorrogadas-as-inscricoes-para-contratacao-de-psicologos-e-assistentes-sociais-na-rede-estadual-de-ensino","tag-psicologos-rede-de-ensino-minas-gerais","tag-see-mg"],"yoast_head":"<!-- This site is optimized with the Yoast SEO plugin v28.3 - https:\/\/yoast.com\/product\/yoast-seo-wordpress\/ -->\n<title>Prorrogadas as inscri\u00e7\u00f5es para contrata\u00e7\u00e3o de psic\u00f3logos e assistentes sociais na rede estadual de ensino - Aconteceu no Vale<\/title>\n<meta name=\"robots\" content=\"index, follow, max-snippet:-1, max-image-preview:large, max-video-preview:-1\" \/>\n<link rel=\"canonical\" href=\"https:\/\/aconteceunovale.com.br\/portal\/?p=186517\" \/>\n<meta property=\"og:locale\" content=\"pt_BR\" \/>\n<meta property=\"og:type\" content=\"article\" \/>\n<meta property=\"og:title\" content=\"Prorrogadas as inscri\u00e7\u00f5es para contrata\u00e7\u00e3o de psic\u00f3logos e assistentes sociais na rede estadual de ensino - Aconteceu no Vale\" \/>\n<meta property=\"og:description\" content=\"Psic\u00f3logos e assistentes sociais interessados em atuar na rede estadual de ensino de Minas Gerais ter\u00e3o mais uma chance de inscri\u00e7\u00e3o. A\u00a0Secretaria de Estado de Educa\u00e7\u00e3o (SEE\/MG)\u00a0prorrogou, at\u00e9 7\/2, o prazo para as candidaturas ao Processo Seletivo Simplificado (PPS), que busca contratar esses profissionais. A inscri\u00e7\u00e3o e o envio da documenta\u00e7\u00e3o devem ser feitas pela [&hellip;]\" \/>\n<meta property=\"og:url\" content=\"https:\/\/aconteceunovale.com.br\/portal\/?p=186517\" \/>\n<meta property=\"og:site_name\" content=\"Aconteceu no Vale\" \/>\n<meta property=\"article:publisher\" content=\"https:\/\/www.facebook.com\/aconteceunovale\/\" \/>\n<meta property=\"article:published_time\" content=\"2022-01-31T18:30:25+00:00\" \/>\n<meta property=\"article:modified_time\" content=\"2022-01-31T18:30:49+00:00\" \/>\n<meta property=\"og:image\" content=\"https:\/\/aconteceunovale.com.br\/portal\/wp-content\/uploads\/2022\/01\/escola_mg.jpeg\" \/>\n\t<meta property=\"og:image:width\" content=\"620\" \/>\n\t<meta property=\"og:image:height\" content=\"368\" \/>\n\t<meta property=\"og:image:type\" content=\"image\/jpeg\" \/>\n<meta name=\"author\" content=\"Reda\u00e7\u00e3o Aconteceu no Vale\" \/>\n<meta name=\"twitter:card\" content=\"summary_large_image\" \/>\n<meta name=\"twitter:creator\" content=\"@noticiadosvales\" \/>\n<meta name=\"twitter:site\" content=\"@noticiadosvales\" \/>\n<meta name=\"twitter:label1\" content=\"Escrito por\" \/>\n\t<meta name=\"twitter:data1\" content=\"Reda\u00e7\u00e3o Aconteceu no Vale\" \/>\n\t<meta name=\"twitter:label2\" content=\"Est. tempo de leitura\" \/>\n\t<meta name=\"twitter:data2\" content=\"2 minutos\" \/>\n<script type=\"application\/ld+json\" class=\"yoast-schema-graph\">{\"@context\":\"https:\\\/\\\/schema.org\",\"@graph\":[{\"@type\":\"Article\",\"@id\":\"https:\\\/\\\/aconteceunovale.com.br\\\/portal\\\/?p=186517#article\",\"isPartOf\":{\"@id\":\"https:\\\/\\\/aconteceunovale.com.br\\\/portal\\\/?p=186517\"},\"author\":{\"name\":\"Reda\u00e7\u00e3o Aconteceu no Vale\",\"@id\":\"https:\\\/\\\/aconteceunovale.com.br\\\/portal\\\/#\\\/schema\\\/person\\\/7d2f26d1483f8a63de73da1ee0754d35\"},\"headline\":\"Prorrogadas as inscri\u00e7\u00f5es para contrata\u00e7\u00e3o de psic\u00f3logos e assistentes sociais na rede estadual de ensino\",\"datePublished\":\"2022-01-31T18:30:25+00:00\",\"dateModified\":\"2022-01-31T18:30:49+00:00\",\"mainEntityOfPage\":{\"@id\":\"https:\\\/\\\/aconteceunovale.com.br\\\/portal\\\/?p=186517\"},\"wordCount\":465,\"commentCount\":0,\"image\":{\"@id\":\"https:\\\/\\\/aconteceunovale.com.br\\\/portal\\\/?p=186517#primaryimage\"},\"thumbnailUrl\":\"https:\\\/\\\/aconteceunovale.com.br\\\/portal\\\/wp-content\\\/uploads\\\/2022\\\/01\\\/escola_mg.jpeg\",\"keywords\":[\"Assistentes sociais rede de ensino Minas Gerais\",\"Contrata\u00e7\u00e3o de assistentes sociais para a rede estadual de ensino em Minas Gerais\",\"Contrata\u00e7\u00e3o de psic\u00f3logos para a rede estadual de ensino em Minas Gerais\",\"Minas Gerais\",\"processo seletivo da SEE-MG\",\"Prorrogadas as inscri\u00e7\u00f5es para contrata\u00e7\u00e3o de psic\u00f3logos e assistentes sociais na rede estadual de ensino\",\"Psic\u00f3logos rede de ensino Minas Gerais\",\"SEE-MG\"],\"articleSection\":[\"Concursos\",\"Educa\u00e7\u00e3o\",\"Minas Gerais\"],\"inLanguage\":\"pt-BR\",\"potentialAction\":[{\"@type\":\"CommentAction\",\"name\":\"Comment\",\"target\":[\"https:\\\/\\\/aconteceunovale.com.br\\\/portal\\\/?p=186517#respond\"]}]},{\"@type\":\"WebPage\",\"@id\":\"https:\\\/\\\/aconteceunovale.com.br\\\/portal\\\/?p=186517\",\"url\":\"https:\\\/\\\/aconteceunovale.com.br\\\/portal\\\/?p=186517\",\"name\":\"Prorrogadas as inscri\u00e7\u00f5es para contrata\u00e7\u00e3o de psic\u00f3logos e assistentes sociais na rede estadual de ensino - Aconteceu no Vale\",\"isPartOf\":{\"@id\":\"https:\\\/\\\/aconteceunovale.com.br\\\/portal\\\/#website\"},\"primaryImageOfPage\":{\"@id\":\"https:\\\/\\\/aconteceunovale.com.br\\\/portal\\\/?p=186517#primaryimage\"},\"image\":{\"@id\":\"https:\\\/\\\/aconteceunovale.com.br\\\/portal\\\/?p=186517#primaryimage\"},\"thumbnailUrl\":\"https:\\\/\\\/aconteceunovale.com.br\\\/portal\\\/wp-content\\\/uploads\\\/2022\\\/01\\\/escola_mg.jpeg\",\"datePublished\":\"2022-01-31T18:30:25+00:00\",\"dateModified\":\"2022-01-31T18:30:49+00:00\",\"author\":{\"@id\":\"https:\\\/\\\/aconteceunovale.com.br\\\/portal\\\/#\\\/schema\\\/person\\\/7d2f26d1483f8a63de73da1ee0754d35\"},\"breadcrumb\":{\"@id\":\"https:\\\/\\\/aconteceunovale.com.br\\\/portal\\\/?p=186517#breadcrumb\"},\"inLanguage\":\"pt-BR\",\"potentialAction\":[{\"@type\":\"ReadAction\",\"target\":[\"https:\\\/\\\/aconteceunovale.com.br\\\/portal\\\/?p=186517\"]}]},{\"@type\":\"ImageObject\",\"inLanguage\":\"pt-BR\",\"@id\":\"https:\\\/\\\/aconteceunovale.com.br\\\/portal\\\/?p=186517#primaryimage\",\"url\":\"https:\\\/\\\/aconteceunovale.com.br\\\/portal\\\/wp-content\\\/uploads\\\/2022\\\/01\\\/escola_mg.jpeg\",\"contentUrl\":\"https:\\\/\\\/aconteceunovale.com.br\\\/portal\\\/wp-content\\\/uploads\\\/2022\\\/01\\\/escola_mg.jpeg\",\"width\":620,\"height\":368},{\"@type\":\"BreadcrumbList\",\"@id\":\"https:\\\/\\\/aconteceunovale.com.br\\\/portal\\\/?p=186517#breadcrumb\",\"itemListElement\":[{\"@type\":\"ListItem\",\"position\":1,\"name\":\"In\u00edcio\",\"item\":\"https:\\\/\\\/aconteceunovale.com.br\\\/portal\\\/\"},{\"@type\":\"ListItem\",\"position\":2,\"name\":\"Prorrogadas as inscri\u00e7\u00f5es para contrata\u00e7\u00e3o de psic\u00f3logos e assistentes sociais na rede estadual de ensino\"}]},{\"@type\":\"WebSite\",\"@id\":\"https:\\\/\\\/aconteceunovale.com.br\\\/portal\\\/#website\",\"url\":\"https:\\\/\\\/aconteceunovale.com.br\\\/portal\\\/\",\"name\":\"Aconteceu no Vale\",\"description\":\"Portal de Not\u00edcias\",\"potentialAction\":[{\"@type\":\"SearchAction\",\"target\":{\"@type\":\"EntryPoint\",\"urlTemplate\":\"https:\\\/\\\/aconteceunovale.com.br\\\/portal\\\/?s={search_term_string}\"},\"query-input\":{\"@type\":\"PropertyValueSpecification\",\"valueRequired\":true,\"valueName\":\"search_term_string\"}}],\"inLanguage\":\"pt-BR\"},{\"@type\":\"Person\",\"@id\":\"https:\\\/\\\/aconteceunovale.com.br\\\/portal\\\/#\\\/schema\\\/person\\\/7d2f26d1483f8a63de73da1ee0754d35\",\"name\":\"Reda\u00e7\u00e3o Aconteceu no Vale\",\"description\":\"Equipe de reportagem do Aconteceu no Vale, portal de not\u00edcias do Vale do Jequitinhonha, em Minas Gerais. Cobrimos as 51 cidades do Vale desde 2013. Sugest\u00f5es de pauta e pedidos de corre\u00e7\u00e3o: contato@aconteceunovale.com.br\",\"url\":\"https:\\\/\\\/aconteceunovale.com.br\\\/portal\\\/?author=4\"}]}<\/script>\n<!-- \/ Yoast SEO plugin. -->","yoast_head_json":{"title":"Prorrogadas as inscri\u00e7\u00f5es para contrata\u00e7\u00e3o de psic\u00f3logos e assistentes sociais na rede estadual de ensino - Aconteceu no Vale","robots":{"index":"index","follow":"follow","max-snippet":"max-snippet:-1","max-image-preview":"max-image-preview:large","max-video-preview":"max-video-preview:-1"},"canonical":"https:\/\/aconteceunovale.com.br\/portal\/?p=186517","og_locale":"pt_BR","og_type":"article","og_title":"Prorrogadas as inscri\u00e7\u00f5es para contrata\u00e7\u00e3o de psic\u00f3logos e assistentes sociais na rede estadual de ensino - Aconteceu no Vale","og_description":"Psic\u00f3logos e assistentes sociais interessados em atuar na rede estadual de ensino de Minas Gerais ter\u00e3o mais uma chance de inscri\u00e7\u00e3o. A\u00a0Secretaria de Estado de Educa\u00e7\u00e3o (SEE\/MG)\u00a0prorrogou, at\u00e9 7\/2, o prazo para as candidaturas ao Processo Seletivo Simplificado (PPS), que busca contratar esses profissionais. A inscri\u00e7\u00e3o e o envio da documenta\u00e7\u00e3o devem ser feitas pela [&hellip;]","og_url":"https:\/\/aconteceunovale.com.br\/portal\/?p=186517","og_site_name":"Aconteceu no Vale","article_publisher":"https:\/\/www.facebook.com\/aconteceunovale\/","article_published_time":"2022-01-31T18:30:25+00:00","article_modified_time":"2022-01-31T18:30:49+00:00","og_image":[{"width":620,"height":368,"url":"https:\/\/aconteceunovale.com.br\/portal\/wp-content\/uploads\/2022\/01\/escola_mg.jpeg","type":"image\/jpeg"}],"author":"Reda\u00e7\u00e3o Aconteceu no Vale","twitter_card":"summary_large_image","twitter_creator":"@noticiadosvales","twitter_site":"@noticiadosvales","twitter_misc":{"Escrito por":"Reda\u00e7\u00e3o Aconteceu no Vale","Est. tempo de leitura":"2 minutos"},"schema":{"@context":"https:\/\/schema.org","@graph":[{"@type":"Article","@id":"https:\/\/aconteceunovale.com.br\/portal\/?p=186517#article","isPartOf":{"@id":"https:\/\/aconteceunovale.com.br\/portal\/?p=186517"},"author":{"name":"Reda\u00e7\u00e3o Aconteceu no Vale","@id":"https:\/\/aconteceunovale.com.br\/portal\/#\/schema\/person\/7d2f26d1483f8a63de73da1ee0754d35"},"headline":"Prorrogadas as inscri\u00e7\u00f5es para contrata\u00e7\u00e3o de psic\u00f3logos e assistentes sociais na rede estadual de ensino","datePublished":"2022-01-31T18:30:25+00:00","dateModified":"2022-01-31T18:30:49+00:00","mainEntityOfPage":{"@id":"https:\/\/aconteceunovale.com.br\/portal\/?p=186517"},"wordCount":465,"commentCount":0,"image":{"@id":"https:\/\/aconteceunovale.com.br\/portal\/?p=186517#primaryimage"},"thumbnailUrl":"https:\/\/aconteceunovale.com.br\/portal\/wp-content\/uploads\/2022\/01\/escola_mg.jpeg","keywords":["Assistentes sociais rede de ensino Minas Gerais","Contrata\u00e7\u00e3o de assistentes sociais para a rede estadual de ensino em Minas Gerais","Contrata\u00e7\u00e3o de psic\u00f3logos para a rede estadual de ensino em Minas Gerais","Minas Gerais","processo seletivo da SEE-MG","Prorrogadas as inscri\u00e7\u00f5es para contrata\u00e7\u00e3o de psic\u00f3logos e assistentes sociais na rede estadual de ensino","Psic\u00f3logos rede de ensino Minas Gerais","SEE-MG"],"articleSection":["Concursos","Educa\u00e7\u00e3o","Minas Gerais"],"inLanguage":"pt-BR","potentialAction":[{"@type":"CommentAction","name":"Comment","target":["https:\/\/aconteceunovale.com.br\/portal\/?p=186517#respond"]}]},{"@type":"WebPage","@id":"https:\/\/aconteceunovale.com.br\/portal\/?p=186517","url":"https:\/\/aconteceunovale.com.br\/portal\/?p=186517","name":"Prorrogadas as inscri\u00e7\u00f5es para contrata\u00e7\u00e3o de psic\u00f3logos e assistentes sociais na rede estadual de ensino - Aconteceu no Vale","isPartOf":{"@id":"https:\/\/aconteceunovale.com.br\/portal\/#website"},"primaryImageOfPage":{"@id":"https:\/\/aconteceunovale.com.br\/portal\/?p=186517#primaryimage"},"image":{"@id":"https:\/\/aconteceunovale.com.br\/portal\/?p=186517#primaryimage"},"thumbnailUrl":"https:\/\/aconteceunovale.com.br\/portal\/wp-content\/uploads\/2022\/01\/escola_mg.jpeg","datePublished":"2022-01-31T18:30:25+00:00","dateModified":"2022-01-31T18:30:49+00:00","author":{"@id":"https:\/\/aconteceunovale.com.br\/portal\/#\/schema\/person\/7d2f26d1483f8a63de73da1ee0754d35"},"breadcrumb":{"@id":"https:\/\/aconteceunovale.com.br\/portal\/?p=186517#breadcrumb"},"inLanguage":"pt-BR","potentialAction":[{"@type":"ReadAction","target":["https:\/\/aconteceunovale.com.br\/portal\/?p=186517"]}]},{"@type":"ImageObject","inLanguage":"pt-BR","@id":"https:\/\/aconteceunovale.com.br\/portal\/?p=186517#primaryimage","url":"https:\/\/aconteceunovale.com.br\/portal\/wp-content\/uploads\/2022\/01\/escola_mg.jpeg","contentUrl":"https:\/\/aconteceunovale.com.br\/portal\/wp-content\/uploads\/2022\/01\/escola_mg.jpeg","width":620,"height":368},{"@type":"BreadcrumbList","@id":"https:\/\/aconteceunovale.com.br\/portal\/?p=186517#breadcrumb","itemListElement":[{"@type":"ListItem","position":1,"name":"In\u00edcio","item":"https:\/\/aconteceunovale.com.br\/portal\/"},{"@type":"ListItem","position":2,"name":"Prorrogadas as inscri\u00e7\u00f5es para contrata\u00e7\u00e3o de psic\u00f3logos e assistentes sociais na rede estadual de ensino"}]},{"@type":"WebSite","@id":"https:\/\/aconteceunovale.com.br\/portal\/#website","url":"https:\/\/aconteceunovale.com.br\/portal\/","name":"Aconteceu no Vale","description":"Portal de Not\u00edcias","potentialAction":[{"@type":"SearchAction","target":{"@type":"EntryPoint","urlTemplate":"https:\/\/aconteceunovale.com.br\/portal\/?s={search_term_string}"},"query-input":{"@type":"PropertyValueSpecification","valueRequired":true,"valueName":"search_term_string"}}],"inLanguage":"pt-BR"},{"@type":"Person","@id":"https:\/\/aconteceunovale.com.br\/portal\/#\/schema\/person\/7d2f26d1483f8a63de73da1ee0754d35","name":"Reda\u00e7\u00e3o Aconteceu no Vale","description":"Equipe de reportagem do Aconteceu no Vale, portal de not\u00edcias do Vale do Jequitinhonha, em Minas Gerais. Cobrimos as 51 cidades do Vale desde 2013. Sugest\u00f5es de pauta e pedidos de corre\u00e7\u00e3o: contato@aconteceunovale.com.br","url":"https:\/\/aconteceunovale.com.br\/portal\/?author=4"}]}},"_links":{"self":[{"href":"https:\/\/aconteceunovale.com.br\/portal\/index.php?rest_route=\/wp\/v2\/posts\/186517","targetHints":{"allow":["GET"]}}],"collection":[{"href":"https:\/\/aconteceunovale.com.br\/portal\/index.php?rest_route=\/wp\/v2\/posts"}],"about":[{"href":"https:\/\/aconteceunovale.com.br\/portal\/index.php?rest_route=\/wp\/v2\/types\/post"}],"author":[{"embeddable":true,"href":"https:\/\/aconteceunovale.com.br\/portal\/index.php?rest_route=\/wp\/v2\/users\/4"}],"replies":[{"embeddable":true,"href":"https:\/\/aconteceunovale.com.br\/portal\/index.php?rest_route=%2Fwp%2Fv2%2Fcomments&post=186517"}],"version-history":[{"count":1,"href":"https:\/\/aconteceunovale.com.br\/portal\/index.php?rest_route=\/wp\/v2\/posts\/186517\/revisions"}],"predecessor-version":[{"id":186519,"href":"https:\/\/aconteceunovale.com.br\/portal\/index.php?rest_route=\/wp\/v2\/posts\/186517\/revisions\/186519"}],"wp:featuredmedia":[{"embeddable":true,"href":"https:\/\/aconteceunovale.com.br\/portal\/index.php?rest_route=\/wp\/v2\/media\/186518"}],"wp:attachment":[{"href":"https:\/\/aconteceunovale.com.br\/portal\/index.php?rest_route=%2Fwp%2Fv2%2Fmedia&parent=186517"}],"wp:term":[{"taxonomy":"category","embeddable":true,"href":"https:\/\/aconteceunovale.com.br\/portal\/index.php?rest_route=%2Fwp%2Fv2%2Fcategories&post=186517"},{"taxonomy":"post_tag","embeddable":true,"href":"https:\/\/aconteceunovale.com.br\/portal\/index.php?rest_route=%2Fwp%2Fv2%2Ftags&post=186517"}],"curies":[{"name":"wp","href":"https:\/\/api.w.org\/{rel}","templated":true}]}}