{"id":186503,"date":"2022-01-31T11:29:11","date_gmt":"2022-01-31T14:29:11","guid":{"rendered":"https:\/\/aconteceunovale.com.br\/portal\/?p=186503"},"modified":"2022-01-31T11:29:59","modified_gmt":"2022-01-31T14:29:59","slug":"inscricoes-para-programa-de-estagio-da-cemig-terminam-nesta-terca-feira","status":"publish","type":"post","link":"https:\/\/aconteceunovale.com.br\/portal\/?p=186503","title":{"rendered":"Inscri\u00e7\u00f5es para Programa de Est\u00e1gio da Cemig terminam nesta ter\u00e7a-feira"},"content":{"rendered":"\n<p class=\"wp-block-paragraph\">A Cemig encerra, nesta ter\u00e7a-feira (1\/2\/2022), as inscri\u00e7\u00f5es para o Programa de Est\u00e1gio 2022 da companhia. Ao todo, ser\u00e3o oferecidas cem vagas, distribu\u00eddas entre n\u00edvel superior e n\u00edvel m\u00e9dio t\u00e9cnico. As inscri\u00e7\u00f5es devem ser feitas no site da Ag\u00eancia de Integra\u00e7\u00e3o Empresa Escola (AGIEL), por meio do link\u00a0<a rel=\"noreferrer noopener\" href=\"https:\/\/www.agiel.com.br\/site\/processo-seletivo\/cemig_2022\" target=\"_blank\">https:\/\/www.agiel.com.br\/site\/processo-seletivo\/cemig_2022<\/a>.<\/p>\n\n\n\n<p class=\"wp-block-paragraph\">O in\u00edcio do est\u00e1gio est\u00e1 previsto para abril de 2022, com encerramento em dezembro do mesmo ano. \u00c9 o que explica o gerente de Folha de Pagamento e Benef\u00edcios da Cemig, Gerson Oliveira dos Santos. \u201cA carga hor\u00e1ria \u00e9 de quatro horas di\u00e1rias, de segunda a sexta-feira, totalizando 20 horas semanais\u201d, comenta. \u201cOs candidatos selecionados receber\u00e3o bolsa de complementa\u00e7\u00e3o escolar, nos valores de 1,2 sal\u00e1rio m\u00ednimo para estudantes de n\u00edvel superior e um sal\u00e1rio m\u00ednimo para os de n\u00edvel t\u00e9cnico, com direito a vale-transporte&#8221;, completa.<\/p>\n\n\n\n<p class=\"wp-block-paragraph\">As vagas ser\u00e3o distribu\u00eddas entre os munic\u00edpios de Belo Horizonte, Conselheiro Lafaiete, Contagem, Divin\u00f3polis, Governador Valadares, Ipatinga, Juiz de Fora, Lavras, Montes Claros, Pouso Alegre, Sete Lagoas, Uberaba e Uberl\u00e2ndia.<\/p>\n\n\n\n<h2 class=\"wp-block-heading\" id=\"processo-seletivo\"><strong>Processo seletivo&nbsp;<\/strong><\/h2>\n\n\n\n<p class=\"wp-block-paragraph\">A sele\u00e7\u00e3o ser\u00e1 realizada em tr\u00eas etapas. A primeira ser\u00e1 eliminat\u00f3ria e consistir\u00e1 na aplica\u00e7\u00e3o de prova on-line, composta por quest\u00f5es referentes aos conte\u00fados de Portugu\u00eas, Conhecimentos Gerais e Atualidades. A segunda etapa ser\u00e1 classificat\u00f3ria. Nela, o candidato deve escolher a vaga de seu interesse e, em seguida, \u00e9 a vez do envio e da an\u00e1lise do Hist\u00f3rico Escolar.<\/p>\n\n\n\n<p class=\"wp-block-paragraph\">Todos os estudantes aprovados na prova on-line devem se candidatar a uma das vagas dispon\u00edveis. Nesse momento, dever\u00e1 ser informada a m\u00e9dia escolar. J\u00e1 a terceira etapa ser\u00e1 eliminat\u00f3ria, com realiza\u00e7\u00e3o de entrevistas t\u00e9cnicas por gestores da Cemig.<\/p>\n\n\n\n<p class=\"wp-block-paragraph\">A lista completa de cursos, a rela\u00e7\u00e3o curso x cidade e demais especifica\u00e7\u00f5es podem ser conferidas no regulamento.\u00a0D\u00favidas ou esclarecimentos em rela\u00e7\u00e3o ao processo seletivo ser\u00e3o respondidos exclusivamente pelo e-mail\u00a0<a href=\"mailto:cemig2022@agiel.com.br\" target=\"_blank\" rel=\"noreferrer noopener\">cemig2022@agiel.com.br<\/a>.<\/p>\n\n\n\n<p class=\"wp-block-paragraph\">&#8212;&#8212;&#8212;&#8212;&#8212;&#8212;<br><em>Quer receber as not\u00edcias do <strong>Aconteceu no Vale<\/strong> em primeira m\u00e3o? Siga-nos no Facebook <a rel=\"noreferrer noopener\" href=\"http:\/\/facebook.com\/aconteceunovale\" target=\"_blank\">@aconteceunovale<\/a>, Twitter <a rel=\"noreferrer noopener\" href=\"https:\/\/twitter.com\/noticiadosvales\" target=\"_blank\">@noticiadosvales<\/a> e Instagram <a rel=\"noreferrer noopener\" href=\"https:\/\/www.instagram.com\/aconteceunovale\" target=\"_blank\">@aconteceunovale<\/a>.<\/em><\/p>\n","protected":false},"excerpt":{"rendered":"<p>A Cemig encerra, nesta ter\u00e7a-feira (1\/2\/2022), as inscri\u00e7\u00f5es para o Programa de Est\u00e1gio 2022 da companhia. Ao todo, ser\u00e3o oferecidas cem vagas, distribu\u00eddas entre n\u00edvel superior e n\u00edvel m\u00e9dio t\u00e9cnico. As inscri\u00e7\u00f5es devem ser feitas no site da Ag\u00eancia de Integra\u00e7\u00e3o Empresa Escola (AGIEL), por meio do link\u00a0https:\/\/www.agiel.com.br\/site\/processo-seletivo\/cemig_2022. O in\u00edcio do est\u00e1gio est\u00e1 previsto para [&hellip;]<\/p>\n","protected":false},"author":4,"featured_media":186504,"comment_status":"open","ping_status":"closed","sticky":false,"template":"","format":"standard","meta":{"amp_status":"","footnotes":""},"categories":[40237,40238,40236,123],"tags":[194,1017,347,257596,1528,956,199,199657,247,201,206,207,210,216,257598,257597,257599,1532,220,221],"class_list":["post-186503","post","type-post","status-publish","format-standard","has-post-thumbnail","hentry","category-concursos","category-educacao-2","category-empregos-2","category-gerais","tag-belo-horizonte","tag-bh","tag-cemig","tag-cemig-abre-inscricoes-para-programa-de-estagio","tag-conselheiro-lafaiete","tag-contagem","tag-divinopolis","tag-estagio-na-cemig","tag-governador-valadares","tag-ipatinga","tag-juiz-de-fora","tag-lavras","tag-montes-claros","tag-pouso-alegre","tag-processo-seletivo-cemig","tag-programa-de-estagio-2022-da-cemig","tag-selecao-cemig","tag-sete-lagoas","tag-uberaba","tag-uberlandia"],"yoast_head":"<!-- This site is optimized with the Yoast SEO plugin v28.3 - https:\/\/yoast.com\/product\/yoast-seo-wordpress\/ -->\n<title>Inscri\u00e7\u00f5es para Programa de Est\u00e1gio da Cemig terminam nesta ter\u00e7a-feira - Aconteceu no Vale<\/title>\n<meta name=\"robots\" content=\"index, follow, max-snippet:-1, max-image-preview:large, max-video-preview:-1\" \/>\n<link rel=\"canonical\" href=\"https:\/\/aconteceunovale.com.br\/portal\/?p=186503\" \/>\n<meta property=\"og:locale\" content=\"pt_BR\" \/>\n<meta property=\"og:type\" content=\"article\" \/>\n<meta property=\"og:title\" content=\"Inscri\u00e7\u00f5es para Programa de Est\u00e1gio da Cemig terminam nesta ter\u00e7a-feira - Aconteceu no Vale\" \/>\n<meta property=\"og:description\" content=\"A Cemig encerra, nesta ter\u00e7a-feira (1\/2\/2022), as inscri\u00e7\u00f5es para o Programa de Est\u00e1gio 2022 da companhia. Ao todo, ser\u00e3o oferecidas cem vagas, distribu\u00eddas entre n\u00edvel superior e n\u00edvel m\u00e9dio t\u00e9cnico. As inscri\u00e7\u00f5es devem ser feitas no site da Ag\u00eancia de Integra\u00e7\u00e3o Empresa Escola (AGIEL), por meio do link\u00a0https:\/\/www.agiel.com.br\/site\/processo-seletivo\/cemig_2022. O in\u00edcio do est\u00e1gio est\u00e1 previsto para [&hellip;]\" \/>\n<meta property=\"og:url\" content=\"https:\/\/aconteceunovale.com.br\/portal\/?p=186503\" \/>\n<meta property=\"og:site_name\" content=\"Aconteceu no Vale\" \/>\n<meta property=\"article:publisher\" content=\"https:\/\/www.facebook.com\/aconteceunovale\/\" \/>\n<meta property=\"article:published_time\" content=\"2022-01-31T14:29:11+00:00\" \/>\n<meta property=\"article:modified_time\" content=\"2022-01-31T14:29:59+00:00\" \/>\n<meta property=\"og:image\" content=\"https:\/\/aconteceunovale.com.br\/portal\/wp-content\/uploads\/2022\/01\/sede_cemig.jpg\" \/>\n\t<meta property=\"og:image:width\" content=\"619\" \/>\n\t<meta property=\"og:image:height\" content=\"450\" \/>\n\t<meta property=\"og:image:type\" content=\"image\/jpeg\" \/>\n<meta name=\"author\" content=\"Reda\u00e7\u00e3o Aconteceu no Vale\" \/>\n<meta name=\"twitter:card\" content=\"summary_large_image\" \/>\n<meta name=\"twitter:creator\" content=\"@noticiadosvales\" \/>\n<meta name=\"twitter:site\" content=\"@noticiadosvales\" \/>\n<meta name=\"twitter:label1\" content=\"Escrito por\" \/>\n\t<meta name=\"twitter:data1\" content=\"Reda\u00e7\u00e3o Aconteceu no Vale\" \/>\n\t<meta name=\"twitter:label2\" content=\"Est. tempo de leitura\" \/>\n\t<meta name=\"twitter:data2\" content=\"2 minutos\" \/>\n<script type=\"application\/ld+json\" class=\"yoast-schema-graph\">{\"@context\":\"https:\\\/\\\/schema.org\",\"@graph\":[{\"@type\":\"Article\",\"@id\":\"https:\\\/\\\/aconteceunovale.com.br\\\/portal\\\/?p=186503#article\",\"isPartOf\":{\"@id\":\"https:\\\/\\\/aconteceunovale.com.br\\\/portal\\\/?p=186503\"},\"author\":{\"name\":\"Reda\u00e7\u00e3o Aconteceu no Vale\",\"@id\":\"https:\\\/\\\/aconteceunovale.com.br\\\/portal\\\/#\\\/schema\\\/person\\\/7d2f26d1483f8a63de73da1ee0754d35\"},\"headline\":\"Inscri\u00e7\u00f5es para Programa de Est\u00e1gio da Cemig terminam nesta ter\u00e7a-feira\",\"datePublished\":\"2022-01-31T14:29:11+00:00\",\"dateModified\":\"2022-01-31T14:29:59+00:00\",\"mainEntityOfPage\":{\"@id\":\"https:\\\/\\\/aconteceunovale.com.br\\\/portal\\\/?p=186503\"},\"wordCount\":385,\"commentCount\":0,\"image\":{\"@id\":\"https:\\\/\\\/aconteceunovale.com.br\\\/portal\\\/?p=186503#primaryimage\"},\"thumbnailUrl\":\"https:\\\/\\\/aconteceunovale.com.br\\\/portal\\\/wp-content\\\/uploads\\\/2022\\\/01\\\/sede_cemig.jpg\",\"keywords\":[\"Belo Horizonte\",\"bh\",\"cemig\",\"Cemig abre inscri\u00e7\u00f5es para programa de est\u00e1gio\",\"Conselheiro Lafaiete\",\"Contagem\",\"Divin\u00f3polis\",\"Est\u00e1gio na Cemig\",\"Governador Valadares\",\"Ipatinga\",\"Juiz de Fora\",\"Lavras\",\"Montes Claros\",\"Pouso Alegre\",\"Processo seletivo Cemig\",\"Programa de Est\u00e1gio 2022 da Cemig\",\"Sele\u00e7\u00e3o Cemig\",\"Sete Lagoas\",\"Uberaba\",\"Uberl\u00e2ndia\"],\"articleSection\":[\"Concursos\",\"Educa\u00e7\u00e3o\",\"Empregos\",\"Minas Gerais\"],\"inLanguage\":\"pt-BR\",\"potentialAction\":[{\"@type\":\"CommentAction\",\"name\":\"Comment\",\"target\":[\"https:\\\/\\\/aconteceunovale.com.br\\\/portal\\\/?p=186503#respond\"]}]},{\"@type\":\"WebPage\",\"@id\":\"https:\\\/\\\/aconteceunovale.com.br\\\/portal\\\/?p=186503\",\"url\":\"https:\\\/\\\/aconteceunovale.com.br\\\/portal\\\/?p=186503\",\"name\":\"Inscri\u00e7\u00f5es para Programa de Est\u00e1gio da Cemig terminam nesta ter\u00e7a-feira - Aconteceu no Vale\",\"isPartOf\":{\"@id\":\"https:\\\/\\\/aconteceunovale.com.br\\\/portal\\\/#website\"},\"primaryImageOfPage\":{\"@id\":\"https:\\\/\\\/aconteceunovale.com.br\\\/portal\\\/?p=186503#primaryimage\"},\"image\":{\"@id\":\"https:\\\/\\\/aconteceunovale.com.br\\\/portal\\\/?p=186503#primaryimage\"},\"thumbnailUrl\":\"https:\\\/\\\/aconteceunovale.com.br\\\/portal\\\/wp-content\\\/uploads\\\/2022\\\/01\\\/sede_cemig.jpg\",\"datePublished\":\"2022-01-31T14:29:11+00:00\",\"dateModified\":\"2022-01-31T14:29:59+00:00\",\"author\":{\"@id\":\"https:\\\/\\\/aconteceunovale.com.br\\\/portal\\\/#\\\/schema\\\/person\\\/7d2f26d1483f8a63de73da1ee0754d35\"},\"breadcrumb\":{\"@id\":\"https:\\\/\\\/aconteceunovale.com.br\\\/portal\\\/?p=186503#breadcrumb\"},\"inLanguage\":\"pt-BR\",\"potentialAction\":[{\"@type\":\"ReadAction\",\"target\":[\"https:\\\/\\\/aconteceunovale.com.br\\\/portal\\\/?p=186503\"]}]},{\"@type\":\"ImageObject\",\"inLanguage\":\"pt-BR\",\"@id\":\"https:\\\/\\\/aconteceunovale.com.br\\\/portal\\\/?p=186503#primaryimage\",\"url\":\"https:\\\/\\\/aconteceunovale.com.br\\\/portal\\\/wp-content\\\/uploads\\\/2022\\\/01\\\/sede_cemig.jpg\",\"contentUrl\":\"https:\\\/\\\/aconteceunovale.com.br\\\/portal\\\/wp-content\\\/uploads\\\/2022\\\/01\\\/sede_cemig.jpg\",\"width\":619,\"height\":450},{\"@type\":\"BreadcrumbList\",\"@id\":\"https:\\\/\\\/aconteceunovale.com.br\\\/portal\\\/?p=186503#breadcrumb\",\"itemListElement\":[{\"@type\":\"ListItem\",\"position\":1,\"name\":\"In\u00edcio\",\"item\":\"https:\\\/\\\/aconteceunovale.com.br\\\/portal\\\/\"},{\"@type\":\"ListItem\",\"position\":2,\"name\":\"Inscri\u00e7\u00f5es para Programa de Est\u00e1gio da Cemig terminam nesta ter\u00e7a-feira\"}]},{\"@type\":\"WebSite\",\"@id\":\"https:\\\/\\\/aconteceunovale.com.br\\\/portal\\\/#website\",\"url\":\"https:\\\/\\\/aconteceunovale.com.br\\\/portal\\\/\",\"name\":\"Aconteceu no Vale\",\"description\":\"Portal de Not\u00edcias\",\"potentialAction\":[{\"@type\":\"SearchAction\",\"target\":{\"@type\":\"EntryPoint\",\"urlTemplate\":\"https:\\\/\\\/aconteceunovale.com.br\\\/portal\\\/?s={search_term_string}\"},\"query-input\":{\"@type\":\"PropertyValueSpecification\",\"valueRequired\":true,\"valueName\":\"search_term_string\"}}],\"inLanguage\":\"pt-BR\"},{\"@type\":\"Person\",\"@id\":\"https:\\\/\\\/aconteceunovale.com.br\\\/portal\\\/#\\\/schema\\\/person\\\/7d2f26d1483f8a63de73da1ee0754d35\",\"name\":\"Reda\u00e7\u00e3o Aconteceu no Vale\",\"description\":\"Equipe de reportagem do Aconteceu no Vale, portal de not\u00edcias do Vale do Jequitinhonha, em Minas Gerais. Cobrimos as 51 cidades do Vale desde 2013. Sugest\u00f5es de pauta e pedidos de corre\u00e7\u00e3o: contato@aconteceunovale.com.br\",\"url\":\"https:\\\/\\\/aconteceunovale.com.br\\\/portal\\\/?author=4\"}]}<\/script>\n<!-- \/ Yoast SEO plugin. -->","yoast_head_json":{"title":"Inscri\u00e7\u00f5es para Programa de Est\u00e1gio da Cemig terminam nesta ter\u00e7a-feira - Aconteceu no Vale","robots":{"index":"index","follow":"follow","max-snippet":"max-snippet:-1","max-image-preview":"max-image-preview:large","max-video-preview":"max-video-preview:-1"},"canonical":"https:\/\/aconteceunovale.com.br\/portal\/?p=186503","og_locale":"pt_BR","og_type":"article","og_title":"Inscri\u00e7\u00f5es para Programa de Est\u00e1gio da Cemig terminam nesta ter\u00e7a-feira - Aconteceu no Vale","og_description":"A Cemig encerra, nesta ter\u00e7a-feira (1\/2\/2022), as inscri\u00e7\u00f5es para o Programa de Est\u00e1gio 2022 da companhia. Ao todo, ser\u00e3o oferecidas cem vagas, distribu\u00eddas entre n\u00edvel superior e n\u00edvel m\u00e9dio t\u00e9cnico. As inscri\u00e7\u00f5es devem ser feitas no site da Ag\u00eancia de Integra\u00e7\u00e3o Empresa Escola (AGIEL), por meio do link\u00a0https:\/\/www.agiel.com.br\/site\/processo-seletivo\/cemig_2022. O in\u00edcio do est\u00e1gio est\u00e1 previsto para [&hellip;]","og_url":"https:\/\/aconteceunovale.com.br\/portal\/?p=186503","og_site_name":"Aconteceu no Vale","article_publisher":"https:\/\/www.facebook.com\/aconteceunovale\/","article_published_time":"2022-01-31T14:29:11+00:00","article_modified_time":"2022-01-31T14:29:59+00:00","og_image":[{"width":619,"height":450,"url":"https:\/\/aconteceunovale.com.br\/portal\/wp-content\/uploads\/2022\/01\/sede_cemig.jpg","type":"image\/jpeg"}],"author":"Reda\u00e7\u00e3o Aconteceu no Vale","twitter_card":"summary_large_image","twitter_creator":"@noticiadosvales","twitter_site":"@noticiadosvales","twitter_misc":{"Escrito por":"Reda\u00e7\u00e3o Aconteceu no Vale","Est. tempo de leitura":"2 minutos"},"schema":{"@context":"https:\/\/schema.org","@graph":[{"@type":"Article","@id":"https:\/\/aconteceunovale.com.br\/portal\/?p=186503#article","isPartOf":{"@id":"https:\/\/aconteceunovale.com.br\/portal\/?p=186503"},"author":{"name":"Reda\u00e7\u00e3o Aconteceu no Vale","@id":"https:\/\/aconteceunovale.com.br\/portal\/#\/schema\/person\/7d2f26d1483f8a63de73da1ee0754d35"},"headline":"Inscri\u00e7\u00f5es para Programa de Est\u00e1gio da Cemig terminam nesta ter\u00e7a-feira","datePublished":"2022-01-31T14:29:11+00:00","dateModified":"2022-01-31T14:29:59+00:00","mainEntityOfPage":{"@id":"https:\/\/aconteceunovale.com.br\/portal\/?p=186503"},"wordCount":385,"commentCount":0,"image":{"@id":"https:\/\/aconteceunovale.com.br\/portal\/?p=186503#primaryimage"},"thumbnailUrl":"https:\/\/aconteceunovale.com.br\/portal\/wp-content\/uploads\/2022\/01\/sede_cemig.jpg","keywords":["Belo Horizonte","bh","cemig","Cemig abre inscri\u00e7\u00f5es para programa de est\u00e1gio","Conselheiro Lafaiete","Contagem","Divin\u00f3polis","Est\u00e1gio na Cemig","Governador Valadares","Ipatinga","Juiz de Fora","Lavras","Montes Claros","Pouso Alegre","Processo seletivo Cemig","Programa de Est\u00e1gio 2022 da Cemig","Sele\u00e7\u00e3o Cemig","Sete Lagoas","Uberaba","Uberl\u00e2ndia"],"articleSection":["Concursos","Educa\u00e7\u00e3o","Empregos","Minas Gerais"],"inLanguage":"pt-BR","potentialAction":[{"@type":"CommentAction","name":"Comment","target":["https:\/\/aconteceunovale.com.br\/portal\/?p=186503#respond"]}]},{"@type":"WebPage","@id":"https:\/\/aconteceunovale.com.br\/portal\/?p=186503","url":"https:\/\/aconteceunovale.com.br\/portal\/?p=186503","name":"Inscri\u00e7\u00f5es para Programa de Est\u00e1gio da Cemig terminam nesta ter\u00e7a-feira - Aconteceu no Vale","isPartOf":{"@id":"https:\/\/aconteceunovale.com.br\/portal\/#website"},"primaryImageOfPage":{"@id":"https:\/\/aconteceunovale.com.br\/portal\/?p=186503#primaryimage"},"image":{"@id":"https:\/\/aconteceunovale.com.br\/portal\/?p=186503#primaryimage"},"thumbnailUrl":"https:\/\/aconteceunovale.com.br\/portal\/wp-content\/uploads\/2022\/01\/sede_cemig.jpg","datePublished":"2022-01-31T14:29:11+00:00","dateModified":"2022-01-31T14:29:59+00:00","author":{"@id":"https:\/\/aconteceunovale.com.br\/portal\/#\/schema\/person\/7d2f26d1483f8a63de73da1ee0754d35"},"breadcrumb":{"@id":"https:\/\/aconteceunovale.com.br\/portal\/?p=186503#breadcrumb"},"inLanguage":"pt-BR","potentialAction":[{"@type":"ReadAction","target":["https:\/\/aconteceunovale.com.br\/portal\/?p=186503"]}]},{"@type":"ImageObject","inLanguage":"pt-BR","@id":"https:\/\/aconteceunovale.com.br\/portal\/?p=186503#primaryimage","url":"https:\/\/aconteceunovale.com.br\/portal\/wp-content\/uploads\/2022\/01\/sede_cemig.jpg","contentUrl":"https:\/\/aconteceunovale.com.br\/portal\/wp-content\/uploads\/2022\/01\/sede_cemig.jpg","width":619,"height":450},{"@type":"BreadcrumbList","@id":"https:\/\/aconteceunovale.com.br\/portal\/?p=186503#breadcrumb","itemListElement":[{"@type":"ListItem","position":1,"name":"In\u00edcio","item":"https:\/\/aconteceunovale.com.br\/portal\/"},{"@type":"ListItem","position":2,"name":"Inscri\u00e7\u00f5es para Programa de Est\u00e1gio da Cemig terminam nesta ter\u00e7a-feira"}]},{"@type":"WebSite","@id":"https:\/\/aconteceunovale.com.br\/portal\/#website","url":"https:\/\/aconteceunovale.com.br\/portal\/","name":"Aconteceu no Vale","description":"Portal de Not\u00edcias","potentialAction":[{"@type":"SearchAction","target":{"@type":"EntryPoint","urlTemplate":"https:\/\/aconteceunovale.com.br\/portal\/?s={search_term_string}"},"query-input":{"@type":"PropertyValueSpecification","valueRequired":true,"valueName":"search_term_string"}}],"inLanguage":"pt-BR"},{"@type":"Person","@id":"https:\/\/aconteceunovale.com.br\/portal\/#\/schema\/person\/7d2f26d1483f8a63de73da1ee0754d35","name":"Reda\u00e7\u00e3o Aconteceu no Vale","description":"Equipe de reportagem do Aconteceu no Vale, portal de not\u00edcias do Vale do Jequitinhonha, em Minas Gerais. Cobrimos as 51 cidades do Vale desde 2013. Sugest\u00f5es de pauta e pedidos de corre\u00e7\u00e3o: contato@aconteceunovale.com.br","url":"https:\/\/aconteceunovale.com.br\/portal\/?author=4"}]}},"_links":{"self":[{"href":"https:\/\/aconteceunovale.com.br\/portal\/index.php?rest_route=\/wp\/v2\/posts\/186503","targetHints":{"allow":["GET"]}}],"collection":[{"href":"https:\/\/aconteceunovale.com.br\/portal\/index.php?rest_route=\/wp\/v2\/posts"}],"about":[{"href":"https:\/\/aconteceunovale.com.br\/portal\/index.php?rest_route=\/wp\/v2\/types\/post"}],"author":[{"embeddable":true,"href":"https:\/\/aconteceunovale.com.br\/portal\/index.php?rest_route=\/wp\/v2\/users\/4"}],"replies":[{"embeddable":true,"href":"https:\/\/aconteceunovale.com.br\/portal\/index.php?rest_route=%2Fwp%2Fv2%2Fcomments&post=186503"}],"version-history":[{"count":1,"href":"https:\/\/aconteceunovale.com.br\/portal\/index.php?rest_route=\/wp\/v2\/posts\/186503\/revisions"}],"predecessor-version":[{"id":186505,"href":"https:\/\/aconteceunovale.com.br\/portal\/index.php?rest_route=\/wp\/v2\/posts\/186503\/revisions\/186505"}],"wp:featuredmedia":[{"embeddable":true,"href":"https:\/\/aconteceunovale.com.br\/portal\/index.php?rest_route=\/wp\/v2\/media\/186504"}],"wp:attachment":[{"href":"https:\/\/aconteceunovale.com.br\/portal\/index.php?rest_route=%2Fwp%2Fv2%2Fmedia&parent=186503"}],"wp:term":[{"taxonomy":"category","embeddable":true,"href":"https:\/\/aconteceunovale.com.br\/portal\/index.php?rest_route=%2Fwp%2Fv2%2Fcategories&post=186503"},{"taxonomy":"post_tag","embeddable":true,"href":"https:\/\/aconteceunovale.com.br\/portal\/index.php?rest_route=%2Fwp%2Fv2%2Ftags&post=186503"}],"curies":[{"name":"wp","href":"https:\/\/api.w.org\/{rel}","templated":true}]}}