{"id":186494,"date":"2022-01-30T22:48:34","date_gmt":"2022-01-31T01:48:34","guid":{"rendered":"https:\/\/aconteceunovale.com.br\/portal\/?p=186494"},"modified":"2022-01-30T22:50:39","modified_gmt":"2022-01-31T01:50:39","slug":"brasil-tem-40-milhoes-de-vacinados-com-dose-de-reforco-contra-covid-19","status":"publish","type":"post","link":"https:\/\/aconteceunovale.com.br\/portal\/?p=186494","title":{"rendered":"Brasil tem 40 milh\u00f5es de vacinados com dose de refor\u00e7o contra Covid-19"},"content":{"rendered":"\n<p class=\"wp-block-paragraph\">O Brasil ultrapassou neste\u00a0domingo\u00a0(30\/1\/2022) a marca de\u00a040 milh\u00f5es de brasileiros vacinados com a dose de refor\u00e7o contra a covid-19.\u00a0Segundo levantamento realizado pelo Minist\u00e9rio da Sa\u00fade, mais de 53 milh\u00f5es de brasileiros est\u00e3o aptos a receberem o refor\u00e7o na imuniza\u00e7\u00e3o, mas ainda n\u00e3o retornaram aos postos. Esse p\u00fablico j\u00e1 pode receber a nova dose entre janeiro e fevereiro.<\/p>\n\n\n\n<figure class=\"wp-block-gallery has-nested-images columns-default is-cropped wp-block-gallery-1 is-layout-flex wp-block-gallery-is-layout-flex\">\n<figure class=\"wp-block-image size-large\"><img loading=\"lazy\" decoding=\"async\" width=\"678\" height=\"406\" data-id=\"186495\" src=\"https:\/\/aconteceunovale.com.br\/portal\/wp-content\/uploads\/2022\/01\/vacina_covid.jpg\" alt=\"\" class=\"wp-image-186495\" srcset=\"https:\/\/aconteceunovale.com.br\/portal\/wp-content\/uploads\/2022\/01\/vacina_covid.jpg 678w, https:\/\/aconteceunovale.com.br\/portal\/wp-content\/uploads\/2022\/01\/vacina_covid-300x180.jpg 300w\" sizes=\"auto, (max-width: 678px) 100vw, 678px\" \/><figcaption><em>Foto: Jos\u00e9 Cruz\/Ag\u00eancia Brasil<\/em><\/figcaption><\/figure>\n<\/figure>\n\n\n\n<p class=\"wp-block-paragraph\">Segundo o governo, foram distribu\u00eddas mais de 407 milh\u00f5es de doses de vacina covid-19 e aplicadas mais de 355 milh\u00f5es. O pa\u00eds j\u00e1 conta com mais de 91% da popula\u00e7\u00e3o acima de 12 anos vacinada com a primeira dose e 85% imunizada com a\u00a0segunda\u00a0dose ou dose \u00fanica do imunizante.<\/p>\n\n\n\n<p class=\"wp-block-paragraph\">&#8212;&#8212;&#8212;&#8212;&#8212;&#8212;<br><em>Quer receber as not\u00edcias do <strong>Aconteceu no Vale<\/strong> em primeira m\u00e3o? Siga-nos no Facebook <a rel=\"noreferrer noopener\" href=\"http:\/\/facebook.com\/aconteceunovale\" target=\"_blank\">@aconteceunovale<\/a>, Twitter <a rel=\"noreferrer noopener\" href=\"https:\/\/twitter.com\/noticiadosvales\" target=\"_blank\">@noticiadosvales<\/a> e Instagram <a rel=\"noreferrer noopener\" href=\"https:\/\/www.instagram.com\/aconteceunovale\" target=\"_blank\">@aconteceunovale<\/a>.<\/em><\/p>\n","protected":false},"excerpt":{"rendered":"<p>O Brasil ultrapassou neste\u00a0domingo\u00a0(30\/1\/2022) a marca de\u00a040 milh\u00f5es de brasileiros vacinados com a dose de refor\u00e7o contra a covid-19.\u00a0Segundo levantamento realizado pelo Minist\u00e9rio da Sa\u00fade, mais de 53 milh\u00f5es de brasileiros est\u00e3o aptos a receberem o refor\u00e7o na imuniza\u00e7\u00e3o, mas ainda n\u00e3o retornaram aos postos. Esse p\u00fablico j\u00e1 pode receber a nova dose entre janeiro [&hellip;]<\/p>\n","protected":false},"author":4,"featured_media":186495,"comment_status":"open","ping_status":"closed","sticky":false,"template":"","format":"standard","meta":{"amp_status":"","footnotes":""},"categories":[6,40242],"tags":[248769,4785,249773,258272,215394,218043,246445,224484,134903,241171,248771,248770,239472],"class_list":["post-186494","post","type-post","status-publish","format-standard","has-post-thumbnail","hentry","category-br","category-saude-2","tag-40-milhoes-de-pessoas-ja-completaram-o-ciclo-de-vacinacao-contra-a-covid-19-no-brasil","tag-brasil","tag-brasil-atinge-50-milhoes-de-pessoas-com-vacinacao-completa-contra-covid-19","tag-brasil-tem-40-milhoes-de-vacinados-com-dose-de-reforco-contra-covid-19","tag-coronavirus-no-brasil","tag-covid-19-no-brasil","tag-imunizacao-contra-covid-19-no-brasil","tag-pandemia-no-brasil","tag-pni","tag-programa-nacional-de-imunizacao","tag-totalmente-imunizado-no-brasil","tag-vacinacao-completa-no-brasil","tag-vacinacao-contra-covid-19-no-brasil"],"yoast_head":"<!-- This site is optimized with the Yoast SEO plugin v28.3 - https:\/\/yoast.com\/product\/yoast-seo-wordpress\/ -->\n<title>Brasil tem 40 milh\u00f5es de vacinados com dose de refor\u00e7o contra Covid-19 - Aconteceu no Vale<\/title>\n<meta name=\"robots\" content=\"index, follow, max-snippet:-1, max-image-preview:large, max-video-preview:-1\" \/>\n<link rel=\"canonical\" href=\"https:\/\/aconteceunovale.com.br\/portal\/?p=186494\" \/>\n<meta property=\"og:locale\" content=\"pt_BR\" \/>\n<meta property=\"og:type\" content=\"article\" \/>\n<meta property=\"og:title\" content=\"Brasil tem 40 milh\u00f5es de vacinados com dose de refor\u00e7o contra Covid-19 - Aconteceu no Vale\" \/>\n<meta property=\"og:description\" content=\"O Brasil ultrapassou neste\u00a0domingo\u00a0(30\/1\/2022) a marca de\u00a040 milh\u00f5es de brasileiros vacinados com a dose de refor\u00e7o contra a covid-19.\u00a0Segundo levantamento realizado pelo Minist\u00e9rio da Sa\u00fade, mais de 53 milh\u00f5es de brasileiros est\u00e3o aptos a receberem o refor\u00e7o na imuniza\u00e7\u00e3o, mas ainda n\u00e3o retornaram aos postos. Esse p\u00fablico j\u00e1 pode receber a nova dose entre janeiro [&hellip;]\" \/>\n<meta property=\"og:url\" content=\"https:\/\/aconteceunovale.com.br\/portal\/?p=186494\" \/>\n<meta property=\"og:site_name\" content=\"Aconteceu no Vale\" \/>\n<meta property=\"article:publisher\" content=\"https:\/\/www.facebook.com\/aconteceunovale\/\" \/>\n<meta property=\"article:published_time\" content=\"2022-01-31T01:48:34+00:00\" \/>\n<meta property=\"article:modified_time\" content=\"2022-01-31T01:50:39+00:00\" \/>\n<meta property=\"og:image\" content=\"https:\/\/aconteceunovale.com.br\/portal\/wp-content\/uploads\/2022\/01\/vacina_covid.jpg\" \/>\n\t<meta property=\"og:image:width\" content=\"678\" \/>\n\t<meta property=\"og:image:height\" content=\"406\" \/>\n\t<meta property=\"og:image:type\" content=\"image\/jpeg\" \/>\n<meta name=\"author\" content=\"Reda\u00e7\u00e3o Aconteceu no Vale\" \/>\n<meta name=\"twitter:card\" content=\"summary_large_image\" \/>\n<meta name=\"twitter:creator\" content=\"@noticiadosvales\" \/>\n<meta name=\"twitter:site\" content=\"@noticiadosvales\" \/>\n<meta name=\"twitter:label1\" content=\"Escrito por\" \/>\n\t<meta name=\"twitter:data1\" content=\"Reda\u00e7\u00e3o Aconteceu no Vale\" \/>\n\t<meta name=\"twitter:label2\" content=\"Est. tempo de leitura\" \/>\n\t<meta name=\"twitter:data2\" content=\"1 minuto\" \/>\n<script type=\"application\/ld+json\" class=\"yoast-schema-graph\">{\"@context\":\"https:\\\/\\\/schema.org\",\"@graph\":[{\"@type\":\"Article\",\"@id\":\"https:\\\/\\\/aconteceunovale.com.br\\\/portal\\\/?p=186494#article\",\"isPartOf\":{\"@id\":\"https:\\\/\\\/aconteceunovale.com.br\\\/portal\\\/?p=186494\"},\"author\":{\"name\":\"Reda\u00e7\u00e3o Aconteceu no Vale\",\"@id\":\"https:\\\/\\\/aconteceunovale.com.br\\\/portal\\\/#\\\/schema\\\/person\\\/7d2f26d1483f8a63de73da1ee0754d35\"},\"headline\":\"Brasil tem 40 milh\u00f5es de vacinados com dose de refor\u00e7o contra Covid-19\",\"datePublished\":\"2022-01-31T01:48:34+00:00\",\"dateModified\":\"2022-01-31T01:50:39+00:00\",\"mainEntityOfPage\":{\"@id\":\"https:\\\/\\\/aconteceunovale.com.br\\\/portal\\\/?p=186494\"},\"wordCount\":161,\"commentCount\":0,\"image\":{\"@id\":\"https:\\\/\\\/aconteceunovale.com.br\\\/portal\\\/?p=186494#primaryimage\"},\"thumbnailUrl\":\"https:\\\/\\\/aconteceunovale.com.br\\\/portal\\\/wp-content\\\/uploads\\\/2022\\\/01\\\/vacina_covid.jpg\",\"keywords\":[\"40 milh\u00f5es de pessoas j\u00e1 completaram o ciclo de vacina\u00e7\u00e3o contra a Covid-19 no Brasil\",\"brasil\",\"Brasil atinge 50 milh\u00f5es de pessoas com vacina\u00e7\u00e3o completa contra Covid-19\",\"Brasil tem 40 milh\u00f5es de vacinados com dose de refor\u00e7o contra Covid-19\",\"Coronav\u00edrus no Brasil\",\"Covid-19 no Brasil\",\"Imuniza\u00e7\u00e3o contra covid-19 no Brasil\",\"Pandemia no Brasil\",\"PNI\",\"Programa Nacional de Imuniza\u00e7\u00e3o\",\"Totalmente imunizado no Brasil\",\"Vacina\u00e7\u00e3o completa no Brasil\",\"Vacina\u00e7\u00e3o contra covid-19 no Brasil\"],\"articleSection\":[\"Brasil\",\"Sa\u00fade\"],\"inLanguage\":\"pt-BR\",\"potentialAction\":[{\"@type\":\"CommentAction\",\"name\":\"Comment\",\"target\":[\"https:\\\/\\\/aconteceunovale.com.br\\\/portal\\\/?p=186494#respond\"]}]},{\"@type\":\"WebPage\",\"@id\":\"https:\\\/\\\/aconteceunovale.com.br\\\/portal\\\/?p=186494\",\"url\":\"https:\\\/\\\/aconteceunovale.com.br\\\/portal\\\/?p=186494\",\"name\":\"Brasil tem 40 milh\u00f5es de vacinados com dose de refor\u00e7o contra Covid-19 - Aconteceu no Vale\",\"isPartOf\":{\"@id\":\"https:\\\/\\\/aconteceunovale.com.br\\\/portal\\\/#website\"},\"primaryImageOfPage\":{\"@id\":\"https:\\\/\\\/aconteceunovale.com.br\\\/portal\\\/?p=186494#primaryimage\"},\"image\":{\"@id\":\"https:\\\/\\\/aconteceunovale.com.br\\\/portal\\\/?p=186494#primaryimage\"},\"thumbnailUrl\":\"https:\\\/\\\/aconteceunovale.com.br\\\/portal\\\/wp-content\\\/uploads\\\/2022\\\/01\\\/vacina_covid.jpg\",\"datePublished\":\"2022-01-31T01:48:34+00:00\",\"dateModified\":\"2022-01-31T01:50:39+00:00\",\"author\":{\"@id\":\"https:\\\/\\\/aconteceunovale.com.br\\\/portal\\\/#\\\/schema\\\/person\\\/7d2f26d1483f8a63de73da1ee0754d35\"},\"breadcrumb\":{\"@id\":\"https:\\\/\\\/aconteceunovale.com.br\\\/portal\\\/?p=186494#breadcrumb\"},\"inLanguage\":\"pt-BR\",\"potentialAction\":[{\"@type\":\"ReadAction\",\"target\":[\"https:\\\/\\\/aconteceunovale.com.br\\\/portal\\\/?p=186494\"]}]},{\"@type\":\"ImageObject\",\"inLanguage\":\"pt-BR\",\"@id\":\"https:\\\/\\\/aconteceunovale.com.br\\\/portal\\\/?p=186494#primaryimage\",\"url\":\"https:\\\/\\\/aconteceunovale.com.br\\\/portal\\\/wp-content\\\/uploads\\\/2022\\\/01\\\/vacina_covid.jpg\",\"contentUrl\":\"https:\\\/\\\/aconteceunovale.com.br\\\/portal\\\/wp-content\\\/uploads\\\/2022\\\/01\\\/vacina_covid.jpg\",\"width\":678,\"height\":406,\"caption\":\"Vacina\u00e7\u00e3o de crian\u00e7as contra a covid-19 na UBS 5 de Taguatinga Sul\"},{\"@type\":\"BreadcrumbList\",\"@id\":\"https:\\\/\\\/aconteceunovale.com.br\\\/portal\\\/?p=186494#breadcrumb\",\"itemListElement\":[{\"@type\":\"ListItem\",\"position\":1,\"name\":\"In\u00edcio\",\"item\":\"https:\\\/\\\/aconteceunovale.com.br\\\/portal\\\/\"},{\"@type\":\"ListItem\",\"position\":2,\"name\":\"Brasil tem 40 milh\u00f5es de vacinados com dose de refor\u00e7o contra Covid-19\"}]},{\"@type\":\"WebSite\",\"@id\":\"https:\\\/\\\/aconteceunovale.com.br\\\/portal\\\/#website\",\"url\":\"https:\\\/\\\/aconteceunovale.com.br\\\/portal\\\/\",\"name\":\"Aconteceu no Vale\",\"description\":\"Portal de Not\u00edcias\",\"potentialAction\":[{\"@type\":\"SearchAction\",\"target\":{\"@type\":\"EntryPoint\",\"urlTemplate\":\"https:\\\/\\\/aconteceunovale.com.br\\\/portal\\\/?s={search_term_string}\"},\"query-input\":{\"@type\":\"PropertyValueSpecification\",\"valueRequired\":true,\"valueName\":\"search_term_string\"}}],\"inLanguage\":\"pt-BR\"},{\"@type\":\"Person\",\"@id\":\"https:\\\/\\\/aconteceunovale.com.br\\\/portal\\\/#\\\/schema\\\/person\\\/7d2f26d1483f8a63de73da1ee0754d35\",\"name\":\"Reda\u00e7\u00e3o Aconteceu no Vale\",\"description\":\"Equipe de reportagem do Aconteceu no Vale, portal de not\u00edcias do Vale do Jequitinhonha, em Minas Gerais. Cobrimos as 51 cidades do Vale desde 2013. Sugest\u00f5es de pauta e pedidos de corre\u00e7\u00e3o: contato@aconteceunovale.com.br\",\"url\":\"https:\\\/\\\/aconteceunovale.com.br\\\/portal\\\/?author=4\"}]}<\/script>\n<!-- \/ Yoast SEO plugin. -->","yoast_head_json":{"title":"Brasil tem 40 milh\u00f5es de vacinados com dose de refor\u00e7o contra Covid-19 - Aconteceu no Vale","robots":{"index":"index","follow":"follow","max-snippet":"max-snippet:-1","max-image-preview":"max-image-preview:large","max-video-preview":"max-video-preview:-1"},"canonical":"https:\/\/aconteceunovale.com.br\/portal\/?p=186494","og_locale":"pt_BR","og_type":"article","og_title":"Brasil tem 40 milh\u00f5es de vacinados com dose de refor\u00e7o contra Covid-19 - Aconteceu no Vale","og_description":"O Brasil ultrapassou neste\u00a0domingo\u00a0(30\/1\/2022) a marca de\u00a040 milh\u00f5es de brasileiros vacinados com a dose de refor\u00e7o contra a covid-19.\u00a0Segundo levantamento realizado pelo Minist\u00e9rio da Sa\u00fade, mais de 53 milh\u00f5es de brasileiros est\u00e3o aptos a receberem o refor\u00e7o na imuniza\u00e7\u00e3o, mas ainda n\u00e3o retornaram aos postos. Esse p\u00fablico j\u00e1 pode receber a nova dose entre janeiro [&hellip;]","og_url":"https:\/\/aconteceunovale.com.br\/portal\/?p=186494","og_site_name":"Aconteceu no Vale","article_publisher":"https:\/\/www.facebook.com\/aconteceunovale\/","article_published_time":"2022-01-31T01:48:34+00:00","article_modified_time":"2022-01-31T01:50:39+00:00","og_image":[{"width":678,"height":406,"url":"https:\/\/aconteceunovale.com.br\/portal\/wp-content\/uploads\/2022\/01\/vacina_covid.jpg","type":"image\/jpeg"}],"author":"Reda\u00e7\u00e3o Aconteceu no Vale","twitter_card":"summary_large_image","twitter_creator":"@noticiadosvales","twitter_site":"@noticiadosvales","twitter_misc":{"Escrito por":"Reda\u00e7\u00e3o Aconteceu no Vale","Est. tempo de leitura":"1 minuto"},"schema":{"@context":"https:\/\/schema.org","@graph":[{"@type":"Article","@id":"https:\/\/aconteceunovale.com.br\/portal\/?p=186494#article","isPartOf":{"@id":"https:\/\/aconteceunovale.com.br\/portal\/?p=186494"},"author":{"name":"Reda\u00e7\u00e3o Aconteceu no Vale","@id":"https:\/\/aconteceunovale.com.br\/portal\/#\/schema\/person\/7d2f26d1483f8a63de73da1ee0754d35"},"headline":"Brasil tem 40 milh\u00f5es de vacinados com dose de refor\u00e7o contra Covid-19","datePublished":"2022-01-31T01:48:34+00:00","dateModified":"2022-01-31T01:50:39+00:00","mainEntityOfPage":{"@id":"https:\/\/aconteceunovale.com.br\/portal\/?p=186494"},"wordCount":161,"commentCount":0,"image":{"@id":"https:\/\/aconteceunovale.com.br\/portal\/?p=186494#primaryimage"},"thumbnailUrl":"https:\/\/aconteceunovale.com.br\/portal\/wp-content\/uploads\/2022\/01\/vacina_covid.jpg","keywords":["40 milh\u00f5es de pessoas j\u00e1 completaram o ciclo de vacina\u00e7\u00e3o contra a Covid-19 no Brasil","brasil","Brasil atinge 50 milh\u00f5es de pessoas com vacina\u00e7\u00e3o completa contra Covid-19","Brasil tem 40 milh\u00f5es de vacinados com dose de refor\u00e7o contra Covid-19","Coronav\u00edrus no Brasil","Covid-19 no Brasil","Imuniza\u00e7\u00e3o contra covid-19 no Brasil","Pandemia no Brasil","PNI","Programa Nacional de Imuniza\u00e7\u00e3o","Totalmente imunizado no Brasil","Vacina\u00e7\u00e3o completa no Brasil","Vacina\u00e7\u00e3o contra covid-19 no Brasil"],"articleSection":["Brasil","Sa\u00fade"],"inLanguage":"pt-BR","potentialAction":[{"@type":"CommentAction","name":"Comment","target":["https:\/\/aconteceunovale.com.br\/portal\/?p=186494#respond"]}]},{"@type":"WebPage","@id":"https:\/\/aconteceunovale.com.br\/portal\/?p=186494","url":"https:\/\/aconteceunovale.com.br\/portal\/?p=186494","name":"Brasil tem 40 milh\u00f5es de vacinados com dose de refor\u00e7o contra Covid-19 - Aconteceu no Vale","isPartOf":{"@id":"https:\/\/aconteceunovale.com.br\/portal\/#website"},"primaryImageOfPage":{"@id":"https:\/\/aconteceunovale.com.br\/portal\/?p=186494#primaryimage"},"image":{"@id":"https:\/\/aconteceunovale.com.br\/portal\/?p=186494#primaryimage"},"thumbnailUrl":"https:\/\/aconteceunovale.com.br\/portal\/wp-content\/uploads\/2022\/01\/vacina_covid.jpg","datePublished":"2022-01-31T01:48:34+00:00","dateModified":"2022-01-31T01:50:39+00:00","author":{"@id":"https:\/\/aconteceunovale.com.br\/portal\/#\/schema\/person\/7d2f26d1483f8a63de73da1ee0754d35"},"breadcrumb":{"@id":"https:\/\/aconteceunovale.com.br\/portal\/?p=186494#breadcrumb"},"inLanguage":"pt-BR","potentialAction":[{"@type":"ReadAction","target":["https:\/\/aconteceunovale.com.br\/portal\/?p=186494"]}]},{"@type":"ImageObject","inLanguage":"pt-BR","@id":"https:\/\/aconteceunovale.com.br\/portal\/?p=186494#primaryimage","url":"https:\/\/aconteceunovale.com.br\/portal\/wp-content\/uploads\/2022\/01\/vacina_covid.jpg","contentUrl":"https:\/\/aconteceunovale.com.br\/portal\/wp-content\/uploads\/2022\/01\/vacina_covid.jpg","width":678,"height":406,"caption":"Vacina\u00e7\u00e3o de crian\u00e7as contra a covid-19 na UBS 5 de Taguatinga Sul"},{"@type":"BreadcrumbList","@id":"https:\/\/aconteceunovale.com.br\/portal\/?p=186494#breadcrumb","itemListElement":[{"@type":"ListItem","position":1,"name":"In\u00edcio","item":"https:\/\/aconteceunovale.com.br\/portal\/"},{"@type":"ListItem","position":2,"name":"Brasil tem 40 milh\u00f5es de vacinados com dose de refor\u00e7o contra Covid-19"}]},{"@type":"WebSite","@id":"https:\/\/aconteceunovale.com.br\/portal\/#website","url":"https:\/\/aconteceunovale.com.br\/portal\/","name":"Aconteceu no Vale","description":"Portal de Not\u00edcias","potentialAction":[{"@type":"SearchAction","target":{"@type":"EntryPoint","urlTemplate":"https:\/\/aconteceunovale.com.br\/portal\/?s={search_term_string}"},"query-input":{"@type":"PropertyValueSpecification","valueRequired":true,"valueName":"search_term_string"}}],"inLanguage":"pt-BR"},{"@type":"Person","@id":"https:\/\/aconteceunovale.com.br\/portal\/#\/schema\/person\/7d2f26d1483f8a63de73da1ee0754d35","name":"Reda\u00e7\u00e3o Aconteceu no Vale","description":"Equipe de reportagem do Aconteceu no Vale, portal de not\u00edcias do Vale do Jequitinhonha, em Minas Gerais. Cobrimos as 51 cidades do Vale desde 2013. Sugest\u00f5es de pauta e pedidos de corre\u00e7\u00e3o: contato@aconteceunovale.com.br","url":"https:\/\/aconteceunovale.com.br\/portal\/?author=4"}]}},"_links":{"self":[{"href":"https:\/\/aconteceunovale.com.br\/portal\/index.php?rest_route=\/wp\/v2\/posts\/186494","targetHints":{"allow":["GET"]}}],"collection":[{"href":"https:\/\/aconteceunovale.com.br\/portal\/index.php?rest_route=\/wp\/v2\/posts"}],"about":[{"href":"https:\/\/aconteceunovale.com.br\/portal\/index.php?rest_route=\/wp\/v2\/types\/post"}],"author":[{"embeddable":true,"href":"https:\/\/aconteceunovale.com.br\/portal\/index.php?rest_route=\/wp\/v2\/users\/4"}],"replies":[{"embeddable":true,"href":"https:\/\/aconteceunovale.com.br\/portal\/index.php?rest_route=%2Fwp%2Fv2%2Fcomments&post=186494"}],"version-history":[{"count":1,"href":"https:\/\/aconteceunovale.com.br\/portal\/index.php?rest_route=\/wp\/v2\/posts\/186494\/revisions"}],"predecessor-version":[{"id":186496,"href":"https:\/\/aconteceunovale.com.br\/portal\/index.php?rest_route=\/wp\/v2\/posts\/186494\/revisions\/186496"}],"wp:featuredmedia":[{"embeddable":true,"href":"https:\/\/aconteceunovale.com.br\/portal\/index.php?rest_route=\/wp\/v2\/media\/186495"}],"wp:attachment":[{"href":"https:\/\/aconteceunovale.com.br\/portal\/index.php?rest_route=%2Fwp%2Fv2%2Fmedia&parent=186494"}],"wp:term":[{"taxonomy":"category","embeddable":true,"href":"https:\/\/aconteceunovale.com.br\/portal\/index.php?rest_route=%2Fwp%2Fv2%2Fcategories&post=186494"},{"taxonomy":"post_tag","embeddable":true,"href":"https:\/\/aconteceunovale.com.br\/portal\/index.php?rest_route=%2Fwp%2Fv2%2Ftags&post=186494"}],"curies":[{"name":"wp","href":"https:\/\/api.w.org\/{rel}","templated":true}]}}