{"id":186492,"date":"2022-01-30T22:42:07","date_gmt":"2022-01-31T01:42:07","guid":{"rendered":"https:\/\/aconteceunovale.com.br\/portal\/?p=186492"},"modified":"2022-01-30T22:42:52","modified_gmt":"2022-01-31T01:42:52","slug":"micro-e-pequenas-empresas-tem-ate-31-de-janeiro-para-aderirem-ao-simples-nacional","status":"publish","type":"post","link":"https:\/\/aconteceunovale.com.br\/portal\/?p=186492","title":{"rendered":"Micro e pequenas empresas t\u00eam at\u00e9 31 de janeiro para aderirem ao Simples Nacional"},"content":{"rendered":"\n<p class=\"wp-block-paragraph\">As micro e pequenas empresas e os microempreendedores individuais (MEI) t\u00eam at\u00e9 amanh\u00e3 (31\/1\/2022) para pedirem a inclus\u00e3o no Simples Nacional \u2013 regime especial de tributa\u00e7\u00e3o para os neg\u00f3cios de pequeno porte. Apesar de o governo ter aprovado a prorroga\u00e7\u00e3o do prazo para quitar pend\u00eancias at\u00e9 o fim\u00a0de mar\u00e7o, o prazo para pedir o enquadramento no regime especial n\u00e3o pode ser alterado, porque a data no \u00faltimo dia\u00a0de janeiro\u00a0\u00e9 fixada por lei complementar.<\/p>\n\n\n\n<p class=\"wp-block-paragraph\">Tradicionalmente, quem n\u00e3o pagou os d\u00e9bitos at\u00e9 30 dias depois da notifica\u00e7\u00e3o \u00e9 retirado do Simples Nacional em 1\u00ba de janeiro de cada ano. As empresas exclu\u00eddas, no entanto, t\u00eam at\u00e9&nbsp;31 de janeiro&nbsp;de cada ano para pedirem o regresso ao Simples Nacional, desde que resolvam as pend\u00eancias \u2013 de cadastro ou de d\u00e9bitos em atraso.<\/p>\n\n\n\n<p class=\"wp-block-paragraph\">Como medida de ajuda aos pequenos neg\u00f3cios afetados pela pandemia de covid-19, o Comit\u00ea Gestor do Simples Nacional decidiu\u00a0prorrogar o prazo de regulariza\u00e7\u00e3o de pend\u00eancias at\u00e9\u00a031 de mar\u00e7o. Mesmo assim, o contribuinte precisa pedir a\u00a0<a rel=\"noreferrer noopener\" href=\"http:\/\/www8.receita.fazenda.gov.br\/simplesnacional\/\" target=\"_blank\">ades\u00e3o no Portal do Simples Nacional<\/a>.<\/p>\n\n\n\n<p class=\"wp-block-paragraph\">O processo de regulariza\u00e7\u00e3o deve ser feito por meio do&nbsp;<a href=\"http:\/\/cav.receita.fazenda.gov.br\/autenticacao\/login\" target=\"_blank\" rel=\"noreferrer noopener\">Centro Virtual de Atendimento ao Contribuinte da Receita Federal (e-CAC)<\/a>, requerendo certificado digital ou c\u00f3digo de acesso. O devedor pode pagar \u00e0 vista, abater parte da d\u00edvida com cr\u00e9ditos tribut\u00e1rios (recursos que a empresa tem direito a receber do Fisco) ou parcelar os d\u00e9bitos em at\u00e9 cinco anos com o pagamento de juros e multa.<\/p>\n\n\n\n<p class=\"wp-block-paragraph\">Caso o d\u00e9bito esteja inscrito em d\u00edvida ativa, a regulariza\u00e7\u00e3o dever\u00e1 ser feita no&nbsp;<a href=\"https:\/\/www.regularize.pgfn.gov.br\/\" target=\"_blank\" rel=\"noreferrer noopener\">Portal Regularize-se<\/a>, da Procuradoria-Geral da Fazenda Nacional (PGFN). Pend\u00eancias cadastrais podem ser resolvidas no&nbsp;<a href=\"https:\/\/www.gov.br\/empresas-e-negocios\/pt-br\/redesim\" target=\"_blank\" rel=\"noreferrer noopener\">Portal Redesim<\/a>.<\/p>\n\n\n\n<h2 class=\"wp-block-heading\" id=\"historico\">Hist\u00f3rico<\/h2>\n\n\n\n<p class=\"wp-block-paragraph\">Neste ano, o governo tomou duas medidas para compensar o veto \u00e0 lei que criaria um programa especial de renegocia\u00e7\u00e3o para os contribuintes do Simples. No \u00faltimo dia 11, a Procuradoria-Geral da Fazenda Nacional\u00a0criou dois programas para renegociar d\u00e9bitos do Simples inscritos na d\u00edvida ativa, quando o contribuinte \u00e9 negativado e passa a ser cobrado na Justi\u00e7a. Em\u00a021 de janeiro, o Comit\u00ea Gestor do Simples aprovou o alongamento do prazo para resolver as pend\u00eancias.<br><br>No \u00faltimo dia 7, o presidente Jair Bolsonaro\u00a0vetou a renegocia\u00e7\u00e3o de d\u00edvidas com o Simples Nacional. Na ocasi\u00e3o, o presidente alegou falta de medida de compensa\u00e7\u00e3o (eleva\u00e7\u00e3o de impostos ou corte de gastos) exigida pela Lei de Responsabilidade Fiscal e a proibi\u00e7\u00e3o de concess\u00e3o ou de vantagens em ano eleitoral.<br><br>O projeto vetado beneficiaria 16 milh\u00f5es de micro e pequenas empresas e de microempreendedores individuais. A renegocia\u00e7\u00e3o da d\u00edvida ativa abranger\u00e1 um p\u00fablico menor: 1,8 milh\u00e3o de contribuintes, dos quais 1,64 s\u00e3o micro e pequenas empresas e 160 mil s\u00e3o MEI.<br><br>Criado em 2007, o Simples Nacional \u00e9 um regime tribut\u00e1rio especial que re\u00fane o pagamento de seis tributos federais, al\u00e9m do Imposto sobre Circula\u00e7\u00e3o de Mercadorias e Servi\u00e7os (ICMS), cobrado por estados e pelo Distrito Federal, e do Imposto Sobre Servi\u00e7os (ISS), arrecadado pelos munic\u00edpios. Em vez de pagar uma al\u00edquota para cada tributo, o micro e pequeno empres\u00e1rio recolhe, numa \u00fanica guia, um percentual sobre o faturamento que \u00e9 repassado para os tr\u00eas n\u00edveis de governo. Somente as empresas que faturam at\u00e9 R$ 4,8 milh\u00f5es por ano podem optar pelo regime.<\/p>\n\n\n\n<p class=\"wp-block-paragraph\">&#8212;&#8212;&#8212;&#8212;&#8212;&#8212;<br><em>Quer receber as not\u00edcias do <strong>Aconteceu no Vale<\/strong> em primeira m\u00e3o? Siga-nos no Facebook <a rel=\"noreferrer noopener\" href=\"http:\/\/facebook.com\/aconteceunovale\" target=\"_blank\">@aconteceunovale<\/a>, Twitter <a rel=\"noreferrer noopener\" href=\"https:\/\/twitter.com\/noticiadosvales\" target=\"_blank\">@noticiadosvales<\/a> e Instagram <a rel=\"noreferrer noopener\" href=\"https:\/\/www.instagram.com\/aconteceunovale\" target=\"_blank\">@aconteceunovale<\/a>.<\/em><\/p>\n","protected":false},"excerpt":{"rendered":"<p>As micro e pequenas empresas e os microempreendedores individuais (MEI) t\u00eam at\u00e9 amanh\u00e3 (31\/1\/2022) para pedirem a inclus\u00e3o no Simples Nacional \u2013 regime especial de tributa\u00e7\u00e3o para os neg\u00f3cios de pequeno porte. Apesar de o governo ter aprovado a prorroga\u00e7\u00e3o do prazo para quitar pend\u00eancias at\u00e9 o fim\u00a0de mar\u00e7o, o prazo para pedir o enquadramento [&hellip;]<\/p>\n","protected":false},"author":4,"featured_media":155573,"comment_status":"open","ping_status":"closed","sticky":false,"template":"","format":"standard","meta":{"amp_status":"","footnotes":""},"categories":[6,40239],"tags":[207504,29022,29020,235419,235596,235414,207505,235420,258271,235598,235413,208333,235597,1464,235418,235417,235416,235415,28130],"class_list":["post-186492","post","type-post","status-publish","format-standard","has-post-thumbnail","hentry","category-br","category-economia-2","tag-abertura-de-empresa","tag-aderir-ao-simples-nacional","tag-adesao-ao-simples-nacional","tag-alteracao-de-empresa","tag-como-aderir-ao-simples-nacional","tag-empresas-com-pendencias-com-o-simples-nacional","tag-fechamento-de-empresa","tag-legalizacao-de-empresa","tag-micro-e-pequenas-empresas-tem-ate-31-de-janeiro-para-aderirem-ao-simples-nacional","tag-orientacoes-para-aderir-ao-simples-nacional","tag-pendencias-com-o-simples-nacional","tag-pgfn","tag-processo-de-adesao-ao-simples-nacional","tag-receita-federal","tag-redesim","tag-regularizacao-de-empresas","tag-regularizar-empresa","tag-regularizar-situacao-com-o-simples-nacional","tag-simples-nacional"],"yoast_head":"<!-- This site is optimized with the Yoast SEO plugin v28.3 - https:\/\/yoast.com\/product\/yoast-seo-wordpress\/ -->\n<title>Micro e pequenas empresas t\u00eam at\u00e9 31 de janeiro para aderirem ao Simples Nacional - Aconteceu no Vale<\/title>\n<meta name=\"robots\" content=\"index, follow, max-snippet:-1, max-image-preview:large, max-video-preview:-1\" \/>\n<link rel=\"canonical\" href=\"https:\/\/aconteceunovale.com.br\/portal\/?p=186492\" \/>\n<meta property=\"og:locale\" content=\"pt_BR\" \/>\n<meta property=\"og:type\" content=\"article\" \/>\n<meta property=\"og:title\" content=\"Micro e pequenas empresas t\u00eam at\u00e9 31 de janeiro para aderirem ao Simples Nacional - Aconteceu no Vale\" \/>\n<meta property=\"og:description\" content=\"As micro e pequenas empresas e os microempreendedores individuais (MEI) t\u00eam at\u00e9 amanh\u00e3 (31\/1\/2022) para pedirem a inclus\u00e3o no Simples Nacional \u2013 regime especial de tributa\u00e7\u00e3o para os neg\u00f3cios de pequeno porte. Apesar de o governo ter aprovado a prorroga\u00e7\u00e3o do prazo para quitar pend\u00eancias at\u00e9 o fim\u00a0de mar\u00e7o, o prazo para pedir o enquadramento [&hellip;]\" \/>\n<meta property=\"og:url\" content=\"https:\/\/aconteceunovale.com.br\/portal\/?p=186492\" \/>\n<meta property=\"og:site_name\" content=\"Aconteceu no Vale\" \/>\n<meta property=\"article:publisher\" content=\"https:\/\/www.facebook.com\/aconteceunovale\/\" \/>\n<meta property=\"article:published_time\" content=\"2022-01-31T01:42:07+00:00\" \/>\n<meta property=\"article:modified_time\" content=\"2022-01-31T01:42:52+00:00\" \/>\n<meta property=\"og:image\" content=\"https:\/\/aconteceunovale.com.br\/portal\/wp-content\/uploads\/2019\/12\/simples_nacional.jpg\" \/>\n\t<meta property=\"og:image:width\" content=\"616\" \/>\n\t<meta property=\"og:image:height\" content=\"450\" \/>\n\t<meta property=\"og:image:type\" content=\"image\/jpeg\" \/>\n<meta name=\"author\" content=\"Reda\u00e7\u00e3o Aconteceu no Vale\" \/>\n<meta name=\"twitter:card\" content=\"summary_large_image\" \/>\n<meta name=\"twitter:creator\" content=\"@noticiadosvales\" \/>\n<meta name=\"twitter:site\" content=\"@noticiadosvales\" \/>\n<meta name=\"twitter:label1\" content=\"Escrito por\" \/>\n\t<meta name=\"twitter:data1\" content=\"Reda\u00e7\u00e3o Aconteceu no Vale\" \/>\n\t<meta name=\"twitter:label2\" content=\"Est. tempo de leitura\" \/>\n\t<meta name=\"twitter:data2\" content=\"3 minutos\" \/>\n<script type=\"application\/ld+json\" class=\"yoast-schema-graph\">{\"@context\":\"https:\\\/\\\/schema.org\",\"@graph\":[{\"@type\":\"Article\",\"@id\":\"https:\\\/\\\/aconteceunovale.com.br\\\/portal\\\/?p=186492#article\",\"isPartOf\":{\"@id\":\"https:\\\/\\\/aconteceunovale.com.br\\\/portal\\\/?p=186492\"},\"author\":{\"name\":\"Reda\u00e7\u00e3o Aconteceu no Vale\",\"@id\":\"https:\\\/\\\/aconteceunovale.com.br\\\/portal\\\/#\\\/schema\\\/person\\\/7d2f26d1483f8a63de73da1ee0754d35\"},\"headline\":\"Micro e pequenas empresas t\u00eam at\u00e9 31 de janeiro para aderirem ao Simples Nacional\",\"datePublished\":\"2022-01-31T01:42:07+00:00\",\"dateModified\":\"2022-01-31T01:42:52+00:00\",\"mainEntityOfPage\":{\"@id\":\"https:\\\/\\\/aconteceunovale.com.br\\\/portal\\\/?p=186492\"},\"wordCount\":613,\"commentCount\":0,\"image\":{\"@id\":\"https:\\\/\\\/aconteceunovale.com.br\\\/portal\\\/?p=186492#primaryimage\"},\"thumbnailUrl\":\"https:\\\/\\\/aconteceunovale.com.br\\\/portal\\\/wp-content\\\/uploads\\\/2019\\\/12\\\/simples_nacional.jpg\",\"keywords\":[\"Abertura de empresa\",\"aderir ao simples nacional\",\"ades\u00e3o ao simples nacional\",\"Altera\u00e7\u00e3o de empresa\",\"Como aderir ao Simples Nacional\",\"Empresas com pend\u00eancias com o Simples Nacional\",\"Fechamento de empresa\",\"Legaliza\u00e7\u00e3o de empresa\",\"Micro e pequenas empresas t\u00eam at\u00e9 31 de janeiro para aderirem ao Simples Nacional\",\"Orienta\u00e7\u00f5es para aderir ao Simples Nacional\",\"Pend\u00eancias com o Simples Nacional\",\"PGFN\",\"Processo de ades\u00e3o ao Simples Nacional\",\"receita federal\",\"Redesim\",\"Regulariza\u00e7\u00e3o de empresas\",\"Regularizar empresa\",\"Regularizar situa\u00e7\u00e3o com o Simples Nacional\",\"Simples Nacional\"],\"articleSection\":[\"Brasil\",\"Economia\"],\"inLanguage\":\"pt-BR\",\"potentialAction\":[{\"@type\":\"CommentAction\",\"name\":\"Comment\",\"target\":[\"https:\\\/\\\/aconteceunovale.com.br\\\/portal\\\/?p=186492#respond\"]}]},{\"@type\":\"WebPage\",\"@id\":\"https:\\\/\\\/aconteceunovale.com.br\\\/portal\\\/?p=186492\",\"url\":\"https:\\\/\\\/aconteceunovale.com.br\\\/portal\\\/?p=186492\",\"name\":\"Micro e pequenas empresas t\u00eam at\u00e9 31 de janeiro para aderirem ao Simples Nacional - Aconteceu no Vale\",\"isPartOf\":{\"@id\":\"https:\\\/\\\/aconteceunovale.com.br\\\/portal\\\/#website\"},\"primaryImageOfPage\":{\"@id\":\"https:\\\/\\\/aconteceunovale.com.br\\\/portal\\\/?p=186492#primaryimage\"},\"image\":{\"@id\":\"https:\\\/\\\/aconteceunovale.com.br\\\/portal\\\/?p=186492#primaryimage\"},\"thumbnailUrl\":\"https:\\\/\\\/aconteceunovale.com.br\\\/portal\\\/wp-content\\\/uploads\\\/2019\\\/12\\\/simples_nacional.jpg\",\"datePublished\":\"2022-01-31T01:42:07+00:00\",\"dateModified\":\"2022-01-31T01:42:52+00:00\",\"author\":{\"@id\":\"https:\\\/\\\/aconteceunovale.com.br\\\/portal\\\/#\\\/schema\\\/person\\\/7d2f26d1483f8a63de73da1ee0754d35\"},\"breadcrumb\":{\"@id\":\"https:\\\/\\\/aconteceunovale.com.br\\\/portal\\\/?p=186492#breadcrumb\"},\"inLanguage\":\"pt-BR\",\"potentialAction\":[{\"@type\":\"ReadAction\",\"target\":[\"https:\\\/\\\/aconteceunovale.com.br\\\/portal\\\/?p=186492\"]}]},{\"@type\":\"ImageObject\",\"inLanguage\":\"pt-BR\",\"@id\":\"https:\\\/\\\/aconteceunovale.com.br\\\/portal\\\/?p=186492#primaryimage\",\"url\":\"https:\\\/\\\/aconteceunovale.com.br\\\/portal\\\/wp-content\\\/uploads\\\/2019\\\/12\\\/simples_nacional.jpg\",\"contentUrl\":\"https:\\\/\\\/aconteceunovale.com.br\\\/portal\\\/wp-content\\\/uploads\\\/2019\\\/12\\\/simples_nacional.jpg\",\"width\":616,\"height\":450},{\"@type\":\"BreadcrumbList\",\"@id\":\"https:\\\/\\\/aconteceunovale.com.br\\\/portal\\\/?p=186492#breadcrumb\",\"itemListElement\":[{\"@type\":\"ListItem\",\"position\":1,\"name\":\"In\u00edcio\",\"item\":\"https:\\\/\\\/aconteceunovale.com.br\\\/portal\\\/\"},{\"@type\":\"ListItem\",\"position\":2,\"name\":\"Micro e pequenas empresas t\u00eam at\u00e9 31 de janeiro para aderirem ao Simples Nacional\"}]},{\"@type\":\"WebSite\",\"@id\":\"https:\\\/\\\/aconteceunovale.com.br\\\/portal\\\/#website\",\"url\":\"https:\\\/\\\/aconteceunovale.com.br\\\/portal\\\/\",\"name\":\"Aconteceu no Vale\",\"description\":\"Portal de Not\u00edcias\",\"potentialAction\":[{\"@type\":\"SearchAction\",\"target\":{\"@type\":\"EntryPoint\",\"urlTemplate\":\"https:\\\/\\\/aconteceunovale.com.br\\\/portal\\\/?s={search_term_string}\"},\"query-input\":{\"@type\":\"PropertyValueSpecification\",\"valueRequired\":true,\"valueName\":\"search_term_string\"}}],\"inLanguage\":\"pt-BR\"},{\"@type\":\"Person\",\"@id\":\"https:\\\/\\\/aconteceunovale.com.br\\\/portal\\\/#\\\/schema\\\/person\\\/7d2f26d1483f8a63de73da1ee0754d35\",\"name\":\"Reda\u00e7\u00e3o Aconteceu no Vale\",\"description\":\"Equipe de reportagem do Aconteceu no Vale, portal de not\u00edcias do Vale do Jequitinhonha, em Minas Gerais. Cobrimos as 51 cidades do Vale desde 2013. Sugest\u00f5es de pauta e pedidos de corre\u00e7\u00e3o: contato@aconteceunovale.com.br\",\"url\":\"https:\\\/\\\/aconteceunovale.com.br\\\/portal\\\/?author=4\"}]}<\/script>\n<!-- \/ Yoast SEO plugin. -->","yoast_head_json":{"title":"Micro e pequenas empresas t\u00eam at\u00e9 31 de janeiro para aderirem ao Simples Nacional - Aconteceu no Vale","robots":{"index":"index","follow":"follow","max-snippet":"max-snippet:-1","max-image-preview":"max-image-preview:large","max-video-preview":"max-video-preview:-1"},"canonical":"https:\/\/aconteceunovale.com.br\/portal\/?p=186492","og_locale":"pt_BR","og_type":"article","og_title":"Micro e pequenas empresas t\u00eam at\u00e9 31 de janeiro para aderirem ao Simples Nacional - Aconteceu no Vale","og_description":"As micro e pequenas empresas e os microempreendedores individuais (MEI) t\u00eam at\u00e9 amanh\u00e3 (31\/1\/2022) para pedirem a inclus\u00e3o no Simples Nacional \u2013 regime especial de tributa\u00e7\u00e3o para os neg\u00f3cios de pequeno porte. Apesar de o governo ter aprovado a prorroga\u00e7\u00e3o do prazo para quitar pend\u00eancias at\u00e9 o fim\u00a0de mar\u00e7o, o prazo para pedir o enquadramento [&hellip;]","og_url":"https:\/\/aconteceunovale.com.br\/portal\/?p=186492","og_site_name":"Aconteceu no Vale","article_publisher":"https:\/\/www.facebook.com\/aconteceunovale\/","article_published_time":"2022-01-31T01:42:07+00:00","article_modified_time":"2022-01-31T01:42:52+00:00","og_image":[{"width":616,"height":450,"url":"https:\/\/aconteceunovale.com.br\/portal\/wp-content\/uploads\/2019\/12\/simples_nacional.jpg","type":"image\/jpeg"}],"author":"Reda\u00e7\u00e3o Aconteceu no Vale","twitter_card":"summary_large_image","twitter_creator":"@noticiadosvales","twitter_site":"@noticiadosvales","twitter_misc":{"Escrito por":"Reda\u00e7\u00e3o Aconteceu no Vale","Est. tempo de leitura":"3 minutos"},"schema":{"@context":"https:\/\/schema.org","@graph":[{"@type":"Article","@id":"https:\/\/aconteceunovale.com.br\/portal\/?p=186492#article","isPartOf":{"@id":"https:\/\/aconteceunovale.com.br\/portal\/?p=186492"},"author":{"name":"Reda\u00e7\u00e3o Aconteceu no Vale","@id":"https:\/\/aconteceunovale.com.br\/portal\/#\/schema\/person\/7d2f26d1483f8a63de73da1ee0754d35"},"headline":"Micro e pequenas empresas t\u00eam at\u00e9 31 de janeiro para aderirem ao Simples Nacional","datePublished":"2022-01-31T01:42:07+00:00","dateModified":"2022-01-31T01:42:52+00:00","mainEntityOfPage":{"@id":"https:\/\/aconteceunovale.com.br\/portal\/?p=186492"},"wordCount":613,"commentCount":0,"image":{"@id":"https:\/\/aconteceunovale.com.br\/portal\/?p=186492#primaryimage"},"thumbnailUrl":"https:\/\/aconteceunovale.com.br\/portal\/wp-content\/uploads\/2019\/12\/simples_nacional.jpg","keywords":["Abertura de empresa","aderir ao simples nacional","ades\u00e3o ao simples nacional","Altera\u00e7\u00e3o de empresa","Como aderir ao Simples Nacional","Empresas com pend\u00eancias com o Simples Nacional","Fechamento de empresa","Legaliza\u00e7\u00e3o de empresa","Micro e pequenas empresas t\u00eam at\u00e9 31 de janeiro para aderirem ao Simples Nacional","Orienta\u00e7\u00f5es para aderir ao Simples Nacional","Pend\u00eancias com o Simples Nacional","PGFN","Processo de ades\u00e3o ao Simples Nacional","receita federal","Redesim","Regulariza\u00e7\u00e3o de empresas","Regularizar empresa","Regularizar situa\u00e7\u00e3o com o Simples Nacional","Simples Nacional"],"articleSection":["Brasil","Economia"],"inLanguage":"pt-BR","potentialAction":[{"@type":"CommentAction","name":"Comment","target":["https:\/\/aconteceunovale.com.br\/portal\/?p=186492#respond"]}]},{"@type":"WebPage","@id":"https:\/\/aconteceunovale.com.br\/portal\/?p=186492","url":"https:\/\/aconteceunovale.com.br\/portal\/?p=186492","name":"Micro e pequenas empresas t\u00eam at\u00e9 31 de janeiro para aderirem ao Simples Nacional - Aconteceu no Vale","isPartOf":{"@id":"https:\/\/aconteceunovale.com.br\/portal\/#website"},"primaryImageOfPage":{"@id":"https:\/\/aconteceunovale.com.br\/portal\/?p=186492#primaryimage"},"image":{"@id":"https:\/\/aconteceunovale.com.br\/portal\/?p=186492#primaryimage"},"thumbnailUrl":"https:\/\/aconteceunovale.com.br\/portal\/wp-content\/uploads\/2019\/12\/simples_nacional.jpg","datePublished":"2022-01-31T01:42:07+00:00","dateModified":"2022-01-31T01:42:52+00:00","author":{"@id":"https:\/\/aconteceunovale.com.br\/portal\/#\/schema\/person\/7d2f26d1483f8a63de73da1ee0754d35"},"breadcrumb":{"@id":"https:\/\/aconteceunovale.com.br\/portal\/?p=186492#breadcrumb"},"inLanguage":"pt-BR","potentialAction":[{"@type":"ReadAction","target":["https:\/\/aconteceunovale.com.br\/portal\/?p=186492"]}]},{"@type":"ImageObject","inLanguage":"pt-BR","@id":"https:\/\/aconteceunovale.com.br\/portal\/?p=186492#primaryimage","url":"https:\/\/aconteceunovale.com.br\/portal\/wp-content\/uploads\/2019\/12\/simples_nacional.jpg","contentUrl":"https:\/\/aconteceunovale.com.br\/portal\/wp-content\/uploads\/2019\/12\/simples_nacional.jpg","width":616,"height":450},{"@type":"BreadcrumbList","@id":"https:\/\/aconteceunovale.com.br\/portal\/?p=186492#breadcrumb","itemListElement":[{"@type":"ListItem","position":1,"name":"In\u00edcio","item":"https:\/\/aconteceunovale.com.br\/portal\/"},{"@type":"ListItem","position":2,"name":"Micro e pequenas empresas t\u00eam at\u00e9 31 de janeiro para aderirem ao Simples Nacional"}]},{"@type":"WebSite","@id":"https:\/\/aconteceunovale.com.br\/portal\/#website","url":"https:\/\/aconteceunovale.com.br\/portal\/","name":"Aconteceu no Vale","description":"Portal de Not\u00edcias","potentialAction":[{"@type":"SearchAction","target":{"@type":"EntryPoint","urlTemplate":"https:\/\/aconteceunovale.com.br\/portal\/?s={search_term_string}"},"query-input":{"@type":"PropertyValueSpecification","valueRequired":true,"valueName":"search_term_string"}}],"inLanguage":"pt-BR"},{"@type":"Person","@id":"https:\/\/aconteceunovale.com.br\/portal\/#\/schema\/person\/7d2f26d1483f8a63de73da1ee0754d35","name":"Reda\u00e7\u00e3o Aconteceu no Vale","description":"Equipe de reportagem do Aconteceu no Vale, portal de not\u00edcias do Vale do Jequitinhonha, em Minas Gerais. Cobrimos as 51 cidades do Vale desde 2013. Sugest\u00f5es de pauta e pedidos de corre\u00e7\u00e3o: contato@aconteceunovale.com.br","url":"https:\/\/aconteceunovale.com.br\/portal\/?author=4"}]}},"_links":{"self":[{"href":"https:\/\/aconteceunovale.com.br\/portal\/index.php?rest_route=\/wp\/v2\/posts\/186492","targetHints":{"allow":["GET"]}}],"collection":[{"href":"https:\/\/aconteceunovale.com.br\/portal\/index.php?rest_route=\/wp\/v2\/posts"}],"about":[{"href":"https:\/\/aconteceunovale.com.br\/portal\/index.php?rest_route=\/wp\/v2\/types\/post"}],"author":[{"embeddable":true,"href":"https:\/\/aconteceunovale.com.br\/portal\/index.php?rest_route=\/wp\/v2\/users\/4"}],"replies":[{"embeddable":true,"href":"https:\/\/aconteceunovale.com.br\/portal\/index.php?rest_route=%2Fwp%2Fv2%2Fcomments&post=186492"}],"version-history":[{"count":1,"href":"https:\/\/aconteceunovale.com.br\/portal\/index.php?rest_route=\/wp\/v2\/posts\/186492\/revisions"}],"predecessor-version":[{"id":186493,"href":"https:\/\/aconteceunovale.com.br\/portal\/index.php?rest_route=\/wp\/v2\/posts\/186492\/revisions\/186493"}],"wp:featuredmedia":[{"embeddable":true,"href":"https:\/\/aconteceunovale.com.br\/portal\/index.php?rest_route=\/wp\/v2\/media\/155573"}],"wp:attachment":[{"href":"https:\/\/aconteceunovale.com.br\/portal\/index.php?rest_route=%2Fwp%2Fv2%2Fmedia&parent=186492"}],"wp:term":[{"taxonomy":"category","embeddable":true,"href":"https:\/\/aconteceunovale.com.br\/portal\/index.php?rest_route=%2Fwp%2Fv2%2Fcategories&post=186492"},{"taxonomy":"post_tag","embeddable":true,"href":"https:\/\/aconteceunovale.com.br\/portal\/index.php?rest_route=%2Fwp%2Fv2%2Ftags&post=186492"}],"curies":[{"name":"wp","href":"https:\/\/api.w.org\/{rel}","templated":true}]}}