{"id":186488,"date":"2022-01-30T21:26:39","date_gmt":"2022-01-31T00:26:39","guid":{"rendered":"https:\/\/aconteceunovale.com.br\/portal\/?p=186488"},"modified":"2022-01-30T21:27:05","modified_gmt":"2022-01-31T00:27:05","slug":"coelho-sela-primeira-vitoria-no-campeonato-mineiro-ao-bater-o-democrata-de-governador-valadares-por-2-a-0","status":"publish","type":"post","link":"https:\/\/aconteceunovale.com.br\/portal\/?p=186488","title":{"rendered":"Coelho sela primeira vit\u00f3ria no Campeonato Mineiro ao bater o Democrata de Governador Valadares por 2 a 0"},"content":{"rendered":"\n<p class=\"wp-block-paragraph\">O Am\u00e9rica-MG derrotou o Democrata GV por 2 a 0 neste domingo (30\/1), no Est\u00e1dio Independ\u00eancia, em Belo Horizonte, e conquistou sua primeira vit\u00f3ria no Campeonato Mineiro de 2022. Wellington Paulista, no primeiro tempo, e Felipe Azevedo, na segunda etapa, marcaram os gols da partida.<\/p>\n\n\n\n<figure class=\"wp-block-gallery has-nested-images columns-default is-cropped wp-block-gallery-1 is-layout-flex wp-block-gallery-is-layout-flex\">\n<figure class=\"wp-block-image size-large\"><img loading=\"lazy\" decoding=\"async\" width=\"676\" height=\"450\" data-id=\"186489\" src=\"https:\/\/aconteceunovale.com.br\/portal\/wp-content\/uploads\/2022\/01\/america_democrata.jpg\" alt=\"\" class=\"wp-image-186489\" srcset=\"https:\/\/aconteceunovale.com.br\/portal\/wp-content\/uploads\/2022\/01\/america_democrata.jpg 676w, https:\/\/aconteceunovale.com.br\/portal\/wp-content\/uploads\/2022\/01\/america_democrata-300x200.jpg 300w, https:\/\/aconteceunovale.com.br\/portal\/wp-content\/uploads\/2022\/01\/america_democrata-631x420.jpg 631w\" sizes=\"auto, (max-width: 676px) 100vw, 676px\" \/><figcaption><em>Foto: Mour\u00e3o Panda \/ AFC<\/em><\/figcaption><\/figure>\n<\/figure>\n\n\n\n<p class=\"wp-block-paragraph\">Com os tr\u00eas pontos somados, o Coelho se igualou ao Uberl\u00e2ndia e ao Athletic Club e assumiu a quarta posi\u00e7\u00e3o na tabela de classifica\u00e7\u00e3o. O Democrata GV ocupa a&nbsp;d\u00e9cima coloca\u00e7\u00e3o.&nbsp;<\/p>\n\n\n\n<p class=\"wp-block-paragraph\">As duas equipes voltam a campo na pr\u00f3xima quarta-feira. O Am\u00e9rica-MG jogar\u00e1 o cl\u00e1ssico contra o Cruzeiro, \u00e0s 21h30, no Mineir\u00e3o. Uma hora antes, no Castor Cifuentes, em Nova Lima, a Pantera do Leste de Minas mede for\u00e7as com o Le\u00e3o do Bonfim.&nbsp;<\/p>\n\n\n\n<h2 class=\"wp-block-heading\" id=\"resultados-da-segunda-rodada\">Resultados da segunda rodada&nbsp;<\/h2>\n\n\n\n<ul class=\"wp-block-list\"><li>Atl\u00e9tico-MG 3 x 0 Tombense&nbsp;<\/li><li>Athletic Club 0 x 1 Cruzeiro&nbsp;<\/li><li>URT 1 x 3 Caldense&nbsp;<\/li><li>Patrocinense 1 x 2 Uberl\u00e2ndia&nbsp;<\/li><li>Pouso Alegre 1 x 1 Villa Nova&nbsp;<\/li><li>Am\u00e9rica-MG 2 x 0 Democrata GV&nbsp;<\/li><\/ul>\n\n\n\n<h2 class=\"wp-block-heading\" id=\"classificacao\">Classifica\u00e7\u00e3o&nbsp;<\/h2>\n\n\n\n<figure class=\"wp-block-table is-style-stripes\"><table><tbody><tr><td class=\"has-text-align-center\" data-align=\"center\"><strong>Class.\u00a0<\/strong><\/td><td><strong>Equipe\u00a0<\/strong><\/td><td class=\"has-text-align-center\" data-align=\"center\"><strong>P<\/strong>\u00a0<\/td><td class=\"has-text-align-center\" data-align=\"center\"><strong>J\u00a0<\/strong><\/td><td class=\"has-text-align-center\" data-align=\"center\"><strong>V\u00a0<\/strong><\/td><td class=\"has-text-align-center\" data-align=\"center\"><strong>E\u00a0<\/strong><\/td><td class=\"has-text-align-center\" data-align=\"center\"><strong>D<\/strong>\u00a0<\/td><td class=\"has-text-align-center\" data-align=\"center\"><strong>GP<\/strong>\u00a0<\/td><td class=\"has-text-align-center\" data-align=\"center\"><strong>GC<\/strong>\u00a0<\/td><td class=\"has-text-align-center\" data-align=\"center\"><strong>SG<\/strong>\u00a0<\/td><td class=\"has-text-align-center\" data-align=\"center\"><strong>%\u00a0<\/strong><\/td><\/tr><tr><td class=\"has-text-align-center\" data-align=\"center\">1&nbsp;<\/td><td>Cruzeiro&nbsp;<\/td><td class=\"has-text-align-center\" data-align=\"center\">6&nbsp;<\/td><td class=\"has-text-align-center\" data-align=\"center\">2&nbsp;<\/td><td class=\"has-text-align-center\" data-align=\"center\">2&nbsp;<\/td><td class=\"has-text-align-center\" data-align=\"center\">0&nbsp;<\/td><td class=\"has-text-align-center\" data-align=\"center\">0&nbsp;<\/td><td class=\"has-text-align-center\" data-align=\"center\">4&nbsp;<\/td><td class=\"has-text-align-center\" data-align=\"center\">0&nbsp;<\/td><td class=\"has-text-align-center\" data-align=\"center\">4&nbsp;<\/td><td class=\"has-text-align-center\" data-align=\"center\">100<\/td><\/tr><tr><td class=\"has-text-align-center\" data-align=\"center\">2&nbsp;<\/td><td>Caldense&nbsp;<\/td><td class=\"has-text-align-center\" data-align=\"center\">6&nbsp;<\/td><td class=\"has-text-align-center\" data-align=\"center\">2&nbsp;<\/td><td class=\"has-text-align-center\" data-align=\"center\">2&nbsp;<\/td><td class=\"has-text-align-center\" data-align=\"center\">0&nbsp;<\/td><td class=\"has-text-align-center\" data-align=\"center\">0&nbsp;<\/td><td class=\"has-text-align-center\" data-align=\"center\">5&nbsp;<\/td><td class=\"has-text-align-center\" data-align=\"center\">2&nbsp;<\/td><td class=\"has-text-align-center\" data-align=\"center\">3&nbsp;<\/td><td class=\"has-text-align-center\" data-align=\"center\">100<\/td><\/tr><tr><td class=\"has-text-align-center\" data-align=\"center\">3&nbsp;<\/td><td>Atl\u00e9tico-MG&nbsp;<\/td><td class=\"has-text-align-center\" data-align=\"center\">4&nbsp;<\/td><td class=\"has-text-align-center\" data-align=\"center\">2&nbsp;<\/td><td class=\"has-text-align-center\" data-align=\"center\">1&nbsp;<\/td><td class=\"has-text-align-center\" data-align=\"center\">1&nbsp;<\/td><td class=\"has-text-align-center\" data-align=\"center\">0&nbsp;<\/td><td class=\"has-text-align-center\" data-align=\"center\">4&nbsp;<\/td><td class=\"has-text-align-center\" data-align=\"center\">1&nbsp;<\/td><td class=\"has-text-align-center\" data-align=\"center\">3&nbsp;<\/td><td class=\"has-text-align-center\" data-align=\"center\">66,7<\/td><\/tr><tr><td class=\"has-text-align-center\" data-align=\"center\">4&nbsp;<\/td><td>Am\u00e9rica-MG&nbsp;<\/td><td class=\"has-text-align-center\" data-align=\"center\">3&nbsp;<\/td><td class=\"has-text-align-center\" data-align=\"center\">2&nbsp;<\/td><td class=\"has-text-align-center\" data-align=\"center\">1&nbsp;<\/td><td class=\"has-text-align-center\" data-align=\"center\">0&nbsp;<\/td><td class=\"has-text-align-center\" data-align=\"center\">1&nbsp;<\/td><td class=\"has-text-align-center\" data-align=\"center\">3&nbsp;<\/td><td class=\"has-text-align-center\" data-align=\"center\">2&nbsp;<\/td><td class=\"has-text-align-center\" data-align=\"center\">1&nbsp;<\/td><td class=\"has-text-align-center\" data-align=\"center\">50&nbsp;<\/td><\/tr><tr><td class=\"has-text-align-center\" data-align=\"center\">5&nbsp;<\/td><td>Uberl\u00e2ndia&nbsp;<\/td><td class=\"has-text-align-center\" data-align=\"center\">3&nbsp;<\/td><td class=\"has-text-align-center\" data-align=\"center\">2&nbsp;<\/td><td class=\"has-text-align-center\" data-align=\"center\">1&nbsp;<\/td><td class=\"has-text-align-center\" data-align=\"center\">0&nbsp;<\/td><td class=\"has-text-align-center\" data-align=\"center\">1&nbsp;<\/td><td class=\"has-text-align-center\" data-align=\"center\">2&nbsp;<\/td><td class=\"has-text-align-center\" data-align=\"center\">2&nbsp;<\/td><td class=\"has-text-align-center\" data-align=\"center\">0&nbsp;<\/td><td class=\"has-text-align-center\" data-align=\"center\">50&nbsp;<\/td><\/tr><tr><td class=\"has-text-align-center\" data-align=\"center\">6&nbsp;<\/td><td>Athletic Club&nbsp;<\/td><td class=\"has-text-align-center\" data-align=\"center\">3&nbsp;<\/td><td class=\"has-text-align-center\" data-align=\"center\">2&nbsp;<\/td><td class=\"has-text-align-center\" data-align=\"center\">1&nbsp;<\/td><td class=\"has-text-align-center\" data-align=\"center\">0&nbsp;<\/td><td class=\"has-text-align-center\" data-align=\"center\">1&nbsp;<\/td><td class=\"has-text-align-center\" data-align=\"center\">1&nbsp;<\/td><td class=\"has-text-align-center\" data-align=\"center\">1&nbsp;<\/td><td class=\"has-text-align-center\" data-align=\"center\">0&nbsp;<\/td><td class=\"has-text-align-center\" data-align=\"center\">50&nbsp;<\/td><\/tr><tr><td class=\"has-text-align-center\" data-align=\"center\">7&nbsp;<\/td><td>Pouso Alegre&nbsp;<\/td><td class=\"has-text-align-center\" data-align=\"center\">2&nbsp;<\/td><td class=\"has-text-align-center\" data-align=\"center\">2&nbsp;<\/td><td class=\"has-text-align-center\" data-align=\"center\">0&nbsp;<\/td><td class=\"has-text-align-center\" data-align=\"center\">2&nbsp;<\/td><td class=\"has-text-align-center\" data-align=\"center\">0&nbsp;<\/td><td class=\"has-text-align-center\" data-align=\"center\">2&nbsp;<\/td><td class=\"has-text-align-center\" data-align=\"center\">2&nbsp;<\/td><td class=\"has-text-align-center\" data-align=\"center\">0&nbsp;<\/td><td class=\"has-text-align-center\" data-align=\"center\">33,3&nbsp;<\/td><\/tr><tr><td class=\"has-text-align-center\" data-align=\"center\">8&nbsp;<\/td><td>Villa Nova-MG&nbsp;<\/td><td class=\"has-text-align-center\" data-align=\"center\">2&nbsp;<\/td><td class=\"has-text-align-center\" data-align=\"center\">2&nbsp;<\/td><td class=\"has-text-align-center\" data-align=\"center\">0&nbsp;<\/td><td class=\"has-text-align-center\" data-align=\"center\">2&nbsp;<\/td><td class=\"has-text-align-center\" data-align=\"center\">0&nbsp;<\/td><td class=\"has-text-align-center\" data-align=\"center\">2&nbsp;<\/td><td class=\"has-text-align-center\" data-align=\"center\">2&nbsp;<\/td><td class=\"has-text-align-center\" data-align=\"center\">0&nbsp;<\/td><td class=\"has-text-align-center\" data-align=\"center\">33,3&nbsp;<\/td><\/tr><tr><td class=\"has-text-align-center\" data-align=\"center\">9&nbsp;<\/td><td>Patrocinense&nbsp;<\/td><td class=\"has-text-align-center\" data-align=\"center\">1&nbsp;<\/td><td class=\"has-text-align-center\" data-align=\"center\">2&nbsp;<\/td><td class=\"has-text-align-center\" data-align=\"center\">0&nbsp;<\/td><td class=\"has-text-align-center\" data-align=\"center\">1&nbsp;<\/td><td class=\"has-text-align-center\" data-align=\"center\">1&nbsp;<\/td><td class=\"has-text-align-center\" data-align=\"center\">2&nbsp;<\/td><td class=\"has-text-align-center\" data-align=\"center\">3&nbsp;<\/td><td class=\"has-text-align-center\" data-align=\"center\">-1&nbsp;<\/td><td class=\"has-text-align-center\" data-align=\"center\">16,7&nbsp;<\/td><\/tr><tr><td class=\"has-text-align-center\" data-align=\"center\">10&nbsp;<\/td><td>Democrata GV&nbsp;<\/td><td class=\"has-text-align-center\" data-align=\"center\">1&nbsp;<\/td><td class=\"has-text-align-center\" data-align=\"center\">2&nbsp;<\/td><td class=\"has-text-align-center\" data-align=\"center\">0&nbsp;<\/td><td class=\"has-text-align-center\" data-align=\"center\">1&nbsp;<\/td><td class=\"has-text-align-center\" data-align=\"center\">1&nbsp;<\/td><td class=\"has-text-align-center\" data-align=\"center\">1&nbsp;<\/td><td class=\"has-text-align-center\" data-align=\"center\">3&nbsp;<\/td><td class=\"has-text-align-center\" data-align=\"center\">-2&nbsp;<\/td><td class=\"has-text-align-center\" data-align=\"center\">16,7&nbsp;<\/td><\/tr><tr><td class=\"has-text-align-center\" data-align=\"center\">11&nbsp;<\/td><td>Tombense&nbsp;<\/td><td class=\"has-text-align-center\" data-align=\"center\">1&nbsp;<\/td><td class=\"has-text-align-center\" data-align=\"center\">2&nbsp;<\/td><td class=\"has-text-align-center\" data-align=\"center\">0&nbsp;<\/td><td class=\"has-text-align-center\" data-align=\"center\">1&nbsp;<\/td><td class=\"has-text-align-center\" data-align=\"center\">1&nbsp;<\/td><td class=\"has-text-align-center\" data-align=\"center\">1&nbsp;<\/td><td class=\"has-text-align-center\" data-align=\"center\">4&nbsp;<\/td><td class=\"has-text-align-center\" data-align=\"center\">-3&nbsp;<\/td><td class=\"has-text-align-center\" data-align=\"center\">16,7&nbsp;<\/td><\/tr><tr><td class=\"has-text-align-center\" data-align=\"center\">12&nbsp;<\/td><td>URT&nbsp;<\/td><td class=\"has-text-align-center\" data-align=\"center\">0&nbsp;<\/td><td class=\"has-text-align-center\" data-align=\"center\">2&nbsp;<\/td><td class=\"has-text-align-center\" data-align=\"center\">0&nbsp;<\/td><td class=\"has-text-align-center\" data-align=\"center\">0&nbsp;<\/td><td class=\"has-text-align-center\" data-align=\"center\">2&nbsp;<\/td><td class=\"has-text-align-center\" data-align=\"center\">1&nbsp;<\/td><td class=\"has-text-align-center\" data-align=\"center\">6&nbsp;<\/td><td class=\"has-text-align-center\" data-align=\"center\">-5&nbsp;<\/td><td class=\"has-text-align-center\" data-align=\"center\">0&nbsp;<\/td><\/tr><\/tbody><\/table><\/figure>\n\n\n\n<h2 class=\"wp-block-heading\" id=\"proxima-rodada\">Pr\u00f3xima rodada&nbsp;<\/h2>\n\n\n\n<p class=\"wp-block-paragraph\">Quarta-feira (2\/2\/2022):&nbsp;<\/p>\n\n\n\n<ul class=\"wp-block-list\"><li>Uberl\u00e2ndia x Atl\u00e9tico-MG (19h30 \u2013 Parque do Sabi\u00e1)&nbsp;<\/li><li>Pouso Alegre x Athletic Club (19h30 &#8211; Manduz\u00e3o)&nbsp;<\/li><li>Caldense x Tombense (20h00 &#8211; Ronald\u00e3o)&nbsp;<\/li><li>Patrocinense x URT (20h00 \u2013 Pedro Alves do Nascimento)&nbsp;<\/li><li>Villa Nova x Democrata GV (20h30 \u2013 Castor Cifuentes)&nbsp;<\/li><li>Cruzeiro x Am\u00e9rica-MG (21h30 &#8211; Mineir\u00e3o)&nbsp;<\/li><\/ul>\n\n\n\n<p class=\"wp-block-paragraph\">&#8212;&#8212;&#8212;&#8212;&#8212;&#8212;<br><em>Quer receber as not\u00edcias do <strong>Aconteceu no Vale<\/strong> em primeira m\u00e3o? Siga-nos no Facebook <a rel=\"noreferrer noopener\" href=\"http:\/\/facebook.com\/aconteceunovale\" target=\"_blank\">@aconteceunovale<\/a>, Twitter <a rel=\"noreferrer noopener\" href=\"https:\/\/twitter.com\/noticiadosvales\" target=\"_blank\">@noticiadosvales<\/a> e Instagram <a rel=\"noreferrer noopener\" href=\"https:\/\/www.instagram.com\/aconteceunovale\" target=\"_blank\">@aconteceunovale<\/a>.<\/em><\/p>\n","protected":false},"excerpt":{"rendered":"<p>O Am\u00e9rica-MG derrotou o Democrata GV por 2 a 0 neste domingo (30\/1), no Est\u00e1dio Independ\u00eancia, em Belo Horizonte, e conquistou sua primeira vit\u00f3ria no Campeonato Mineiro de 2022. Wellington Paulista, no primeiro tempo, e Felipe Azevedo, na segunda etapa, marcaram os gols da partida. Com os tr\u00eas pontos somados, o Coelho se igualou ao [&hellip;]<\/p>\n","protected":false},"author":4,"featured_media":186489,"comment_status":"open","ping_status":"closed","sticky":false,"template":"","format":"standard","meta":{"amp_status":"","footnotes":""},"categories":[59,123],"tags":[34528,16165,75846,194,1017,4404,257945,34527,258268,4369,77422,258270,22725,5324,258269],"class_list":["post-186488","post","type-post","status-publish","format-standard","has-post-thumbnail","hentry","category-esportes","category-gerais","tag-america","tag-america-mineiro","tag-america-mg","tag-belo-horizonte","tag-bh","tag-campeonato-mineiro","tag-campeonato-mineiro-2022","tag-coelho","tag-coelho-sela-primeira-vitoria-no-campeonato-mineiro-ao-bater-o-democrata-de-governador-valadares-por-2-a-0","tag-democrata-de-governador-valadares","tag-democrata-gv","tag-felipe-azevedo","tag-independencia","tag-pantera","tag-wellington-paulista"],"yoast_head":"<!-- This site is optimized with the Yoast SEO plugin v28.3 - https:\/\/yoast.com\/product\/yoast-seo-wordpress\/ -->\n<title>Coelho sela primeira vit\u00f3ria no Campeonato Mineiro ao bater o Democrata de Governador Valadares por 2 a 0 - Aconteceu no Vale<\/title>\n<meta name=\"robots\" content=\"index, follow, max-snippet:-1, max-image-preview:large, max-video-preview:-1\" \/>\n<link rel=\"canonical\" href=\"https:\/\/aconteceunovale.com.br\/portal\/?p=186488\" \/>\n<meta property=\"og:locale\" content=\"pt_BR\" \/>\n<meta property=\"og:type\" content=\"article\" \/>\n<meta property=\"og:title\" content=\"Coelho sela primeira vit\u00f3ria no Campeonato Mineiro ao bater o Democrata de Governador Valadares por 2 a 0 - Aconteceu no Vale\" \/>\n<meta property=\"og:description\" content=\"O Am\u00e9rica-MG derrotou o Democrata GV por 2 a 0 neste domingo (30\/1), no Est\u00e1dio Independ\u00eancia, em Belo Horizonte, e conquistou sua primeira vit\u00f3ria no Campeonato Mineiro de 2022. Wellington Paulista, no primeiro tempo, e Felipe Azevedo, na segunda etapa, marcaram os gols da partida. Com os tr\u00eas pontos somados, o Coelho se igualou ao [&hellip;]\" \/>\n<meta property=\"og:url\" content=\"https:\/\/aconteceunovale.com.br\/portal\/?p=186488\" \/>\n<meta property=\"og:site_name\" content=\"Aconteceu no Vale\" \/>\n<meta property=\"article:publisher\" content=\"https:\/\/www.facebook.com\/aconteceunovale\/\" \/>\n<meta property=\"article:published_time\" content=\"2022-01-31T00:26:39+00:00\" \/>\n<meta property=\"article:modified_time\" content=\"2022-01-31T00:27:05+00:00\" \/>\n<meta property=\"og:image\" content=\"https:\/\/aconteceunovale.com.br\/portal\/wp-content\/uploads\/2022\/01\/america_democrata.jpg\" \/>\n\t<meta property=\"og:image:width\" content=\"676\" \/>\n\t<meta property=\"og:image:height\" content=\"450\" \/>\n\t<meta property=\"og:image:type\" content=\"image\/jpeg\" \/>\n<meta name=\"author\" content=\"Reda\u00e7\u00e3o Aconteceu no Vale\" \/>\n<meta name=\"twitter:card\" content=\"summary_large_image\" \/>\n<meta name=\"twitter:creator\" content=\"@noticiadosvales\" \/>\n<meta name=\"twitter:site\" content=\"@noticiadosvales\" \/>\n<meta name=\"twitter:label1\" content=\"Escrito por\" \/>\n\t<meta name=\"twitter:data1\" content=\"Reda\u00e7\u00e3o Aconteceu no Vale\" \/>\n\t<meta name=\"twitter:label2\" content=\"Est. tempo de leitura\" \/>\n\t<meta name=\"twitter:data2\" content=\"2 minutos\" \/>\n<script type=\"application\/ld+json\" class=\"yoast-schema-graph\">{\"@context\":\"https:\\\/\\\/schema.org\",\"@graph\":[{\"@type\":\"Article\",\"@id\":\"https:\\\/\\\/aconteceunovale.com.br\\\/portal\\\/?p=186488#article\",\"isPartOf\":{\"@id\":\"https:\\\/\\\/aconteceunovale.com.br\\\/portal\\\/?p=186488\"},\"author\":{\"name\":\"Reda\u00e7\u00e3o Aconteceu no Vale\",\"@id\":\"https:\\\/\\\/aconteceunovale.com.br\\\/portal\\\/#\\\/schema\\\/person\\\/7d2f26d1483f8a63de73da1ee0754d35\"},\"headline\":\"Coelho sela primeira vit\u00f3ria no Campeonato Mineiro ao bater o Democrata de Governador Valadares por 2 a 0\",\"datePublished\":\"2022-01-31T00:26:39+00:00\",\"dateModified\":\"2022-01-31T00:27:05+00:00\",\"mainEntityOfPage\":{\"@id\":\"https:\\\/\\\/aconteceunovale.com.br\\\/portal\\\/?p=186488\"},\"wordCount\":441,\"commentCount\":0,\"image\":{\"@id\":\"https:\\\/\\\/aconteceunovale.com.br\\\/portal\\\/?p=186488#primaryimage\"},\"thumbnailUrl\":\"https:\\\/\\\/aconteceunovale.com.br\\\/portal\\\/wp-content\\\/uploads\\\/2022\\\/01\\\/america_democrata.jpg\",\"keywords\":[\"Am\u00e9rica\",\"Am\u00e9rica Mineiro\",\"Am\u00e9rica-MG\",\"Belo Horizonte\",\"bh\",\"Campeonato Mineiro\",\"Campeonato Mineiro 2022\",\"Coelho\",\"Coelho sela primeira vit\u00f3ria no Campeonato Mineiro ao bater o Democrata de Governador Valadares por 2 a 0\",\"Democrata de Governador Valadares\",\"DEMOCRATA-GV\",\"Felipe Azevedo\",\"Independ\u00eancia\",\"Pantera\",\"Wellington Paulista\"],\"articleSection\":[\"Esportes\",\"Minas Gerais\"],\"inLanguage\":\"pt-BR\",\"potentialAction\":[{\"@type\":\"CommentAction\",\"name\":\"Comment\",\"target\":[\"https:\\\/\\\/aconteceunovale.com.br\\\/portal\\\/?p=186488#respond\"]}]},{\"@type\":\"WebPage\",\"@id\":\"https:\\\/\\\/aconteceunovale.com.br\\\/portal\\\/?p=186488\",\"url\":\"https:\\\/\\\/aconteceunovale.com.br\\\/portal\\\/?p=186488\",\"name\":\"Coelho sela primeira vit\u00f3ria no Campeonato Mineiro ao bater o Democrata de Governador Valadares por 2 a 0 - Aconteceu no Vale\",\"isPartOf\":{\"@id\":\"https:\\\/\\\/aconteceunovale.com.br\\\/portal\\\/#website\"},\"primaryImageOfPage\":{\"@id\":\"https:\\\/\\\/aconteceunovale.com.br\\\/portal\\\/?p=186488#primaryimage\"},\"image\":{\"@id\":\"https:\\\/\\\/aconteceunovale.com.br\\\/portal\\\/?p=186488#primaryimage\"},\"thumbnailUrl\":\"https:\\\/\\\/aconteceunovale.com.br\\\/portal\\\/wp-content\\\/uploads\\\/2022\\\/01\\\/america_democrata.jpg\",\"datePublished\":\"2022-01-31T00:26:39+00:00\",\"dateModified\":\"2022-01-31T00:27:05+00:00\",\"author\":{\"@id\":\"https:\\\/\\\/aconteceunovale.com.br\\\/portal\\\/#\\\/schema\\\/person\\\/7d2f26d1483f8a63de73da1ee0754d35\"},\"breadcrumb\":{\"@id\":\"https:\\\/\\\/aconteceunovale.com.br\\\/portal\\\/?p=186488#breadcrumb\"},\"inLanguage\":\"pt-BR\",\"potentialAction\":[{\"@type\":\"ReadAction\",\"target\":[\"https:\\\/\\\/aconteceunovale.com.br\\\/portal\\\/?p=186488\"]}]},{\"@type\":\"ImageObject\",\"inLanguage\":\"pt-BR\",\"@id\":\"https:\\\/\\\/aconteceunovale.com.br\\\/portal\\\/?p=186488#primaryimage\",\"url\":\"https:\\\/\\\/aconteceunovale.com.br\\\/portal\\\/wp-content\\\/uploads\\\/2022\\\/01\\\/america_democrata.jpg\",\"contentUrl\":\"https:\\\/\\\/aconteceunovale.com.br\\\/portal\\\/wp-content\\\/uploads\\\/2022\\\/01\\\/america_democrata.jpg\",\"width\":676,\"height\":450,\"caption\":\"Belo Horizonte, 30\\\/01\\\/2022 - Campeonato Mineiro 2022 - Am\u00e9rica x Democrata GV - , durante partida entre Am\u00e9rica e Democrata GV v\u00e1lida pela 2\u00aa rodada do Campeonato Mineiro 2022, realizada no Est\u00e1dio Raimundo Sampaio - Arena Independ\u00eancia neste domingo (30). Foto: Mour\u00e3o Panda \\\/ AFC\"},{\"@type\":\"BreadcrumbList\",\"@id\":\"https:\\\/\\\/aconteceunovale.com.br\\\/portal\\\/?p=186488#breadcrumb\",\"itemListElement\":[{\"@type\":\"ListItem\",\"position\":1,\"name\":\"In\u00edcio\",\"item\":\"https:\\\/\\\/aconteceunovale.com.br\\\/portal\\\/\"},{\"@type\":\"ListItem\",\"position\":2,\"name\":\"Coelho sela primeira vit\u00f3ria no Campeonato Mineiro ao bater o Democrata de Governador Valadares por 2 a 0\"}]},{\"@type\":\"WebSite\",\"@id\":\"https:\\\/\\\/aconteceunovale.com.br\\\/portal\\\/#website\",\"url\":\"https:\\\/\\\/aconteceunovale.com.br\\\/portal\\\/\",\"name\":\"Aconteceu no Vale\",\"description\":\"Portal de Not\u00edcias\",\"potentialAction\":[{\"@type\":\"SearchAction\",\"target\":{\"@type\":\"EntryPoint\",\"urlTemplate\":\"https:\\\/\\\/aconteceunovale.com.br\\\/portal\\\/?s={search_term_string}\"},\"query-input\":{\"@type\":\"PropertyValueSpecification\",\"valueRequired\":true,\"valueName\":\"search_term_string\"}}],\"inLanguage\":\"pt-BR\"},{\"@type\":\"Person\",\"@id\":\"https:\\\/\\\/aconteceunovale.com.br\\\/portal\\\/#\\\/schema\\\/person\\\/7d2f26d1483f8a63de73da1ee0754d35\",\"name\":\"Reda\u00e7\u00e3o Aconteceu no Vale\",\"description\":\"Equipe de reportagem do Aconteceu no Vale, portal de not\u00edcias do Vale do Jequitinhonha, em Minas Gerais. Cobrimos as 51 cidades do Vale desde 2013. Sugest\u00f5es de pauta e pedidos de corre\u00e7\u00e3o: contato@aconteceunovale.com.br\",\"url\":\"https:\\\/\\\/aconteceunovale.com.br\\\/portal\\\/?author=4\"}]}<\/script>\n<!-- \/ Yoast SEO plugin. -->","yoast_head_json":{"title":"Coelho sela primeira vit\u00f3ria no Campeonato Mineiro ao bater o Democrata de Governador Valadares por 2 a 0 - Aconteceu no Vale","robots":{"index":"index","follow":"follow","max-snippet":"max-snippet:-1","max-image-preview":"max-image-preview:large","max-video-preview":"max-video-preview:-1"},"canonical":"https:\/\/aconteceunovale.com.br\/portal\/?p=186488","og_locale":"pt_BR","og_type":"article","og_title":"Coelho sela primeira vit\u00f3ria no Campeonato Mineiro ao bater o Democrata de Governador Valadares por 2 a 0 - Aconteceu no Vale","og_description":"O Am\u00e9rica-MG derrotou o Democrata GV por 2 a 0 neste domingo (30\/1), no Est\u00e1dio Independ\u00eancia, em Belo Horizonte, e conquistou sua primeira vit\u00f3ria no Campeonato Mineiro de 2022. Wellington Paulista, no primeiro tempo, e Felipe Azevedo, na segunda etapa, marcaram os gols da partida. Com os tr\u00eas pontos somados, o Coelho se igualou ao [&hellip;]","og_url":"https:\/\/aconteceunovale.com.br\/portal\/?p=186488","og_site_name":"Aconteceu no Vale","article_publisher":"https:\/\/www.facebook.com\/aconteceunovale\/","article_published_time":"2022-01-31T00:26:39+00:00","article_modified_time":"2022-01-31T00:27:05+00:00","og_image":[{"width":676,"height":450,"url":"https:\/\/aconteceunovale.com.br\/portal\/wp-content\/uploads\/2022\/01\/america_democrata.jpg","type":"image\/jpeg"}],"author":"Reda\u00e7\u00e3o Aconteceu no Vale","twitter_card":"summary_large_image","twitter_creator":"@noticiadosvales","twitter_site":"@noticiadosvales","twitter_misc":{"Escrito por":"Reda\u00e7\u00e3o Aconteceu no Vale","Est. tempo de leitura":"2 minutos"},"schema":{"@context":"https:\/\/schema.org","@graph":[{"@type":"Article","@id":"https:\/\/aconteceunovale.com.br\/portal\/?p=186488#article","isPartOf":{"@id":"https:\/\/aconteceunovale.com.br\/portal\/?p=186488"},"author":{"name":"Reda\u00e7\u00e3o Aconteceu no Vale","@id":"https:\/\/aconteceunovale.com.br\/portal\/#\/schema\/person\/7d2f26d1483f8a63de73da1ee0754d35"},"headline":"Coelho sela primeira vit\u00f3ria no Campeonato Mineiro ao bater o Democrata de Governador Valadares por 2 a 0","datePublished":"2022-01-31T00:26:39+00:00","dateModified":"2022-01-31T00:27:05+00:00","mainEntityOfPage":{"@id":"https:\/\/aconteceunovale.com.br\/portal\/?p=186488"},"wordCount":441,"commentCount":0,"image":{"@id":"https:\/\/aconteceunovale.com.br\/portal\/?p=186488#primaryimage"},"thumbnailUrl":"https:\/\/aconteceunovale.com.br\/portal\/wp-content\/uploads\/2022\/01\/america_democrata.jpg","keywords":["Am\u00e9rica","Am\u00e9rica Mineiro","Am\u00e9rica-MG","Belo Horizonte","bh","Campeonato Mineiro","Campeonato Mineiro 2022","Coelho","Coelho sela primeira vit\u00f3ria no Campeonato Mineiro ao bater o Democrata de Governador Valadares por 2 a 0","Democrata de Governador Valadares","DEMOCRATA-GV","Felipe Azevedo","Independ\u00eancia","Pantera","Wellington Paulista"],"articleSection":["Esportes","Minas Gerais"],"inLanguage":"pt-BR","potentialAction":[{"@type":"CommentAction","name":"Comment","target":["https:\/\/aconteceunovale.com.br\/portal\/?p=186488#respond"]}]},{"@type":"WebPage","@id":"https:\/\/aconteceunovale.com.br\/portal\/?p=186488","url":"https:\/\/aconteceunovale.com.br\/portal\/?p=186488","name":"Coelho sela primeira vit\u00f3ria no Campeonato Mineiro ao bater o Democrata de Governador Valadares por 2 a 0 - Aconteceu no Vale","isPartOf":{"@id":"https:\/\/aconteceunovale.com.br\/portal\/#website"},"primaryImageOfPage":{"@id":"https:\/\/aconteceunovale.com.br\/portal\/?p=186488#primaryimage"},"image":{"@id":"https:\/\/aconteceunovale.com.br\/portal\/?p=186488#primaryimage"},"thumbnailUrl":"https:\/\/aconteceunovale.com.br\/portal\/wp-content\/uploads\/2022\/01\/america_democrata.jpg","datePublished":"2022-01-31T00:26:39+00:00","dateModified":"2022-01-31T00:27:05+00:00","author":{"@id":"https:\/\/aconteceunovale.com.br\/portal\/#\/schema\/person\/7d2f26d1483f8a63de73da1ee0754d35"},"breadcrumb":{"@id":"https:\/\/aconteceunovale.com.br\/portal\/?p=186488#breadcrumb"},"inLanguage":"pt-BR","potentialAction":[{"@type":"ReadAction","target":["https:\/\/aconteceunovale.com.br\/portal\/?p=186488"]}]},{"@type":"ImageObject","inLanguage":"pt-BR","@id":"https:\/\/aconteceunovale.com.br\/portal\/?p=186488#primaryimage","url":"https:\/\/aconteceunovale.com.br\/portal\/wp-content\/uploads\/2022\/01\/america_democrata.jpg","contentUrl":"https:\/\/aconteceunovale.com.br\/portal\/wp-content\/uploads\/2022\/01\/america_democrata.jpg","width":676,"height":450,"caption":"Belo Horizonte, 30\/01\/2022 - Campeonato Mineiro 2022 - Am\u00e9rica x Democrata GV - , durante partida entre Am\u00e9rica e Democrata GV v\u00e1lida pela 2\u00aa rodada do Campeonato Mineiro 2022, realizada no Est\u00e1dio Raimundo Sampaio - Arena Independ\u00eancia neste domingo (30). Foto: Mour\u00e3o Panda \/ AFC"},{"@type":"BreadcrumbList","@id":"https:\/\/aconteceunovale.com.br\/portal\/?p=186488#breadcrumb","itemListElement":[{"@type":"ListItem","position":1,"name":"In\u00edcio","item":"https:\/\/aconteceunovale.com.br\/portal\/"},{"@type":"ListItem","position":2,"name":"Coelho sela primeira vit\u00f3ria no Campeonato Mineiro ao bater o Democrata de Governador Valadares por 2 a 0"}]},{"@type":"WebSite","@id":"https:\/\/aconteceunovale.com.br\/portal\/#website","url":"https:\/\/aconteceunovale.com.br\/portal\/","name":"Aconteceu no Vale","description":"Portal de Not\u00edcias","potentialAction":[{"@type":"SearchAction","target":{"@type":"EntryPoint","urlTemplate":"https:\/\/aconteceunovale.com.br\/portal\/?s={search_term_string}"},"query-input":{"@type":"PropertyValueSpecification","valueRequired":true,"valueName":"search_term_string"}}],"inLanguage":"pt-BR"},{"@type":"Person","@id":"https:\/\/aconteceunovale.com.br\/portal\/#\/schema\/person\/7d2f26d1483f8a63de73da1ee0754d35","name":"Reda\u00e7\u00e3o Aconteceu no Vale","description":"Equipe de reportagem do Aconteceu no Vale, portal de not\u00edcias do Vale do Jequitinhonha, em Minas Gerais. Cobrimos as 51 cidades do Vale desde 2013. Sugest\u00f5es de pauta e pedidos de corre\u00e7\u00e3o: contato@aconteceunovale.com.br","url":"https:\/\/aconteceunovale.com.br\/portal\/?author=4"}]}},"_links":{"self":[{"href":"https:\/\/aconteceunovale.com.br\/portal\/index.php?rest_route=\/wp\/v2\/posts\/186488","targetHints":{"allow":["GET"]}}],"collection":[{"href":"https:\/\/aconteceunovale.com.br\/portal\/index.php?rest_route=\/wp\/v2\/posts"}],"about":[{"href":"https:\/\/aconteceunovale.com.br\/portal\/index.php?rest_route=\/wp\/v2\/types\/post"}],"author":[{"embeddable":true,"href":"https:\/\/aconteceunovale.com.br\/portal\/index.php?rest_route=\/wp\/v2\/users\/4"}],"replies":[{"embeddable":true,"href":"https:\/\/aconteceunovale.com.br\/portal\/index.php?rest_route=%2Fwp%2Fv2%2Fcomments&post=186488"}],"version-history":[{"count":2,"href":"https:\/\/aconteceunovale.com.br\/portal\/index.php?rest_route=\/wp\/v2\/posts\/186488\/revisions"}],"predecessor-version":[{"id":186491,"href":"https:\/\/aconteceunovale.com.br\/portal\/index.php?rest_route=\/wp\/v2\/posts\/186488\/revisions\/186491"}],"wp:featuredmedia":[{"embeddable":true,"href":"https:\/\/aconteceunovale.com.br\/portal\/index.php?rest_route=\/wp\/v2\/media\/186489"}],"wp:attachment":[{"href":"https:\/\/aconteceunovale.com.br\/portal\/index.php?rest_route=%2Fwp%2Fv2%2Fmedia&parent=186488"}],"wp:term":[{"taxonomy":"category","embeddable":true,"href":"https:\/\/aconteceunovale.com.br\/portal\/index.php?rest_route=%2Fwp%2Fv2%2Fcategories&post=186488"},{"taxonomy":"post_tag","embeddable":true,"href":"https:\/\/aconteceunovale.com.br\/portal\/index.php?rest_route=%2Fwp%2Fv2%2Ftags&post=186488"}],"curies":[{"name":"wp","href":"https:\/\/api.w.org\/{rel}","templated":true}]}}