{"id":186482,"date":"2022-01-30T20:35:30","date_gmt":"2022-01-30T23:35:30","guid":{"rendered":"https:\/\/aconteceunovale.com.br\/portal\/?p=186482"},"modified":"2022-01-30T20:49:08","modified_gmt":"2022-01-30T23:49:08","slug":"municipios-dos-vales-do-aco-e-rio-doce-receberao-mais-de-r-4-milhoes-para-investimento-na-saude","status":"publish","type":"post","link":"https:\/\/aconteceunovale.com.br\/portal\/?p=186482","title":{"rendered":"Munic\u00edpios dos vales do A\u00e7o e Rio Doce receber\u00e3o mais de R$ 4 milh\u00f5es para investimento na sa\u00fade"},"content":{"rendered":"\n<p class=\"wp-block-paragraph\">Munic\u00edpios dos vales do A\u00e7o e Rio Doce\u00a0v\u00e3o receber R$ 4,1 milh\u00f5es para custeio de a\u00e7\u00f5es e servi\u00e7os de sa\u00fade. A distribui\u00e7\u00e3o do recurso foi divulgada pela Secretaria de Estado de Sa\u00fade de Minas Gerais (SES-MG), na \u00faltima sexta-feira (28\/1\/2022), na resolu\u00e7\u00e3o 7.991. \u00a0<\/p>\n\n\n\n<p class=\"wp-block-paragraph\">O incentivo financeiro dever\u00e1 ser utilizado para aten\u00e7\u00e3o hospitalar, urg\u00eancia\/emerg\u00eancia, e para o enfrentamento \u00e0 covid-19, especialmente neste momento, em que Minas passa por um novo pico da doen\u00e7a.&nbsp;<\/p>\n\n\n\n<p class=\"wp-block-paragraph\">Segundo o secret\u00e1rio de Estado de Sa\u00fade, F\u00e1bio Baccheretti, a recomenda\u00e7\u00e3o aos munic\u00edpios \u00e9 para que o recurso seja destinado \u00e0 compra de medicamentos, insumos, melhoria do atendimento nas UPAs, nos hospitais, em leitos cl\u00ednicos e UTI covid-19. <em>\u201cTamb\u00e9m \u00e9 recomendada a aquisi\u00e7\u00e3o de equipamentos de prote\u00e7\u00e3o individual, para assegurar profissionais dos servi\u00e7os de sa\u00fade\u201d,<\/em> explica o gestor.&nbsp;<\/p>\n\n\n\n<h1 class=\"wp-block-heading\" id=\"confira-a-distribuicao-dos-recursos-nos-vales-do-aco-e-rio-doce\">Confira a distribui\u00e7\u00e3o dos recursos nos vales do A\u00e7o e Rio Doce<\/h1>\n\n\n\n<figure class=\"wp-block-table is-style-stripes\"><table><tbody><tr><td><strong>Munic\u00edpio<\/strong>\u00a0<\/td><td><strong>Valor\u00a0<\/strong><\/td><\/tr><tr><td>Coluna&nbsp;<\/td><td>R$ 100.000,00&nbsp;<\/td><\/tr><tr><td>\u00c1gua Boa&nbsp;<\/td><td>R$ 100.000,00&nbsp;<\/td><\/tr><tr><td>Conselheiro Pena&nbsp;<\/td><td>R$ 100.000,00&nbsp;<\/td><\/tr><tr><td>Governador Valadares&nbsp;<\/td><td>R$ 640.000,00&nbsp;<\/td><\/tr><tr><td>Itabirinha&nbsp;<\/td><td>R$ 100.000,00&nbsp;<\/td><\/tr><tr><td>Mantena&nbsp;<\/td><td>R$ 300.000,00&nbsp;<\/td><\/tr><tr><td>Pe\u00e7anha&nbsp;<\/td><td>R$ 200.000,00&nbsp;<\/td><\/tr><tr><td>Santa Maria do Sua\u00e7u\u00ed&nbsp;<\/td><td>R$ 100.000,00&nbsp;<\/td><\/tr><tr><td>S\u00e3o Jo\u00e3o do Manteninha&nbsp;<\/td><td>R$ 100.000,00&nbsp;<\/td><\/tr><tr><td>S\u00e3o Jo\u00e3o Evangelista&nbsp;<\/td><td>R$ 100.000,00&nbsp;<\/td><\/tr><tr><td>Tarumirim&nbsp;<\/td><td>R$ 100.000,00&nbsp;<\/td><\/tr><tr><td>Guanh\u00e3es&nbsp;<\/td><td>R$ 200.000,00&nbsp;<\/td><\/tr><tr><td>Rio Vermelho&nbsp;<\/td><td>R$ 100.000,00&nbsp;<\/td><\/tr><tr><td>Virgin\u00f3polis&nbsp;<\/td><td>R$ 100.000,00&nbsp;<\/td><\/tr><tr><td>Itambacuri&nbsp;<\/td><td>R$ 300.000,00&nbsp;<\/td><\/tr><tr><td>Belo Oriente&nbsp;<\/td><td>R$ 100.000,00&nbsp;<\/td><\/tr><tr><td>Caratinga&nbsp;<\/td><td>R$ 340.000,00&nbsp;<\/td><\/tr><tr><td>Coronel Fabriciano&nbsp;<\/td><td>R$ 240.000,00&nbsp;<\/td><\/tr><tr><td>Ipatinga&nbsp;<\/td><td>R$ 440.000,00&nbsp;<\/td><\/tr><tr><td>Tim\u00f3teo&nbsp;<\/td><td>R$ 240.000,00&nbsp;<\/td><\/tr><tr><td><strong>Total<\/strong>\u00a0<\/td><td><strong>R$ 4.100.000,00\u00a0<\/strong><\/td><\/tr><\/tbody><\/table><\/figure>\n\n\n\n<h1 class=\"wp-block-heading\" id=\"recursos\">Recursos<\/h1>\n\n\n\n<p class=\"wp-block-paragraph\">A resolu\u00e7\u00e3o N\u00ba 7.991 detalha os valores destinados a cada munic\u00edpio e os crit\u00e9rios adotados para distribui\u00e7\u00e3o dos recursos. Do valor total, as Unidades de Pronto Atendimento (UPAs) habilitadas ou outras portas de entradas de urg\u00eancia\/emerg\u00eancia receber\u00e3o R$ 40 mil cada; os hospitais com leitos de enfermaria receber\u00e3o R$ 100 mil; e os hospitais com leitos de Unidades de Terapia Intensiva e enfermaria receber\u00e3o R$ 200 mil cada.<\/p>\n\n\n\n<p class=\"wp-block-paragraph\">Para definir os munic\u00edpios contemplados pela resolu\u00e7\u00e3o, foram considerados os seguintes crit\u00e9rios:<\/p>\n\n\n\n<ul class=\"wp-block-list\"><li>Estabelecimentos de sa\u00fade elencados nos Planos de Conting\u00eancia da Grade Hospitalar, com disponibiliza\u00e7\u00e3o de leitos cl\u00ednicos e ou UTI, e&nbsp;disponibilidade de leitos covid em&nbsp;cada macrorregi\u00e3o;&nbsp;<\/li><li>UPAS 24h habilitadas; e<\/li><li>Portas de entrada de urg\u00eancia e emerg\u00eancia identificadas a partir de solicita\u00e7\u00f5es de interna\u00e7\u00e3o via SUS F\u00e1cil (com classifica\u00e7\u00f5es relacionadas a covid), desde o in\u00edcio da pandemia, e caracterizadas no Cadastro Nacional de Estabelecimentos de Sa\u00fade (CNES) como estabelecimentos que atendem demanda espont\u00e2nea.<\/li><\/ul>\n\n\n\n<p class=\"wp-block-paragraph\">A resolu\u00e7\u00e3o N\u00ba 7.991 foi precedida pela delibera\u00e7\u00e3o CIB-SUS\/MG N\u00ba 3.709, da Comiss\u00e3o Intergestores Bipartite do Sistema \u00danico de Sa\u00fade do Estado de Minas Gerais, que aprovou o repasse e foi publicada na quinta-feira (27\/1).<\/p>\n\n\n\n<h1 class=\"wp-block-heading\" id=\"confira-a-integra\">Confira a \u00edntegra<\/h1>\n\n\n\n<div data-wp-interactive=\"core\/file\" class=\"wp-block-file\"><object data-wp-bind--hidden=\"!state.hasPdfPreview\" hidden class=\"wp-block-file__embed\" data=\"https:\/\/aconteceunovale.com.br\/portal\/wp-content\/uploads\/2022\/01\/del_3709_-_subpas_sras_dae_-_incentivo_covid.pdf\" type=\"application\/pdf\" style=\"width:100%;height:600px\" aria-label=\"Incorporado de Incorporado de &lt;em&gt;Download do documento em PDF&lt;\/em&gt;..\"><\/object><a id=\"wp-block-file--media-1dbbb5d4-cea2-4157-bbdf-f1cc55061301\" href=\"https:\/\/aconteceunovale.com.br\/portal\/wp-content\/uploads\/2022\/01\/del_3709_-_subpas_sras_dae_-_incentivo_covid.pdf\"><em>Download do documento em PDF<\/em><\/a><a href=\"https:\/\/aconteceunovale.com.br\/portal\/wp-content\/uploads\/2022\/01\/del_3709_-_subpas_sras_dae_-_incentivo_covid.pdf\" class=\"wp-block-file__button\" download aria-describedby=\"wp-block-file--media-1dbbb5d4-cea2-4157-bbdf-f1cc55061301\">Baixar<\/a><\/div>\n\n\n\n<p class=\"wp-block-paragraph\">&#8212;&#8212;&#8212;&#8212;&#8212;&#8212;<br><em>Quer receber as not\u00edcias do <strong>Aconteceu no Vale<\/strong> em primeira m\u00e3o? Siga-nos no Facebook <a rel=\"noreferrer noopener\" href=\"http:\/\/facebook.com\/aconteceunovale\" target=\"_blank\">@aconteceunovale<\/a>, Twitter <a rel=\"noreferrer noopener\" href=\"https:\/\/twitter.com\/noticiadosvales\" target=\"_blank\">@noticiadosvales<\/a> e Instagram <a rel=\"noreferrer noopener\" href=\"https:\/\/www.instagram.com\/aconteceunovale\" target=\"_blank\">@aconteceunovale<\/a>.<\/em><\/p>\n","protected":false},"excerpt":{"rendered":"<p>Munic\u00edpios dos vales do A\u00e7o e Rio Doce\u00a0v\u00e3o receber R$ 4,1 milh\u00f5es para custeio de a\u00e7\u00f5es e servi\u00e7os de sa\u00fade. A distribui\u00e7\u00e3o do recurso foi divulgada pela Secretaria de Estado de Sa\u00fade de Minas Gerais (SES-MG), na \u00faltima sexta-feira (28\/1\/2022), na resolu\u00e7\u00e3o 7.991. \u00a0 O incentivo financeiro dever\u00e1 ser utilizado para aten\u00e7\u00e3o hospitalar, urg\u00eancia\/emerg\u00eancia, e [&hellip;]<\/p>\n","protected":false},"author":4,"featured_media":184349,"comment_status":"open","ping_status":"closed","sticky":false,"template":"","format":"standard","meta":{"amp_status":"","footnotes":""},"categories":[121],"tags":[130,1536,4202,142,186,350,841,645,195,1535,132,490,237,1175,281,282,1801,1524,1018,198,258093,1278,258095,239750,136,1395,247,1153,155,201,2146,1705,191,149,188,391,408,204,205,34252,611,475,2236,226,1356,1516,389,137,1699,1277,210,252,175,572,306,455,254,1194,3139,211914,258091,421,445,407,190,240,1675,1403,162,258094,52113,419,329,164,1105,1813,133,166,258266,1340,258267,482,332],"class_list":["post-186482","post","type-post","status-publish","format-standard","has-post-thumbnail","hentry","category-leste","tag-agua-boa","tag-aguas-formosas","tag-aguas-vermelhas","tag-almenara","tag-aracuai","tag-belo-oriente","tag-berilo","tag-bocaiuva","tag-brasilia-de-minas","tag-buritizeiro","tag-capelinha","tag-carai","tag-caratinga","tag-carlos-chagas","tag-coluna","tag-conselheiro-pena","tag-coracao-de-jesus","tag-coronel-fabriciano","tag-destaque","tag-diamantina","tag-distribuicao-de-recursos-para-a-saude","tag-espinosa","tag-estado-detalha-distribuicao-de-r-47-milhoes-aos-municipios-para-custeio-de-acoes-e-servicos-de-saude","tag-fabio-baccheretti","tag-felisburgo","tag-francisco-sa","tag-governador-valadares","tag-grao-mogol","tag-guanhaes","tag-ipatinga","tag-itabirinha","tag-itacarambi","tag-itaipe","tag-itamarandiba","tag-itambacuri","tag-itaobim","tag-jacinto","tag-janauba","tag-januaria","tag-jequitinhonha","tag-joaima","tag-jordania","tag-machacalis","tag-malacacheta","tag-manga","tag-mantena","tag-medina","tag-minas-novas","tag-mirabela","tag-monte-azul","tag-montes-claros","tag-nanuque","tag-novo-cruzeiro","tag-padre-paraiso","tag-pecanha","tag-pedra-azul","tag-pirapora","tag-porteirinha","tag-pote","tag-recursos-para-saude","tag-repasse-para-saude","tag-rio-pardo-de-minas","tag-rio-vermelho","tag-rubim","tag-salinas","tag-santa-maria-do-suacui","tag-sao-joao-do-manteninha","tag-sao-joao-do-paraiso","tag-sao-joao-evangelista","tag-saude-minas-gerais","tag-ses-mg","tag-taiobeiras","tag-tarumirim","tag-teofilo-otoni","tag-timoteo","tag-urucuia","tag-vale-do-jequitinhonha","tag-vale-do-mucuri","tag-vales-do-jequitinhonha-e-mucuri-receberao-mais-de-r-4-milhoes-para-custeio-de-acoes-e-servicos-de-saude","tag-varzea-da-palma","tag-verba-para-saudem","tag-virgem-da-lapa","tag-virginopolis"],"yoast_head":"<!-- This site is optimized with the Yoast SEO plugin v28.3 - https:\/\/yoast.com\/product\/yoast-seo-wordpress\/ -->\n<title>Munic\u00edpios dos vales do A\u00e7o e Rio Doce receber\u00e3o mais de R$ 4 milh\u00f5es para investimento na sa\u00fade - Aconteceu no Vale<\/title>\n<meta name=\"robots\" content=\"index, follow, max-snippet:-1, max-image-preview:large, max-video-preview:-1\" \/>\n<link rel=\"canonical\" href=\"https:\/\/aconteceunovale.com.br\/portal\/?p=186482\" \/>\n<meta property=\"og:locale\" content=\"pt_BR\" \/>\n<meta property=\"og:type\" content=\"article\" \/>\n<meta property=\"og:title\" content=\"Munic\u00edpios dos vales do A\u00e7o e Rio Doce receber\u00e3o mais de R$ 4 milh\u00f5es para investimento na sa\u00fade - Aconteceu no Vale\" \/>\n<meta property=\"og:description\" content=\"Munic\u00edpios dos vales do A\u00e7o e Rio Doce\u00a0v\u00e3o receber R$ 4,1 milh\u00f5es para custeio de a\u00e7\u00f5es e servi\u00e7os de sa\u00fade. A distribui\u00e7\u00e3o do recurso foi divulgada pela Secretaria de Estado de Sa\u00fade de Minas Gerais (SES-MG), na \u00faltima sexta-feira (28\/1\/2022), na resolu\u00e7\u00e3o 7.991. \u00a0 O incentivo financeiro dever\u00e1 ser utilizado para aten\u00e7\u00e3o hospitalar, urg\u00eancia\/emerg\u00eancia, e [&hellip;]\" \/>\n<meta property=\"og:url\" content=\"https:\/\/aconteceunovale.com.br\/portal\/?p=186482\" \/>\n<meta property=\"og:site_name\" content=\"Aconteceu no Vale\" \/>\n<meta property=\"article:publisher\" content=\"https:\/\/www.facebook.com\/aconteceunovale\/\" \/>\n<meta property=\"article:published_time\" content=\"2022-01-30T23:35:30+00:00\" \/>\n<meta property=\"article:modified_time\" content=\"2022-01-30T23:49:08+00:00\" \/>\n<meta property=\"og:image\" content=\"https:\/\/aconteceunovale.com.br\/portal\/wp-content\/uploads\/2021\/12\/dinheiro_salario.jpg\" \/>\n\t<meta property=\"og:image:width\" content=\"640\" \/>\n\t<meta property=\"og:image:height\" content=\"405\" \/>\n\t<meta property=\"og:image:type\" content=\"image\/jpeg\" \/>\n<meta name=\"author\" content=\"Reda\u00e7\u00e3o Aconteceu no Vale\" \/>\n<meta name=\"twitter:card\" content=\"summary_large_image\" \/>\n<meta name=\"twitter:creator\" content=\"@noticiadosvales\" \/>\n<meta name=\"twitter:site\" content=\"@noticiadosvales\" \/>\n<meta name=\"twitter:label1\" content=\"Escrito por\" \/>\n\t<meta name=\"twitter:data1\" content=\"Reda\u00e7\u00e3o Aconteceu no Vale\" \/>\n\t<meta name=\"twitter:label2\" content=\"Est. tempo de leitura\" \/>\n\t<meta name=\"twitter:data2\" content=\"3 minutos\" \/>\n<script type=\"application\/ld+json\" class=\"yoast-schema-graph\">{\"@context\":\"https:\\\/\\\/schema.org\",\"@graph\":[{\"@type\":\"Article\",\"@id\":\"https:\\\/\\\/aconteceunovale.com.br\\\/portal\\\/?p=186482#article\",\"isPartOf\":{\"@id\":\"https:\\\/\\\/aconteceunovale.com.br\\\/portal\\\/?p=186482\"},\"author\":{\"name\":\"Reda\u00e7\u00e3o Aconteceu no Vale\",\"@id\":\"https:\\\/\\\/aconteceunovale.com.br\\\/portal\\\/#\\\/schema\\\/person\\\/7d2f26d1483f8a63de73da1ee0754d35\"},\"headline\":\"Munic\u00edpios dos vales do A\u00e7o e Rio Doce receber\u00e3o mais de R$ 4 milh\u00f5es para investimento na sa\u00fade\",\"datePublished\":\"2022-01-30T23:35:30+00:00\",\"dateModified\":\"2022-01-30T23:49:08+00:00\",\"mainEntityOfPage\":{\"@id\":\"https:\\\/\\\/aconteceunovale.com.br\\\/portal\\\/?p=186482\"},\"wordCount\":546,\"commentCount\":0,\"image\":{\"@id\":\"https:\\\/\\\/aconteceunovale.com.br\\\/portal\\\/?p=186482#primaryimage\"},\"thumbnailUrl\":\"https:\\\/\\\/aconteceunovale.com.br\\\/portal\\\/wp-content\\\/uploads\\\/2021\\\/12\\\/dinheiro_salario.jpg\",\"keywords\":[\"\u00c1gua Boa\",\"\u00c1guas Formosas\",\"\u00c1guas Vermelhas\",\"Almenara\",\"Ara\u00e7ua\u00ed\",\"belo oriente\",\"berilo\",\"Bocai\u00fava\",\"Bras\u00edlia de Minas\",\"Buritizeiro\",\"Capelinha\",\"Cara\u00ed\",\"Caratinga\",\"carlos chagas\",\"Coluna\",\"Conselheiro Pena\",\"Cora\u00e7\u00e3o de Jesus\",\"Coronel Fabriciano\",\"destaque\",\"Diamantina\",\"Distribui\u00e7\u00e3o de recursos para a sa\u00fade\",\"espinosa\",\"Estado detalha distribui\u00e7\u00e3o de R$ 47 milh\u00f5es aos munic\u00edpios para custeio de a\u00e7\u00f5es e servi\u00e7os de sa\u00fade\",\"F\u00e1bio Baccheretti\",\"Felisburgo\",\"francisco s\u00e1\",\"Governador Valadares\",\"gr\u00e3o mogol\",\"Guanh\u00e3es\",\"Ipatinga\",\"Itabirinha\",\"Itacarambi\",\"Itaip\u00e9\",\"Itamarandiba\",\"Itambacuri\",\"Itaobim\",\"Jacinto\",\"Jana\u00faba\",\"Janu\u00e1ria\",\"Jequitinhonha\",\"Joa\u00edma\",\"Jord\u00e2nia\",\"Machacalis\",\"Malacacheta\",\"manga\",\"Mantena\",\"Medina\",\"Minas Novas\",\"Mirabela\",\"monte azul\",\"Montes Claros\",\"Nanuque\",\"Novo Cruzeiro\",\"Padre Para\u00edso\",\"Pe\u00e7anha\",\"Pedra Azul\",\"Pirapora\",\"porteirinha\",\"Pot\u00e9\",\"Recursos para Sa\u00fade\",\"Repasse para sa\u00fade\",\"Rio Pardo de Minas\",\"Rio Vermelho\",\"Rubim\",\"Salinas\",\"Santa Maria do Sua\u00e7u\u00ed\",\"S\u00e3o Jo\u00e3o do Manteninha\",\"S\u00e3o Jo\u00e3o do Para\u00edso\",\"S\u00e3o Jo\u00e3o Evangelista\",\"Sa\u00fade Minas Gerais\",\"SES-MG\",\"Taiobeiras\",\"Tarumirim\",\"Te\u00f3filo Otoni\",\"Tim\u00f3teo\",\"Urucuia\",\"Vale do Jequitinhonha\",\"Vale do Mucuri\",\"Vales do Jequitinhonha e Mucuri receber\u00e3o mais de R$ 4 milh\u00f5es para custeio de a\u00e7\u00f5es e servi\u00e7os de sa\u00fade\",\"v\u00e1rzea da palma\",\"Verba para sa\u00fadem\",\"Virgem da Lapa\",\"Virgin\u00f3polis\"],\"articleSection\":[\"Leste de Minas\"],\"inLanguage\":\"pt-BR\",\"potentialAction\":[{\"@type\":\"CommentAction\",\"name\":\"Comment\",\"target\":[\"https:\\\/\\\/aconteceunovale.com.br\\\/portal\\\/?p=186482#respond\"]}]},{\"@type\":\"WebPage\",\"@id\":\"https:\\\/\\\/aconteceunovale.com.br\\\/portal\\\/?p=186482\",\"url\":\"https:\\\/\\\/aconteceunovale.com.br\\\/portal\\\/?p=186482\",\"name\":\"Munic\u00edpios dos vales do A\u00e7o e Rio Doce receber\u00e3o mais de R$ 4 milh\u00f5es para investimento na sa\u00fade - Aconteceu no Vale\",\"isPartOf\":{\"@id\":\"https:\\\/\\\/aconteceunovale.com.br\\\/portal\\\/#website\"},\"primaryImageOfPage\":{\"@id\":\"https:\\\/\\\/aconteceunovale.com.br\\\/portal\\\/?p=186482#primaryimage\"},\"image\":{\"@id\":\"https:\\\/\\\/aconteceunovale.com.br\\\/portal\\\/?p=186482#primaryimage\"},\"thumbnailUrl\":\"https:\\\/\\\/aconteceunovale.com.br\\\/portal\\\/wp-content\\\/uploads\\\/2021\\\/12\\\/dinheiro_salario.jpg\",\"datePublished\":\"2022-01-30T23:35:30+00:00\",\"dateModified\":\"2022-01-30T23:49:08+00:00\",\"author\":{\"@id\":\"https:\\\/\\\/aconteceunovale.com.br\\\/portal\\\/#\\\/schema\\\/person\\\/7d2f26d1483f8a63de73da1ee0754d35\"},\"breadcrumb\":{\"@id\":\"https:\\\/\\\/aconteceunovale.com.br\\\/portal\\\/?p=186482#breadcrumb\"},\"inLanguage\":\"pt-BR\",\"potentialAction\":[{\"@type\":\"ReadAction\",\"target\":[\"https:\\\/\\\/aconteceunovale.com.br\\\/portal\\\/?p=186482\"]}]},{\"@type\":\"ImageObject\",\"inLanguage\":\"pt-BR\",\"@id\":\"https:\\\/\\\/aconteceunovale.com.br\\\/portal\\\/?p=186482#primaryimage\",\"url\":\"https:\\\/\\\/aconteceunovale.com.br\\\/portal\\\/wp-content\\\/uploads\\\/2021\\\/12\\\/dinheiro_salario.jpg\",\"contentUrl\":\"https:\\\/\\\/aconteceunovale.com.br\\\/portal\\\/wp-content\\\/uploads\\\/2021\\\/12\\\/dinheiro_salario.jpg\",\"width\":640,\"height\":405},{\"@type\":\"BreadcrumbList\",\"@id\":\"https:\\\/\\\/aconteceunovale.com.br\\\/portal\\\/?p=186482#breadcrumb\",\"itemListElement\":[{\"@type\":\"ListItem\",\"position\":1,\"name\":\"In\u00edcio\",\"item\":\"https:\\\/\\\/aconteceunovale.com.br\\\/portal\\\/\"},{\"@type\":\"ListItem\",\"position\":2,\"name\":\"Munic\u00edpios dos vales do A\u00e7o e Rio Doce receber\u00e3o mais de R$ 4 milh\u00f5es para investimento na sa\u00fade\"}]},{\"@type\":\"WebSite\",\"@id\":\"https:\\\/\\\/aconteceunovale.com.br\\\/portal\\\/#website\",\"url\":\"https:\\\/\\\/aconteceunovale.com.br\\\/portal\\\/\",\"name\":\"Aconteceu no Vale\",\"description\":\"Portal de Not\u00edcias\",\"potentialAction\":[{\"@type\":\"SearchAction\",\"target\":{\"@type\":\"EntryPoint\",\"urlTemplate\":\"https:\\\/\\\/aconteceunovale.com.br\\\/portal\\\/?s={search_term_string}\"},\"query-input\":{\"@type\":\"PropertyValueSpecification\",\"valueRequired\":true,\"valueName\":\"search_term_string\"}}],\"inLanguage\":\"pt-BR\"},{\"@type\":\"Person\",\"@id\":\"https:\\\/\\\/aconteceunovale.com.br\\\/portal\\\/#\\\/schema\\\/person\\\/7d2f26d1483f8a63de73da1ee0754d35\",\"name\":\"Reda\u00e7\u00e3o Aconteceu no Vale\",\"description\":\"Equipe de reportagem do Aconteceu no Vale, portal de not\u00edcias do Vale do Jequitinhonha, em Minas Gerais. Cobrimos as 51 cidades do Vale desde 2013. Sugest\u00f5es de pauta e pedidos de corre\u00e7\u00e3o: contato@aconteceunovale.com.br\",\"url\":\"https:\\\/\\\/aconteceunovale.com.br\\\/portal\\\/?author=4\"}]}<\/script>\n<!-- \/ Yoast SEO plugin. -->","yoast_head_json":{"title":"Munic\u00edpios dos vales do A\u00e7o e Rio Doce receber\u00e3o mais de R$ 4 milh\u00f5es para investimento na sa\u00fade - Aconteceu no Vale","robots":{"index":"index","follow":"follow","max-snippet":"max-snippet:-1","max-image-preview":"max-image-preview:large","max-video-preview":"max-video-preview:-1"},"canonical":"https:\/\/aconteceunovale.com.br\/portal\/?p=186482","og_locale":"pt_BR","og_type":"article","og_title":"Munic\u00edpios dos vales do A\u00e7o e Rio Doce receber\u00e3o mais de R$ 4 milh\u00f5es para investimento na sa\u00fade - Aconteceu no Vale","og_description":"Munic\u00edpios dos vales do A\u00e7o e Rio Doce\u00a0v\u00e3o receber R$ 4,1 milh\u00f5es para custeio de a\u00e7\u00f5es e servi\u00e7os de sa\u00fade. A distribui\u00e7\u00e3o do recurso foi divulgada pela Secretaria de Estado de Sa\u00fade de Minas Gerais (SES-MG), na \u00faltima sexta-feira (28\/1\/2022), na resolu\u00e7\u00e3o 7.991. \u00a0 O incentivo financeiro dever\u00e1 ser utilizado para aten\u00e7\u00e3o hospitalar, urg\u00eancia\/emerg\u00eancia, e [&hellip;]","og_url":"https:\/\/aconteceunovale.com.br\/portal\/?p=186482","og_site_name":"Aconteceu no Vale","article_publisher":"https:\/\/www.facebook.com\/aconteceunovale\/","article_published_time":"2022-01-30T23:35:30+00:00","article_modified_time":"2022-01-30T23:49:08+00:00","og_image":[{"width":640,"height":405,"url":"https:\/\/aconteceunovale.com.br\/portal\/wp-content\/uploads\/2021\/12\/dinheiro_salario.jpg","type":"image\/jpeg"}],"author":"Reda\u00e7\u00e3o Aconteceu no Vale","twitter_card":"summary_large_image","twitter_creator":"@noticiadosvales","twitter_site":"@noticiadosvales","twitter_misc":{"Escrito por":"Reda\u00e7\u00e3o Aconteceu no Vale","Est. tempo de leitura":"3 minutos"},"schema":{"@context":"https:\/\/schema.org","@graph":[{"@type":"Article","@id":"https:\/\/aconteceunovale.com.br\/portal\/?p=186482#article","isPartOf":{"@id":"https:\/\/aconteceunovale.com.br\/portal\/?p=186482"},"author":{"name":"Reda\u00e7\u00e3o Aconteceu no Vale","@id":"https:\/\/aconteceunovale.com.br\/portal\/#\/schema\/person\/7d2f26d1483f8a63de73da1ee0754d35"},"headline":"Munic\u00edpios dos vales do A\u00e7o e Rio Doce receber\u00e3o mais de R$ 4 milh\u00f5es para investimento na sa\u00fade","datePublished":"2022-01-30T23:35:30+00:00","dateModified":"2022-01-30T23:49:08+00:00","mainEntityOfPage":{"@id":"https:\/\/aconteceunovale.com.br\/portal\/?p=186482"},"wordCount":546,"commentCount":0,"image":{"@id":"https:\/\/aconteceunovale.com.br\/portal\/?p=186482#primaryimage"},"thumbnailUrl":"https:\/\/aconteceunovale.com.br\/portal\/wp-content\/uploads\/2021\/12\/dinheiro_salario.jpg","keywords":["\u00c1gua Boa","\u00c1guas Formosas","\u00c1guas Vermelhas","Almenara","Ara\u00e7ua\u00ed","belo oriente","berilo","Bocai\u00fava","Bras\u00edlia de Minas","Buritizeiro","Capelinha","Cara\u00ed","Caratinga","carlos chagas","Coluna","Conselheiro Pena","Cora\u00e7\u00e3o de Jesus","Coronel Fabriciano","destaque","Diamantina","Distribui\u00e7\u00e3o de recursos para a sa\u00fade","espinosa","Estado detalha distribui\u00e7\u00e3o de R$ 47 milh\u00f5es aos munic\u00edpios para custeio de a\u00e7\u00f5es e servi\u00e7os de sa\u00fade","F\u00e1bio Baccheretti","Felisburgo","francisco s\u00e1","Governador Valadares","gr\u00e3o mogol","Guanh\u00e3es","Ipatinga","Itabirinha","Itacarambi","Itaip\u00e9","Itamarandiba","Itambacuri","Itaobim","Jacinto","Jana\u00faba","Janu\u00e1ria","Jequitinhonha","Joa\u00edma","Jord\u00e2nia","Machacalis","Malacacheta","manga","Mantena","Medina","Minas Novas","Mirabela","monte azul","Montes Claros","Nanuque","Novo Cruzeiro","Padre Para\u00edso","Pe\u00e7anha","Pedra Azul","Pirapora","porteirinha","Pot\u00e9","Recursos para Sa\u00fade","Repasse para sa\u00fade","Rio Pardo de Minas","Rio Vermelho","Rubim","Salinas","Santa Maria do Sua\u00e7u\u00ed","S\u00e3o Jo\u00e3o do Manteninha","S\u00e3o Jo\u00e3o do Para\u00edso","S\u00e3o Jo\u00e3o Evangelista","Sa\u00fade Minas Gerais","SES-MG","Taiobeiras","Tarumirim","Te\u00f3filo Otoni","Tim\u00f3teo","Urucuia","Vale do Jequitinhonha","Vale do Mucuri","Vales do Jequitinhonha e Mucuri receber\u00e3o mais de R$ 4 milh\u00f5es para custeio de a\u00e7\u00f5es e servi\u00e7os de sa\u00fade","v\u00e1rzea da palma","Verba para sa\u00fadem","Virgem da Lapa","Virgin\u00f3polis"],"articleSection":["Leste de Minas"],"inLanguage":"pt-BR","potentialAction":[{"@type":"CommentAction","name":"Comment","target":["https:\/\/aconteceunovale.com.br\/portal\/?p=186482#respond"]}]},{"@type":"WebPage","@id":"https:\/\/aconteceunovale.com.br\/portal\/?p=186482","url":"https:\/\/aconteceunovale.com.br\/portal\/?p=186482","name":"Munic\u00edpios dos vales do A\u00e7o e Rio Doce receber\u00e3o mais de R$ 4 milh\u00f5es para investimento na sa\u00fade - Aconteceu no Vale","isPartOf":{"@id":"https:\/\/aconteceunovale.com.br\/portal\/#website"},"primaryImageOfPage":{"@id":"https:\/\/aconteceunovale.com.br\/portal\/?p=186482#primaryimage"},"image":{"@id":"https:\/\/aconteceunovale.com.br\/portal\/?p=186482#primaryimage"},"thumbnailUrl":"https:\/\/aconteceunovale.com.br\/portal\/wp-content\/uploads\/2021\/12\/dinheiro_salario.jpg","datePublished":"2022-01-30T23:35:30+00:00","dateModified":"2022-01-30T23:49:08+00:00","author":{"@id":"https:\/\/aconteceunovale.com.br\/portal\/#\/schema\/person\/7d2f26d1483f8a63de73da1ee0754d35"},"breadcrumb":{"@id":"https:\/\/aconteceunovale.com.br\/portal\/?p=186482#breadcrumb"},"inLanguage":"pt-BR","potentialAction":[{"@type":"ReadAction","target":["https:\/\/aconteceunovale.com.br\/portal\/?p=186482"]}]},{"@type":"ImageObject","inLanguage":"pt-BR","@id":"https:\/\/aconteceunovale.com.br\/portal\/?p=186482#primaryimage","url":"https:\/\/aconteceunovale.com.br\/portal\/wp-content\/uploads\/2021\/12\/dinheiro_salario.jpg","contentUrl":"https:\/\/aconteceunovale.com.br\/portal\/wp-content\/uploads\/2021\/12\/dinheiro_salario.jpg","width":640,"height":405},{"@type":"BreadcrumbList","@id":"https:\/\/aconteceunovale.com.br\/portal\/?p=186482#breadcrumb","itemListElement":[{"@type":"ListItem","position":1,"name":"In\u00edcio","item":"https:\/\/aconteceunovale.com.br\/portal\/"},{"@type":"ListItem","position":2,"name":"Munic\u00edpios dos vales do A\u00e7o e Rio Doce receber\u00e3o mais de R$ 4 milh\u00f5es para investimento na sa\u00fade"}]},{"@type":"WebSite","@id":"https:\/\/aconteceunovale.com.br\/portal\/#website","url":"https:\/\/aconteceunovale.com.br\/portal\/","name":"Aconteceu no Vale","description":"Portal de Not\u00edcias","potentialAction":[{"@type":"SearchAction","target":{"@type":"EntryPoint","urlTemplate":"https:\/\/aconteceunovale.com.br\/portal\/?s={search_term_string}"},"query-input":{"@type":"PropertyValueSpecification","valueRequired":true,"valueName":"search_term_string"}}],"inLanguage":"pt-BR"},{"@type":"Person","@id":"https:\/\/aconteceunovale.com.br\/portal\/#\/schema\/person\/7d2f26d1483f8a63de73da1ee0754d35","name":"Reda\u00e7\u00e3o Aconteceu no Vale","description":"Equipe de reportagem do Aconteceu no Vale, portal de not\u00edcias do Vale do Jequitinhonha, em Minas Gerais. Cobrimos as 51 cidades do Vale desde 2013. Sugest\u00f5es de pauta e pedidos de corre\u00e7\u00e3o: contato@aconteceunovale.com.br","url":"https:\/\/aconteceunovale.com.br\/portal\/?author=4"}]}},"_links":{"self":[{"href":"https:\/\/aconteceunovale.com.br\/portal\/index.php?rest_route=\/wp\/v2\/posts\/186482","targetHints":{"allow":["GET"]}}],"collection":[{"href":"https:\/\/aconteceunovale.com.br\/portal\/index.php?rest_route=\/wp\/v2\/posts"}],"about":[{"href":"https:\/\/aconteceunovale.com.br\/portal\/index.php?rest_route=\/wp\/v2\/types\/post"}],"author":[{"embeddable":true,"href":"https:\/\/aconteceunovale.com.br\/portal\/index.php?rest_route=\/wp\/v2\/users\/4"}],"replies":[{"embeddable":true,"href":"https:\/\/aconteceunovale.com.br\/portal\/index.php?rest_route=%2Fwp%2Fv2%2Fcomments&post=186482"}],"version-history":[{"count":1,"href":"https:\/\/aconteceunovale.com.br\/portal\/index.php?rest_route=\/wp\/v2\/posts\/186482\/revisions"}],"predecessor-version":[{"id":186483,"href":"https:\/\/aconteceunovale.com.br\/portal\/index.php?rest_route=\/wp\/v2\/posts\/186482\/revisions\/186483"}],"wp:featuredmedia":[{"embeddable":true,"href":"https:\/\/aconteceunovale.com.br\/portal\/index.php?rest_route=\/wp\/v2\/media\/184349"}],"wp:attachment":[{"href":"https:\/\/aconteceunovale.com.br\/portal\/index.php?rest_route=%2Fwp%2Fv2%2Fmedia&parent=186482"}],"wp:term":[{"taxonomy":"category","embeddable":true,"href":"https:\/\/aconteceunovale.com.br\/portal\/index.php?rest_route=%2Fwp%2Fv2%2Fcategories&post=186482"},{"taxonomy":"post_tag","embeddable":true,"href":"https:\/\/aconteceunovale.com.br\/portal\/index.php?rest_route=%2Fwp%2Fv2%2Ftags&post=186482"}],"curies":[{"name":"wp","href":"https:\/\/api.w.org\/{rel}","templated":true}]}}