{"id":186465,"date":"2022-01-30T16:36:49","date_gmt":"2022-01-30T19:36:49","guid":{"rendered":"https:\/\/aconteceunovale.com.br\/portal\/?p=186465"},"modified":"2026-09-02T12:29:32","modified_gmt":"2026-09-02T15:29:32","slug":"bandeira-tarifaria-de-escassez-hidrica-deve-ir-ate-abril-diz-ministro-de-minas-e-energia","status":"publish","type":"post","link":"https:\/\/aconteceunovale.com.br\/portal\/?p=186465","title":{"rendered":"Bandeira tarif\u00e1ria de escassez h\u00eddrica deve ir at\u00e9 abril, diz ministro de Minas e Energia"},"content":{"rendered":"\n<p class=\"wp-block-paragraph\">O Brasil vivenciou, no ano passado, a maior crise de escassez h\u00eddrica dos \u00faltimos 90 anos. Por conta disso, o pa\u00eds precisou comprar energia el\u00e9trica do exterior e acionar as usinas termel\u00e9tricas que funcionam em solo brasileiro. Para financiar os gastos extras, foi criada uma nova bandeira tarif\u00e1ria de energia el\u00e9trica: a\u00a0bandeira de escassez h\u00eddrica. A previs\u00e3o do ministro de Minas e Energia, Bento Albuquerque, entretanto, \u00e9 que ela deixe\u00a0de ser necess\u00e1ria em meados\u00a0de mar\u00e7o ou abril.<\/p>\n\n\n\n<figure class=\"wp-block-gallery has-nested-images columns-default is-cropped wp-block-gallery-1 is-layout-flex wp-block-gallery-is-layout-flex\">\n<figure class=\"wp-block-image size-large\"><img loading=\"lazy\" decoding=\"async\" width=\"678\" height=\"406\" data-id=\"186466\" src=\"https:\/\/aconteceunovale.com.br\/portal\/wp-content\/uploads\/2022\/01\/bento_albuquerque.jpg\" alt=\"\" class=\"wp-image-186466\" srcset=\"https:\/\/aconteceunovale.com.br\/portal\/wp-content\/uploads\/2022\/01\/bento_albuquerque.jpg 678w, https:\/\/aconteceunovale.com.br\/portal\/wp-content\/uploads\/2022\/01\/bento_albuquerque-300x180.jpg 300w\" sizes=\"auto, (max-width: 678px) 100vw, 678px\" \/><figcaption><em>Bento Albuquerque &#8211; Foto: Marcello Casal Jr\/Ag\u00eancia Brasil<\/em><\/figcaption><\/figure>\n<\/figure>\n\n\n\n<p class=\"wp-block-paragraph\">Segundo Albuquerque, ainda n\u00e3o h\u00e1 como prever como ser\u00e1 o cen\u00e1rio h\u00eddrico em 2022, mas h\u00e1 uma expectativa de que seja&nbsp;melhor&nbsp;do que o&nbsp;do ano passado. O ministro disse que as condi\u00e7\u00f5es h\u00eddricas de 2021 foram 8% melhores que em 2020&nbsp;&nbsp;gra\u00e7as \u00e0s medidas adotadas pelo governo.<\/p>\n\n\n\n<p class=\"wp-block-paragraph\">\u201cA nossa expectativa para o fim do per\u00edodo \u00famido (mar\u00e7o, abril) \u00e9 estarmos em condi\u00e7\u00f5es bem melhores do que est\u00e1vamos no ano passado\u201d. De acordo com ele, os consumidores \u2013 grandes , m\u00e9dios e pequenos \u2013 fizeram a sua parte. \u201cEu digo que foi um esfor\u00e7o coletivo\u201d, garante.<\/p>\n\n\n\n<p class=\"wp-block-paragraph\">Ainda segundo o ministro, o governo trabalhou para que n\u00e3o houvesse a possibilidade nem de racionamento nem de apag\u00e3o. Bento Albuquerque citou que pa\u00edses como os Estados Unidos e a China tiveram que racionar energia, o que n\u00e3o ocorreu com o Brasil.<\/p>\n\n\n\n<h2 class=\"wp-block-heading\" id=\"leiloes-de-petroleo-e-outros-assuntos\">Leil\u00f5es de petr\u00f3leo e outros assuntos<\/h2>\n\n\n\n<p class=\"wp-block-paragraph\">Na entrevista ao programa&nbsp;<em>Brasil em Pauta<\/em>, Bento Albuquerque tamb\u00e9m falou sobre a matriz energ\u00e9tica brasileira, sobre o avan\u00e7o da energia solar \u2013 que cresceu 132% no ano passado \u2013 e sobre os leil\u00f5es de petr\u00f3leo. Segundo ele, a produ\u00e7\u00e3o cresceu 14% nos \u00faltimos tr\u00eas anos.<\/p>\n\n\n\n<p class=\"wp-block-paragraph\">Como o petr\u00f3leo brasileiro tem baixo teor de carbono, ele se torna mais atrativo para investidores. O governo tamb\u00e9m colaborou, dando seguran\u00e7a jur\u00eddica e regulat\u00f3ria e previsibilidade ao processo. \u201cE tudo isso s\u00f3 \u00e9 poss\u00edvel com planejamento\u201d, conclui.<\/p>\n\n\n\n<p class=\"wp-block-paragraph\">&#8212;&#8212;&#8212;&#8212;&#8212;&#8212;<br><em>Quer receber as not\u00edcias do <strong>Aconteceu no Vale<\/strong> em primeira m\u00e3o? Siga-nos no Facebook <a rel=\"noreferrer noopener\" href=\"http:\/\/facebook.com\/aconteceunovale\" target=\"_blank\">@aconteceunovale<\/a>, Twitter <a rel=\"noreferrer noopener\" href=\"https:\/\/twitter.com\/noticiadosvales\" target=\"_blank\">@noticiadosvales<\/a> e Instagram <a rel=\"noreferrer noopener\" href=\"https:\/\/www.instagram.com\/aconteceunovale\" target=\"_blank\">@aconteceunovale<\/a>.<\/em><\/p>\n","protected":false},"excerpt":{"rendered":"<p>O Brasil vivenciou, no ano passado, a maior crise de escassez h\u00eddrica dos \u00faltimos 90 anos. Por conta disso, o pa\u00eds precisou comprar energia el\u00e9trica do exterior e acionar as usinas termel\u00e9tricas que funcionam em solo brasileiro. Para financiar os gastos extras, foi criada uma nova bandeira tarif\u00e1ria de energia el\u00e9trica: a\u00a0bandeira de escassez h\u00eddrica. [&hellip;]<\/p>\n","protected":false},"author":4,"featured_media":186466,"comment_status":"open","ping_status":"closed","sticky":false,"template":"","format":"standard","meta":{"amp_status":"","footnotes":""},"categories":[6,40240],"tags":[258216,258213,196512,4785,84426,1018,258214,258215,33282],"class_list":["post-186465","post","type-post","status-publish","format-standard","has-post-thumbnail","hentry","category-br","category-politica","tag-bandeira-tarifaria-da-energia-eletrica","tag-bandeira-tarifaria-de-escassez-hidrica-deve-ir-ate-abril","tag-bento-albuquerque","tag-brasil","tag-crise-hidrica-no-brasil","tag-destaque","tag-escassez-hidrica-no-brasil","tag-geracao-de-energia-eletrica-no-brasil","tag-ministro-de-minas-e-energia"],"yoast_head":"<!-- This site is optimized with the Yoast SEO plugin v28.3 - https:\/\/yoast.com\/product\/yoast-seo-wordpress\/ -->\n<title>Bandeira tarif\u00e1ria de escassez h\u00eddrica deve ir at\u00e9 abril, diz ministro de Minas e Energia - Aconteceu no Vale<\/title>\n<meta name=\"robots\" content=\"index, follow, max-snippet:-1, max-image-preview:large, max-video-preview:-1\" \/>\n<link rel=\"canonical\" href=\"https:\/\/aconteceunovale.com.br\/portal\/?p=186465\" \/>\n<meta property=\"og:locale\" content=\"pt_BR\" \/>\n<meta property=\"og:type\" content=\"article\" \/>\n<meta property=\"og:title\" content=\"Bandeira tarif\u00e1ria de escassez h\u00eddrica deve ir at\u00e9 abril, diz ministro de Minas e Energia - Aconteceu no Vale\" \/>\n<meta property=\"og:description\" content=\"O Brasil vivenciou, no ano passado, a maior crise de escassez h\u00eddrica dos \u00faltimos 90 anos. Por conta disso, o pa\u00eds precisou comprar energia el\u00e9trica do exterior e acionar as usinas termel\u00e9tricas que funcionam em solo brasileiro. Para financiar os gastos extras, foi criada uma nova bandeira tarif\u00e1ria de energia el\u00e9trica: a\u00a0bandeira de escassez h\u00eddrica. [&hellip;]\" \/>\n<meta property=\"og:url\" content=\"https:\/\/aconteceunovale.com.br\/portal\/?p=186465\" \/>\n<meta property=\"og:site_name\" content=\"Aconteceu no Vale\" \/>\n<meta property=\"article:publisher\" content=\"https:\/\/www.facebook.com\/aconteceunovale\/\" \/>\n<meta property=\"article:published_time\" content=\"2022-01-30T19:36:49+00:00\" \/>\n<meta property=\"article:modified_time\" content=\"2026-09-02T15:29:32+00:00\" \/>\n<meta property=\"og:image\" content=\"https:\/\/aconteceunovale.com.br\/portal\/wp-content\/uploads\/2022\/01\/bento_albuquerque.jpg\" \/>\n\t<meta property=\"og:image:width\" content=\"678\" \/>\n\t<meta property=\"og:image:height\" content=\"406\" \/>\n\t<meta property=\"og:image:type\" content=\"image\/jpeg\" \/>\n<meta name=\"author\" content=\"Reda\u00e7\u00e3o Aconteceu no Vale\" \/>\n<meta name=\"twitter:card\" content=\"summary_large_image\" \/>\n<meta name=\"twitter:creator\" content=\"@noticiadosvales\" \/>\n<meta name=\"twitter:site\" content=\"@noticiadosvales\" \/>\n<meta name=\"twitter:label1\" content=\"Escrito por\" \/>\n\t<meta name=\"twitter:data1\" content=\"Reda\u00e7\u00e3o Aconteceu no Vale\" \/>\n\t<meta name=\"twitter:label2\" content=\"Est. tempo de leitura\" \/>\n\t<meta name=\"twitter:data2\" content=\"2 minutos\" \/>\n<script type=\"application\/ld+json\" class=\"yoast-schema-graph\">{\"@context\":\"https:\\\/\\\/schema.org\",\"@graph\":[{\"@type\":\"Article\",\"@id\":\"https:\\\/\\\/aconteceunovale.com.br\\\/portal\\\/?p=186465#article\",\"isPartOf\":{\"@id\":\"https:\\\/\\\/aconteceunovale.com.br\\\/portal\\\/?p=186465\"},\"author\":{\"name\":\"Reda\u00e7\u00e3o Aconteceu no Vale\",\"@id\":\"https:\\\/\\\/aconteceunovale.com.br\\\/portal\\\/#\\\/schema\\\/person\\\/7d2f26d1483f8a63de73da1ee0754d35\"},\"headline\":\"Bandeira tarif\u00e1ria de escassez h\u00eddrica deve ir at\u00e9 abril, diz ministro de Minas e Energia\",\"datePublished\":\"2022-01-30T19:36:49+00:00\",\"dateModified\":\"2026-09-02T15:29:32+00:00\",\"mainEntityOfPage\":{\"@id\":\"https:\\\/\\\/aconteceunovale.com.br\\\/portal\\\/?p=186465\"},\"wordCount\":391,\"commentCount\":0,\"image\":{\"@id\":\"https:\\\/\\\/aconteceunovale.com.br\\\/portal\\\/?p=186465#primaryimage\"},\"thumbnailUrl\":\"https:\\\/\\\/aconteceunovale.com.br\\\/portal\\\/wp-content\\\/uploads\\\/2022\\\/01\\\/bento_albuquerque.jpg\",\"keywords\":[\"Bandeira tarif\u00e1ria da energia el\u00e9trica\",\"Bandeira tarif\u00e1ria de escassez h\u00eddrica deve ir at\u00e9 abril\",\"Bento Albuquerque\",\"brasil\",\"crise h\u00eddrica no brasil\",\"destaque\",\"Escassez h\u00eddrica no Brasil\",\"Gera\u00e7\u00e3o de energia el\u00e9trica no Brasil\",\"ministro de Minas e Energia\"],\"articleSection\":[\"Brasil\",\"Pol\u00edtica\"],\"inLanguage\":\"pt-BR\",\"potentialAction\":[{\"@type\":\"CommentAction\",\"name\":\"Comment\",\"target\":[\"https:\\\/\\\/aconteceunovale.com.br\\\/portal\\\/?p=186465#respond\"]}]},{\"@type\":\"WebPage\",\"@id\":\"https:\\\/\\\/aconteceunovale.com.br\\\/portal\\\/?p=186465\",\"url\":\"https:\\\/\\\/aconteceunovale.com.br\\\/portal\\\/?p=186465\",\"name\":\"Bandeira tarif\u00e1ria de escassez h\u00eddrica deve ir at\u00e9 abril, diz ministro de Minas e Energia - Aconteceu no Vale\",\"isPartOf\":{\"@id\":\"https:\\\/\\\/aconteceunovale.com.br\\\/portal\\\/#website\"},\"primaryImageOfPage\":{\"@id\":\"https:\\\/\\\/aconteceunovale.com.br\\\/portal\\\/?p=186465#primaryimage\"},\"image\":{\"@id\":\"https:\\\/\\\/aconteceunovale.com.br\\\/portal\\\/?p=186465#primaryimage\"},\"thumbnailUrl\":\"https:\\\/\\\/aconteceunovale.com.br\\\/portal\\\/wp-content\\\/uploads\\\/2022\\\/01\\\/bento_albuquerque.jpg\",\"datePublished\":\"2022-01-30T19:36:49+00:00\",\"dateModified\":\"2026-09-02T15:29:32+00:00\",\"author\":{\"@id\":\"https:\\\/\\\/aconteceunovale.com.br\\\/portal\\\/#\\\/schema\\\/person\\\/7d2f26d1483f8a63de73da1ee0754d35\"},\"breadcrumb\":{\"@id\":\"https:\\\/\\\/aconteceunovale.com.br\\\/portal\\\/?p=186465#breadcrumb\"},\"inLanguage\":\"pt-BR\",\"potentialAction\":[{\"@type\":\"ReadAction\",\"target\":[\"https:\\\/\\\/aconteceunovale.com.br\\\/portal\\\/?p=186465\"]}]},{\"@type\":\"ImageObject\",\"inLanguage\":\"pt-BR\",\"@id\":\"https:\\\/\\\/aconteceunovale.com.br\\\/portal\\\/?p=186465#primaryimage\",\"url\":\"https:\\\/\\\/aconteceunovale.com.br\\\/portal\\\/wp-content\\\/uploads\\\/2022\\\/01\\\/bento_albuquerque.jpg\",\"contentUrl\":\"https:\\\/\\\/aconteceunovale.com.br\\\/portal\\\/wp-content\\\/uploads\\\/2022\\\/01\\\/bento_albuquerque.jpg\",\"width\":678,\"height\":406,\"caption\":\"O ministro de Minas e Energia, Bento Albuquerque, d\u00e1 entrevista ao programa Brasil em Pauta, da TV Brasil\"},{\"@type\":\"BreadcrumbList\",\"@id\":\"https:\\\/\\\/aconteceunovale.com.br\\\/portal\\\/?p=186465#breadcrumb\",\"itemListElement\":[{\"@type\":\"ListItem\",\"position\":1,\"name\":\"In\u00edcio\",\"item\":\"https:\\\/\\\/aconteceunovale.com.br\\\/portal\\\/\"},{\"@type\":\"ListItem\",\"position\":2,\"name\":\"Bandeira tarif\u00e1ria de escassez h\u00eddrica deve ir at\u00e9 abril, diz ministro de Minas e Energia\"}]},{\"@type\":\"WebSite\",\"@id\":\"https:\\\/\\\/aconteceunovale.com.br\\\/portal\\\/#website\",\"url\":\"https:\\\/\\\/aconteceunovale.com.br\\\/portal\\\/\",\"name\":\"Aconteceu no Vale\",\"description\":\"Portal de Not\u00edcias\",\"potentialAction\":[{\"@type\":\"SearchAction\",\"target\":{\"@type\":\"EntryPoint\",\"urlTemplate\":\"https:\\\/\\\/aconteceunovale.com.br\\\/portal\\\/?s={search_term_string}\"},\"query-input\":{\"@type\":\"PropertyValueSpecification\",\"valueRequired\":true,\"valueName\":\"search_term_string\"}}],\"inLanguage\":\"pt-BR\"},{\"@type\":\"Person\",\"@id\":\"https:\\\/\\\/aconteceunovale.com.br\\\/portal\\\/#\\\/schema\\\/person\\\/7d2f26d1483f8a63de73da1ee0754d35\",\"name\":\"Reda\u00e7\u00e3o Aconteceu no Vale\",\"description\":\"Equipe de reportagem do Aconteceu no Vale, portal de not\u00edcias do Vale do Jequitinhonha, em Minas Gerais. Cobrimos as 51 cidades do Vale desde 2013. Sugest\u00f5es de pauta e pedidos de corre\u00e7\u00e3o: contato@aconteceunovale.com.br\",\"url\":\"https:\\\/\\\/aconteceunovale.com.br\\\/portal\\\/?author=4\"}]}<\/script>\n<!-- \/ Yoast SEO plugin. -->","yoast_head_json":{"title":"Bandeira tarif\u00e1ria de escassez h\u00eddrica deve ir at\u00e9 abril, diz ministro de Minas e Energia - Aconteceu no Vale","robots":{"index":"index","follow":"follow","max-snippet":"max-snippet:-1","max-image-preview":"max-image-preview:large","max-video-preview":"max-video-preview:-1"},"canonical":"https:\/\/aconteceunovale.com.br\/portal\/?p=186465","og_locale":"pt_BR","og_type":"article","og_title":"Bandeira tarif\u00e1ria de escassez h\u00eddrica deve ir at\u00e9 abril, diz ministro de Minas e Energia - Aconteceu no Vale","og_description":"O Brasil vivenciou, no ano passado, a maior crise de escassez h\u00eddrica dos \u00faltimos 90 anos. Por conta disso, o pa\u00eds precisou comprar energia el\u00e9trica do exterior e acionar as usinas termel\u00e9tricas que funcionam em solo brasileiro. Para financiar os gastos extras, foi criada uma nova bandeira tarif\u00e1ria de energia el\u00e9trica: a\u00a0bandeira de escassez h\u00eddrica. [&hellip;]","og_url":"https:\/\/aconteceunovale.com.br\/portal\/?p=186465","og_site_name":"Aconteceu no Vale","article_publisher":"https:\/\/www.facebook.com\/aconteceunovale\/","article_published_time":"2022-01-30T19:36:49+00:00","article_modified_time":"2026-09-02T15:29:32+00:00","og_image":[{"width":678,"height":406,"url":"https:\/\/aconteceunovale.com.br\/portal\/wp-content\/uploads\/2022\/01\/bento_albuquerque.jpg","type":"image\/jpeg"}],"author":"Reda\u00e7\u00e3o Aconteceu no Vale","twitter_card":"summary_large_image","twitter_creator":"@noticiadosvales","twitter_site":"@noticiadosvales","twitter_misc":{"Escrito por":"Reda\u00e7\u00e3o Aconteceu no Vale","Est. tempo de leitura":"2 minutos"},"schema":{"@context":"https:\/\/schema.org","@graph":[{"@type":"Article","@id":"https:\/\/aconteceunovale.com.br\/portal\/?p=186465#article","isPartOf":{"@id":"https:\/\/aconteceunovale.com.br\/portal\/?p=186465"},"author":{"name":"Reda\u00e7\u00e3o Aconteceu no Vale","@id":"https:\/\/aconteceunovale.com.br\/portal\/#\/schema\/person\/7d2f26d1483f8a63de73da1ee0754d35"},"headline":"Bandeira tarif\u00e1ria de escassez h\u00eddrica deve ir at\u00e9 abril, diz ministro de Minas e Energia","datePublished":"2022-01-30T19:36:49+00:00","dateModified":"2026-09-02T15:29:32+00:00","mainEntityOfPage":{"@id":"https:\/\/aconteceunovale.com.br\/portal\/?p=186465"},"wordCount":391,"commentCount":0,"image":{"@id":"https:\/\/aconteceunovale.com.br\/portal\/?p=186465#primaryimage"},"thumbnailUrl":"https:\/\/aconteceunovale.com.br\/portal\/wp-content\/uploads\/2022\/01\/bento_albuquerque.jpg","keywords":["Bandeira tarif\u00e1ria da energia el\u00e9trica","Bandeira tarif\u00e1ria de escassez h\u00eddrica deve ir at\u00e9 abril","Bento Albuquerque","brasil","crise h\u00eddrica no brasil","destaque","Escassez h\u00eddrica no Brasil","Gera\u00e7\u00e3o de energia el\u00e9trica no Brasil","ministro de Minas e Energia"],"articleSection":["Brasil","Pol\u00edtica"],"inLanguage":"pt-BR","potentialAction":[{"@type":"CommentAction","name":"Comment","target":["https:\/\/aconteceunovale.com.br\/portal\/?p=186465#respond"]}]},{"@type":"WebPage","@id":"https:\/\/aconteceunovale.com.br\/portal\/?p=186465","url":"https:\/\/aconteceunovale.com.br\/portal\/?p=186465","name":"Bandeira tarif\u00e1ria de escassez h\u00eddrica deve ir at\u00e9 abril, diz ministro de Minas e Energia - Aconteceu no Vale","isPartOf":{"@id":"https:\/\/aconteceunovale.com.br\/portal\/#website"},"primaryImageOfPage":{"@id":"https:\/\/aconteceunovale.com.br\/portal\/?p=186465#primaryimage"},"image":{"@id":"https:\/\/aconteceunovale.com.br\/portal\/?p=186465#primaryimage"},"thumbnailUrl":"https:\/\/aconteceunovale.com.br\/portal\/wp-content\/uploads\/2022\/01\/bento_albuquerque.jpg","datePublished":"2022-01-30T19:36:49+00:00","dateModified":"2026-09-02T15:29:32+00:00","author":{"@id":"https:\/\/aconteceunovale.com.br\/portal\/#\/schema\/person\/7d2f26d1483f8a63de73da1ee0754d35"},"breadcrumb":{"@id":"https:\/\/aconteceunovale.com.br\/portal\/?p=186465#breadcrumb"},"inLanguage":"pt-BR","potentialAction":[{"@type":"ReadAction","target":["https:\/\/aconteceunovale.com.br\/portal\/?p=186465"]}]},{"@type":"ImageObject","inLanguage":"pt-BR","@id":"https:\/\/aconteceunovale.com.br\/portal\/?p=186465#primaryimage","url":"https:\/\/aconteceunovale.com.br\/portal\/wp-content\/uploads\/2022\/01\/bento_albuquerque.jpg","contentUrl":"https:\/\/aconteceunovale.com.br\/portal\/wp-content\/uploads\/2022\/01\/bento_albuquerque.jpg","width":678,"height":406,"caption":"O ministro de Minas e Energia, Bento Albuquerque, d\u00e1 entrevista ao programa Brasil em Pauta, da TV Brasil"},{"@type":"BreadcrumbList","@id":"https:\/\/aconteceunovale.com.br\/portal\/?p=186465#breadcrumb","itemListElement":[{"@type":"ListItem","position":1,"name":"In\u00edcio","item":"https:\/\/aconteceunovale.com.br\/portal\/"},{"@type":"ListItem","position":2,"name":"Bandeira tarif\u00e1ria de escassez h\u00eddrica deve ir at\u00e9 abril, diz ministro de Minas e Energia"}]},{"@type":"WebSite","@id":"https:\/\/aconteceunovale.com.br\/portal\/#website","url":"https:\/\/aconteceunovale.com.br\/portal\/","name":"Aconteceu no Vale","description":"Portal de Not\u00edcias","potentialAction":[{"@type":"SearchAction","target":{"@type":"EntryPoint","urlTemplate":"https:\/\/aconteceunovale.com.br\/portal\/?s={search_term_string}"},"query-input":{"@type":"PropertyValueSpecification","valueRequired":true,"valueName":"search_term_string"}}],"inLanguage":"pt-BR"},{"@type":"Person","@id":"https:\/\/aconteceunovale.com.br\/portal\/#\/schema\/person\/7d2f26d1483f8a63de73da1ee0754d35","name":"Reda\u00e7\u00e3o Aconteceu no Vale","description":"Equipe de reportagem do Aconteceu no Vale, portal de not\u00edcias do Vale do Jequitinhonha, em Minas Gerais. Cobrimos as 51 cidades do Vale desde 2013. Sugest\u00f5es de pauta e pedidos de corre\u00e7\u00e3o: contato@aconteceunovale.com.br","url":"https:\/\/aconteceunovale.com.br\/portal\/?author=4"}]}},"_links":{"self":[{"href":"https:\/\/aconteceunovale.com.br\/portal\/index.php?rest_route=\/wp\/v2\/posts\/186465","targetHints":{"allow":["GET"]}}],"collection":[{"href":"https:\/\/aconteceunovale.com.br\/portal\/index.php?rest_route=\/wp\/v2\/posts"}],"about":[{"href":"https:\/\/aconteceunovale.com.br\/portal\/index.php?rest_route=\/wp\/v2\/types\/post"}],"author":[{"embeddable":true,"href":"https:\/\/aconteceunovale.com.br\/portal\/index.php?rest_route=\/wp\/v2\/users\/4"}],"replies":[{"embeddable":true,"href":"https:\/\/aconteceunovale.com.br\/portal\/index.php?rest_route=%2Fwp%2Fv2%2Fcomments&post=186465"}],"version-history":[{"count":1,"href":"https:\/\/aconteceunovale.com.br\/portal\/index.php?rest_route=\/wp\/v2\/posts\/186465\/revisions"}],"predecessor-version":[{"id":186467,"href":"https:\/\/aconteceunovale.com.br\/portal\/index.php?rest_route=\/wp\/v2\/posts\/186465\/revisions\/186467"}],"wp:featuredmedia":[{"embeddable":true,"href":"https:\/\/aconteceunovale.com.br\/portal\/index.php?rest_route=\/wp\/v2\/media\/186466"}],"wp:attachment":[{"href":"https:\/\/aconteceunovale.com.br\/portal\/index.php?rest_route=%2Fwp%2Fv2%2Fmedia&parent=186465"}],"wp:term":[{"taxonomy":"category","embeddable":true,"href":"https:\/\/aconteceunovale.com.br\/portal\/index.php?rest_route=%2Fwp%2Fv2%2Fcategories&post=186465"},{"taxonomy":"post_tag","embeddable":true,"href":"https:\/\/aconteceunovale.com.br\/portal\/index.php?rest_route=%2Fwp%2Fv2%2Ftags&post=186465"}],"curies":[{"name":"wp","href":"https:\/\/api.w.org\/{rel}","templated":true}]}}