{"id":186317,"date":"2022-01-27T22:38:38","date_gmt":"2022-01-28T01:38:38","guid":{"rendered":"https:\/\/aconteceunovale.com.br\/portal\/?p=186317"},"modified":"2022-01-27T22:39:40","modified_gmt":"2022-01-28T01:39:40","slug":"condenado-por-estupro-de-vulneravel-e-preso-no-norte-de-minas","status":"publish","type":"post","link":"https:\/\/aconteceunovale.com.br\/portal\/?p=186317","title":{"rendered":"Condenado por estupro de vulner\u00e1vel \u00e9 preso no Norte de Minas"},"content":{"rendered":"\n<p class=\"wp-block-paragraph\">A Pol\u00edcia Civil de Minas Gerais (PCMG) prendeu, nessa quarta-feira (26\/1\/2022), um homem, de 35 anos, condenado pela Justi\u00e7a por estupro de vulner\u00e1vel. O crime aconteceu no m\u00eas de janeiro de 2005, no munic\u00edpio de Verdel\u00e2ndia, regi\u00e3o Norte do Estado. A v\u00edtima \u00e9 uma menina, de 11 anos \u00e0 \u00e9poca.<\/p>\n\n\n\n<figure class=\"wp-block-gallery aligncenter has-nested-images columns-default is-cropped wp-block-gallery-1 is-layout-flex wp-block-gallery-is-layout-flex\">\n<figure class=\"wp-block-image size-large\"><img loading=\"lazy\" decoding=\"async\" width=\"639\" height=\"450\" data-id=\"177586\" src=\"https:\/\/aconteceunovale.com.br\/portal\/wp-content\/uploads\/2021\/04\/depol_janauba.jpeg\" alt=\"\" class=\"wp-image-177586\" srcset=\"https:\/\/aconteceunovale.com.br\/portal\/wp-content\/uploads\/2021\/04\/depol_janauba.jpeg 639w, https:\/\/aconteceunovale.com.br\/portal\/wp-content\/uploads\/2021\/04\/depol_janauba-300x211.jpeg 300w, https:\/\/aconteceunovale.com.br\/portal\/wp-content\/uploads\/2021\/04\/depol_janauba-100x70.jpeg 100w, https:\/\/aconteceunovale.com.br\/portal\/wp-content\/uploads\/2021\/04\/depol_janauba-596x420.jpeg 596w\" sizes=\"auto, (max-width: 639px) 100vw, 639px\" \/><figcaption><em>Foto: Divulga\u00e7\u00e3o \/ PCMG<\/em><\/figcaption><\/figure>\n<\/figure>\n\n\n\n<p class=\"wp-block-paragraph\">Conforme apurado no inqu\u00e9rito policial, na ocasi\u00e3o dos fatos, o acusado, querendo se relacionar com a v\u00edtima, foi at\u00e9 a casa dela e a convidou para a pr\u00f3pria resid\u00eancia. A crian\u00e7a recusou, mas o suspeito teria a intimidado com viol\u00eancia e a constrangeu para acompanh\u00e1-lo at\u00e9 o im\u00f3vel, onde manteve rela\u00e7\u00f5es sexuais com ela.<\/p>\n\n\n\n<p class=\"wp-block-paragraph\">Segundo as investiga\u00e7\u00f5es, em fevereiro do mesmo ano, o homem repetiu o ato, sob amea\u00e7a de jogar a v\u00edtima de uma ponte, caso ela n\u00e3o atendesse aos seus desejos. Assim, coagida, a garota acompanhou o suspeito v\u00e1rias vezes, por cerca de uma semana, compartilhando o mesmo quarto e mantendo rela\u00e7\u00f5es sexuais. Ele chegou a fazer promessas de casamento para a crian\u00e7a.<\/p>\n\n\n\n<p class=\"wp-block-paragraph\">O investigado foi processado criminalmente e condenado, em 2018, a nove anos de pris\u00e3o. Por\u00e9m, estava foragido. Ap\u00f3s levantamentos realizados pela 3\u00aa Delegacia Regional de Pol\u00edcia em Jana\u00faba, a equipe localizou o homem e efetuou a pris\u00e3o dele.<\/p>\n\n\n\n<p class=\"wp-block-paragraph\">O sentenciado foi levado ao sistema prisional, onde cumprir\u00e1 a pena. Al\u00e9m do crime de estupro, consta ainda contra o preso a acusa\u00e7\u00e3o de um de furto no ano de 2009.<\/p>\n\n\n\n<p class=\"wp-block-paragraph\">\u201cCom essa a\u00e7\u00e3o, a Pol\u00edcia Civil de Minas Gerais reafirma o prop\u00f3sito com a comunidade de proceder \u00e0 elucida\u00e7\u00e3o dos delitos, prender os infratores e responsabilizar criminalmente todos aqueles que optam por uma vida \u00e0 margem da lei\u201d, destaca a delegada regional M\u00e1rcia Miguel Meira.<\/p>\n\n\n\n<p class=\"wp-block-paragraph\">&#8212;&#8212;&#8212;&#8212;&#8212;&#8212;<br><em>Quer receber as not\u00edcias do <strong>Aconteceu no Vale<\/strong> em primeira m\u00e3o? Siga-nos no Facebook <a rel=\"noreferrer noopener\" href=\"http:\/\/facebook.com\/aconteceunovale\" target=\"_blank\">@aconteceunovale<\/a>, Twitter <a rel=\"noreferrer noopener\" href=\"https:\/\/twitter.com\/noticiadosvales\" target=\"_blank\">@noticiadosvales<\/a> e Instagram <a rel=\"noreferrer noopener\" href=\"https:\/\/www.instagram.com\/aconteceunovale\" target=\"_blank\">@aconteceunovale<\/a>.<\/em><\/p>\n","protected":false},"excerpt":{"rendered":"<p>A Pol\u00edcia Civil de Minas Gerais (PCMG) prendeu, nessa quarta-feira (26\/1\/2022), um homem, de 35 anos, condenado pela Justi\u00e7a por estupro de vulner\u00e1vel. O crime aconteceu no m\u00eas de janeiro de 2005, no munic\u00edpio de Verdel\u00e2ndia, regi\u00e3o Norte do Estado. A v\u00edtima \u00e9 uma menina, de 11 anos \u00e0 \u00e9poca. Conforme apurado no inqu\u00e9rito policial, [&hellip;]<\/p>\n","protected":false},"author":4,"featured_media":175200,"comment_status":"open","ping_status":"closed","sticky":false,"template":"","format":"standard","meta":{"amp_status":"","footnotes":""},"categories":[1236],"tags":[258021,258022,258024,204,604,226407,258023,1814],"class_list":["post-186317","post","type-post","status-publish","format-standard","has-post-thumbnail","hentry","category-norte_de_minas","tag-condenado-por-estupro-de-vulneravel-e-preso-no-norte-de-minas","tag-condenado-por-estupro-de-vulneravel-em-verdelandia","tag-delegada-marcia-miguel-meira","tag-janauba","tag-pcmg","tag-pcmg-em-janauba","tag-preso-por-estupro-em-verdelandia","tag-verdelandia"],"yoast_head":"<!-- This site is optimized with the Yoast SEO plugin v28.3 - https:\/\/yoast.com\/product\/yoast-seo-wordpress\/ -->\n<title>Condenado por estupro de vulner\u00e1vel \u00e9 preso no Norte de Minas - Aconteceu no Vale<\/title>\n<meta name=\"robots\" content=\"index, follow, max-snippet:-1, max-image-preview:large, max-video-preview:-1\" \/>\n<link rel=\"canonical\" href=\"https:\/\/aconteceunovale.com.br\/portal\/?p=186317\" \/>\n<meta property=\"og:locale\" content=\"pt_BR\" \/>\n<meta property=\"og:type\" content=\"article\" \/>\n<meta property=\"og:title\" content=\"Condenado por estupro de vulner\u00e1vel \u00e9 preso no Norte de Minas - Aconteceu no Vale\" \/>\n<meta property=\"og:description\" content=\"A Pol\u00edcia Civil de Minas Gerais (PCMG) prendeu, nessa quarta-feira (26\/1\/2022), um homem, de 35 anos, condenado pela Justi\u00e7a por estupro de vulner\u00e1vel. O crime aconteceu no m\u00eas de janeiro de 2005, no munic\u00edpio de Verdel\u00e2ndia, regi\u00e3o Norte do Estado. A v\u00edtima \u00e9 uma menina, de 11 anos \u00e0 \u00e9poca. Conforme apurado no inqu\u00e9rito policial, [&hellip;]\" \/>\n<meta property=\"og:url\" content=\"https:\/\/aconteceunovale.com.br\/portal\/?p=186317\" \/>\n<meta property=\"og:site_name\" content=\"Aconteceu no Vale\" \/>\n<meta property=\"article:publisher\" content=\"https:\/\/www.facebook.com\/aconteceunovale\/\" \/>\n<meta property=\"article:published_time\" content=\"2022-01-28T01:38:38+00:00\" \/>\n<meta property=\"article:modified_time\" content=\"2022-01-28T01:39:40+00:00\" \/>\n<meta property=\"og:image\" content=\"https:\/\/aconteceunovale.com.br\/portal\/wp-content\/uploads\/2021\/03\/delegacia_janauba.jpeg\" \/>\n\t<meta property=\"og:image:width\" content=\"655\" \/>\n\t<meta property=\"og:image:height\" content=\"450\" \/>\n\t<meta property=\"og:image:type\" content=\"image\/jpeg\" \/>\n<meta name=\"author\" content=\"Reda\u00e7\u00e3o Aconteceu no Vale\" \/>\n<meta name=\"twitter:card\" content=\"summary_large_image\" \/>\n<meta name=\"twitter:creator\" content=\"@noticiadosvales\" \/>\n<meta name=\"twitter:site\" content=\"@noticiadosvales\" \/>\n<meta name=\"twitter:label1\" content=\"Escrito por\" \/>\n\t<meta name=\"twitter:data1\" content=\"Reda\u00e7\u00e3o Aconteceu no Vale\" \/>\n\t<meta name=\"twitter:label2\" content=\"Est. tempo de leitura\" \/>\n\t<meta name=\"twitter:data2\" content=\"2 minutos\" \/>\n<script type=\"application\/ld+json\" class=\"yoast-schema-graph\">{\"@context\":\"https:\\\/\\\/schema.org\",\"@graph\":[{\"@type\":\"Article\",\"@id\":\"https:\\\/\\\/aconteceunovale.com.br\\\/portal\\\/?p=186317#article\",\"isPartOf\":{\"@id\":\"https:\\\/\\\/aconteceunovale.com.br\\\/portal\\\/?p=186317\"},\"author\":{\"name\":\"Reda\u00e7\u00e3o Aconteceu no Vale\",\"@id\":\"https:\\\/\\\/aconteceunovale.com.br\\\/portal\\\/#\\\/schema\\\/person\\\/7d2f26d1483f8a63de73da1ee0754d35\"},\"headline\":\"Condenado por estupro de vulner\u00e1vel \u00e9 preso no Norte de Minas\",\"datePublished\":\"2022-01-28T01:38:38+00:00\",\"dateModified\":\"2022-01-28T01:39:40+00:00\",\"mainEntityOfPage\":{\"@id\":\"https:\\\/\\\/aconteceunovale.com.br\\\/portal\\\/?p=186317\"},\"wordCount\":344,\"commentCount\":0,\"image\":{\"@id\":\"https:\\\/\\\/aconteceunovale.com.br\\\/portal\\\/?p=186317#primaryimage\"},\"thumbnailUrl\":\"https:\\\/\\\/aconteceunovale.com.br\\\/portal\\\/wp-content\\\/uploads\\\/2021\\\/03\\\/delegacia_janauba.jpeg\",\"keywords\":[\"Condenado por estupro de vulner\u00e1vel \u00e9 preso no Norte de Minas\",\"Condenado por estupro de vulner\u00e1vel em Verdel\u00e2ndia\",\"Delegada M\u00e1rcia Miguel Meira\",\"Jana\u00faba\",\"PCMG\",\"PCMG em Jana\u00faba\",\"Preso por estupro em Verdel\u00e2ndia\",\"Verdel\u00e2ndia\"],\"articleSection\":[\"Norte de Minas\"],\"inLanguage\":\"pt-BR\",\"potentialAction\":[{\"@type\":\"CommentAction\",\"name\":\"Comment\",\"target\":[\"https:\\\/\\\/aconteceunovale.com.br\\\/portal\\\/?p=186317#respond\"]}]},{\"@type\":\"WebPage\",\"@id\":\"https:\\\/\\\/aconteceunovale.com.br\\\/portal\\\/?p=186317\",\"url\":\"https:\\\/\\\/aconteceunovale.com.br\\\/portal\\\/?p=186317\",\"name\":\"Condenado por estupro de vulner\u00e1vel \u00e9 preso no Norte de Minas - Aconteceu no Vale\",\"isPartOf\":{\"@id\":\"https:\\\/\\\/aconteceunovale.com.br\\\/portal\\\/#website\"},\"primaryImageOfPage\":{\"@id\":\"https:\\\/\\\/aconteceunovale.com.br\\\/portal\\\/?p=186317#primaryimage\"},\"image\":{\"@id\":\"https:\\\/\\\/aconteceunovale.com.br\\\/portal\\\/?p=186317#primaryimage\"},\"thumbnailUrl\":\"https:\\\/\\\/aconteceunovale.com.br\\\/portal\\\/wp-content\\\/uploads\\\/2021\\\/03\\\/delegacia_janauba.jpeg\",\"datePublished\":\"2022-01-28T01:38:38+00:00\",\"dateModified\":\"2022-01-28T01:39:40+00:00\",\"author\":{\"@id\":\"https:\\\/\\\/aconteceunovale.com.br\\\/portal\\\/#\\\/schema\\\/person\\\/7d2f26d1483f8a63de73da1ee0754d35\"},\"breadcrumb\":{\"@id\":\"https:\\\/\\\/aconteceunovale.com.br\\\/portal\\\/?p=186317#breadcrumb\"},\"inLanguage\":\"pt-BR\",\"potentialAction\":[{\"@type\":\"ReadAction\",\"target\":[\"https:\\\/\\\/aconteceunovale.com.br\\\/portal\\\/?p=186317\"]}]},{\"@type\":\"ImageObject\",\"inLanguage\":\"pt-BR\",\"@id\":\"https:\\\/\\\/aconteceunovale.com.br\\\/portal\\\/?p=186317#primaryimage\",\"url\":\"https:\\\/\\\/aconteceunovale.com.br\\\/portal\\\/wp-content\\\/uploads\\\/2021\\\/03\\\/delegacia_janauba.jpeg\",\"contentUrl\":\"https:\\\/\\\/aconteceunovale.com.br\\\/portal\\\/wp-content\\\/uploads\\\/2021\\\/03\\\/delegacia_janauba.jpeg\",\"width\":655,\"height\":450},{\"@type\":\"BreadcrumbList\",\"@id\":\"https:\\\/\\\/aconteceunovale.com.br\\\/portal\\\/?p=186317#breadcrumb\",\"itemListElement\":[{\"@type\":\"ListItem\",\"position\":1,\"name\":\"In\u00edcio\",\"item\":\"https:\\\/\\\/aconteceunovale.com.br\\\/portal\\\/\"},{\"@type\":\"ListItem\",\"position\":2,\"name\":\"Condenado por estupro de vulner\u00e1vel \u00e9 preso no Norte de Minas\"}]},{\"@type\":\"WebSite\",\"@id\":\"https:\\\/\\\/aconteceunovale.com.br\\\/portal\\\/#website\",\"url\":\"https:\\\/\\\/aconteceunovale.com.br\\\/portal\\\/\",\"name\":\"Aconteceu no Vale\",\"description\":\"Portal de Not\u00edcias\",\"potentialAction\":[{\"@type\":\"SearchAction\",\"target\":{\"@type\":\"EntryPoint\",\"urlTemplate\":\"https:\\\/\\\/aconteceunovale.com.br\\\/portal\\\/?s={search_term_string}\"},\"query-input\":{\"@type\":\"PropertyValueSpecification\",\"valueRequired\":true,\"valueName\":\"search_term_string\"}}],\"inLanguage\":\"pt-BR\"},{\"@type\":\"Person\",\"@id\":\"https:\\\/\\\/aconteceunovale.com.br\\\/portal\\\/#\\\/schema\\\/person\\\/7d2f26d1483f8a63de73da1ee0754d35\",\"name\":\"Reda\u00e7\u00e3o Aconteceu no Vale\",\"description\":\"Equipe de reportagem do Aconteceu no Vale, portal de not\u00edcias do Vale do Jequitinhonha, em Minas Gerais. Cobrimos as 51 cidades do Vale desde 2013. Sugest\u00f5es de pauta e pedidos de corre\u00e7\u00e3o: contato@aconteceunovale.com.br\",\"url\":\"https:\\\/\\\/aconteceunovale.com.br\\\/portal\\\/?author=4\"}]}<\/script>\n<!-- \/ Yoast SEO plugin. -->","yoast_head_json":{"title":"Condenado por estupro de vulner\u00e1vel \u00e9 preso no Norte de Minas - Aconteceu no Vale","robots":{"index":"index","follow":"follow","max-snippet":"max-snippet:-1","max-image-preview":"max-image-preview:large","max-video-preview":"max-video-preview:-1"},"canonical":"https:\/\/aconteceunovale.com.br\/portal\/?p=186317","og_locale":"pt_BR","og_type":"article","og_title":"Condenado por estupro de vulner\u00e1vel \u00e9 preso no Norte de Minas - Aconteceu no Vale","og_description":"A Pol\u00edcia Civil de Minas Gerais (PCMG) prendeu, nessa quarta-feira (26\/1\/2022), um homem, de 35 anos, condenado pela Justi\u00e7a por estupro de vulner\u00e1vel. O crime aconteceu no m\u00eas de janeiro de 2005, no munic\u00edpio de Verdel\u00e2ndia, regi\u00e3o Norte do Estado. A v\u00edtima \u00e9 uma menina, de 11 anos \u00e0 \u00e9poca. Conforme apurado no inqu\u00e9rito policial, [&hellip;]","og_url":"https:\/\/aconteceunovale.com.br\/portal\/?p=186317","og_site_name":"Aconteceu no Vale","article_publisher":"https:\/\/www.facebook.com\/aconteceunovale\/","article_published_time":"2022-01-28T01:38:38+00:00","article_modified_time":"2022-01-28T01:39:40+00:00","og_image":[{"width":655,"height":450,"url":"https:\/\/aconteceunovale.com.br\/portal\/wp-content\/uploads\/2021\/03\/delegacia_janauba.jpeg","type":"image\/jpeg"}],"author":"Reda\u00e7\u00e3o Aconteceu no Vale","twitter_card":"summary_large_image","twitter_creator":"@noticiadosvales","twitter_site":"@noticiadosvales","twitter_misc":{"Escrito por":"Reda\u00e7\u00e3o Aconteceu no Vale","Est. tempo de leitura":"2 minutos"},"schema":{"@context":"https:\/\/schema.org","@graph":[{"@type":"Article","@id":"https:\/\/aconteceunovale.com.br\/portal\/?p=186317#article","isPartOf":{"@id":"https:\/\/aconteceunovale.com.br\/portal\/?p=186317"},"author":{"name":"Reda\u00e7\u00e3o Aconteceu no Vale","@id":"https:\/\/aconteceunovale.com.br\/portal\/#\/schema\/person\/7d2f26d1483f8a63de73da1ee0754d35"},"headline":"Condenado por estupro de vulner\u00e1vel \u00e9 preso no Norte de Minas","datePublished":"2022-01-28T01:38:38+00:00","dateModified":"2022-01-28T01:39:40+00:00","mainEntityOfPage":{"@id":"https:\/\/aconteceunovale.com.br\/portal\/?p=186317"},"wordCount":344,"commentCount":0,"image":{"@id":"https:\/\/aconteceunovale.com.br\/portal\/?p=186317#primaryimage"},"thumbnailUrl":"https:\/\/aconteceunovale.com.br\/portal\/wp-content\/uploads\/2021\/03\/delegacia_janauba.jpeg","keywords":["Condenado por estupro de vulner\u00e1vel \u00e9 preso no Norte de Minas","Condenado por estupro de vulner\u00e1vel em Verdel\u00e2ndia","Delegada M\u00e1rcia Miguel Meira","Jana\u00faba","PCMG","PCMG em Jana\u00faba","Preso por estupro em Verdel\u00e2ndia","Verdel\u00e2ndia"],"articleSection":["Norte de Minas"],"inLanguage":"pt-BR","potentialAction":[{"@type":"CommentAction","name":"Comment","target":["https:\/\/aconteceunovale.com.br\/portal\/?p=186317#respond"]}]},{"@type":"WebPage","@id":"https:\/\/aconteceunovale.com.br\/portal\/?p=186317","url":"https:\/\/aconteceunovale.com.br\/portal\/?p=186317","name":"Condenado por estupro de vulner\u00e1vel \u00e9 preso no Norte de Minas - Aconteceu no Vale","isPartOf":{"@id":"https:\/\/aconteceunovale.com.br\/portal\/#website"},"primaryImageOfPage":{"@id":"https:\/\/aconteceunovale.com.br\/portal\/?p=186317#primaryimage"},"image":{"@id":"https:\/\/aconteceunovale.com.br\/portal\/?p=186317#primaryimage"},"thumbnailUrl":"https:\/\/aconteceunovale.com.br\/portal\/wp-content\/uploads\/2021\/03\/delegacia_janauba.jpeg","datePublished":"2022-01-28T01:38:38+00:00","dateModified":"2022-01-28T01:39:40+00:00","author":{"@id":"https:\/\/aconteceunovale.com.br\/portal\/#\/schema\/person\/7d2f26d1483f8a63de73da1ee0754d35"},"breadcrumb":{"@id":"https:\/\/aconteceunovale.com.br\/portal\/?p=186317#breadcrumb"},"inLanguage":"pt-BR","potentialAction":[{"@type":"ReadAction","target":["https:\/\/aconteceunovale.com.br\/portal\/?p=186317"]}]},{"@type":"ImageObject","inLanguage":"pt-BR","@id":"https:\/\/aconteceunovale.com.br\/portal\/?p=186317#primaryimage","url":"https:\/\/aconteceunovale.com.br\/portal\/wp-content\/uploads\/2021\/03\/delegacia_janauba.jpeg","contentUrl":"https:\/\/aconteceunovale.com.br\/portal\/wp-content\/uploads\/2021\/03\/delegacia_janauba.jpeg","width":655,"height":450},{"@type":"BreadcrumbList","@id":"https:\/\/aconteceunovale.com.br\/portal\/?p=186317#breadcrumb","itemListElement":[{"@type":"ListItem","position":1,"name":"In\u00edcio","item":"https:\/\/aconteceunovale.com.br\/portal\/"},{"@type":"ListItem","position":2,"name":"Condenado por estupro de vulner\u00e1vel \u00e9 preso no Norte de Minas"}]},{"@type":"WebSite","@id":"https:\/\/aconteceunovale.com.br\/portal\/#website","url":"https:\/\/aconteceunovale.com.br\/portal\/","name":"Aconteceu no Vale","description":"Portal de Not\u00edcias","potentialAction":[{"@type":"SearchAction","target":{"@type":"EntryPoint","urlTemplate":"https:\/\/aconteceunovale.com.br\/portal\/?s={search_term_string}"},"query-input":{"@type":"PropertyValueSpecification","valueRequired":true,"valueName":"search_term_string"}}],"inLanguage":"pt-BR"},{"@type":"Person","@id":"https:\/\/aconteceunovale.com.br\/portal\/#\/schema\/person\/7d2f26d1483f8a63de73da1ee0754d35","name":"Reda\u00e7\u00e3o Aconteceu no Vale","description":"Equipe de reportagem do Aconteceu no Vale, portal de not\u00edcias do Vale do Jequitinhonha, em Minas Gerais. Cobrimos as 51 cidades do Vale desde 2013. Sugest\u00f5es de pauta e pedidos de corre\u00e7\u00e3o: contato@aconteceunovale.com.br","url":"https:\/\/aconteceunovale.com.br\/portal\/?author=4"}]}},"_links":{"self":[{"href":"https:\/\/aconteceunovale.com.br\/portal\/index.php?rest_route=\/wp\/v2\/posts\/186317","targetHints":{"allow":["GET"]}}],"collection":[{"href":"https:\/\/aconteceunovale.com.br\/portal\/index.php?rest_route=\/wp\/v2\/posts"}],"about":[{"href":"https:\/\/aconteceunovale.com.br\/portal\/index.php?rest_route=\/wp\/v2\/types\/post"}],"author":[{"embeddable":true,"href":"https:\/\/aconteceunovale.com.br\/portal\/index.php?rest_route=\/wp\/v2\/users\/4"}],"replies":[{"embeddable":true,"href":"https:\/\/aconteceunovale.com.br\/portal\/index.php?rest_route=%2Fwp%2Fv2%2Fcomments&post=186317"}],"version-history":[{"count":2,"href":"https:\/\/aconteceunovale.com.br\/portal\/index.php?rest_route=\/wp\/v2\/posts\/186317\/revisions"}],"predecessor-version":[{"id":186319,"href":"https:\/\/aconteceunovale.com.br\/portal\/index.php?rest_route=\/wp\/v2\/posts\/186317\/revisions\/186319"}],"wp:featuredmedia":[{"embeddable":true,"href":"https:\/\/aconteceunovale.com.br\/portal\/index.php?rest_route=\/wp\/v2\/media\/175200"}],"wp:attachment":[{"href":"https:\/\/aconteceunovale.com.br\/portal\/index.php?rest_route=%2Fwp%2Fv2%2Fmedia&parent=186317"}],"wp:term":[{"taxonomy":"category","embeddable":true,"href":"https:\/\/aconteceunovale.com.br\/portal\/index.php?rest_route=%2Fwp%2Fv2%2Fcategories&post=186317"},{"taxonomy":"post_tag","embeddable":true,"href":"https:\/\/aconteceunovale.com.br\/portal\/index.php?rest_route=%2Fwp%2Fv2%2Ftags&post=186317"}],"curies":[{"name":"wp","href":"https:\/\/api.w.org\/{rel}","templated":true}]}}