{"id":186313,"date":"2022-01-27T22:32:39","date_gmt":"2022-01-28T01:32:39","guid":{"rendered":"https:\/\/aconteceunovale.com.br\/portal\/?p=186313"},"modified":"2022-01-27T22:34:26","modified_gmt":"2022-01-28T01:34:26","slug":"trio-suspeito-de-participar-de-roubo-e-preso-em-montes-claros","status":"publish","type":"post","link":"https:\/\/aconteceunovale.com.br\/portal\/?p=186313","title":{"rendered":"Trio suspeito de participar de roubo \u00e9 preso em Montes Claros"},"content":{"rendered":"\n<p class=\"wp-block-paragraph\">A Pol\u00edcia Civil de Minas Gerais (PCMG) realizou, nesta quinta-feira (27\/1\/2022), opera\u00e7\u00e3o para cumprimento de tr\u00eas mandados de pris\u00e3o tempor\u00e1ria e outros quatro de buscas e apreens\u00e3o em Montes Claros. Os suspeitos, de 18, 20 e 29 anos, teriam participado do roubo a uma padaria, localizada no bairro Vila Ant\u00f4nio Narciso, no dia 11 de abril de 2021. Um quarto investigado, contra o qual consta mandado de pris\u00e3o, n\u00e3o foi localizado.<\/p>\n\n\n\n<figure class=\"wp-block-gallery aligncenter has-nested-images columns-default is-cropped wp-block-gallery-1 is-layout-flex wp-block-gallery-is-layout-flex\">\n<figure class=\"wp-block-image size-large\"><img loading=\"lazy\" decoding=\"async\" width=\"599\" height=\"450\" data-id=\"186314\" src=\"https:\/\/aconteceunovale.com.br\/portal\/wp-content\/uploads\/2022\/01\/presos_moc.jpeg\" alt=\"\" class=\"wp-image-186314\" srcset=\"https:\/\/aconteceunovale.com.br\/portal\/wp-content\/uploads\/2022\/01\/presos_moc.jpeg 599w, https:\/\/aconteceunovale.com.br\/portal\/wp-content\/uploads\/2022\/01\/presos_moc-300x225.jpeg 300w, https:\/\/aconteceunovale.com.br\/portal\/wp-content\/uploads\/2022\/01\/presos_moc-80x60.jpeg 80w, https:\/\/aconteceunovale.com.br\/portal\/wp-content\/uploads\/2022\/01\/presos_moc-265x198.jpeg 265w, https:\/\/aconteceunovale.com.br\/portal\/wp-content\/uploads\/2022\/01\/presos_moc-559x420.jpeg 559w\" sizes=\"auto, (max-width: 599px) 100vw, 599px\" \/><figcaption><em>Foto: Divulga\u00e7\u00e3o\/PCMG<\/em><\/figcaption><\/figure>\n<\/figure>\n\n\n\n<p class=\"wp-block-paragraph\">Na ocasi\u00e3o dos fatos, segundo a PCMG, o crime foi executado por tr\u00eas indiv\u00edduos, estando dois deles armados. Eles renderam diversas v\u00edtimas que se encontravam no local, subtraindo celulares, pertences pessoais e quantias em dinheiro. Um quarto indiv\u00edduo prestou aux\u00edlio aos executores, ficando nos arredores do estabelecimento em um ve\u00edculo.<\/p>\n\n\n\n<p class=\"wp-block-paragraph\">Ap\u00f3s investiga\u00e7\u00e3o, realizada pela equipe da 4\u00aa Delegacia de Pol\u00edcia Civil em Montes Claros, os quatro suspeitos foram identificados. Eles teriam se associado, de maneira estruturada e com clara divis\u00e3o de tarefas, para o cometimento do crime.<\/p>\n\n\n\n<p class=\"wp-block-paragraph\">Diante dos ind\u00edcios de autoria, foi representado ao Poder Judici\u00e1rio pelas pris\u00f5es tempor\u00e1rias dos investigados, bem como pelos mandados de busca e apreens\u00e3o nas casas deles. No decorrer das investiga\u00e7\u00f5es, o ve\u00edculo utilizado pelos suspeitos no cometimento do crime foi apreendido.<\/p>\n\n\n\n<p class=\"wp-block-paragraph\">Os presos, que j\u00e1 possuem registros criminais, foram encaminhados ao sistema prisional e est\u00e3o \u00e0 disposi\u00e7\u00e3o da Justi\u00e7a.<\/p>\n\n\n\n<p class=\"wp-block-paragraph\">&#8212;&#8212;&#8212;&#8212;&#8212;&#8212;<br><em>Quer receber as not\u00edcias do <strong>Aconteceu no Vale<\/strong> em primeira m\u00e3o? Siga-nos no Facebook <a rel=\"noreferrer noopener\" href=\"http:\/\/facebook.com\/aconteceunovale\" target=\"_blank\">@aconteceunovale<\/a>, Twitter <a rel=\"noreferrer noopener\" href=\"https:\/\/twitter.com\/noticiadosvales\" target=\"_blank\">@noticiadosvales<\/a> e Instagram <a rel=\"noreferrer noopener\" href=\"https:\/\/www.instagram.com\/aconteceunovale\" target=\"_blank\">@aconteceunovale<\/a>.<\/em><\/p>\n","protected":false},"excerpt":{"rendered":"<p>A Pol\u00edcia Civil de Minas Gerais (PCMG) realizou, nesta quinta-feira (27\/1\/2022), opera\u00e7\u00e3o para cumprimento de tr\u00eas mandados de pris\u00e3o tempor\u00e1ria e outros quatro de buscas e apreens\u00e3o em Montes Claros. Os suspeitos, de 18, 20 e 29 anos, teriam participado do roubo a uma padaria, localizada no bairro Vila Ant\u00f4nio Narciso, no dia 11 de [&hellip;]<\/p>\n","protected":false},"author":4,"featured_media":186314,"comment_status":"open","ping_status":"closed","sticky":false,"template":"","format":"standard","meta":{"amp_status":"","footnotes":""},"categories":[1236],"tags":[104546,210,57790,258019,133491,57915,258020,258018],"class_list":["post-186313","post","type-post","status-publish","format-standard","has-post-thumbnail","hentry","category-norte_de_minas","tag-assaltantes-presos-em-montes-claros","tag-montes-claros","tag-presos-em-montes-claros","tag-presos-por-roubo-a-padaria-em-montes-claros","tag-presos-por-roubo-em-montes-claros","tag-prisao-de-assaltantes-em-montes-claros","tag-roubo-a-padaria-em-montes-claros","tag-trio-suspeito-de-participar-de-roubo-e-preso-em-montes-claros"],"yoast_head":"<!-- This site is optimized with the Yoast SEO plugin v28.3 - https:\/\/yoast.com\/product\/yoast-seo-wordpress\/ -->\n<title>Trio suspeito de participar de roubo \u00e9 preso em Montes Claros - Aconteceu no Vale<\/title>\n<meta name=\"robots\" content=\"index, follow, max-snippet:-1, max-image-preview:large, max-video-preview:-1\" \/>\n<link rel=\"canonical\" href=\"https:\/\/aconteceunovale.com.br\/portal\/?p=186313\" \/>\n<meta property=\"og:locale\" content=\"pt_BR\" \/>\n<meta property=\"og:type\" content=\"article\" \/>\n<meta property=\"og:title\" content=\"Trio suspeito de participar de roubo \u00e9 preso em Montes Claros - Aconteceu no Vale\" \/>\n<meta property=\"og:description\" content=\"A Pol\u00edcia Civil de Minas Gerais (PCMG) realizou, nesta quinta-feira (27\/1\/2022), opera\u00e7\u00e3o para cumprimento de tr\u00eas mandados de pris\u00e3o tempor\u00e1ria e outros quatro de buscas e apreens\u00e3o em Montes Claros. Os suspeitos, de 18, 20 e 29 anos, teriam participado do roubo a uma padaria, localizada no bairro Vila Ant\u00f4nio Narciso, no dia 11 de [&hellip;]\" \/>\n<meta property=\"og:url\" content=\"https:\/\/aconteceunovale.com.br\/portal\/?p=186313\" \/>\n<meta property=\"og:site_name\" content=\"Aconteceu no Vale\" \/>\n<meta property=\"article:publisher\" content=\"https:\/\/www.facebook.com\/aconteceunovale\/\" \/>\n<meta property=\"article:published_time\" content=\"2022-01-28T01:32:39+00:00\" \/>\n<meta property=\"article:modified_time\" content=\"2022-01-28T01:34:26+00:00\" \/>\n<meta property=\"og:image\" content=\"https:\/\/aconteceunovale.com.br\/portal\/wp-content\/uploads\/2022\/01\/presos_moc.jpeg\" \/>\n\t<meta property=\"og:image:width\" content=\"599\" \/>\n\t<meta property=\"og:image:height\" content=\"450\" \/>\n\t<meta property=\"og:image:type\" content=\"image\/jpeg\" \/>\n<meta name=\"author\" content=\"Reda\u00e7\u00e3o Aconteceu no Vale\" \/>\n<meta name=\"twitter:card\" content=\"summary_large_image\" \/>\n<meta name=\"twitter:creator\" content=\"@noticiadosvales\" \/>\n<meta name=\"twitter:site\" content=\"@noticiadosvales\" \/>\n<meta name=\"twitter:label1\" content=\"Escrito por\" \/>\n\t<meta name=\"twitter:data1\" content=\"Reda\u00e7\u00e3o Aconteceu no Vale\" \/>\n\t<meta name=\"twitter:label2\" content=\"Est. tempo de leitura\" \/>\n\t<meta name=\"twitter:data2\" content=\"1 minuto\" \/>\n<script type=\"application\/ld+json\" class=\"yoast-schema-graph\">{\"@context\":\"https:\\\/\\\/schema.org\",\"@graph\":[{\"@type\":\"Article\",\"@id\":\"https:\\\/\\\/aconteceunovale.com.br\\\/portal\\\/?p=186313#article\",\"isPartOf\":{\"@id\":\"https:\\\/\\\/aconteceunovale.com.br\\\/portal\\\/?p=186313\"},\"author\":{\"name\":\"Reda\u00e7\u00e3o Aconteceu no Vale\",\"@id\":\"https:\\\/\\\/aconteceunovale.com.br\\\/portal\\\/#\\\/schema\\\/person\\\/7d2f26d1483f8a63de73da1ee0754d35\"},\"headline\":\"Trio suspeito de participar de roubo \u00e9 preso em Montes Claros\",\"datePublished\":\"2022-01-28T01:32:39+00:00\",\"dateModified\":\"2022-01-28T01:34:26+00:00\",\"mainEntityOfPage\":{\"@id\":\"https:\\\/\\\/aconteceunovale.com.br\\\/portal\\\/?p=186313\"},\"wordCount\":276,\"commentCount\":0,\"image\":{\"@id\":\"https:\\\/\\\/aconteceunovale.com.br\\\/portal\\\/?p=186313#primaryimage\"},\"thumbnailUrl\":\"https:\\\/\\\/aconteceunovale.com.br\\\/portal\\\/wp-content\\\/uploads\\\/2022\\\/01\\\/presos_moc.jpeg\",\"keywords\":[\"assaltantes presos em Montes Claros\",\"Montes Claros\",\"presos em montes claros\",\"Presos por roubo a padaria em Montes Claros\",\"Presos por roubo em Montes Claros\",\"pris\u00e3o de assaltantes em Montes Claros\",\"Roubo a padaria em Montes Claros\",\"Trio suspeito de participar de roubo \u00e9 preso em Montes Claros\"],\"articleSection\":[\"Norte de Minas\"],\"inLanguage\":\"pt-BR\",\"potentialAction\":[{\"@type\":\"CommentAction\",\"name\":\"Comment\",\"target\":[\"https:\\\/\\\/aconteceunovale.com.br\\\/portal\\\/?p=186313#respond\"]}]},{\"@type\":\"WebPage\",\"@id\":\"https:\\\/\\\/aconteceunovale.com.br\\\/portal\\\/?p=186313\",\"url\":\"https:\\\/\\\/aconteceunovale.com.br\\\/portal\\\/?p=186313\",\"name\":\"Trio suspeito de participar de roubo \u00e9 preso em Montes Claros - Aconteceu no Vale\",\"isPartOf\":{\"@id\":\"https:\\\/\\\/aconteceunovale.com.br\\\/portal\\\/#website\"},\"primaryImageOfPage\":{\"@id\":\"https:\\\/\\\/aconteceunovale.com.br\\\/portal\\\/?p=186313#primaryimage\"},\"image\":{\"@id\":\"https:\\\/\\\/aconteceunovale.com.br\\\/portal\\\/?p=186313#primaryimage\"},\"thumbnailUrl\":\"https:\\\/\\\/aconteceunovale.com.br\\\/portal\\\/wp-content\\\/uploads\\\/2022\\\/01\\\/presos_moc.jpeg\",\"datePublished\":\"2022-01-28T01:32:39+00:00\",\"dateModified\":\"2022-01-28T01:34:26+00:00\",\"author\":{\"@id\":\"https:\\\/\\\/aconteceunovale.com.br\\\/portal\\\/#\\\/schema\\\/person\\\/7d2f26d1483f8a63de73da1ee0754d35\"},\"breadcrumb\":{\"@id\":\"https:\\\/\\\/aconteceunovale.com.br\\\/portal\\\/?p=186313#breadcrumb\"},\"inLanguage\":\"pt-BR\",\"potentialAction\":[{\"@type\":\"ReadAction\",\"target\":[\"https:\\\/\\\/aconteceunovale.com.br\\\/portal\\\/?p=186313\"]}]},{\"@type\":\"ImageObject\",\"inLanguage\":\"pt-BR\",\"@id\":\"https:\\\/\\\/aconteceunovale.com.br\\\/portal\\\/?p=186313#primaryimage\",\"url\":\"https:\\\/\\\/aconteceunovale.com.br\\\/portal\\\/wp-content\\\/uploads\\\/2022\\\/01\\\/presos_moc.jpeg\",\"contentUrl\":\"https:\\\/\\\/aconteceunovale.com.br\\\/portal\\\/wp-content\\\/uploads\\\/2022\\\/01\\\/presos_moc.jpeg\",\"width\":599,\"height\":450},{\"@type\":\"BreadcrumbList\",\"@id\":\"https:\\\/\\\/aconteceunovale.com.br\\\/portal\\\/?p=186313#breadcrumb\",\"itemListElement\":[{\"@type\":\"ListItem\",\"position\":1,\"name\":\"In\u00edcio\",\"item\":\"https:\\\/\\\/aconteceunovale.com.br\\\/portal\\\/\"},{\"@type\":\"ListItem\",\"position\":2,\"name\":\"Trio suspeito de participar de roubo \u00e9 preso em Montes Claros\"}]},{\"@type\":\"WebSite\",\"@id\":\"https:\\\/\\\/aconteceunovale.com.br\\\/portal\\\/#website\",\"url\":\"https:\\\/\\\/aconteceunovale.com.br\\\/portal\\\/\",\"name\":\"Aconteceu no Vale\",\"description\":\"Portal de Not\u00edcias\",\"potentialAction\":[{\"@type\":\"SearchAction\",\"target\":{\"@type\":\"EntryPoint\",\"urlTemplate\":\"https:\\\/\\\/aconteceunovale.com.br\\\/portal\\\/?s={search_term_string}\"},\"query-input\":{\"@type\":\"PropertyValueSpecification\",\"valueRequired\":true,\"valueName\":\"search_term_string\"}}],\"inLanguage\":\"pt-BR\"},{\"@type\":\"Person\",\"@id\":\"https:\\\/\\\/aconteceunovale.com.br\\\/portal\\\/#\\\/schema\\\/person\\\/7d2f26d1483f8a63de73da1ee0754d35\",\"name\":\"Reda\u00e7\u00e3o Aconteceu no Vale\",\"description\":\"Equipe de reportagem do Aconteceu no Vale, portal de not\u00edcias do Vale do Jequitinhonha, em Minas Gerais. Cobrimos as 51 cidades do Vale desde 2013. Sugest\u00f5es de pauta e pedidos de corre\u00e7\u00e3o: contato@aconteceunovale.com.br\",\"url\":\"https:\\\/\\\/aconteceunovale.com.br\\\/portal\\\/?author=4\"}]}<\/script>\n<!-- \/ Yoast SEO plugin. -->","yoast_head_json":{"title":"Trio suspeito de participar de roubo \u00e9 preso em Montes Claros - Aconteceu no Vale","robots":{"index":"index","follow":"follow","max-snippet":"max-snippet:-1","max-image-preview":"max-image-preview:large","max-video-preview":"max-video-preview:-1"},"canonical":"https:\/\/aconteceunovale.com.br\/portal\/?p=186313","og_locale":"pt_BR","og_type":"article","og_title":"Trio suspeito de participar de roubo \u00e9 preso em Montes Claros - Aconteceu no Vale","og_description":"A Pol\u00edcia Civil de Minas Gerais (PCMG) realizou, nesta quinta-feira (27\/1\/2022), opera\u00e7\u00e3o para cumprimento de tr\u00eas mandados de pris\u00e3o tempor\u00e1ria e outros quatro de buscas e apreens\u00e3o em Montes Claros. Os suspeitos, de 18, 20 e 29 anos, teriam participado do roubo a uma padaria, localizada no bairro Vila Ant\u00f4nio Narciso, no dia 11 de [&hellip;]","og_url":"https:\/\/aconteceunovale.com.br\/portal\/?p=186313","og_site_name":"Aconteceu no Vale","article_publisher":"https:\/\/www.facebook.com\/aconteceunovale\/","article_published_time":"2022-01-28T01:32:39+00:00","article_modified_time":"2022-01-28T01:34:26+00:00","og_image":[{"width":599,"height":450,"url":"https:\/\/aconteceunovale.com.br\/portal\/wp-content\/uploads\/2022\/01\/presos_moc.jpeg","type":"image\/jpeg"}],"author":"Reda\u00e7\u00e3o Aconteceu no Vale","twitter_card":"summary_large_image","twitter_creator":"@noticiadosvales","twitter_site":"@noticiadosvales","twitter_misc":{"Escrito por":"Reda\u00e7\u00e3o Aconteceu no Vale","Est. tempo de leitura":"1 minuto"},"schema":{"@context":"https:\/\/schema.org","@graph":[{"@type":"Article","@id":"https:\/\/aconteceunovale.com.br\/portal\/?p=186313#article","isPartOf":{"@id":"https:\/\/aconteceunovale.com.br\/portal\/?p=186313"},"author":{"name":"Reda\u00e7\u00e3o Aconteceu no Vale","@id":"https:\/\/aconteceunovale.com.br\/portal\/#\/schema\/person\/7d2f26d1483f8a63de73da1ee0754d35"},"headline":"Trio suspeito de participar de roubo \u00e9 preso em Montes Claros","datePublished":"2022-01-28T01:32:39+00:00","dateModified":"2022-01-28T01:34:26+00:00","mainEntityOfPage":{"@id":"https:\/\/aconteceunovale.com.br\/portal\/?p=186313"},"wordCount":276,"commentCount":0,"image":{"@id":"https:\/\/aconteceunovale.com.br\/portal\/?p=186313#primaryimage"},"thumbnailUrl":"https:\/\/aconteceunovale.com.br\/portal\/wp-content\/uploads\/2022\/01\/presos_moc.jpeg","keywords":["assaltantes presos em Montes Claros","Montes Claros","presos em montes claros","Presos por roubo a padaria em Montes Claros","Presos por roubo em Montes Claros","pris\u00e3o de assaltantes em Montes Claros","Roubo a padaria em Montes Claros","Trio suspeito de participar de roubo \u00e9 preso em Montes Claros"],"articleSection":["Norte de Minas"],"inLanguage":"pt-BR","potentialAction":[{"@type":"CommentAction","name":"Comment","target":["https:\/\/aconteceunovale.com.br\/portal\/?p=186313#respond"]}]},{"@type":"WebPage","@id":"https:\/\/aconteceunovale.com.br\/portal\/?p=186313","url":"https:\/\/aconteceunovale.com.br\/portal\/?p=186313","name":"Trio suspeito de participar de roubo \u00e9 preso em Montes Claros - Aconteceu no Vale","isPartOf":{"@id":"https:\/\/aconteceunovale.com.br\/portal\/#website"},"primaryImageOfPage":{"@id":"https:\/\/aconteceunovale.com.br\/portal\/?p=186313#primaryimage"},"image":{"@id":"https:\/\/aconteceunovale.com.br\/portal\/?p=186313#primaryimage"},"thumbnailUrl":"https:\/\/aconteceunovale.com.br\/portal\/wp-content\/uploads\/2022\/01\/presos_moc.jpeg","datePublished":"2022-01-28T01:32:39+00:00","dateModified":"2022-01-28T01:34:26+00:00","author":{"@id":"https:\/\/aconteceunovale.com.br\/portal\/#\/schema\/person\/7d2f26d1483f8a63de73da1ee0754d35"},"breadcrumb":{"@id":"https:\/\/aconteceunovale.com.br\/portal\/?p=186313#breadcrumb"},"inLanguage":"pt-BR","potentialAction":[{"@type":"ReadAction","target":["https:\/\/aconteceunovale.com.br\/portal\/?p=186313"]}]},{"@type":"ImageObject","inLanguage":"pt-BR","@id":"https:\/\/aconteceunovale.com.br\/portal\/?p=186313#primaryimage","url":"https:\/\/aconteceunovale.com.br\/portal\/wp-content\/uploads\/2022\/01\/presos_moc.jpeg","contentUrl":"https:\/\/aconteceunovale.com.br\/portal\/wp-content\/uploads\/2022\/01\/presos_moc.jpeg","width":599,"height":450},{"@type":"BreadcrumbList","@id":"https:\/\/aconteceunovale.com.br\/portal\/?p=186313#breadcrumb","itemListElement":[{"@type":"ListItem","position":1,"name":"In\u00edcio","item":"https:\/\/aconteceunovale.com.br\/portal\/"},{"@type":"ListItem","position":2,"name":"Trio suspeito de participar de roubo \u00e9 preso em Montes Claros"}]},{"@type":"WebSite","@id":"https:\/\/aconteceunovale.com.br\/portal\/#website","url":"https:\/\/aconteceunovale.com.br\/portal\/","name":"Aconteceu no Vale","description":"Portal de Not\u00edcias","potentialAction":[{"@type":"SearchAction","target":{"@type":"EntryPoint","urlTemplate":"https:\/\/aconteceunovale.com.br\/portal\/?s={search_term_string}"},"query-input":{"@type":"PropertyValueSpecification","valueRequired":true,"valueName":"search_term_string"}}],"inLanguage":"pt-BR"},{"@type":"Person","@id":"https:\/\/aconteceunovale.com.br\/portal\/#\/schema\/person\/7d2f26d1483f8a63de73da1ee0754d35","name":"Reda\u00e7\u00e3o Aconteceu no Vale","description":"Equipe de reportagem do Aconteceu no Vale, portal de not\u00edcias do Vale do Jequitinhonha, em Minas Gerais. Cobrimos as 51 cidades do Vale desde 2013. Sugest\u00f5es de pauta e pedidos de corre\u00e7\u00e3o: contato@aconteceunovale.com.br","url":"https:\/\/aconteceunovale.com.br\/portal\/?author=4"}]}},"_links":{"self":[{"href":"https:\/\/aconteceunovale.com.br\/portal\/index.php?rest_route=\/wp\/v2\/posts\/186313","targetHints":{"allow":["GET"]}}],"collection":[{"href":"https:\/\/aconteceunovale.com.br\/portal\/index.php?rest_route=\/wp\/v2\/posts"}],"about":[{"href":"https:\/\/aconteceunovale.com.br\/portal\/index.php?rest_route=\/wp\/v2\/types\/post"}],"author":[{"embeddable":true,"href":"https:\/\/aconteceunovale.com.br\/portal\/index.php?rest_route=\/wp\/v2\/users\/4"}],"replies":[{"embeddable":true,"href":"https:\/\/aconteceunovale.com.br\/portal\/index.php?rest_route=%2Fwp%2Fv2%2Fcomments&post=186313"}],"version-history":[{"count":2,"href":"https:\/\/aconteceunovale.com.br\/portal\/index.php?rest_route=\/wp\/v2\/posts\/186313\/revisions"}],"predecessor-version":[{"id":186316,"href":"https:\/\/aconteceunovale.com.br\/portal\/index.php?rest_route=\/wp\/v2\/posts\/186313\/revisions\/186316"}],"wp:featuredmedia":[{"embeddable":true,"href":"https:\/\/aconteceunovale.com.br\/portal\/index.php?rest_route=\/wp\/v2\/media\/186314"}],"wp:attachment":[{"href":"https:\/\/aconteceunovale.com.br\/portal\/index.php?rest_route=%2Fwp%2Fv2%2Fmedia&parent=186313"}],"wp:term":[{"taxonomy":"category","embeddable":true,"href":"https:\/\/aconteceunovale.com.br\/portal\/index.php?rest_route=%2Fwp%2Fv2%2Fcategories&post=186313"},{"taxonomy":"post_tag","embeddable":true,"href":"https:\/\/aconteceunovale.com.br\/portal\/index.php?rest_route=%2Fwp%2Fv2%2Ftags&post=186313"}],"curies":[{"name":"wp","href":"https:\/\/api.w.org\/{rel}","templated":true}]}}