{"id":186310,"date":"2022-01-27T22:14:58","date_gmt":"2022-01-28T01:14:58","guid":{"rendered":"https:\/\/aconteceunovale.com.br\/portal\/?p=186310"},"modified":"2022-01-27T22:16:01","modified_gmt":"2022-01-28T01:16:01","slug":"brasil-e-equador-empatam-em-quito","status":"publish","type":"post","link":"https:\/\/aconteceunovale.com.br\/portal\/?p=186310","title":{"rendered":"Brasil e Equador empatam em Quito"},"content":{"rendered":"\n<p class=\"wp-block-paragraph\">Brasil e Equador empataram em 1 a 1 em jogo v\u00e1lido pela 15\u00aa rodada das Eliminat\u00f3rias Sul-Americanas para a Copa do Mundo do Catar. A partida foi disputada no Est\u00e1dio Casa Blanca, em Quito, nesta\u00a0quinta-feira (27\/1\/2022). Mesmo sem a presen\u00e7a do craque Neymar, o time do t\u00e9cnico Tite aproveitou logo a primeira chance e abriu o placar aos cinco minutos da primeira etapa.<\/p>\n\n\n\n<figure class=\"wp-block-gallery has-nested-images columns-default is-cropped wp-block-gallery-1 is-layout-flex wp-block-gallery-is-layout-flex\">\n<figure class=\"wp-block-image size-large\"><img loading=\"lazy\" decoding=\"async\" width=\"678\" height=\"406\" data-id=\"186311\" src=\"https:\/\/aconteceunovale.com.br\/portal\/wp-content\/uploads\/2022\/01\/equador_brasil.jpg\" alt=\"\" class=\"wp-image-186311\" srcset=\"https:\/\/aconteceunovale.com.br\/portal\/wp-content\/uploads\/2022\/01\/equador_brasil.jpg 678w, https:\/\/aconteceunovale.com.br\/portal\/wp-content\/uploads\/2022\/01\/equador_brasil-300x180.jpg 300w\" sizes=\"auto, (max-width: 678px) 100vw, 678px\" \/><figcaption><em>Foto: Lucas Figueiredo\/CBF<\/em><\/figcaption><\/figure>\n<\/figure>\n\n\n\n<p class=\"wp-block-paragraph\">Ap\u00f3s da rebatida da defesa, Coutinho cruzou, Matheus Cunha tentou e a bola sobrou para o volante Casemiro abrir o placar. Depois, aos 13 minutos, ocorreu o primeiro lance com a participa\u00e7\u00e3o do \u00e1rbitro de v\u00eddeo. O atacante Matheus Cunha foi atingido pelo goleiro\u00a0Dom\u00ednguez. Ap\u00f3s revis\u00e3o, o \u00e1rbitro colombiano Wilmar Rold\u00e1n confirmou que a falta foi fora da \u00e1rea e expulsou o jogador do Equador.<\/p>\n\n\n\n<p class=\"wp-block-paragraph\">Mas a vantagem do Brasil de jogar com um atleta a mais durou muito pouco. Aos 19 minutos, o lateral-direito Emerson, que j\u00e1 tinha cart\u00e3o amarelo, acertou Estrada e foi expulso. E, logo na sequ\u00eancia da partida, ocorreu outra participa\u00e7\u00e3o importante do \u00e1rbitro de v\u00eddeo. Aos 25, o goleiro brasileiro Alisson havia sido expulso depois de atingir Enner Valencia. Mas, Wilmar Rold\u00e1n acabou voltando atr\u00e1s e deu apenas o amarelo para o arqueiro da sele\u00e7\u00e3o de Tite.<\/p>\n\n\n\n<p class=\"wp-block-paragraph\">No come\u00e7o da&nbsp;segunda&nbsp;etapa, outra revis\u00e3o do VAR. Aos 12 minutos, Rold\u00e1n viu um pis\u00e3o do atacante Raphinha em Estupi\u00f1\u00e1n dentro da \u00e1rea e marcou p\u00eanalti. S\u00f3 que voltou atr\u00e1s depois de rever o lance no v\u00eddeo. O gol de empate do Equador saiu aos 29 minutos da etapa final. Depois de um cruzamento, F\u00e9lix Torres subiu junto com Casemiro e mandou de cabe\u00e7a para o fundo da rede. E, por incr\u00edvel que pare\u00e7a, o juiz Wilmar Rold\u00e1n ainda conseguiu se envolver em mais um lance com o VAR. Aos 45, ele marcou p\u00eanalti do goleiro Alisson em cima de Ayrton Preciado. Mas, depois de rever, mudou de ideia e considerou o lance como legal.<\/p>\n\n\n\n<p class=\"wp-block-paragraph\">Com esse resultado, o Brasil, que j\u00e1 est\u00e1 classificado \u00e0 Copa do Quatar, continua na lideran\u00e7a das Eliminat\u00f3rias com 36 pontos. O Equador, em terceiro, com 24 pontos tem a vaga bem encaminhada para o torneio do final deste ano. O Brasil volta a jogar na\u00a0ter\u00e7a-feira (01\/02) contra o Paraguai no Est\u00e1dio Mineiro em Belo Horizonte. No mesmo dia, o Equador vai at\u00e9 Lima para enfrentar o Peru.<\/p>\n\n\n\n<p class=\"wp-block-paragraph\">&#8212;&#8212;&#8212;&#8212;&#8212;&#8212;<br><em>Quer receber as not\u00edcias do <strong>Aconteceu no Vale<\/strong> em primeira m\u00e3o? Siga-nos no Facebook <a rel=\"noreferrer noopener\" href=\"http:\/\/facebook.com\/aconteceunovale\" target=\"_blank\">@aconteceunovale<\/a>, Twitter <a rel=\"noreferrer noopener\" href=\"https:\/\/twitter.com\/noticiadosvales\" target=\"_blank\">@noticiadosvales<\/a> e Instagram <a rel=\"noreferrer noopener\" href=\"https:\/\/www.instagram.com\/aconteceunovale\" target=\"_blank\">@aconteceunovale<\/a>.<\/em><\/p>\n","protected":false},"excerpt":{"rendered":"<p>Brasil e Equador empataram em 1 a 1 em jogo v\u00e1lido pela 15\u00aa rodada das Eliminat\u00f3rias Sul-Americanas para a Copa do Mundo do Catar. A partida foi disputada no Est\u00e1dio Casa Blanca, em Quito, nesta\u00a0quinta-feira (27\/1\/2022). Mesmo sem a presen\u00e7a do craque Neymar, o time do t\u00e9cnico Tite aproveitou logo a primeira chance e abriu [&hellip;]<\/p>\n","protected":false},"author":4,"featured_media":186311,"comment_status":"open","ping_status":"closed","sticky":false,"template":"","format":"standard","meta":{"amp_status":"","footnotes":""},"categories":[6,59,28848],"tags":[4785,258014,258017,212063,225418,1018,126155,258016,74991,50769,21232,258015],"class_list":["post-186310","post","type-post","status-publish","format-standard","has-post-thumbnail","hentry","category-br","category-esportes","category-mundo","tag-brasil","tag-brasil-e-equador-empatam-em-quito","tag-casa-blanca","tag-catar","tag-copa-do-catar","tag-destaque","tag-eliminatorias-da-copa","tag-eliminatorias-para-a-copa","tag-equador","tag-esportes","tag-futebol","tag-quito"],"yoast_head":"<!-- This site is optimized with the Yoast SEO plugin v28.3 - https:\/\/yoast.com\/product\/yoast-seo-wordpress\/ -->\n<title>Brasil e Equador empatam em Quito - Aconteceu no Vale<\/title>\n<meta name=\"robots\" content=\"index, follow, max-snippet:-1, max-image-preview:large, max-video-preview:-1\" \/>\n<link rel=\"canonical\" href=\"https:\/\/aconteceunovale.com.br\/portal\/?p=186310\" \/>\n<meta property=\"og:locale\" content=\"pt_BR\" \/>\n<meta property=\"og:type\" content=\"article\" \/>\n<meta property=\"og:title\" content=\"Brasil e Equador empatam em Quito - Aconteceu no Vale\" \/>\n<meta property=\"og:description\" content=\"Brasil e Equador empataram em 1 a 1 em jogo v\u00e1lido pela 15\u00aa rodada das Eliminat\u00f3rias Sul-Americanas para a Copa do Mundo do Catar. A partida foi disputada no Est\u00e1dio Casa Blanca, em Quito, nesta\u00a0quinta-feira (27\/1\/2022). Mesmo sem a presen\u00e7a do craque Neymar, o time do t\u00e9cnico Tite aproveitou logo a primeira chance e abriu [&hellip;]\" \/>\n<meta property=\"og:url\" content=\"https:\/\/aconteceunovale.com.br\/portal\/?p=186310\" \/>\n<meta property=\"og:site_name\" content=\"Aconteceu no Vale\" \/>\n<meta property=\"article:publisher\" content=\"https:\/\/www.facebook.com\/aconteceunovale\/\" \/>\n<meta property=\"article:published_time\" content=\"2022-01-28T01:14:58+00:00\" \/>\n<meta property=\"article:modified_time\" content=\"2022-01-28T01:16:01+00:00\" \/>\n<meta property=\"og:image\" content=\"https:\/\/aconteceunovale.com.br\/portal\/wp-content\/uploads\/2022\/01\/equador_brasil.jpg\" \/>\n\t<meta property=\"og:image:width\" content=\"678\" \/>\n\t<meta property=\"og:image:height\" content=\"406\" \/>\n\t<meta property=\"og:image:type\" content=\"image\/jpeg\" \/>\n<meta name=\"author\" content=\"Reda\u00e7\u00e3o Aconteceu no Vale\" \/>\n<meta name=\"twitter:card\" content=\"summary_large_image\" \/>\n<meta name=\"twitter:creator\" content=\"@noticiadosvales\" \/>\n<meta name=\"twitter:site\" content=\"@noticiadosvales\" \/>\n<meta name=\"twitter:label1\" content=\"Escrito por\" \/>\n\t<meta name=\"twitter:data1\" content=\"Reda\u00e7\u00e3o Aconteceu no Vale\" \/>\n\t<meta name=\"twitter:label2\" content=\"Est. tempo de leitura\" \/>\n\t<meta name=\"twitter:data2\" content=\"2 minutos\" \/>\n<script type=\"application\/ld+json\" class=\"yoast-schema-graph\">{\"@context\":\"https:\\\/\\\/schema.org\",\"@graph\":[{\"@type\":\"Article\",\"@id\":\"https:\\\/\\\/aconteceunovale.com.br\\\/portal\\\/?p=186310#article\",\"isPartOf\":{\"@id\":\"https:\\\/\\\/aconteceunovale.com.br\\\/portal\\\/?p=186310\"},\"author\":{\"name\":\"Reda\u00e7\u00e3o Aconteceu no Vale\",\"@id\":\"https:\\\/\\\/aconteceunovale.com.br\\\/portal\\\/#\\\/schema\\\/person\\\/7d2f26d1483f8a63de73da1ee0754d35\"},\"headline\":\"Brasil e Equador empatam em Quito\",\"datePublished\":\"2022-01-28T01:14:58+00:00\",\"dateModified\":\"2022-01-28T01:16:01+00:00\",\"mainEntityOfPage\":{\"@id\":\"https:\\\/\\\/aconteceunovale.com.br\\\/portal\\\/?p=186310\"},\"wordCount\":450,\"commentCount\":0,\"image\":{\"@id\":\"https:\\\/\\\/aconteceunovale.com.br\\\/portal\\\/?p=186310#primaryimage\"},\"thumbnailUrl\":\"https:\\\/\\\/aconteceunovale.com.br\\\/portal\\\/wp-content\\\/uploads\\\/2022\\\/01\\\/equador_brasil.jpg\",\"keywords\":[\"brasil\",\"Brasil e Equador empatam em Quito\",\"Casa Blanca\",\"Catar\",\"Copa do Catar\",\"destaque\",\"Eliminat\u00f3rias da Copa\",\"Eliminat\u00f3rias para a Copa\",\"Equador\",\"esportes\",\"futebol\",\"Quito\"],\"articleSection\":[\"Brasil\",\"Esportes\",\"Mundo\"],\"inLanguage\":\"pt-BR\",\"potentialAction\":[{\"@type\":\"CommentAction\",\"name\":\"Comment\",\"target\":[\"https:\\\/\\\/aconteceunovale.com.br\\\/portal\\\/?p=186310#respond\"]}]},{\"@type\":\"WebPage\",\"@id\":\"https:\\\/\\\/aconteceunovale.com.br\\\/portal\\\/?p=186310\",\"url\":\"https:\\\/\\\/aconteceunovale.com.br\\\/portal\\\/?p=186310\",\"name\":\"Brasil e Equador empatam em Quito - Aconteceu no Vale\",\"isPartOf\":{\"@id\":\"https:\\\/\\\/aconteceunovale.com.br\\\/portal\\\/#website\"},\"primaryImageOfPage\":{\"@id\":\"https:\\\/\\\/aconteceunovale.com.br\\\/portal\\\/?p=186310#primaryimage\"},\"image\":{\"@id\":\"https:\\\/\\\/aconteceunovale.com.br\\\/portal\\\/?p=186310#primaryimage\"},\"thumbnailUrl\":\"https:\\\/\\\/aconteceunovale.com.br\\\/portal\\\/wp-content\\\/uploads\\\/2022\\\/01\\\/equador_brasil.jpg\",\"datePublished\":\"2022-01-28T01:14:58+00:00\",\"dateModified\":\"2022-01-28T01:16:01+00:00\",\"author\":{\"@id\":\"https:\\\/\\\/aconteceunovale.com.br\\\/portal\\\/#\\\/schema\\\/person\\\/7d2f26d1483f8a63de73da1ee0754d35\"},\"breadcrumb\":{\"@id\":\"https:\\\/\\\/aconteceunovale.com.br\\\/portal\\\/?p=186310#breadcrumb\"},\"inLanguage\":\"pt-BR\",\"potentialAction\":[{\"@type\":\"ReadAction\",\"target\":[\"https:\\\/\\\/aconteceunovale.com.br\\\/portal\\\/?p=186310\"]}]},{\"@type\":\"ImageObject\",\"inLanguage\":\"pt-BR\",\"@id\":\"https:\\\/\\\/aconteceunovale.com.br\\\/portal\\\/?p=186310#primaryimage\",\"url\":\"https:\\\/\\\/aconteceunovale.com.br\\\/portal\\\/wp-content\\\/uploads\\\/2022\\\/01\\\/equador_brasil.jpg\",\"contentUrl\":\"https:\\\/\\\/aconteceunovale.com.br\\\/portal\\\/wp-content\\\/uploads\\\/2022\\\/01\\\/equador_brasil.jpg\",\"width\":678,\"height\":406},{\"@type\":\"BreadcrumbList\",\"@id\":\"https:\\\/\\\/aconteceunovale.com.br\\\/portal\\\/?p=186310#breadcrumb\",\"itemListElement\":[{\"@type\":\"ListItem\",\"position\":1,\"name\":\"In\u00edcio\",\"item\":\"https:\\\/\\\/aconteceunovale.com.br\\\/portal\\\/\"},{\"@type\":\"ListItem\",\"position\":2,\"name\":\"Brasil e Equador empatam em Quito\"}]},{\"@type\":\"WebSite\",\"@id\":\"https:\\\/\\\/aconteceunovale.com.br\\\/portal\\\/#website\",\"url\":\"https:\\\/\\\/aconteceunovale.com.br\\\/portal\\\/\",\"name\":\"Aconteceu no Vale\",\"description\":\"Portal de Not\u00edcias\",\"potentialAction\":[{\"@type\":\"SearchAction\",\"target\":{\"@type\":\"EntryPoint\",\"urlTemplate\":\"https:\\\/\\\/aconteceunovale.com.br\\\/portal\\\/?s={search_term_string}\"},\"query-input\":{\"@type\":\"PropertyValueSpecification\",\"valueRequired\":true,\"valueName\":\"search_term_string\"}}],\"inLanguage\":\"pt-BR\"},{\"@type\":\"Person\",\"@id\":\"https:\\\/\\\/aconteceunovale.com.br\\\/portal\\\/#\\\/schema\\\/person\\\/7d2f26d1483f8a63de73da1ee0754d35\",\"name\":\"Reda\u00e7\u00e3o Aconteceu no Vale\",\"description\":\"Equipe de reportagem do Aconteceu no Vale, portal de not\u00edcias do Vale do Jequitinhonha, em Minas Gerais. Cobrimos as 51 cidades do Vale desde 2013. Sugest\u00f5es de pauta e pedidos de corre\u00e7\u00e3o: contato@aconteceunovale.com.br\",\"url\":\"https:\\\/\\\/aconteceunovale.com.br\\\/portal\\\/?author=4\"}]}<\/script>\n<!-- \/ Yoast SEO plugin. -->","yoast_head_json":{"title":"Brasil e Equador empatam em Quito - Aconteceu no Vale","robots":{"index":"index","follow":"follow","max-snippet":"max-snippet:-1","max-image-preview":"max-image-preview:large","max-video-preview":"max-video-preview:-1"},"canonical":"https:\/\/aconteceunovale.com.br\/portal\/?p=186310","og_locale":"pt_BR","og_type":"article","og_title":"Brasil e Equador empatam em Quito - Aconteceu no Vale","og_description":"Brasil e Equador empataram em 1 a 1 em jogo v\u00e1lido pela 15\u00aa rodada das Eliminat\u00f3rias Sul-Americanas para a Copa do Mundo do Catar. A partida foi disputada no Est\u00e1dio Casa Blanca, em Quito, nesta\u00a0quinta-feira (27\/1\/2022). Mesmo sem a presen\u00e7a do craque Neymar, o time do t\u00e9cnico Tite aproveitou logo a primeira chance e abriu [&hellip;]","og_url":"https:\/\/aconteceunovale.com.br\/portal\/?p=186310","og_site_name":"Aconteceu no Vale","article_publisher":"https:\/\/www.facebook.com\/aconteceunovale\/","article_published_time":"2022-01-28T01:14:58+00:00","article_modified_time":"2022-01-28T01:16:01+00:00","og_image":[{"width":678,"height":406,"url":"https:\/\/aconteceunovale.com.br\/portal\/wp-content\/uploads\/2022\/01\/equador_brasil.jpg","type":"image\/jpeg"}],"author":"Reda\u00e7\u00e3o Aconteceu no Vale","twitter_card":"summary_large_image","twitter_creator":"@noticiadosvales","twitter_site":"@noticiadosvales","twitter_misc":{"Escrito por":"Reda\u00e7\u00e3o Aconteceu no Vale","Est. tempo de leitura":"2 minutos"},"schema":{"@context":"https:\/\/schema.org","@graph":[{"@type":"Article","@id":"https:\/\/aconteceunovale.com.br\/portal\/?p=186310#article","isPartOf":{"@id":"https:\/\/aconteceunovale.com.br\/portal\/?p=186310"},"author":{"name":"Reda\u00e7\u00e3o Aconteceu no Vale","@id":"https:\/\/aconteceunovale.com.br\/portal\/#\/schema\/person\/7d2f26d1483f8a63de73da1ee0754d35"},"headline":"Brasil e Equador empatam em Quito","datePublished":"2022-01-28T01:14:58+00:00","dateModified":"2022-01-28T01:16:01+00:00","mainEntityOfPage":{"@id":"https:\/\/aconteceunovale.com.br\/portal\/?p=186310"},"wordCount":450,"commentCount":0,"image":{"@id":"https:\/\/aconteceunovale.com.br\/portal\/?p=186310#primaryimage"},"thumbnailUrl":"https:\/\/aconteceunovale.com.br\/portal\/wp-content\/uploads\/2022\/01\/equador_brasil.jpg","keywords":["brasil","Brasil e Equador empatam em Quito","Casa Blanca","Catar","Copa do Catar","destaque","Eliminat\u00f3rias da Copa","Eliminat\u00f3rias para a Copa","Equador","esportes","futebol","Quito"],"articleSection":["Brasil","Esportes","Mundo"],"inLanguage":"pt-BR","potentialAction":[{"@type":"CommentAction","name":"Comment","target":["https:\/\/aconteceunovale.com.br\/portal\/?p=186310#respond"]}]},{"@type":"WebPage","@id":"https:\/\/aconteceunovale.com.br\/portal\/?p=186310","url":"https:\/\/aconteceunovale.com.br\/portal\/?p=186310","name":"Brasil e Equador empatam em Quito - Aconteceu no Vale","isPartOf":{"@id":"https:\/\/aconteceunovale.com.br\/portal\/#website"},"primaryImageOfPage":{"@id":"https:\/\/aconteceunovale.com.br\/portal\/?p=186310#primaryimage"},"image":{"@id":"https:\/\/aconteceunovale.com.br\/portal\/?p=186310#primaryimage"},"thumbnailUrl":"https:\/\/aconteceunovale.com.br\/portal\/wp-content\/uploads\/2022\/01\/equador_brasil.jpg","datePublished":"2022-01-28T01:14:58+00:00","dateModified":"2022-01-28T01:16:01+00:00","author":{"@id":"https:\/\/aconteceunovale.com.br\/portal\/#\/schema\/person\/7d2f26d1483f8a63de73da1ee0754d35"},"breadcrumb":{"@id":"https:\/\/aconteceunovale.com.br\/portal\/?p=186310#breadcrumb"},"inLanguage":"pt-BR","potentialAction":[{"@type":"ReadAction","target":["https:\/\/aconteceunovale.com.br\/portal\/?p=186310"]}]},{"@type":"ImageObject","inLanguage":"pt-BR","@id":"https:\/\/aconteceunovale.com.br\/portal\/?p=186310#primaryimage","url":"https:\/\/aconteceunovale.com.br\/portal\/wp-content\/uploads\/2022\/01\/equador_brasil.jpg","contentUrl":"https:\/\/aconteceunovale.com.br\/portal\/wp-content\/uploads\/2022\/01\/equador_brasil.jpg","width":678,"height":406},{"@type":"BreadcrumbList","@id":"https:\/\/aconteceunovale.com.br\/portal\/?p=186310#breadcrumb","itemListElement":[{"@type":"ListItem","position":1,"name":"In\u00edcio","item":"https:\/\/aconteceunovale.com.br\/portal\/"},{"@type":"ListItem","position":2,"name":"Brasil e Equador empatam em Quito"}]},{"@type":"WebSite","@id":"https:\/\/aconteceunovale.com.br\/portal\/#website","url":"https:\/\/aconteceunovale.com.br\/portal\/","name":"Aconteceu no Vale","description":"Portal de Not\u00edcias","potentialAction":[{"@type":"SearchAction","target":{"@type":"EntryPoint","urlTemplate":"https:\/\/aconteceunovale.com.br\/portal\/?s={search_term_string}"},"query-input":{"@type":"PropertyValueSpecification","valueRequired":true,"valueName":"search_term_string"}}],"inLanguage":"pt-BR"},{"@type":"Person","@id":"https:\/\/aconteceunovale.com.br\/portal\/#\/schema\/person\/7d2f26d1483f8a63de73da1ee0754d35","name":"Reda\u00e7\u00e3o Aconteceu no Vale","description":"Equipe de reportagem do Aconteceu no Vale, portal de not\u00edcias do Vale do Jequitinhonha, em Minas Gerais. Cobrimos as 51 cidades do Vale desde 2013. Sugest\u00f5es de pauta e pedidos de corre\u00e7\u00e3o: contato@aconteceunovale.com.br","url":"https:\/\/aconteceunovale.com.br\/portal\/?author=4"}]}},"_links":{"self":[{"href":"https:\/\/aconteceunovale.com.br\/portal\/index.php?rest_route=\/wp\/v2\/posts\/186310","targetHints":{"allow":["GET"]}}],"collection":[{"href":"https:\/\/aconteceunovale.com.br\/portal\/index.php?rest_route=\/wp\/v2\/posts"}],"about":[{"href":"https:\/\/aconteceunovale.com.br\/portal\/index.php?rest_route=\/wp\/v2\/types\/post"}],"author":[{"embeddable":true,"href":"https:\/\/aconteceunovale.com.br\/portal\/index.php?rest_route=\/wp\/v2\/users\/4"}],"replies":[{"embeddable":true,"href":"https:\/\/aconteceunovale.com.br\/portal\/index.php?rest_route=%2Fwp%2Fv2%2Fcomments&post=186310"}],"version-history":[{"count":1,"href":"https:\/\/aconteceunovale.com.br\/portal\/index.php?rest_route=\/wp\/v2\/posts\/186310\/revisions"}],"predecessor-version":[{"id":186312,"href":"https:\/\/aconteceunovale.com.br\/portal\/index.php?rest_route=\/wp\/v2\/posts\/186310\/revisions\/186312"}],"wp:featuredmedia":[{"embeddable":true,"href":"https:\/\/aconteceunovale.com.br\/portal\/index.php?rest_route=\/wp\/v2\/media\/186311"}],"wp:attachment":[{"href":"https:\/\/aconteceunovale.com.br\/portal\/index.php?rest_route=%2Fwp%2Fv2%2Fmedia&parent=186310"}],"wp:term":[{"taxonomy":"category","embeddable":true,"href":"https:\/\/aconteceunovale.com.br\/portal\/index.php?rest_route=%2Fwp%2Fv2%2Fcategories&post=186310"},{"taxonomy":"post_tag","embeddable":true,"href":"https:\/\/aconteceunovale.com.br\/portal\/index.php?rest_route=%2Fwp%2Fv2%2Ftags&post=186310"}],"curies":[{"name":"wp","href":"https:\/\/api.w.org\/{rel}","templated":true}]}}