{"id":186305,"date":"2022-01-27T15:07:01","date_gmt":"2022-01-27T18:07:01","guid":{"rendered":"https:\/\/aconteceunovale.com.br\/portal\/?p=186305"},"modified":"2022-01-27T19:07:43","modified_gmt":"2022-01-27T22:07:43","slug":"cantora-gospel-ludmila-ferber-morre-aos-56-anos","status":"publish","type":"post","link":"https:\/\/aconteceunovale.com.br\/portal\/?p=186305","title":{"rendered":"Cantora gospel Ludmila Ferber morre aos 56 anos"},"content":{"rendered":"\n<p class=\"wp-block-paragraph\">Morreu nessa quarta-feira (26\/1\/2022), aos 56 anos, a cantora, compositora e pastora Ludmila Ferber. <\/p>\n\n\n\n<figure class=\"wp-block-gallery has-nested-images columns-default is-cropped wp-block-gallery-1 is-layout-flex wp-block-gallery-is-layout-flex\">\n<figure class=\"wp-block-image size-large\"><img loading=\"lazy\" decoding=\"async\" width=\"824\" height=\"484\" data-id=\"186306\" src=\"https:\/\/aconteceunovale.com.br\/portal\/wp-content\/uploads\/2022\/01\/ludmila_ferber.jpeg\" alt=\"\" class=\"wp-image-186306\" srcset=\"https:\/\/aconteceunovale.com.br\/portal\/wp-content\/uploads\/2022\/01\/ludmila_ferber.jpeg 824w, https:\/\/aconteceunovale.com.br\/portal\/wp-content\/uploads\/2022\/01\/ludmila_ferber-300x176.jpeg 300w, https:\/\/aconteceunovale.com.br\/portal\/wp-content\/uploads\/2022\/01\/ludmila_ferber-768x451.jpeg 768w, https:\/\/aconteceunovale.com.br\/portal\/wp-content\/uploads\/2022\/01\/ludmila_ferber-696x409.jpeg 696w, https:\/\/aconteceunovale.com.br\/portal\/wp-content\/uploads\/2022\/01\/ludmila_ferber-715x420.jpeg 715w\" sizes=\"auto, (max-width: 824px) 100vw, 824px\" \/><figcaption><em>Foto: Reprodu\u00e7\u00e3o\/Instagram (@pastoraludmilaferber)<\/em><\/figcaption><\/figure>\n<\/figure>\n\n\n\n<p class=\"wp-block-paragraph\">No Twitter, a Sony Music Gospel, gravadora de Ludmila, lamentou a morte da cantora, que sofria de c\u00e2ncer. <em>\u201cInfelizmente a nossa guerreira\u00a0@pastoraludmila\u00a0nos deixou, mas aqui fica o seu legado, suas can\u00e7\u00f5es, seu exemplo, sua tenacidade, seu prop\u00f3sito, sua luta, sua f\u00e9, sua arte, sua poesia e sua hist\u00f3ria! Nossos sentimentos aos familiares.\u201d<img decoding=\"async\" src=\"https:\/\/agenciabrasil.ebc.com.br\/ebc.png?id=1439036&amp;o=node\"><img decoding=\"async\" src=\"https:\/\/agenciabrasil.ebc.com.br\/ebc.gif?id=1439036&amp;o=node\"><\/em><\/p>\n\n\n\n<p class=\"wp-block-paragraph\">O&nbsp;<em>site<\/em>&nbsp;oficial da cantora e pastora diz que, aos 20 anos, ela se converteu ao cristianismo e que, desde ent\u00e3o, construiu sua vida dentro da igreja.<\/p>\n\n\n\n<p class=\"wp-block-paragraph\">Ludmila Ferber lan\u00e7ou o primeiro \u00e1lbum, intitulado\u00a0<em>Marcas<\/em>, em 1996. Entre seus maiores sucessos, est\u00e3o as can\u00e7\u00f5es\u00a0<em>Sonhos de Deus<\/em>,\u00a0<em>Sopra Esp\u00edrito<\/em>,\u00a0<em>Ou\u00e7o Deus Me Chamar\u00a0<\/em>e\u00a0<em>Nunca Pare de Lutar<\/em>.<\/p>\n\n\n\n<p class=\"wp-block-paragraph\">&#8212;&#8212;&#8212;&#8212;&#8212;&#8212;<br><em>Quer receber as not\u00edcias do <strong>Aconteceu no Vale<\/strong> em primeira m\u00e3o? Siga-nos no Facebook <a rel=\"noreferrer noopener\" href=\"http:\/\/facebook.com\/aconteceunovale\" target=\"_blank\">@aconteceunovale<\/a>, Twitter <a rel=\"noreferrer noopener\" href=\"https:\/\/twitter.com\/noticiadosvales\" target=\"_blank\">@noticiadosvales<\/a> e Instagram <a rel=\"noreferrer noopener\" href=\"https:\/\/www.instagram.com\/aconteceunovale\" target=\"_blank\">@aconteceunovale<\/a>.<\/em><\/p>\n","protected":false},"excerpt":{"rendered":"<p>Morreu nessa quarta-feira (26\/1\/2022), aos 56 anos, a cantora, compositora e pastora Ludmila Ferber. No Twitter, a Sony Music Gospel, gravadora de Ludmila, lamentou a morte da cantora, que sofria de c\u00e2ncer. \u201cInfelizmente a nossa guerreira\u00a0@pastoraludmila\u00a0nos deixou, mas aqui fica o seu legado, suas can\u00e7\u00f5es, seu exemplo, sua tenacidade, seu prop\u00f3sito, sua luta, sua f\u00e9, [&hellip;]<\/p>\n","protected":false},"author":4,"featured_media":186306,"comment_status":"open","ping_status":"closed","sticky":false,"template":"","format":"standard","meta":{"amp_status":"","footnotes":""},"categories":[6],"tags":[258008,155160,258006,258007,258009],"class_list":["post-186305","post","type-post","status-publish","format-standard","has-post-thumbnail","hentry","category-br","tag-cantora-ludmila-ferber","tag-ludmila-ferber","tag-ludmila-ferber-morre-aos-56-anos","tag-morre-a-cantora-ludmila-ferber","tag-pastora-ludmila-ferber"],"yoast_head":"<!-- This site is optimized with the Yoast SEO plugin v28.3 - https:\/\/yoast.com\/product\/yoast-seo-wordpress\/ -->\n<title>Cantora gospel Ludmila Ferber morre aos 56 anos - Aconteceu no Vale<\/title>\n<meta name=\"robots\" content=\"index, follow, max-snippet:-1, max-image-preview:large, max-video-preview:-1\" \/>\n<link rel=\"canonical\" href=\"https:\/\/aconteceunovale.com.br\/portal\/?p=186305\" \/>\n<meta property=\"og:locale\" content=\"pt_BR\" \/>\n<meta property=\"og:type\" content=\"article\" \/>\n<meta property=\"og:title\" content=\"Cantora gospel Ludmila Ferber morre aos 56 anos - Aconteceu no Vale\" \/>\n<meta property=\"og:description\" content=\"Morreu nessa quarta-feira (26\/1\/2022), aos 56 anos, a cantora, compositora e pastora Ludmila Ferber. No Twitter, a Sony Music Gospel, gravadora de Ludmila, lamentou a morte da cantora, que sofria de c\u00e2ncer. \u201cInfelizmente a nossa guerreira\u00a0@pastoraludmila\u00a0nos deixou, mas aqui fica o seu legado, suas can\u00e7\u00f5es, seu exemplo, sua tenacidade, seu prop\u00f3sito, sua luta, sua f\u00e9, [&hellip;]\" \/>\n<meta property=\"og:url\" content=\"https:\/\/aconteceunovale.com.br\/portal\/?p=186305\" \/>\n<meta property=\"og:site_name\" content=\"Aconteceu no Vale\" \/>\n<meta property=\"article:publisher\" content=\"https:\/\/www.facebook.com\/aconteceunovale\/\" \/>\n<meta property=\"article:published_time\" content=\"2022-01-27T18:07:01+00:00\" \/>\n<meta property=\"article:modified_time\" content=\"2022-01-27T22:07:43+00:00\" \/>\n<meta property=\"og:image\" content=\"https:\/\/aconteceunovale.com.br\/portal\/wp-content\/uploads\/2022\/01\/ludmila_ferber.jpeg\" \/>\n\t<meta property=\"og:image:width\" content=\"824\" \/>\n\t<meta property=\"og:image:height\" content=\"484\" \/>\n\t<meta property=\"og:image:type\" content=\"image\/jpeg\" \/>\n<meta name=\"author\" content=\"Reda\u00e7\u00e3o Aconteceu no Vale\" \/>\n<meta name=\"twitter:card\" content=\"summary_large_image\" \/>\n<meta name=\"twitter:creator\" content=\"@noticiadosvales\" \/>\n<meta name=\"twitter:site\" content=\"@noticiadosvales\" \/>\n<meta name=\"twitter:label1\" content=\"Escrito por\" \/>\n\t<meta name=\"twitter:data1\" content=\"Reda\u00e7\u00e3o Aconteceu no Vale\" \/>\n\t<meta name=\"twitter:label2\" content=\"Est. tempo de leitura\" \/>\n\t<meta name=\"twitter:data2\" content=\"1 minuto\" \/>\n<script type=\"application\/ld+json\" class=\"yoast-schema-graph\">{\"@context\":\"https:\\\/\\\/schema.org\",\"@graph\":[{\"@type\":\"Article\",\"@id\":\"https:\\\/\\\/aconteceunovale.com.br\\\/portal\\\/?p=186305#article\",\"isPartOf\":{\"@id\":\"https:\\\/\\\/aconteceunovale.com.br\\\/portal\\\/?p=186305\"},\"author\":{\"name\":\"Reda\u00e7\u00e3o Aconteceu no Vale\",\"@id\":\"https:\\\/\\\/aconteceunovale.com.br\\\/portal\\\/#\\\/schema\\\/person\\\/7d2f26d1483f8a63de73da1ee0754d35\"},\"headline\":\"Cantora gospel Ludmila Ferber morre aos 56 anos\",\"datePublished\":\"2022-01-27T18:07:01+00:00\",\"dateModified\":\"2022-01-27T22:07:43+00:00\",\"mainEntityOfPage\":{\"@id\":\"https:\\\/\\\/aconteceunovale.com.br\\\/portal\\\/?p=186305\"},\"wordCount\":169,\"commentCount\":0,\"image\":{\"@id\":\"https:\\\/\\\/aconteceunovale.com.br\\\/portal\\\/?p=186305#primaryimage\"},\"thumbnailUrl\":\"https:\\\/\\\/aconteceunovale.com.br\\\/portal\\\/wp-content\\\/uploads\\\/2022\\\/01\\\/ludmila_ferber.jpeg\",\"keywords\":[\"Cantora Ludmila Ferber\",\"Ludmila Ferber\",\"Ludmila Ferber morre aos 56 anos\",\"Morre a cantora Ludmila Ferber\",\"Pastora Ludmila Ferber\"],\"articleSection\":[\"Brasil\"],\"inLanguage\":\"pt-BR\",\"potentialAction\":[{\"@type\":\"CommentAction\",\"name\":\"Comment\",\"target\":[\"https:\\\/\\\/aconteceunovale.com.br\\\/portal\\\/?p=186305#respond\"]}]},{\"@type\":\"WebPage\",\"@id\":\"https:\\\/\\\/aconteceunovale.com.br\\\/portal\\\/?p=186305\",\"url\":\"https:\\\/\\\/aconteceunovale.com.br\\\/portal\\\/?p=186305\",\"name\":\"Cantora gospel Ludmila Ferber morre aos 56 anos - Aconteceu no Vale\",\"isPartOf\":{\"@id\":\"https:\\\/\\\/aconteceunovale.com.br\\\/portal\\\/#website\"},\"primaryImageOfPage\":{\"@id\":\"https:\\\/\\\/aconteceunovale.com.br\\\/portal\\\/?p=186305#primaryimage\"},\"image\":{\"@id\":\"https:\\\/\\\/aconteceunovale.com.br\\\/portal\\\/?p=186305#primaryimage\"},\"thumbnailUrl\":\"https:\\\/\\\/aconteceunovale.com.br\\\/portal\\\/wp-content\\\/uploads\\\/2022\\\/01\\\/ludmila_ferber.jpeg\",\"datePublished\":\"2022-01-27T18:07:01+00:00\",\"dateModified\":\"2022-01-27T22:07:43+00:00\",\"author\":{\"@id\":\"https:\\\/\\\/aconteceunovale.com.br\\\/portal\\\/#\\\/schema\\\/person\\\/7d2f26d1483f8a63de73da1ee0754d35\"},\"breadcrumb\":{\"@id\":\"https:\\\/\\\/aconteceunovale.com.br\\\/portal\\\/?p=186305#breadcrumb\"},\"inLanguage\":\"pt-BR\",\"potentialAction\":[{\"@type\":\"ReadAction\",\"target\":[\"https:\\\/\\\/aconteceunovale.com.br\\\/portal\\\/?p=186305\"]}]},{\"@type\":\"ImageObject\",\"inLanguage\":\"pt-BR\",\"@id\":\"https:\\\/\\\/aconteceunovale.com.br\\\/portal\\\/?p=186305#primaryimage\",\"url\":\"https:\\\/\\\/aconteceunovale.com.br\\\/portal\\\/wp-content\\\/uploads\\\/2022\\\/01\\\/ludmila_ferber.jpeg\",\"contentUrl\":\"https:\\\/\\\/aconteceunovale.com.br\\\/portal\\\/wp-content\\\/uploads\\\/2022\\\/01\\\/ludmila_ferber.jpeg\",\"width\":824,\"height\":484},{\"@type\":\"BreadcrumbList\",\"@id\":\"https:\\\/\\\/aconteceunovale.com.br\\\/portal\\\/?p=186305#breadcrumb\",\"itemListElement\":[{\"@type\":\"ListItem\",\"position\":1,\"name\":\"In\u00edcio\",\"item\":\"https:\\\/\\\/aconteceunovale.com.br\\\/portal\\\/\"},{\"@type\":\"ListItem\",\"position\":2,\"name\":\"Cantora gospel Ludmila Ferber morre aos 56 anos\"}]},{\"@type\":\"WebSite\",\"@id\":\"https:\\\/\\\/aconteceunovale.com.br\\\/portal\\\/#website\",\"url\":\"https:\\\/\\\/aconteceunovale.com.br\\\/portal\\\/\",\"name\":\"Aconteceu no Vale\",\"description\":\"Portal de Not\u00edcias\",\"potentialAction\":[{\"@type\":\"SearchAction\",\"target\":{\"@type\":\"EntryPoint\",\"urlTemplate\":\"https:\\\/\\\/aconteceunovale.com.br\\\/portal\\\/?s={search_term_string}\"},\"query-input\":{\"@type\":\"PropertyValueSpecification\",\"valueRequired\":true,\"valueName\":\"search_term_string\"}}],\"inLanguage\":\"pt-BR\"},{\"@type\":\"Person\",\"@id\":\"https:\\\/\\\/aconteceunovale.com.br\\\/portal\\\/#\\\/schema\\\/person\\\/7d2f26d1483f8a63de73da1ee0754d35\",\"name\":\"Reda\u00e7\u00e3o Aconteceu no Vale\",\"description\":\"Equipe de reportagem do Aconteceu no Vale, portal de not\u00edcias do Vale do Jequitinhonha, em Minas Gerais. Cobrimos as 51 cidades do Vale desde 2013. Sugest\u00f5es de pauta e pedidos de corre\u00e7\u00e3o: contato@aconteceunovale.com.br\",\"url\":\"https:\\\/\\\/aconteceunovale.com.br\\\/portal\\\/?author=4\"}]}<\/script>\n<!-- \/ Yoast SEO plugin. -->","yoast_head_json":{"title":"Cantora gospel Ludmila Ferber morre aos 56 anos - Aconteceu no Vale","robots":{"index":"index","follow":"follow","max-snippet":"max-snippet:-1","max-image-preview":"max-image-preview:large","max-video-preview":"max-video-preview:-1"},"canonical":"https:\/\/aconteceunovale.com.br\/portal\/?p=186305","og_locale":"pt_BR","og_type":"article","og_title":"Cantora gospel Ludmila Ferber morre aos 56 anos - Aconteceu no Vale","og_description":"Morreu nessa quarta-feira (26\/1\/2022), aos 56 anos, a cantora, compositora e pastora Ludmila Ferber. No Twitter, a Sony Music Gospel, gravadora de Ludmila, lamentou a morte da cantora, que sofria de c\u00e2ncer. \u201cInfelizmente a nossa guerreira\u00a0@pastoraludmila\u00a0nos deixou, mas aqui fica o seu legado, suas can\u00e7\u00f5es, seu exemplo, sua tenacidade, seu prop\u00f3sito, sua luta, sua f\u00e9, [&hellip;]","og_url":"https:\/\/aconteceunovale.com.br\/portal\/?p=186305","og_site_name":"Aconteceu no Vale","article_publisher":"https:\/\/www.facebook.com\/aconteceunovale\/","article_published_time":"2022-01-27T18:07:01+00:00","article_modified_time":"2022-01-27T22:07:43+00:00","og_image":[{"width":824,"height":484,"url":"https:\/\/aconteceunovale.com.br\/portal\/wp-content\/uploads\/2022\/01\/ludmila_ferber.jpeg","type":"image\/jpeg"}],"author":"Reda\u00e7\u00e3o Aconteceu no Vale","twitter_card":"summary_large_image","twitter_creator":"@noticiadosvales","twitter_site":"@noticiadosvales","twitter_misc":{"Escrito por":"Reda\u00e7\u00e3o Aconteceu no Vale","Est. tempo de leitura":"1 minuto"},"schema":{"@context":"https:\/\/schema.org","@graph":[{"@type":"Article","@id":"https:\/\/aconteceunovale.com.br\/portal\/?p=186305#article","isPartOf":{"@id":"https:\/\/aconteceunovale.com.br\/portal\/?p=186305"},"author":{"name":"Reda\u00e7\u00e3o Aconteceu no Vale","@id":"https:\/\/aconteceunovale.com.br\/portal\/#\/schema\/person\/7d2f26d1483f8a63de73da1ee0754d35"},"headline":"Cantora gospel Ludmila Ferber morre aos 56 anos","datePublished":"2022-01-27T18:07:01+00:00","dateModified":"2022-01-27T22:07:43+00:00","mainEntityOfPage":{"@id":"https:\/\/aconteceunovale.com.br\/portal\/?p=186305"},"wordCount":169,"commentCount":0,"image":{"@id":"https:\/\/aconteceunovale.com.br\/portal\/?p=186305#primaryimage"},"thumbnailUrl":"https:\/\/aconteceunovale.com.br\/portal\/wp-content\/uploads\/2022\/01\/ludmila_ferber.jpeg","keywords":["Cantora Ludmila Ferber","Ludmila Ferber","Ludmila Ferber morre aos 56 anos","Morre a cantora Ludmila Ferber","Pastora Ludmila Ferber"],"articleSection":["Brasil"],"inLanguage":"pt-BR","potentialAction":[{"@type":"CommentAction","name":"Comment","target":["https:\/\/aconteceunovale.com.br\/portal\/?p=186305#respond"]}]},{"@type":"WebPage","@id":"https:\/\/aconteceunovale.com.br\/portal\/?p=186305","url":"https:\/\/aconteceunovale.com.br\/portal\/?p=186305","name":"Cantora gospel Ludmila Ferber morre aos 56 anos - Aconteceu no Vale","isPartOf":{"@id":"https:\/\/aconteceunovale.com.br\/portal\/#website"},"primaryImageOfPage":{"@id":"https:\/\/aconteceunovale.com.br\/portal\/?p=186305#primaryimage"},"image":{"@id":"https:\/\/aconteceunovale.com.br\/portal\/?p=186305#primaryimage"},"thumbnailUrl":"https:\/\/aconteceunovale.com.br\/portal\/wp-content\/uploads\/2022\/01\/ludmila_ferber.jpeg","datePublished":"2022-01-27T18:07:01+00:00","dateModified":"2022-01-27T22:07:43+00:00","author":{"@id":"https:\/\/aconteceunovale.com.br\/portal\/#\/schema\/person\/7d2f26d1483f8a63de73da1ee0754d35"},"breadcrumb":{"@id":"https:\/\/aconteceunovale.com.br\/portal\/?p=186305#breadcrumb"},"inLanguage":"pt-BR","potentialAction":[{"@type":"ReadAction","target":["https:\/\/aconteceunovale.com.br\/portal\/?p=186305"]}]},{"@type":"ImageObject","inLanguage":"pt-BR","@id":"https:\/\/aconteceunovale.com.br\/portal\/?p=186305#primaryimage","url":"https:\/\/aconteceunovale.com.br\/portal\/wp-content\/uploads\/2022\/01\/ludmila_ferber.jpeg","contentUrl":"https:\/\/aconteceunovale.com.br\/portal\/wp-content\/uploads\/2022\/01\/ludmila_ferber.jpeg","width":824,"height":484},{"@type":"BreadcrumbList","@id":"https:\/\/aconteceunovale.com.br\/portal\/?p=186305#breadcrumb","itemListElement":[{"@type":"ListItem","position":1,"name":"In\u00edcio","item":"https:\/\/aconteceunovale.com.br\/portal\/"},{"@type":"ListItem","position":2,"name":"Cantora gospel Ludmila Ferber morre aos 56 anos"}]},{"@type":"WebSite","@id":"https:\/\/aconteceunovale.com.br\/portal\/#website","url":"https:\/\/aconteceunovale.com.br\/portal\/","name":"Aconteceu no Vale","description":"Portal de Not\u00edcias","potentialAction":[{"@type":"SearchAction","target":{"@type":"EntryPoint","urlTemplate":"https:\/\/aconteceunovale.com.br\/portal\/?s={search_term_string}"},"query-input":{"@type":"PropertyValueSpecification","valueRequired":true,"valueName":"search_term_string"}}],"inLanguage":"pt-BR"},{"@type":"Person","@id":"https:\/\/aconteceunovale.com.br\/portal\/#\/schema\/person\/7d2f26d1483f8a63de73da1ee0754d35","name":"Reda\u00e7\u00e3o Aconteceu no Vale","description":"Equipe de reportagem do Aconteceu no Vale, portal de not\u00edcias do Vale do Jequitinhonha, em Minas Gerais. Cobrimos as 51 cidades do Vale desde 2013. Sugest\u00f5es de pauta e pedidos de corre\u00e7\u00e3o: contato@aconteceunovale.com.br","url":"https:\/\/aconteceunovale.com.br\/portal\/?author=4"}]}},"_links":{"self":[{"href":"https:\/\/aconteceunovale.com.br\/portal\/index.php?rest_route=\/wp\/v2\/posts\/186305","targetHints":{"allow":["GET"]}}],"collection":[{"href":"https:\/\/aconteceunovale.com.br\/portal\/index.php?rest_route=\/wp\/v2\/posts"}],"about":[{"href":"https:\/\/aconteceunovale.com.br\/portal\/index.php?rest_route=\/wp\/v2\/types\/post"}],"author":[{"embeddable":true,"href":"https:\/\/aconteceunovale.com.br\/portal\/index.php?rest_route=\/wp\/v2\/users\/4"}],"replies":[{"embeddable":true,"href":"https:\/\/aconteceunovale.com.br\/portal\/index.php?rest_route=%2Fwp%2Fv2%2Fcomments&post=186305"}],"version-history":[{"count":1,"href":"https:\/\/aconteceunovale.com.br\/portal\/index.php?rest_route=\/wp\/v2\/posts\/186305\/revisions"}],"predecessor-version":[{"id":186307,"href":"https:\/\/aconteceunovale.com.br\/portal\/index.php?rest_route=\/wp\/v2\/posts\/186305\/revisions\/186307"}],"wp:featuredmedia":[{"embeddable":true,"href":"https:\/\/aconteceunovale.com.br\/portal\/index.php?rest_route=\/wp\/v2\/media\/186306"}],"wp:attachment":[{"href":"https:\/\/aconteceunovale.com.br\/portal\/index.php?rest_route=%2Fwp%2Fv2%2Fmedia&parent=186305"}],"wp:term":[{"taxonomy":"category","embeddable":true,"href":"https:\/\/aconteceunovale.com.br\/portal\/index.php?rest_route=%2Fwp%2Fv2%2Fcategories&post=186305"},{"taxonomy":"post_tag","embeddable":true,"href":"https:\/\/aconteceunovale.com.br\/portal\/index.php?rest_route=%2Fwp%2Fv2%2Ftags&post=186305"}],"curies":[{"name":"wp","href":"https:\/\/api.w.org\/{rel}","templated":true}]}}