{"id":186302,"date":"2022-01-27T19:01:11","date_gmt":"2022-01-27T22:01:11","guid":{"rendered":"https:\/\/aconteceunovale.com.br\/portal\/?p=186302"},"modified":"2022-01-27T19:02:13","modified_gmt":"2022-01-27T22:02:13","slug":"bh-adia-retorno-de-criancas-as-aulas-presenciais","status":"publish","type":"post","link":"https:\/\/aconteceunovale.com.br\/portal\/?p=186302","title":{"rendered":"BH adia retorno de crian\u00e7as \u00e0s aulas presenciais"},"content":{"rendered":"\n<p class=\"wp-block-paragraph\">As aulas presenciais em Belo Horizonte (MG) para os alunos de 5 a 11 anos ser\u00e3o iniciadas no dia 14 de fevereiro. A nova data foi anunciada pelo prefeito Alexandre Kalil. Segundo\u00a0ele, a medida foi tomada para que se tenha tempo h\u00e1bil de receber remessas de vacina contra a covid-19 e imunizar todas as crian\u00e7as dessa faixa et\u00e1ria.<\/p>\n\n\n\n<figure class=\"wp-block-gallery has-nested-images columns-default is-cropped wp-block-gallery-1 is-layout-flex wp-block-gallery-is-layout-flex\">\n<figure class=\"wp-block-image size-large\"><img loading=\"lazy\" decoding=\"async\" width=\"754\" height=\"411\" data-id=\"186303\" src=\"https:\/\/aconteceunovale.com.br\/portal\/wp-content\/uploads\/2022\/01\/coletiva_kalil_aulas.jpg\" alt=\"\" class=\"wp-image-186303\" srcset=\"https:\/\/aconteceunovale.com.br\/portal\/wp-content\/uploads\/2022\/01\/coletiva_kalil_aulas.jpg 754w, https:\/\/aconteceunovale.com.br\/portal\/wp-content\/uploads\/2022\/01\/coletiva_kalil_aulas-300x164.jpg 300w, https:\/\/aconteceunovale.com.br\/portal\/wp-content\/uploads\/2022\/01\/coletiva_kalil_aulas-696x379.jpg 696w\" sizes=\"auto, (max-width: 754px) 100vw, 754px\" \/><figcaption><em>Coletiva do prefeito Alexandre Kalil &#8211; Foto: Rodrigo Clemente\/PBH<\/em><\/figcaption><\/figure>\n<\/figure>\n\n\n\n<p class=\"wp-block-paragraph\">As atividades escolares para alunos acima de 12 anos e menores de 4 anos est\u00e3o autorizadas na capital mineira. \u201c\u00c9 obriga\u00e7\u00e3o p\u00fablica, humana e do gestor p\u00fablico proteger a crian\u00e7a. E \u00e9 o que n\u00f3s vamos fazer. Mas n\u00f3s precisamos da colabora\u00e7\u00e3o da popula\u00e7\u00e3o. Quero dizer como pai e av\u00f4: quem estiver me ouvindo, levem seus filhos, pelo amor de Deus, para se vacinar\u201d, incentivou Kalil.<\/p>\n\n\n\n<p class=\"wp-block-paragraph\">Durante a coletiva \u00e0 imprensa ontem (26), o secret\u00e1rio municipal de Sa\u00fade, Jackson Machado Pinto, ressaltou que a imuniza\u00e7\u00e3o \u00e9 a medida mais eficaz no combate \u00e0 doen\u00e7a. \u201cGostaria de refor\u00e7ar a ideia de que as vacinas s\u00e3o absolutamente seguras e a efic\u00e1cia j\u00e1 \u00e9 comprovada na redu\u00e7\u00e3o da necessidade de hospitaliza\u00e7\u00e3o, tanto em leitos de enfermaria quanto de UTI\u201d, explicou.<\/p>\n\n\n\n<h2 class=\"wp-block-heading\" id=\"teste-negativo\">Teste negativo<\/h2>\n\n\n\n<p class=\"wp-block-paragraph\">A partir da pr\u00f3xima segunda-feira (31) para a entrada em todos os eventos realizados em Belo Horizonte ser\u00e1 exigido, al\u00e9m do comprovante de vacina\u00e7\u00e3o, o teste negativo para a covid-19. A medida \u00e9 para diminuir a transmissibilidade do v\u00edrus.<\/p>\n\n\n\n<p class=\"wp-block-paragraph\">A decis\u00e3o foi tomada ap\u00f3s uma s\u00e9rie de reuni\u00f5es realizadas junto ao Comit\u00ea de Enfrentamento \u00e0 Covid-19 para monitoramento dos indicadores. Os \u00edndices s\u00e3o acompanhados diariamente e t\u00eam apresentado aumento nas \u00faltimas semanas. Nessa quarta-feira (26) a taxa de ocupa\u00e7\u00e3o de leitos de UTI Covid est\u00e1 em 82,1% e de Enfermaria em 82,2% na capital mineira.<\/p>\n\n\n\n<h2 class=\"wp-block-heading\" id=\"ampliacao-de-leitos\">Amplia\u00e7\u00e3o de leitos<\/h2>\n\n\n\n<p class=\"wp-block-paragraph\">Nesta quarta-feira, dia 26 de janeiro, a Prefeitura de Belo Horizonte abriu mais 12 leitos de UTI Covid adulto e 10 pedi\u00e1tricos na Rede SUS-BH. J\u00e1 sobre os leitos de Enfermaria Covid houve a amplia\u00e7\u00e3o de 71 de leitos adultos e 4 pedi\u00e1tricos. J\u00e1 na quinta-feira, dia 27 de janeiro, ser\u00e3o ampliados mais 35 leitos de Enfermaria pedi\u00e1tricos.<\/p>\n\n\n\n<p class=\"wp-block-paragraph\">&#8212;&#8212;&#8212;&#8212;&#8212;&#8212;<br><em>Quer receber as not\u00edcias do <strong>Aconteceu no Vale<\/strong> em primeira m\u00e3o? Siga-nos no Facebook <a rel=\"noreferrer noopener\" href=\"http:\/\/facebook.com\/aconteceunovale\" target=\"_blank\">@aconteceunovale<\/a>, Twitter <a rel=\"noreferrer noopener\" href=\"https:\/\/twitter.com\/noticiadosvales\" target=\"_blank\">@noticiadosvales<\/a> e Instagram <a rel=\"noreferrer noopener\" href=\"https:\/\/www.instagram.com\/aconteceunovale\" target=\"_blank\">@aconteceunovale<\/a>.<\/em><\/p>\n","protected":false},"excerpt":{"rendered":"<p>As aulas presenciais em Belo Horizonte (MG) para os alunos de 5 a 11 anos ser\u00e3o iniciadas no dia 14 de fevereiro. A nova data foi anunciada pelo prefeito Alexandre Kalil. Segundo\u00a0ele, a medida foi tomada para que se tenha tempo h\u00e1bil de receber remessas de vacina contra a covid-19 e imunizar todas as crian\u00e7as [&hellip;]<\/p>\n","protected":false},"author":4,"featured_media":186303,"comment_status":"open","ping_status":"closed","sticky":false,"template":"","format":"standard","meta":{"amp_status":"","footnotes":""},"categories":[40238,123],"tags":[25087,194,1017,258004,1018,258005,142010,31437,139695,243855,243854],"class_list":["post-186302","post","type-post","status-publish","format-standard","has-post-thumbnail","hentry","category-educacao-2","category-gerais","tag-alexandre-kalil","tag-belo-horizonte","tag-bh","tag-bh-adia-retorno-de-criancas-as-aulas-presenciais","tag-destaque","tag-jackson-machado-pinto","tag-pbh","tag-prefeitura-de-belo-horizonte","tag-prefeitura-de-bh","tag-volta-as-aulas-em-belo-horizonte","tag-volta-as-aulas-em-bh"],"yoast_head":"<!-- This site is optimized with the Yoast SEO plugin v28.3 - https:\/\/yoast.com\/product\/yoast-seo-wordpress\/ -->\n<title>BH adia retorno de crian\u00e7as \u00e0s aulas presenciais - Aconteceu no Vale<\/title>\n<meta name=\"robots\" content=\"index, follow, max-snippet:-1, max-image-preview:large, max-video-preview:-1\" \/>\n<link rel=\"canonical\" href=\"https:\/\/aconteceunovale.com.br\/portal\/?p=186302\" \/>\n<meta property=\"og:locale\" content=\"pt_BR\" \/>\n<meta property=\"og:type\" content=\"article\" \/>\n<meta property=\"og:title\" content=\"BH adia retorno de crian\u00e7as \u00e0s aulas presenciais - Aconteceu no Vale\" \/>\n<meta property=\"og:description\" content=\"As aulas presenciais em Belo Horizonte (MG) para os alunos de 5 a 11 anos ser\u00e3o iniciadas no dia 14 de fevereiro. A nova data foi anunciada pelo prefeito Alexandre Kalil. Segundo\u00a0ele, a medida foi tomada para que se tenha tempo h\u00e1bil de receber remessas de vacina contra a covid-19 e imunizar todas as crian\u00e7as [&hellip;]\" \/>\n<meta property=\"og:url\" content=\"https:\/\/aconteceunovale.com.br\/portal\/?p=186302\" \/>\n<meta property=\"og:site_name\" content=\"Aconteceu no Vale\" \/>\n<meta property=\"article:publisher\" content=\"https:\/\/www.facebook.com\/aconteceunovale\/\" \/>\n<meta property=\"article:published_time\" content=\"2022-01-27T22:01:11+00:00\" \/>\n<meta property=\"article:modified_time\" content=\"2022-01-27T22:02:13+00:00\" \/>\n<meta property=\"og:image\" content=\"https:\/\/aconteceunovale.com.br\/portal\/wp-content\/uploads\/2022\/01\/coletiva_kalil_aulas.jpg\" \/>\n\t<meta property=\"og:image:width\" content=\"754\" \/>\n\t<meta property=\"og:image:height\" content=\"411\" \/>\n\t<meta property=\"og:image:type\" content=\"image\/jpeg\" \/>\n<meta name=\"author\" content=\"Reda\u00e7\u00e3o Aconteceu no Vale\" \/>\n<meta name=\"twitter:card\" content=\"summary_large_image\" \/>\n<meta name=\"twitter:creator\" content=\"@noticiadosvales\" \/>\n<meta name=\"twitter:site\" content=\"@noticiadosvales\" \/>\n<meta name=\"twitter:label1\" content=\"Escrito por\" \/>\n\t<meta name=\"twitter:data1\" content=\"Reda\u00e7\u00e3o Aconteceu no Vale\" \/>\n\t<meta name=\"twitter:label2\" content=\"Est. tempo de leitura\" \/>\n\t<meta name=\"twitter:data2\" content=\"2 minutos\" \/>\n<script type=\"application\/ld+json\" class=\"yoast-schema-graph\">{\"@context\":\"https:\\\/\\\/schema.org\",\"@graph\":[{\"@type\":\"Article\",\"@id\":\"https:\\\/\\\/aconteceunovale.com.br\\\/portal\\\/?p=186302#article\",\"isPartOf\":{\"@id\":\"https:\\\/\\\/aconteceunovale.com.br\\\/portal\\\/?p=186302\"},\"author\":{\"name\":\"Reda\u00e7\u00e3o Aconteceu no Vale\",\"@id\":\"https:\\\/\\\/aconteceunovale.com.br\\\/portal\\\/#\\\/schema\\\/person\\\/7d2f26d1483f8a63de73da1ee0754d35\"},\"headline\":\"BH adia retorno de crian\u00e7as \u00e0s aulas presenciais\",\"datePublished\":\"2022-01-27T22:01:11+00:00\",\"dateModified\":\"2022-01-27T22:02:13+00:00\",\"mainEntityOfPage\":{\"@id\":\"https:\\\/\\\/aconteceunovale.com.br\\\/portal\\\/?p=186302\"},\"wordCount\":400,\"commentCount\":0,\"image\":{\"@id\":\"https:\\\/\\\/aconteceunovale.com.br\\\/portal\\\/?p=186302#primaryimage\"},\"thumbnailUrl\":\"https:\\\/\\\/aconteceunovale.com.br\\\/portal\\\/wp-content\\\/uploads\\\/2022\\\/01\\\/coletiva_kalil_aulas.jpg\",\"keywords\":[\"Alexandre Kalil\",\"Belo Horizonte\",\"bh\",\"BH adia retorno de crian\u00e7as \u00e0s aulas presenciais\",\"destaque\",\"Jackson Machado Pinto\",\"PBH\",\"Prefeitura de Belo Horizonte\",\"prefeitura de BH\",\"Volta \u00e0s aulas em Belo Horizonte\",\"Volta \u00e0s aulas em BH\"],\"articleSection\":[\"Educa\u00e7\u00e3o\",\"Minas Gerais\"],\"inLanguage\":\"pt-BR\",\"potentialAction\":[{\"@type\":\"CommentAction\",\"name\":\"Comment\",\"target\":[\"https:\\\/\\\/aconteceunovale.com.br\\\/portal\\\/?p=186302#respond\"]}]},{\"@type\":\"WebPage\",\"@id\":\"https:\\\/\\\/aconteceunovale.com.br\\\/portal\\\/?p=186302\",\"url\":\"https:\\\/\\\/aconteceunovale.com.br\\\/portal\\\/?p=186302\",\"name\":\"BH adia retorno de crian\u00e7as \u00e0s aulas presenciais - Aconteceu no Vale\",\"isPartOf\":{\"@id\":\"https:\\\/\\\/aconteceunovale.com.br\\\/portal\\\/#website\"},\"primaryImageOfPage\":{\"@id\":\"https:\\\/\\\/aconteceunovale.com.br\\\/portal\\\/?p=186302#primaryimage\"},\"image\":{\"@id\":\"https:\\\/\\\/aconteceunovale.com.br\\\/portal\\\/?p=186302#primaryimage\"},\"thumbnailUrl\":\"https:\\\/\\\/aconteceunovale.com.br\\\/portal\\\/wp-content\\\/uploads\\\/2022\\\/01\\\/coletiva_kalil_aulas.jpg\",\"datePublished\":\"2022-01-27T22:01:11+00:00\",\"dateModified\":\"2022-01-27T22:02:13+00:00\",\"author\":{\"@id\":\"https:\\\/\\\/aconteceunovale.com.br\\\/portal\\\/#\\\/schema\\\/person\\\/7d2f26d1483f8a63de73da1ee0754d35\"},\"breadcrumb\":{\"@id\":\"https:\\\/\\\/aconteceunovale.com.br\\\/portal\\\/?p=186302#breadcrumb\"},\"inLanguage\":\"pt-BR\",\"potentialAction\":[{\"@type\":\"ReadAction\",\"target\":[\"https:\\\/\\\/aconteceunovale.com.br\\\/portal\\\/?p=186302\"]}]},{\"@type\":\"ImageObject\",\"inLanguage\":\"pt-BR\",\"@id\":\"https:\\\/\\\/aconteceunovale.com.br\\\/portal\\\/?p=186302#primaryimage\",\"url\":\"https:\\\/\\\/aconteceunovale.com.br\\\/portal\\\/wp-content\\\/uploads\\\/2022\\\/01\\\/coletiva_kalil_aulas.jpg\",\"contentUrl\":\"https:\\\/\\\/aconteceunovale.com.br\\\/portal\\\/wp-content\\\/uploads\\\/2022\\\/01\\\/coletiva_kalil_aulas.jpg\",\"width\":754,\"height\":411},{\"@type\":\"BreadcrumbList\",\"@id\":\"https:\\\/\\\/aconteceunovale.com.br\\\/portal\\\/?p=186302#breadcrumb\",\"itemListElement\":[{\"@type\":\"ListItem\",\"position\":1,\"name\":\"In\u00edcio\",\"item\":\"https:\\\/\\\/aconteceunovale.com.br\\\/portal\\\/\"},{\"@type\":\"ListItem\",\"position\":2,\"name\":\"BH adia retorno de crian\u00e7as \u00e0s aulas presenciais\"}]},{\"@type\":\"WebSite\",\"@id\":\"https:\\\/\\\/aconteceunovale.com.br\\\/portal\\\/#website\",\"url\":\"https:\\\/\\\/aconteceunovale.com.br\\\/portal\\\/\",\"name\":\"Aconteceu no Vale\",\"description\":\"Portal de Not\u00edcias\",\"potentialAction\":[{\"@type\":\"SearchAction\",\"target\":{\"@type\":\"EntryPoint\",\"urlTemplate\":\"https:\\\/\\\/aconteceunovale.com.br\\\/portal\\\/?s={search_term_string}\"},\"query-input\":{\"@type\":\"PropertyValueSpecification\",\"valueRequired\":true,\"valueName\":\"search_term_string\"}}],\"inLanguage\":\"pt-BR\"},{\"@type\":\"Person\",\"@id\":\"https:\\\/\\\/aconteceunovale.com.br\\\/portal\\\/#\\\/schema\\\/person\\\/7d2f26d1483f8a63de73da1ee0754d35\",\"name\":\"Reda\u00e7\u00e3o Aconteceu no Vale\",\"description\":\"Equipe de reportagem do Aconteceu no Vale, portal de not\u00edcias do Vale do Jequitinhonha, em Minas Gerais. Cobrimos as 51 cidades do Vale desde 2013. Sugest\u00f5es de pauta e pedidos de corre\u00e7\u00e3o: contato@aconteceunovale.com.br\",\"url\":\"https:\\\/\\\/aconteceunovale.com.br\\\/portal\\\/?author=4\"}]}<\/script>\n<!-- \/ Yoast SEO plugin. -->","yoast_head_json":{"title":"BH adia retorno de crian\u00e7as \u00e0s aulas presenciais - Aconteceu no Vale","robots":{"index":"index","follow":"follow","max-snippet":"max-snippet:-1","max-image-preview":"max-image-preview:large","max-video-preview":"max-video-preview:-1"},"canonical":"https:\/\/aconteceunovale.com.br\/portal\/?p=186302","og_locale":"pt_BR","og_type":"article","og_title":"BH adia retorno de crian\u00e7as \u00e0s aulas presenciais - Aconteceu no Vale","og_description":"As aulas presenciais em Belo Horizonte (MG) para os alunos de 5 a 11 anos ser\u00e3o iniciadas no dia 14 de fevereiro. A nova data foi anunciada pelo prefeito Alexandre Kalil. Segundo\u00a0ele, a medida foi tomada para que se tenha tempo h\u00e1bil de receber remessas de vacina contra a covid-19 e imunizar todas as crian\u00e7as [&hellip;]","og_url":"https:\/\/aconteceunovale.com.br\/portal\/?p=186302","og_site_name":"Aconteceu no Vale","article_publisher":"https:\/\/www.facebook.com\/aconteceunovale\/","article_published_time":"2022-01-27T22:01:11+00:00","article_modified_time":"2022-01-27T22:02:13+00:00","og_image":[{"width":754,"height":411,"url":"https:\/\/aconteceunovale.com.br\/portal\/wp-content\/uploads\/2022\/01\/coletiva_kalil_aulas.jpg","type":"image\/jpeg"}],"author":"Reda\u00e7\u00e3o Aconteceu no Vale","twitter_card":"summary_large_image","twitter_creator":"@noticiadosvales","twitter_site":"@noticiadosvales","twitter_misc":{"Escrito por":"Reda\u00e7\u00e3o Aconteceu no Vale","Est. tempo de leitura":"2 minutos"},"schema":{"@context":"https:\/\/schema.org","@graph":[{"@type":"Article","@id":"https:\/\/aconteceunovale.com.br\/portal\/?p=186302#article","isPartOf":{"@id":"https:\/\/aconteceunovale.com.br\/portal\/?p=186302"},"author":{"name":"Reda\u00e7\u00e3o Aconteceu no Vale","@id":"https:\/\/aconteceunovale.com.br\/portal\/#\/schema\/person\/7d2f26d1483f8a63de73da1ee0754d35"},"headline":"BH adia retorno de crian\u00e7as \u00e0s aulas presenciais","datePublished":"2022-01-27T22:01:11+00:00","dateModified":"2022-01-27T22:02:13+00:00","mainEntityOfPage":{"@id":"https:\/\/aconteceunovale.com.br\/portal\/?p=186302"},"wordCount":400,"commentCount":0,"image":{"@id":"https:\/\/aconteceunovale.com.br\/portal\/?p=186302#primaryimage"},"thumbnailUrl":"https:\/\/aconteceunovale.com.br\/portal\/wp-content\/uploads\/2022\/01\/coletiva_kalil_aulas.jpg","keywords":["Alexandre Kalil","Belo Horizonte","bh","BH adia retorno de crian\u00e7as \u00e0s aulas presenciais","destaque","Jackson Machado Pinto","PBH","Prefeitura de Belo Horizonte","prefeitura de BH","Volta \u00e0s aulas em Belo Horizonte","Volta \u00e0s aulas em BH"],"articleSection":["Educa\u00e7\u00e3o","Minas Gerais"],"inLanguage":"pt-BR","potentialAction":[{"@type":"CommentAction","name":"Comment","target":["https:\/\/aconteceunovale.com.br\/portal\/?p=186302#respond"]}]},{"@type":"WebPage","@id":"https:\/\/aconteceunovale.com.br\/portal\/?p=186302","url":"https:\/\/aconteceunovale.com.br\/portal\/?p=186302","name":"BH adia retorno de crian\u00e7as \u00e0s aulas presenciais - Aconteceu no Vale","isPartOf":{"@id":"https:\/\/aconteceunovale.com.br\/portal\/#website"},"primaryImageOfPage":{"@id":"https:\/\/aconteceunovale.com.br\/portal\/?p=186302#primaryimage"},"image":{"@id":"https:\/\/aconteceunovale.com.br\/portal\/?p=186302#primaryimage"},"thumbnailUrl":"https:\/\/aconteceunovale.com.br\/portal\/wp-content\/uploads\/2022\/01\/coletiva_kalil_aulas.jpg","datePublished":"2022-01-27T22:01:11+00:00","dateModified":"2022-01-27T22:02:13+00:00","author":{"@id":"https:\/\/aconteceunovale.com.br\/portal\/#\/schema\/person\/7d2f26d1483f8a63de73da1ee0754d35"},"breadcrumb":{"@id":"https:\/\/aconteceunovale.com.br\/portal\/?p=186302#breadcrumb"},"inLanguage":"pt-BR","potentialAction":[{"@type":"ReadAction","target":["https:\/\/aconteceunovale.com.br\/portal\/?p=186302"]}]},{"@type":"ImageObject","inLanguage":"pt-BR","@id":"https:\/\/aconteceunovale.com.br\/portal\/?p=186302#primaryimage","url":"https:\/\/aconteceunovale.com.br\/portal\/wp-content\/uploads\/2022\/01\/coletiva_kalil_aulas.jpg","contentUrl":"https:\/\/aconteceunovale.com.br\/portal\/wp-content\/uploads\/2022\/01\/coletiva_kalil_aulas.jpg","width":754,"height":411},{"@type":"BreadcrumbList","@id":"https:\/\/aconteceunovale.com.br\/portal\/?p=186302#breadcrumb","itemListElement":[{"@type":"ListItem","position":1,"name":"In\u00edcio","item":"https:\/\/aconteceunovale.com.br\/portal\/"},{"@type":"ListItem","position":2,"name":"BH adia retorno de crian\u00e7as \u00e0s aulas presenciais"}]},{"@type":"WebSite","@id":"https:\/\/aconteceunovale.com.br\/portal\/#website","url":"https:\/\/aconteceunovale.com.br\/portal\/","name":"Aconteceu no Vale","description":"Portal de Not\u00edcias","potentialAction":[{"@type":"SearchAction","target":{"@type":"EntryPoint","urlTemplate":"https:\/\/aconteceunovale.com.br\/portal\/?s={search_term_string}"},"query-input":{"@type":"PropertyValueSpecification","valueRequired":true,"valueName":"search_term_string"}}],"inLanguage":"pt-BR"},{"@type":"Person","@id":"https:\/\/aconteceunovale.com.br\/portal\/#\/schema\/person\/7d2f26d1483f8a63de73da1ee0754d35","name":"Reda\u00e7\u00e3o Aconteceu no Vale","description":"Equipe de reportagem do Aconteceu no Vale, portal de not\u00edcias do Vale do Jequitinhonha, em Minas Gerais. Cobrimos as 51 cidades do Vale desde 2013. Sugest\u00f5es de pauta e pedidos de corre\u00e7\u00e3o: contato@aconteceunovale.com.br","url":"https:\/\/aconteceunovale.com.br\/portal\/?author=4"}]}},"_links":{"self":[{"href":"https:\/\/aconteceunovale.com.br\/portal\/index.php?rest_route=\/wp\/v2\/posts\/186302","targetHints":{"allow":["GET"]}}],"collection":[{"href":"https:\/\/aconteceunovale.com.br\/portal\/index.php?rest_route=\/wp\/v2\/posts"}],"about":[{"href":"https:\/\/aconteceunovale.com.br\/portal\/index.php?rest_route=\/wp\/v2\/types\/post"}],"author":[{"embeddable":true,"href":"https:\/\/aconteceunovale.com.br\/portal\/index.php?rest_route=\/wp\/v2\/users\/4"}],"replies":[{"embeddable":true,"href":"https:\/\/aconteceunovale.com.br\/portal\/index.php?rest_route=%2Fwp%2Fv2%2Fcomments&post=186302"}],"version-history":[{"count":1,"href":"https:\/\/aconteceunovale.com.br\/portal\/index.php?rest_route=\/wp\/v2\/posts\/186302\/revisions"}],"predecessor-version":[{"id":186304,"href":"https:\/\/aconteceunovale.com.br\/portal\/index.php?rest_route=\/wp\/v2\/posts\/186302\/revisions\/186304"}],"wp:featuredmedia":[{"embeddable":true,"href":"https:\/\/aconteceunovale.com.br\/portal\/index.php?rest_route=\/wp\/v2\/media\/186303"}],"wp:attachment":[{"href":"https:\/\/aconteceunovale.com.br\/portal\/index.php?rest_route=%2Fwp%2Fv2%2Fmedia&parent=186302"}],"wp:term":[{"taxonomy":"category","embeddable":true,"href":"https:\/\/aconteceunovale.com.br\/portal\/index.php?rest_route=%2Fwp%2Fv2%2Fcategories&post=186302"},{"taxonomy":"post_tag","embeddable":true,"href":"https:\/\/aconteceunovale.com.br\/portal\/index.php?rest_route=%2Fwp%2Fv2%2Ftags&post=186302"}],"curies":[{"name":"wp","href":"https:\/\/api.w.org\/{rel}","templated":true}]}}