{"id":186298,"date":"2022-01-27T18:40:34","date_gmt":"2022-01-27T21:40:34","guid":{"rendered":"https:\/\/aconteceunovale.com.br\/portal\/?p=186298"},"modified":"2022-01-27T18:45:43","modified_gmt":"2022-01-27T21:45:43","slug":"policia-federal-recolhe-15-girafas-em-resort-e-prende-duas-pessoas","status":"publish","type":"post","link":"https:\/\/aconteceunovale.com.br\/portal\/?p=186298","title":{"rendered":"Pol\u00edcia Federal recolhe 15 girafas em resort e prende duas pessoas"},"content":{"rendered":"\n<p class=\"wp-block-paragraph\">A Pol\u00edcia Federal apreendeu nessa quarta-feira (26\/1\/2022) 15 girafas e prendeu dois homens por maus tratos aos animais no Portobello Resort &amp; Safari, em Mangaratiba, na Costa Verde do Rio de Janeiro.\u00a0 A a\u00e7\u00e3o foi feita no \u00e2mbito de inqu\u00e9rito policial instaurado pela Delegacia de Repress\u00e3o a Crimes contra o Meio Ambiente e Patrim\u00f4nio Hist\u00f3rico (Delemaph) e acompanhada por analistas ambientais do Instituto Brasileiro do Meio Ambiente e dos Recursos Naturais Renov\u00e1veis (Ibama), para verificar informa\u00e7\u00f5es acerca da morte de tr\u00eas esp\u00e9cimes, de um conjunto original de 18 girafas importadas da \u00c1frica do Sul.<\/p>\n\n\n\n<figure class=\"wp-block-gallery aligncenter has-nested-images columns-default is-cropped wp-block-gallery-1 is-layout-flex wp-block-gallery-is-layout-flex\">\n<figure class=\"wp-block-image size-large\"><img loading=\"lazy\" decoding=\"async\" width=\"678\" height=\"381\" data-id=\"186299\" src=\"https:\/\/aconteceunovale.com.br\/portal\/wp-content\/uploads\/2022\/01\/girafas_br.jpg\" alt=\"\" class=\"wp-image-186299\" srcset=\"https:\/\/aconteceunovale.com.br\/portal\/wp-content\/uploads\/2022\/01\/girafas_br.jpg 678w, https:\/\/aconteceunovale.com.br\/portal\/wp-content\/uploads\/2022\/01\/girafas_br-300x169.jpg 300w\" sizes=\"auto, (max-width: 678px) 100vw, 678px\" \/><figcaption><em>Foto: Divulga\u00e7\u00e3o \/ Pol\u00edcia Federal<\/em><\/figcaption><\/figure>\n<\/figure>\n\n\n\n<p class=\"wp-block-paragraph\">Os policiais federais e os analistas ambientais constataram a situa\u00e7\u00e3o de maus tratos dos animais e, diante disso, dois homens, respons\u00e1veis pela manuten\u00e7\u00e3o dos cativeiros, foram presos. As girafas foram apreendidas. O Ibama ficar\u00e1 respons\u00e1vel pela supervis\u00e3o e adotar\u00e1 todas as provid\u00eancias necess\u00e1rias para resguardar a integridade das girafas.<\/p>\n\n\n\n<p class=\"wp-block-paragraph\">Os presos foram conduzidos \u00e0 Superintend\u00eancia da Pol\u00edcia Federal no Rio de Janeiro, onde foram autuados. A investiga\u00e7\u00e3o prosseguir\u00e1 com o objetivo de apurar as circunst\u00e2ncias e a legalidade da importa\u00e7\u00e3o dos animais, bem como as condi\u00e7\u00f5es de manuten\u00e7\u00e3o e cuidado das girafas.<\/p>\n\n\n\n<h2 class=\"wp-block-heading\" id=\"defesa\">Defesa<\/h2>\n\n\n\n<p class=\"wp-block-paragraph\">No dia 14 de dezembro de 2021, seis girafas derrubaram a cerca de prote\u00e7\u00e3o e fugiram. Em seguida, elas foram recapturadas e tr\u00eas delas morreram. Em nota, o BioParque do Rio, respons\u00e1vel pelo&nbsp;<em>resort<\/em>&nbsp;safari, informou que durante as opera\u00e7\u00f5es de manejo, um grupo de girafas escapou de uma \u00e1rea de conten\u00e7\u00e3o e, ap\u00f3s o retorno \u00e0s baias, os animais n\u00e3o resistiram.&nbsp;<\/p>\n\n\n\n<p class=\"wp-block-paragraph\">As girafas s\u00e3o bastante sens\u00edveis e, por isso, determinadas situa\u00e7\u00f5es podem levar ao desequil\u00edbrio org\u00e2nico do animal. O BioParque do Rio \u201creitera a responsabilidade com o manejo de fauna, com os projetos de longo prazo de restaura\u00e7\u00e3o da natureza e afirma n\u00e3o haver maus tratos como tentam sugerir em den\u00fancias infundadas.\u201d<\/p>\n\n\n\n<p class=\"wp-block-paragraph\">A nota informa que o&nbsp;<em>resort<\/em>&nbsp;trabalha com muita seriedade no trip\u00e9 da pesquisa, conserva\u00e7\u00e3o e educa\u00e7\u00e3o e com muita responsabilidade e cuidado no manejo da fauna, inclusive com um projeto de longo prazo para um programa dedicado \u00e0 conserva\u00e7\u00e3o integrada de girafas.<\/p>\n\n\n\n<p class=\"wp-block-paragraph\">\u201cO grupo de 18 girafas veio de um local autorizado para manejo sustent\u00e1vel e desenvolvimento comunit\u00e1rio com essas esp\u00e9cies na \u00c1frica do Sul. A institui\u00e7\u00e3o foi devidamente aprovada pelos \u00f3rg\u00e3os competentes brasileiros e sul-africanos\u201d, diz a nota em outro trecho.<\/p>\n\n\n\n<p class=\"wp-block-paragraph\">O documento diz ainda que \u201c assumimos o compromisso de sermos os coordenadores no Brasil do Grupo de Trabalho para os esfor\u00e7os de conserva\u00e7\u00e3o da girafa pela Associa\u00e7\u00e3o de Zool\u00f3gicos e Aqu\u00e1rios do Brasil (AZAB). Neste papel, o BioParque do Rio liderar\u00e1 as pesquisas e projetos de conserva\u00e7\u00e3o da esp\u00e9cie no pa\u00eds, com foco principal no desenvolvimento de t\u00e9cnicas utilizando a gen\u00e9tica e a tecnologia da reprodu\u00e7\u00e3o para o aumento da esp\u00e9cie\u201d.<\/p>\n\n\n\n<p class=\"wp-block-paragraph\">O manejo de esp\u00e9cies \u00e9 uma importante ferramenta complementar de conserva\u00e7\u00e3o da biodiversidade e a ela foi dedicado o artigo 9\u00ba da Conven\u00e7\u00e3o sobre a Diversidade Biol\u00f3gica (CDB), assinado pelo Brasil em 1992.<\/p>\n\n\n\n<p class=\"wp-block-paragraph\">&#8212;&#8212;&#8212;&#8212;&#8212;&#8212;<br><em>Quer receber as not\u00edcias do <strong>Aconteceu no Vale<\/strong> em primeira m\u00e3o? Siga-nos no Facebook <a rel=\"noreferrer noopener\" href=\"http:\/\/facebook.com\/aconteceunovale\" target=\"_blank\">@aconteceunovale<\/a>, Twitter <a rel=\"noreferrer noopener\" href=\"https:\/\/twitter.com\/noticiadosvales\" target=\"_blank\">@noticiadosvales<\/a> e Instagram <a rel=\"noreferrer noopener\" href=\"https:\/\/www.instagram.com\/aconteceunovale\" target=\"_blank\">@aconteceunovale<\/a>.<\/em><\/p>\n","protected":false},"excerpt":{"rendered":"<p>A Pol\u00edcia Federal apreendeu nessa quarta-feira (26\/1\/2022) 15 girafas e prendeu dois homens por maus tratos aos animais no Portobello Resort &amp; Safari, em Mangaratiba, na Costa Verde do Rio de Janeiro.\u00a0 A a\u00e7\u00e3o foi feita no \u00e2mbito de inqu\u00e9rito policial instaurado pela Delegacia de Repress\u00e3o a Crimes contra o Meio Ambiente e Patrim\u00f4nio Hist\u00f3rico [&hellip;]<\/p>\n","protected":false},"author":4,"featured_media":186299,"comment_status":"open","ping_status":"closed","sticky":false,"template":"","format":"standard","meta":{"amp_status":"","footnotes":""},"categories":[6],"tags":[59106,257994,257999,258003,258002,4785,257998,258001,257995,258000,54148,257997,20966,772,257993,257996],"class_list":["post-186298","post","type-post","status-publish","format-standard","has-post-thumbnail","hentry","category-br","tag-africa-do-sul","tag-apreensao-de-girafas","tag-apreensao-de-girafas-no-rio-de-janeiro","tag-azab","tag-bioparque-do-rio","tag-brasil","tag-costa-verde-do-rio-de-janeiro","tag-delemaph","tag-girafas-apreendidas","tag-girafas-apreendidas-no-rio-de-janeiro","tag-ibama","tag-mangaratiba","tag-pf","tag-policia-federal","tag-policia-federal-recolhe-15-girafas-em-resort-e-prende-duas-pessoas","tag-portobello-resort-safari"],"yoast_head":"<!-- This site is optimized with the Yoast SEO plugin v28.3 - https:\/\/yoast.com\/product\/yoast-seo-wordpress\/ -->\n<title>Pol\u00edcia Federal recolhe 15 girafas em resort e prende duas pessoas - Aconteceu no Vale<\/title>\n<meta name=\"robots\" content=\"index, follow, max-snippet:-1, max-image-preview:large, max-video-preview:-1\" \/>\n<link rel=\"canonical\" href=\"https:\/\/aconteceunovale.com.br\/portal\/?p=186298\" \/>\n<meta property=\"og:locale\" content=\"pt_BR\" \/>\n<meta property=\"og:type\" content=\"article\" \/>\n<meta property=\"og:title\" content=\"Pol\u00edcia Federal recolhe 15 girafas em resort e prende duas pessoas - Aconteceu no Vale\" \/>\n<meta property=\"og:description\" content=\"A Pol\u00edcia Federal apreendeu nessa quarta-feira (26\/1\/2022) 15 girafas e prendeu dois homens por maus tratos aos animais no Portobello Resort &amp; Safari, em Mangaratiba, na Costa Verde do Rio de Janeiro.\u00a0 A a\u00e7\u00e3o foi feita no \u00e2mbito de inqu\u00e9rito policial instaurado pela Delegacia de Repress\u00e3o a Crimes contra o Meio Ambiente e Patrim\u00f4nio Hist\u00f3rico [&hellip;]\" \/>\n<meta property=\"og:url\" content=\"https:\/\/aconteceunovale.com.br\/portal\/?p=186298\" \/>\n<meta property=\"og:site_name\" content=\"Aconteceu no Vale\" \/>\n<meta property=\"article:publisher\" content=\"https:\/\/www.facebook.com\/aconteceunovale\/\" \/>\n<meta property=\"article:published_time\" content=\"2022-01-27T21:40:34+00:00\" \/>\n<meta property=\"article:modified_time\" content=\"2022-01-27T21:45:43+00:00\" \/>\n<meta property=\"og:image\" content=\"https:\/\/aconteceunovale.com.br\/portal\/wp-content\/uploads\/2022\/01\/girafas_br.jpg\" \/>\n\t<meta property=\"og:image:width\" content=\"678\" \/>\n\t<meta property=\"og:image:height\" content=\"381\" \/>\n\t<meta property=\"og:image:type\" content=\"image\/jpeg\" \/>\n<meta name=\"author\" content=\"Reda\u00e7\u00e3o Aconteceu no Vale\" \/>\n<meta name=\"twitter:card\" content=\"summary_large_image\" \/>\n<meta name=\"twitter:creator\" content=\"@noticiadosvales\" \/>\n<meta name=\"twitter:site\" content=\"@noticiadosvales\" \/>\n<meta name=\"twitter:label1\" content=\"Escrito por\" \/>\n\t<meta name=\"twitter:data1\" content=\"Reda\u00e7\u00e3o Aconteceu no Vale\" \/>\n\t<meta name=\"twitter:label2\" content=\"Est. tempo de leitura\" \/>\n\t<meta name=\"twitter:data2\" content=\"3 minutos\" \/>\n<script type=\"application\/ld+json\" class=\"yoast-schema-graph\">{\"@context\":\"https:\\\/\\\/schema.org\",\"@graph\":[{\"@type\":\"Article\",\"@id\":\"https:\\\/\\\/aconteceunovale.com.br\\\/portal\\\/?p=186298#article\",\"isPartOf\":{\"@id\":\"https:\\\/\\\/aconteceunovale.com.br\\\/portal\\\/?p=186298\"},\"author\":{\"name\":\"Reda\u00e7\u00e3o Aconteceu no Vale\",\"@id\":\"https:\\\/\\\/aconteceunovale.com.br\\\/portal\\\/#\\\/schema\\\/person\\\/7d2f26d1483f8a63de73da1ee0754d35\"},\"headline\":\"Pol\u00edcia Federal recolhe 15 girafas em resort e prende duas pessoas\",\"datePublished\":\"2022-01-27T21:40:34+00:00\",\"dateModified\":\"2022-01-27T21:45:43+00:00\",\"mainEntityOfPage\":{\"@id\":\"https:\\\/\\\/aconteceunovale.com.br\\\/portal\\\/?p=186298\"},\"wordCount\":584,\"commentCount\":0,\"image\":{\"@id\":\"https:\\\/\\\/aconteceunovale.com.br\\\/portal\\\/?p=186298#primaryimage\"},\"thumbnailUrl\":\"https:\\\/\\\/aconteceunovale.com.br\\\/portal\\\/wp-content\\\/uploads\\\/2022\\\/01\\\/girafas_br.jpg\",\"keywords\":[\"\u00c1frica do Sul\",\"Apreens\u00e3o de girafas\",\"Apreens\u00e3o de girafas no Rio de Janeiro\",\"AZAB\",\"BioParque do Rio\",\"brasil\",\"Costa Verde do Rio de Janeiro\",\"Delemaph\",\"Girafas apreendidas\",\"Girafas apreendidas no Rio de Janeiro\",\"Ibama\",\"Mangaratiba\",\"PF\",\"pol\u00edcia federal\",\"Pol\u00edcia Federal recolhe 15 girafas em resort e prende duas pessoas\",\"Portobello Resort &amp; Safari\"],\"articleSection\":[\"Brasil\"],\"inLanguage\":\"pt-BR\",\"potentialAction\":[{\"@type\":\"CommentAction\",\"name\":\"Comment\",\"target\":[\"https:\\\/\\\/aconteceunovale.com.br\\\/portal\\\/?p=186298#respond\"]}]},{\"@type\":\"WebPage\",\"@id\":\"https:\\\/\\\/aconteceunovale.com.br\\\/portal\\\/?p=186298\",\"url\":\"https:\\\/\\\/aconteceunovale.com.br\\\/portal\\\/?p=186298\",\"name\":\"Pol\u00edcia Federal recolhe 15 girafas em resort e prende duas pessoas - Aconteceu no Vale\",\"isPartOf\":{\"@id\":\"https:\\\/\\\/aconteceunovale.com.br\\\/portal\\\/#website\"},\"primaryImageOfPage\":{\"@id\":\"https:\\\/\\\/aconteceunovale.com.br\\\/portal\\\/?p=186298#primaryimage\"},\"image\":{\"@id\":\"https:\\\/\\\/aconteceunovale.com.br\\\/portal\\\/?p=186298#primaryimage\"},\"thumbnailUrl\":\"https:\\\/\\\/aconteceunovale.com.br\\\/portal\\\/wp-content\\\/uploads\\\/2022\\\/01\\\/girafas_br.jpg\",\"datePublished\":\"2022-01-27T21:40:34+00:00\",\"dateModified\":\"2022-01-27T21:45:43+00:00\",\"author\":{\"@id\":\"https:\\\/\\\/aconteceunovale.com.br\\\/portal\\\/#\\\/schema\\\/person\\\/7d2f26d1483f8a63de73da1ee0754d35\"},\"breadcrumb\":{\"@id\":\"https:\\\/\\\/aconteceunovale.com.br\\\/portal\\\/?p=186298#breadcrumb\"},\"inLanguage\":\"pt-BR\",\"potentialAction\":[{\"@type\":\"ReadAction\",\"target\":[\"https:\\\/\\\/aconteceunovale.com.br\\\/portal\\\/?p=186298\"]}]},{\"@type\":\"ImageObject\",\"inLanguage\":\"pt-BR\",\"@id\":\"https:\\\/\\\/aconteceunovale.com.br\\\/portal\\\/?p=186298#primaryimage\",\"url\":\"https:\\\/\\\/aconteceunovale.com.br\\\/portal\\\/wp-content\\\/uploads\\\/2022\\\/01\\\/girafas_br.jpg\",\"contentUrl\":\"https:\\\/\\\/aconteceunovale.com.br\\\/portal\\\/wp-content\\\/uploads\\\/2022\\\/01\\\/girafas_br.jpg\",\"width\":678,\"height\":381},{\"@type\":\"BreadcrumbList\",\"@id\":\"https:\\\/\\\/aconteceunovale.com.br\\\/portal\\\/?p=186298#breadcrumb\",\"itemListElement\":[{\"@type\":\"ListItem\",\"position\":1,\"name\":\"In\u00edcio\",\"item\":\"https:\\\/\\\/aconteceunovale.com.br\\\/portal\\\/\"},{\"@type\":\"ListItem\",\"position\":2,\"name\":\"Pol\u00edcia Federal recolhe 15 girafas em resort e prende duas pessoas\"}]},{\"@type\":\"WebSite\",\"@id\":\"https:\\\/\\\/aconteceunovale.com.br\\\/portal\\\/#website\",\"url\":\"https:\\\/\\\/aconteceunovale.com.br\\\/portal\\\/\",\"name\":\"Aconteceu no Vale\",\"description\":\"Portal de Not\u00edcias\",\"potentialAction\":[{\"@type\":\"SearchAction\",\"target\":{\"@type\":\"EntryPoint\",\"urlTemplate\":\"https:\\\/\\\/aconteceunovale.com.br\\\/portal\\\/?s={search_term_string}\"},\"query-input\":{\"@type\":\"PropertyValueSpecification\",\"valueRequired\":true,\"valueName\":\"search_term_string\"}}],\"inLanguage\":\"pt-BR\"},{\"@type\":\"Person\",\"@id\":\"https:\\\/\\\/aconteceunovale.com.br\\\/portal\\\/#\\\/schema\\\/person\\\/7d2f26d1483f8a63de73da1ee0754d35\",\"name\":\"Reda\u00e7\u00e3o Aconteceu no Vale\",\"description\":\"Equipe de reportagem do Aconteceu no Vale, portal de not\u00edcias do Vale do Jequitinhonha, em Minas Gerais. Cobrimos as 51 cidades do Vale desde 2013. Sugest\u00f5es de pauta e pedidos de corre\u00e7\u00e3o: contato@aconteceunovale.com.br\",\"url\":\"https:\\\/\\\/aconteceunovale.com.br\\\/portal\\\/?author=4\"}]}<\/script>\n<!-- \/ Yoast SEO plugin. -->","yoast_head_json":{"title":"Pol\u00edcia Federal recolhe 15 girafas em resort e prende duas pessoas - Aconteceu no Vale","robots":{"index":"index","follow":"follow","max-snippet":"max-snippet:-1","max-image-preview":"max-image-preview:large","max-video-preview":"max-video-preview:-1"},"canonical":"https:\/\/aconteceunovale.com.br\/portal\/?p=186298","og_locale":"pt_BR","og_type":"article","og_title":"Pol\u00edcia Federal recolhe 15 girafas em resort e prende duas pessoas - Aconteceu no Vale","og_description":"A Pol\u00edcia Federal apreendeu nessa quarta-feira (26\/1\/2022) 15 girafas e prendeu dois homens por maus tratos aos animais no Portobello Resort &amp; Safari, em Mangaratiba, na Costa Verde do Rio de Janeiro.\u00a0 A a\u00e7\u00e3o foi feita no \u00e2mbito de inqu\u00e9rito policial instaurado pela Delegacia de Repress\u00e3o a Crimes contra o Meio Ambiente e Patrim\u00f4nio Hist\u00f3rico [&hellip;]","og_url":"https:\/\/aconteceunovale.com.br\/portal\/?p=186298","og_site_name":"Aconteceu no Vale","article_publisher":"https:\/\/www.facebook.com\/aconteceunovale\/","article_published_time":"2022-01-27T21:40:34+00:00","article_modified_time":"2022-01-27T21:45:43+00:00","og_image":[{"width":678,"height":381,"url":"https:\/\/aconteceunovale.com.br\/portal\/wp-content\/uploads\/2022\/01\/girafas_br.jpg","type":"image\/jpeg"}],"author":"Reda\u00e7\u00e3o Aconteceu no Vale","twitter_card":"summary_large_image","twitter_creator":"@noticiadosvales","twitter_site":"@noticiadosvales","twitter_misc":{"Escrito por":"Reda\u00e7\u00e3o Aconteceu no Vale","Est. tempo de leitura":"3 minutos"},"schema":{"@context":"https:\/\/schema.org","@graph":[{"@type":"Article","@id":"https:\/\/aconteceunovale.com.br\/portal\/?p=186298#article","isPartOf":{"@id":"https:\/\/aconteceunovale.com.br\/portal\/?p=186298"},"author":{"name":"Reda\u00e7\u00e3o Aconteceu no Vale","@id":"https:\/\/aconteceunovale.com.br\/portal\/#\/schema\/person\/7d2f26d1483f8a63de73da1ee0754d35"},"headline":"Pol\u00edcia Federal recolhe 15 girafas em resort e prende duas pessoas","datePublished":"2022-01-27T21:40:34+00:00","dateModified":"2022-01-27T21:45:43+00:00","mainEntityOfPage":{"@id":"https:\/\/aconteceunovale.com.br\/portal\/?p=186298"},"wordCount":584,"commentCount":0,"image":{"@id":"https:\/\/aconteceunovale.com.br\/portal\/?p=186298#primaryimage"},"thumbnailUrl":"https:\/\/aconteceunovale.com.br\/portal\/wp-content\/uploads\/2022\/01\/girafas_br.jpg","keywords":["\u00c1frica do Sul","Apreens\u00e3o de girafas","Apreens\u00e3o de girafas no Rio de Janeiro","AZAB","BioParque do Rio","brasil","Costa Verde do Rio de Janeiro","Delemaph","Girafas apreendidas","Girafas apreendidas no Rio de Janeiro","Ibama","Mangaratiba","PF","pol\u00edcia federal","Pol\u00edcia Federal recolhe 15 girafas em resort e prende duas pessoas","Portobello Resort &amp; Safari"],"articleSection":["Brasil"],"inLanguage":"pt-BR","potentialAction":[{"@type":"CommentAction","name":"Comment","target":["https:\/\/aconteceunovale.com.br\/portal\/?p=186298#respond"]}]},{"@type":"WebPage","@id":"https:\/\/aconteceunovale.com.br\/portal\/?p=186298","url":"https:\/\/aconteceunovale.com.br\/portal\/?p=186298","name":"Pol\u00edcia Federal recolhe 15 girafas em resort e prende duas pessoas - Aconteceu no Vale","isPartOf":{"@id":"https:\/\/aconteceunovale.com.br\/portal\/#website"},"primaryImageOfPage":{"@id":"https:\/\/aconteceunovale.com.br\/portal\/?p=186298#primaryimage"},"image":{"@id":"https:\/\/aconteceunovale.com.br\/portal\/?p=186298#primaryimage"},"thumbnailUrl":"https:\/\/aconteceunovale.com.br\/portal\/wp-content\/uploads\/2022\/01\/girafas_br.jpg","datePublished":"2022-01-27T21:40:34+00:00","dateModified":"2022-01-27T21:45:43+00:00","author":{"@id":"https:\/\/aconteceunovale.com.br\/portal\/#\/schema\/person\/7d2f26d1483f8a63de73da1ee0754d35"},"breadcrumb":{"@id":"https:\/\/aconteceunovale.com.br\/portal\/?p=186298#breadcrumb"},"inLanguage":"pt-BR","potentialAction":[{"@type":"ReadAction","target":["https:\/\/aconteceunovale.com.br\/portal\/?p=186298"]}]},{"@type":"ImageObject","inLanguage":"pt-BR","@id":"https:\/\/aconteceunovale.com.br\/portal\/?p=186298#primaryimage","url":"https:\/\/aconteceunovale.com.br\/portal\/wp-content\/uploads\/2022\/01\/girafas_br.jpg","contentUrl":"https:\/\/aconteceunovale.com.br\/portal\/wp-content\/uploads\/2022\/01\/girafas_br.jpg","width":678,"height":381},{"@type":"BreadcrumbList","@id":"https:\/\/aconteceunovale.com.br\/portal\/?p=186298#breadcrumb","itemListElement":[{"@type":"ListItem","position":1,"name":"In\u00edcio","item":"https:\/\/aconteceunovale.com.br\/portal\/"},{"@type":"ListItem","position":2,"name":"Pol\u00edcia Federal recolhe 15 girafas em resort e prende duas pessoas"}]},{"@type":"WebSite","@id":"https:\/\/aconteceunovale.com.br\/portal\/#website","url":"https:\/\/aconteceunovale.com.br\/portal\/","name":"Aconteceu no Vale","description":"Portal de Not\u00edcias","potentialAction":[{"@type":"SearchAction","target":{"@type":"EntryPoint","urlTemplate":"https:\/\/aconteceunovale.com.br\/portal\/?s={search_term_string}"},"query-input":{"@type":"PropertyValueSpecification","valueRequired":true,"valueName":"search_term_string"}}],"inLanguage":"pt-BR"},{"@type":"Person","@id":"https:\/\/aconteceunovale.com.br\/portal\/#\/schema\/person\/7d2f26d1483f8a63de73da1ee0754d35","name":"Reda\u00e7\u00e3o Aconteceu no Vale","description":"Equipe de reportagem do Aconteceu no Vale, portal de not\u00edcias do Vale do Jequitinhonha, em Minas Gerais. Cobrimos as 51 cidades do Vale desde 2013. Sugest\u00f5es de pauta e pedidos de corre\u00e7\u00e3o: contato@aconteceunovale.com.br","url":"https:\/\/aconteceunovale.com.br\/portal\/?author=4"}]}},"_links":{"self":[{"href":"https:\/\/aconteceunovale.com.br\/portal\/index.php?rest_route=\/wp\/v2\/posts\/186298","targetHints":{"allow":["GET"]}}],"collection":[{"href":"https:\/\/aconteceunovale.com.br\/portal\/index.php?rest_route=\/wp\/v2\/posts"}],"about":[{"href":"https:\/\/aconteceunovale.com.br\/portal\/index.php?rest_route=\/wp\/v2\/types\/post"}],"author":[{"embeddable":true,"href":"https:\/\/aconteceunovale.com.br\/portal\/index.php?rest_route=\/wp\/v2\/users\/4"}],"replies":[{"embeddable":true,"href":"https:\/\/aconteceunovale.com.br\/portal\/index.php?rest_route=%2Fwp%2Fv2%2Fcomments&post=186298"}],"version-history":[{"count":2,"href":"https:\/\/aconteceunovale.com.br\/portal\/index.php?rest_route=\/wp\/v2\/posts\/186298\/revisions"}],"predecessor-version":[{"id":186301,"href":"https:\/\/aconteceunovale.com.br\/portal\/index.php?rest_route=\/wp\/v2\/posts\/186298\/revisions\/186301"}],"wp:featuredmedia":[{"embeddable":true,"href":"https:\/\/aconteceunovale.com.br\/portal\/index.php?rest_route=\/wp\/v2\/media\/186299"}],"wp:attachment":[{"href":"https:\/\/aconteceunovale.com.br\/portal\/index.php?rest_route=%2Fwp%2Fv2%2Fmedia&parent=186298"}],"wp:term":[{"taxonomy":"category","embeddable":true,"href":"https:\/\/aconteceunovale.com.br\/portal\/index.php?rest_route=%2Fwp%2Fv2%2Fcategories&post=186298"},{"taxonomy":"post_tag","embeddable":true,"href":"https:\/\/aconteceunovale.com.br\/portal\/index.php?rest_route=%2Fwp%2Fv2%2Ftags&post=186298"}],"curies":[{"name":"wp","href":"https:\/\/api.w.org\/{rel}","templated":true}]}}