{"id":186292,"date":"2022-01-26T22:47:36","date_gmt":"2022-01-27T01:47:36","guid":{"rendered":"https:\/\/aconteceunovale.com.br\/portal\/?p=186292"},"modified":"2022-01-26T22:53:52","modified_gmt":"2022-01-27T01:53:52","slug":"galo-e-leao-do-bonfim-empatam-na-primeira-rodada-do-campeonato-mineiro","status":"publish","type":"post","link":"https:\/\/aconteceunovale.com.br\/portal\/?p=186292","title":{"rendered":"Galo e Le\u00e3o do Bonfim empatam na primeira rodada do Campeonato Mineiro"},"content":{"rendered":"\n<p class=\"wp-block-paragraph\">Atual campe\u00e3o brasileiro e da Copa do Brasil, o Atl\u00e9tico-MG escapou, por pouco, de estrear com derrota no Campeonato Mineiro &#8211; onde tamb\u00e9m defende o t\u00edtulo. Nesta&nbsp;quarta-feira (26\/1\/2022), o Galo empatou por 1 a 1 com o Villa Nova, no est\u00e1dio Castor Cifuentes, em Nova Lima (MG). A partida marcou a estreia do t\u00e9cnico Antonio &#8220;Turco&#8221; Mohamed no comando do Alvinegro.<\/p>\n\n\n\n<figure class=\"wp-block-gallery has-nested-images columns-default is-cropped wp-block-gallery-1 is-layout-flex wp-block-gallery-is-layout-flex\">\n<figure class=\"wp-block-image size-large\"><img loading=\"lazy\" decoding=\"async\" width=\"678\" height=\"406\" data-id=\"186293\" src=\"https:\/\/aconteceunovale.com.br\/portal\/wp-content\/uploads\/2022\/01\/villa_atletico.jpg\" alt=\"\" class=\"wp-image-186293\" srcset=\"https:\/\/aconteceunovale.com.br\/portal\/wp-content\/uploads\/2022\/01\/villa_atletico.jpg 678w, https:\/\/aconteceunovale.com.br\/portal\/wp-content\/uploads\/2022\/01\/villa_atletico-300x180.jpg 300w\" sizes=\"auto, (max-width: 678px) 100vw, 678px\" \/><figcaption><em>Foto: Pedro Souza\/Atl\u00e9tico-MG\/Divulga\u00e7\u00e3o<\/em><\/figcaption><\/figure>\n<\/figure>\n\n\n\n<p class=\"wp-block-paragraph\">O Le\u00e3o do Bonfim aproveitou uma bobeada de Rafael para sair na frente. Aos 42 minutos do primeiro tempo, o goleiro do Atl\u00e9tico se enrolou em uma disputa com o atacante Thiago Mosquito, que abriu o placar. Os visitantes pressionaram e&nbsp;conseguiram o empate aos 43 da etapa final. Dylan Borrero foi lan\u00e7ado pelo tamb\u00e9m meia Mat\u00edas Zaracho e soltou a bomba para evitar a derrota.<\/p>\n\n\n\n<p class=\"wp-block-paragraph\">O pr\u00f3ximo compromisso do Galo ser\u00e1 no&nbsp;s\u00e1bado&nbsp;(29), contra o Tombense, no Independ\u00eancia, em Belo Horizonte, \u00e0s 16h30 (hor\u00e1rio de Bras\u00edlia). No&nbsp;domingo&nbsp;(30), \u00e0s 17h, o Villa Nova tem o Pouso Alegre pela frente no Manduz\u00e3o, em Pouso Alegre (MG).<\/p>\n\n\n\n<h2 class=\"wp-block-heading\" id=\"cruzeiro-larga-com-vitoria\">Cruzeiro larga com vit\u00f3ria<\/h2>\n\n\n\n<p class=\"wp-block-paragraph\">O Cruzeiro estreou em 2022 derrotando a URT por 3 a 0 no Independ\u00eancia. Foi o primeiro duelo oficial da Raposa desde que o ex-jogador Ronaldo Fen\u00f4meno adquiriu 90% das a\u00e7\u00f5es da Sociedade An\u00f4nima do Futebol (SAF) do clube celeste, em dezembro do ano passado.<\/p>\n\n\n\n<p class=\"wp-block-paragraph\">Os anfitri\u00f5es sa\u00edram na frente aos 41 minutos do primeiro tempo. O lateral Rafael Santos cruzou pela esquerda e o atacante Thiago completou para as redes. Na etapa final, aos dez minutos, o atacante Waguininho recebeu na direita e ajeitou para o volante Filipe Machado finalizar de primeira. Aos 25, o centroavante Edu definiu o marcador.<\/p>\n\n\n\n<p class=\"wp-block-paragraph\">O Cruzeiro volta a campo no&nbsp;domingo, \u00e0s 11h, para encarar o Athletic Club no est\u00e1dio Joaquim Portugal, em S\u00e3o Jo\u00e3o del-Rei (MG). A URT recebe a Caldense no mesmo dia, \u00e0s 16h, no est\u00e1dio Zama Maciel, em Patos de Minas (MG).<\/p>\n\n\n\n<h2 class=\"wp-block-heading\" id=\"primeira-rodada-do-campeonato-mineiro\">Primeira rodada do Campeonato Mineiro<\/h2>\n\n\n\n<p class=\"wp-block-paragraph\"><strong>25\/1\/2022 (ter\u00e7a-feira):<br><\/strong>&#8211; Caldense 2 x 1 Am\u00e9rica-MG<\/p>\n\n\n\n<p class=\"wp-block-paragraph\"><strong>26\/1\/2022 (quarta-feira):<\/strong> <br>&#8211; Cruzeiro 3 x 0 URT <br>&#8211; Villa Nova-MG 1 x 1 Atl\u00e9tico-MG <br>&#8211; Tombense 1 x 0 Pouso Alegre <br>&#8211; Uberl\u00e2ndia 0 x 1 Athletic Club <br>&#8211; Democrata GV 1 x 1 Patrocinense<\/p>\n\n\n\n<p class=\"wp-block-paragraph\"><\/p>\n\n\n\n<h2 class=\"wp-block-heading\" id=\"segunda-rodada-do-campeonato-mineiro\">Segunda rodada do Campeonato Mineiro<\/h2>\n\n\n\n<p class=\"wp-block-paragraph\"><strong>29\/1\/2022 (s\u00e1bado):<br><\/strong>&#8211; Atl\u00e9tico-MG x Tombense<\/p>\n\n\n\n<p class=\"wp-block-paragraph\"><strong>30\/1\/2022 (domingo):<br><\/strong>&#8211; Athletic Club x Cruzeiro <br>&#8211; URT x Caldense <br>&#8211; Patrocinense x Uberl\u00e2ndia <br>&#8211; Pouso Alegre x Villa Nova-MG <br>&#8211; Am\u00e9rica-MG x Democrata GV<\/p>\n\n\n\n<p class=\"wp-block-paragraph\">&#8212;&#8212;&#8212;&#8212;&#8212;&#8212;<br><em>Quer receber as not\u00edcias do <strong>Aconteceu no Vale<\/strong> em primeira m\u00e3o? Siga-nos no Facebook <a rel=\"noreferrer noopener\" href=\"http:\/\/facebook.com\/aconteceunovale\" target=\"_blank\">@aconteceunovale<\/a>, Twitter <a rel=\"noreferrer noopener\" href=\"https:\/\/twitter.com\/noticiadosvales\" target=\"_blank\">@noticiadosvales<\/a> e Instagram <a rel=\"noreferrer noopener\" href=\"https:\/\/www.instagram.com\/aconteceunovale\" target=\"_blank\">@aconteceunovale<\/a>.<\/em><\/p>\n","protected":false},"excerpt":{"rendered":"<p>Atual campe\u00e3o brasileiro e da Copa do Brasil, o Atl\u00e9tico-MG escapou, por pouco, de estrear com derrota no Campeonato Mineiro &#8211; onde tamb\u00e9m defende o t\u00edtulo. Nesta&nbsp;quarta-feira (26\/1\/2022), o Galo empatou por 1 a 1 com o Villa Nova, no est\u00e1dio Castor Cifuentes, em Nova Lima (MG). A partida marcou a estreia do t\u00e9cnico Antonio [&hellip;]<\/p>\n","protected":false},"author":4,"featured_media":186293,"comment_status":"open","ping_status":"closed","sticky":false,"template":"","format":"standard","meta":{"amp_status":"","footnotes":""},"categories":[59,123],"tags":[34528,16165,75846,12311,2741,40575,32921,4404,257945,257946,34527,682,1018,50769,12312,257992,238604,37341,1496,215,137560,81237,34534,42209,34535],"class_list":["post-186292","post","type-post","status-publish","format-standard","has-post-thumbnail","hentry","category-esportes","category-gerais","tag-america","tag-america-mineiro","tag-america-mg","tag-atletico","tag-atletico-mineiro","tag-atletico-mg","tag-caldense","tag-campeonato-mineiro","tag-campeonato-mineiro-2022","tag-campeonato-mineiro-comeca-com-vitoria-da-veterana-sobre-o-coelho","tag-coelho","tag-cruzeiro","tag-destaque","tag-esportes","tag-galo","tag-galo-e-leao-do-bonfim-empatam-na-primeira-rodada-do-campeonato-mineiro","tag-inicio-do-campeonato-mineiro","tag-leao-do-bonfim","tag-nova-lima","tag-pocos-de-caldas","tag-primeira-rodada-do-campeonato-mineiro","tag-ronaldao","tag-urt","tag-veterana","tag-villa-nova"],"yoast_head":"<!-- This site is optimized with the Yoast SEO plugin v28.3 - https:\/\/yoast.com\/product\/yoast-seo-wordpress\/ -->\n<title>Galo e Le\u00e3o do Bonfim empatam na primeira rodada do Campeonato Mineiro - Aconteceu no Vale<\/title>\n<meta name=\"robots\" content=\"index, follow, max-snippet:-1, max-image-preview:large, max-video-preview:-1\" \/>\n<link rel=\"canonical\" href=\"https:\/\/aconteceunovale.com.br\/portal\/?p=186292\" \/>\n<meta property=\"og:locale\" content=\"pt_BR\" \/>\n<meta property=\"og:type\" content=\"article\" \/>\n<meta property=\"og:title\" content=\"Galo e Le\u00e3o do Bonfim empatam na primeira rodada do Campeonato Mineiro - Aconteceu no Vale\" \/>\n<meta property=\"og:description\" content=\"Atual campe\u00e3o brasileiro e da Copa do Brasil, o Atl\u00e9tico-MG escapou, por pouco, de estrear com derrota no Campeonato Mineiro &#8211; onde tamb\u00e9m defende o t\u00edtulo. Nesta&nbsp;quarta-feira (26\/1\/2022), o Galo empatou por 1 a 1 com o Villa Nova, no est\u00e1dio Castor Cifuentes, em Nova Lima (MG). A partida marcou a estreia do t\u00e9cnico Antonio [&hellip;]\" \/>\n<meta property=\"og:url\" content=\"https:\/\/aconteceunovale.com.br\/portal\/?p=186292\" \/>\n<meta property=\"og:site_name\" content=\"Aconteceu no Vale\" \/>\n<meta property=\"article:publisher\" content=\"https:\/\/www.facebook.com\/aconteceunovale\/\" \/>\n<meta property=\"article:published_time\" content=\"2022-01-27T01:47:36+00:00\" \/>\n<meta property=\"article:modified_time\" content=\"2022-01-27T01:53:52+00:00\" \/>\n<meta property=\"og:image\" content=\"https:\/\/aconteceunovale.com.br\/portal\/wp-content\/uploads\/2022\/01\/villa_atletico.jpg\" \/>\n\t<meta property=\"og:image:width\" content=\"678\" \/>\n\t<meta property=\"og:image:height\" content=\"406\" \/>\n\t<meta property=\"og:image:type\" content=\"image\/jpeg\" \/>\n<meta name=\"author\" content=\"Reda\u00e7\u00e3o Aconteceu no Vale\" \/>\n<meta name=\"twitter:card\" content=\"summary_large_image\" \/>\n<meta name=\"twitter:creator\" content=\"@noticiadosvales\" \/>\n<meta name=\"twitter:site\" content=\"@noticiadosvales\" \/>\n<meta name=\"twitter:label1\" content=\"Escrito por\" \/>\n\t<meta name=\"twitter:data1\" content=\"Reda\u00e7\u00e3o Aconteceu no Vale\" \/>\n\t<meta name=\"twitter:label2\" content=\"Est. tempo de leitura\" \/>\n\t<meta name=\"twitter:data2\" content=\"2 minutos\" \/>\n<script type=\"application\/ld+json\" class=\"yoast-schema-graph\">{\"@context\":\"https:\\\/\\\/schema.org\",\"@graph\":[{\"@type\":\"Article\",\"@id\":\"https:\\\/\\\/aconteceunovale.com.br\\\/portal\\\/?p=186292#article\",\"isPartOf\":{\"@id\":\"https:\\\/\\\/aconteceunovale.com.br\\\/portal\\\/?p=186292\"},\"author\":{\"name\":\"Reda\u00e7\u00e3o Aconteceu no Vale\",\"@id\":\"https:\\\/\\\/aconteceunovale.com.br\\\/portal\\\/#\\\/schema\\\/person\\\/7d2f26d1483f8a63de73da1ee0754d35\"},\"headline\":\"Galo e Le\u00e3o do Bonfim empatam na primeira rodada do Campeonato Mineiro\",\"datePublished\":\"2022-01-27T01:47:36+00:00\",\"dateModified\":\"2022-01-27T01:53:52+00:00\",\"mainEntityOfPage\":{\"@id\":\"https:\\\/\\\/aconteceunovale.com.br\\\/portal\\\/?p=186292\"},\"wordCount\":460,\"commentCount\":0,\"image\":{\"@id\":\"https:\\\/\\\/aconteceunovale.com.br\\\/portal\\\/?p=186292#primaryimage\"},\"thumbnailUrl\":\"https:\\\/\\\/aconteceunovale.com.br\\\/portal\\\/wp-content\\\/uploads\\\/2022\\\/01\\\/villa_atletico.jpg\",\"keywords\":[\"Am\u00e9rica\",\"Am\u00e9rica Mineiro\",\"Am\u00e9rica-MG\",\"Atl\u00e9tico\",\"Atl\u00e9tico Mineiro\",\"Atl\u00e9tico-MG\",\"Caldense\",\"Campeonato Mineiro\",\"Campeonato Mineiro 2022\",\"Campeonato Mineiro come\u00e7a com vit\u00f3ria da Veterana sobre o Coelho\",\"Coelho\",\"Cruzeiro\",\"destaque\",\"esportes\",\"galo\",\"Galo e Le\u00e3o do Bonfim empatam na primeira rodada do Campeonato Mineiro\",\"In\u00edcio do Campeonato Mineiro\",\"Le\u00e3o do Bonfim\",\"Nova Lima\",\"Po\u00e7os de Caldas\",\"Primeira rodada do Campeonato Mineiro\",\"Ronald\u00e3o\",\"URT\",\"Veterana\",\"Villa Nova\"],\"articleSection\":[\"Esportes\",\"Minas Gerais\"],\"inLanguage\":\"pt-BR\",\"potentialAction\":[{\"@type\":\"CommentAction\",\"name\":\"Comment\",\"target\":[\"https:\\\/\\\/aconteceunovale.com.br\\\/portal\\\/?p=186292#respond\"]}]},{\"@type\":\"WebPage\",\"@id\":\"https:\\\/\\\/aconteceunovale.com.br\\\/portal\\\/?p=186292\",\"url\":\"https:\\\/\\\/aconteceunovale.com.br\\\/portal\\\/?p=186292\",\"name\":\"Galo e Le\u00e3o do Bonfim empatam na primeira rodada do Campeonato Mineiro - Aconteceu no Vale\",\"isPartOf\":{\"@id\":\"https:\\\/\\\/aconteceunovale.com.br\\\/portal\\\/#website\"},\"primaryImageOfPage\":{\"@id\":\"https:\\\/\\\/aconteceunovale.com.br\\\/portal\\\/?p=186292#primaryimage\"},\"image\":{\"@id\":\"https:\\\/\\\/aconteceunovale.com.br\\\/portal\\\/?p=186292#primaryimage\"},\"thumbnailUrl\":\"https:\\\/\\\/aconteceunovale.com.br\\\/portal\\\/wp-content\\\/uploads\\\/2022\\\/01\\\/villa_atletico.jpg\",\"datePublished\":\"2022-01-27T01:47:36+00:00\",\"dateModified\":\"2022-01-27T01:53:52+00:00\",\"author\":{\"@id\":\"https:\\\/\\\/aconteceunovale.com.br\\\/portal\\\/#\\\/schema\\\/person\\\/7d2f26d1483f8a63de73da1ee0754d35\"},\"breadcrumb\":{\"@id\":\"https:\\\/\\\/aconteceunovale.com.br\\\/portal\\\/?p=186292#breadcrumb\"},\"inLanguage\":\"pt-BR\",\"potentialAction\":[{\"@type\":\"ReadAction\",\"target\":[\"https:\\\/\\\/aconteceunovale.com.br\\\/portal\\\/?p=186292\"]}]},{\"@type\":\"ImageObject\",\"inLanguage\":\"pt-BR\",\"@id\":\"https:\\\/\\\/aconteceunovale.com.br\\\/portal\\\/?p=186292#primaryimage\",\"url\":\"https:\\\/\\\/aconteceunovale.com.br\\\/portal\\\/wp-content\\\/uploads\\\/2022\\\/01\\\/villa_atletico.jpg\",\"contentUrl\":\"https:\\\/\\\/aconteceunovale.com.br\\\/portal\\\/wp-content\\\/uploads\\\/2022\\\/01\\\/villa_atletico.jpg\",\"width\":678,\"height\":406},{\"@type\":\"BreadcrumbList\",\"@id\":\"https:\\\/\\\/aconteceunovale.com.br\\\/portal\\\/?p=186292#breadcrumb\",\"itemListElement\":[{\"@type\":\"ListItem\",\"position\":1,\"name\":\"In\u00edcio\",\"item\":\"https:\\\/\\\/aconteceunovale.com.br\\\/portal\\\/\"},{\"@type\":\"ListItem\",\"position\":2,\"name\":\"Galo e Le\u00e3o do Bonfim empatam na primeira rodada do Campeonato Mineiro\"}]},{\"@type\":\"WebSite\",\"@id\":\"https:\\\/\\\/aconteceunovale.com.br\\\/portal\\\/#website\",\"url\":\"https:\\\/\\\/aconteceunovale.com.br\\\/portal\\\/\",\"name\":\"Aconteceu no Vale\",\"description\":\"Portal de Not\u00edcias\",\"potentialAction\":[{\"@type\":\"SearchAction\",\"target\":{\"@type\":\"EntryPoint\",\"urlTemplate\":\"https:\\\/\\\/aconteceunovale.com.br\\\/portal\\\/?s={search_term_string}\"},\"query-input\":{\"@type\":\"PropertyValueSpecification\",\"valueRequired\":true,\"valueName\":\"search_term_string\"}}],\"inLanguage\":\"pt-BR\"},{\"@type\":\"Person\",\"@id\":\"https:\\\/\\\/aconteceunovale.com.br\\\/portal\\\/#\\\/schema\\\/person\\\/7d2f26d1483f8a63de73da1ee0754d35\",\"name\":\"Reda\u00e7\u00e3o Aconteceu no Vale\",\"description\":\"Equipe de reportagem do Aconteceu no Vale, portal de not\u00edcias do Vale do Jequitinhonha, em Minas Gerais. Cobrimos as 51 cidades do Vale desde 2013. Sugest\u00f5es de pauta e pedidos de corre\u00e7\u00e3o: contato@aconteceunovale.com.br\",\"url\":\"https:\\\/\\\/aconteceunovale.com.br\\\/portal\\\/?author=4\"}]}<\/script>\n<!-- \/ Yoast SEO plugin. -->","yoast_head_json":{"title":"Galo e Le\u00e3o do Bonfim empatam na primeira rodada do Campeonato Mineiro - Aconteceu no Vale","robots":{"index":"index","follow":"follow","max-snippet":"max-snippet:-1","max-image-preview":"max-image-preview:large","max-video-preview":"max-video-preview:-1"},"canonical":"https:\/\/aconteceunovale.com.br\/portal\/?p=186292","og_locale":"pt_BR","og_type":"article","og_title":"Galo e Le\u00e3o do Bonfim empatam na primeira rodada do Campeonato Mineiro - Aconteceu no Vale","og_description":"Atual campe\u00e3o brasileiro e da Copa do Brasil, o Atl\u00e9tico-MG escapou, por pouco, de estrear com derrota no Campeonato Mineiro &#8211; onde tamb\u00e9m defende o t\u00edtulo. Nesta&nbsp;quarta-feira (26\/1\/2022), o Galo empatou por 1 a 1 com o Villa Nova, no est\u00e1dio Castor Cifuentes, em Nova Lima (MG). A partida marcou a estreia do t\u00e9cnico Antonio [&hellip;]","og_url":"https:\/\/aconteceunovale.com.br\/portal\/?p=186292","og_site_name":"Aconteceu no Vale","article_publisher":"https:\/\/www.facebook.com\/aconteceunovale\/","article_published_time":"2022-01-27T01:47:36+00:00","article_modified_time":"2022-01-27T01:53:52+00:00","og_image":[{"width":678,"height":406,"url":"https:\/\/aconteceunovale.com.br\/portal\/wp-content\/uploads\/2022\/01\/villa_atletico.jpg","type":"image\/jpeg"}],"author":"Reda\u00e7\u00e3o Aconteceu no Vale","twitter_card":"summary_large_image","twitter_creator":"@noticiadosvales","twitter_site":"@noticiadosvales","twitter_misc":{"Escrito por":"Reda\u00e7\u00e3o Aconteceu no Vale","Est. tempo de leitura":"2 minutos"},"schema":{"@context":"https:\/\/schema.org","@graph":[{"@type":"Article","@id":"https:\/\/aconteceunovale.com.br\/portal\/?p=186292#article","isPartOf":{"@id":"https:\/\/aconteceunovale.com.br\/portal\/?p=186292"},"author":{"name":"Reda\u00e7\u00e3o Aconteceu no Vale","@id":"https:\/\/aconteceunovale.com.br\/portal\/#\/schema\/person\/7d2f26d1483f8a63de73da1ee0754d35"},"headline":"Galo e Le\u00e3o do Bonfim empatam na primeira rodada do Campeonato Mineiro","datePublished":"2022-01-27T01:47:36+00:00","dateModified":"2022-01-27T01:53:52+00:00","mainEntityOfPage":{"@id":"https:\/\/aconteceunovale.com.br\/portal\/?p=186292"},"wordCount":460,"commentCount":0,"image":{"@id":"https:\/\/aconteceunovale.com.br\/portal\/?p=186292#primaryimage"},"thumbnailUrl":"https:\/\/aconteceunovale.com.br\/portal\/wp-content\/uploads\/2022\/01\/villa_atletico.jpg","keywords":["Am\u00e9rica","Am\u00e9rica Mineiro","Am\u00e9rica-MG","Atl\u00e9tico","Atl\u00e9tico Mineiro","Atl\u00e9tico-MG","Caldense","Campeonato Mineiro","Campeonato Mineiro 2022","Campeonato Mineiro come\u00e7a com vit\u00f3ria da Veterana sobre o Coelho","Coelho","Cruzeiro","destaque","esportes","galo","Galo e Le\u00e3o do Bonfim empatam na primeira rodada do Campeonato Mineiro","In\u00edcio do Campeonato Mineiro","Le\u00e3o do Bonfim","Nova Lima","Po\u00e7os de Caldas","Primeira rodada do Campeonato Mineiro","Ronald\u00e3o","URT","Veterana","Villa Nova"],"articleSection":["Esportes","Minas Gerais"],"inLanguage":"pt-BR","potentialAction":[{"@type":"CommentAction","name":"Comment","target":["https:\/\/aconteceunovale.com.br\/portal\/?p=186292#respond"]}]},{"@type":"WebPage","@id":"https:\/\/aconteceunovale.com.br\/portal\/?p=186292","url":"https:\/\/aconteceunovale.com.br\/portal\/?p=186292","name":"Galo e Le\u00e3o do Bonfim empatam na primeira rodada do Campeonato Mineiro - Aconteceu no Vale","isPartOf":{"@id":"https:\/\/aconteceunovale.com.br\/portal\/#website"},"primaryImageOfPage":{"@id":"https:\/\/aconteceunovale.com.br\/portal\/?p=186292#primaryimage"},"image":{"@id":"https:\/\/aconteceunovale.com.br\/portal\/?p=186292#primaryimage"},"thumbnailUrl":"https:\/\/aconteceunovale.com.br\/portal\/wp-content\/uploads\/2022\/01\/villa_atletico.jpg","datePublished":"2022-01-27T01:47:36+00:00","dateModified":"2022-01-27T01:53:52+00:00","author":{"@id":"https:\/\/aconteceunovale.com.br\/portal\/#\/schema\/person\/7d2f26d1483f8a63de73da1ee0754d35"},"breadcrumb":{"@id":"https:\/\/aconteceunovale.com.br\/portal\/?p=186292#breadcrumb"},"inLanguage":"pt-BR","potentialAction":[{"@type":"ReadAction","target":["https:\/\/aconteceunovale.com.br\/portal\/?p=186292"]}]},{"@type":"ImageObject","inLanguage":"pt-BR","@id":"https:\/\/aconteceunovale.com.br\/portal\/?p=186292#primaryimage","url":"https:\/\/aconteceunovale.com.br\/portal\/wp-content\/uploads\/2022\/01\/villa_atletico.jpg","contentUrl":"https:\/\/aconteceunovale.com.br\/portal\/wp-content\/uploads\/2022\/01\/villa_atletico.jpg","width":678,"height":406},{"@type":"BreadcrumbList","@id":"https:\/\/aconteceunovale.com.br\/portal\/?p=186292#breadcrumb","itemListElement":[{"@type":"ListItem","position":1,"name":"In\u00edcio","item":"https:\/\/aconteceunovale.com.br\/portal\/"},{"@type":"ListItem","position":2,"name":"Galo e Le\u00e3o do Bonfim empatam na primeira rodada do Campeonato Mineiro"}]},{"@type":"WebSite","@id":"https:\/\/aconteceunovale.com.br\/portal\/#website","url":"https:\/\/aconteceunovale.com.br\/portal\/","name":"Aconteceu no Vale","description":"Portal de Not\u00edcias","potentialAction":[{"@type":"SearchAction","target":{"@type":"EntryPoint","urlTemplate":"https:\/\/aconteceunovale.com.br\/portal\/?s={search_term_string}"},"query-input":{"@type":"PropertyValueSpecification","valueRequired":true,"valueName":"search_term_string"}}],"inLanguage":"pt-BR"},{"@type":"Person","@id":"https:\/\/aconteceunovale.com.br\/portal\/#\/schema\/person\/7d2f26d1483f8a63de73da1ee0754d35","name":"Reda\u00e7\u00e3o Aconteceu no Vale","description":"Equipe de reportagem do Aconteceu no Vale, portal de not\u00edcias do Vale do Jequitinhonha, em Minas Gerais. Cobrimos as 51 cidades do Vale desde 2013. Sugest\u00f5es de pauta e pedidos de corre\u00e7\u00e3o: contato@aconteceunovale.com.br","url":"https:\/\/aconteceunovale.com.br\/portal\/?author=4"}]}},"_links":{"self":[{"href":"https:\/\/aconteceunovale.com.br\/portal\/index.php?rest_route=\/wp\/v2\/posts\/186292","targetHints":{"allow":["GET"]}}],"collection":[{"href":"https:\/\/aconteceunovale.com.br\/portal\/index.php?rest_route=\/wp\/v2\/posts"}],"about":[{"href":"https:\/\/aconteceunovale.com.br\/portal\/index.php?rest_route=\/wp\/v2\/types\/post"}],"author":[{"embeddable":true,"href":"https:\/\/aconteceunovale.com.br\/portal\/index.php?rest_route=\/wp\/v2\/users\/4"}],"replies":[{"embeddable":true,"href":"https:\/\/aconteceunovale.com.br\/portal\/index.php?rest_route=%2Fwp%2Fv2%2Fcomments&post=186292"}],"version-history":[{"count":3,"href":"https:\/\/aconteceunovale.com.br\/portal\/index.php?rest_route=\/wp\/v2\/posts\/186292\/revisions"}],"predecessor-version":[{"id":186297,"href":"https:\/\/aconteceunovale.com.br\/portal\/index.php?rest_route=\/wp\/v2\/posts\/186292\/revisions\/186297"}],"wp:featuredmedia":[{"embeddable":true,"href":"https:\/\/aconteceunovale.com.br\/portal\/index.php?rest_route=\/wp\/v2\/media\/186293"}],"wp:attachment":[{"href":"https:\/\/aconteceunovale.com.br\/portal\/index.php?rest_route=%2Fwp%2Fv2%2Fmedia&parent=186292"}],"wp:term":[{"taxonomy":"category","embeddable":true,"href":"https:\/\/aconteceunovale.com.br\/portal\/index.php?rest_route=%2Fwp%2Fv2%2Fcategories&post=186292"},{"taxonomy":"post_tag","embeddable":true,"href":"https:\/\/aconteceunovale.com.br\/portal\/index.php?rest_route=%2Fwp%2Fv2%2Ftags&post=186292"}],"curies":[{"name":"wp","href":"https:\/\/api.w.org\/{rel}","templated":true}]}}