{"id":186159,"date":"2022-01-22T10:05:30","date_gmt":"2022-01-22T13:05:30","guid":{"rendered":"https:\/\/aconteceunovale.com.br\/portal\/?p=186159"},"modified":"2022-01-22T17:06:09","modified_gmt":"2022-01-22T20:06:09","slug":"der-interdita-ponte-sobre-o-rio-jequitinhonha","status":"publish","type":"post","link":"https:\/\/aconteceunovale.com.br\/portal\/?p=186159","title":{"rendered":"DER interdita ponte sobre o Rio Jequitinhonha"},"content":{"rendered":"\n<p>O\u00a0Departamento de Edifica\u00e7\u00f5es e Estradas de Rodagem de Minas Gerais (DER-MG)\u00a0proibiu a passagem de ve\u00edculos e pedestres sobre a ponte do Rio Jequitinhonha. A interdi\u00e7\u00e3o no km 564 da rodovia MGC-367, entre Couto de Magalh\u00e3es de Minas e Diamantina, no distrito de Mendanha, come\u00e7ou \u00e0s 8h da manh\u00e3 deste s\u00e1bado (22\/1).<\/p>\n\n\n\n<figure class=\"wp-block-gallery columns-1 is-cropped wp-block-gallery-1 is-layout-flex wp-block-gallery-is-layout-flex\"><ul class=\"blocks-gallery-grid\"><li class=\"blocks-gallery-item\"><figure><img loading=\"lazy\" decoding=\"async\" width=\"678\" height=\"253\" src=\"https:\/\/aconteceunovale.com.br\/portal\/wp-content\/uploads\/2022\/01\/ponte_mendanha_interditada_5.jpg\" alt=\"\" data-id=\"186160\" data-full-url=\"https:\/\/aconteceunovale.com.br\/portal\/wp-content\/uploads\/2022\/01\/ponte_mendanha_interditada_5.jpg\" data-link=\"https:\/\/aconteceunovale.com.br\/portal\/?attachment_id=186160\" class=\"wp-image-186160\" srcset=\"https:\/\/aconteceunovale.com.br\/portal\/wp-content\/uploads\/2022\/01\/ponte_mendanha_interditada_5.jpg 678w, https:\/\/aconteceunovale.com.br\/portal\/wp-content\/uploads\/2022\/01\/ponte_mendanha_interditada_5-300x112.jpg 300w\" sizes=\"auto, (max-width: 678px) 100vw, 678px\" \/><figcaption class=\"blocks-gallery-item__caption\"><em>Foto: DER \/ Divulga\u00e7\u00e3o<\/em><\/figcaption><\/figure><\/li><\/ul><\/figure>\n\n\n\n<p>Na tarde de quinta-feira (20\/1), o DER-MG j\u00e1 havia proibido o tr\u00e1fego de ve\u00edculos pesados pela ponte. Por\u00e9m, ap\u00f3s reavalia\u00e7\u00e3o por uma equipe especializada em estruturas, optou por fechar por completo a passagem de carros e de pessoas. O motivo da interdi\u00e7\u00e3o \u00e9 o deslocamento de um dos 13 pilares que sustentam a estrutura.<\/p>\n\n\n\n<p>A ponte foi constru\u00edda em 1956. Possui 186 metros de comprimento, oito metros de largura e 12 v\u00e3os. O local conta com sinaliza\u00e7\u00e3o emergencial e bloqueio f\u00edsico para obstruir a passagem de ve\u00edculos.<\/p>\n\n\n\n<p>Uma s\u00e9rie de faixas e avisos foram colocados pr\u00f3ximos aos pontos de desvios, alertando para a interdi\u00e7\u00e3o. Comunicados em ve\u00edculos de comunica\u00e7\u00e3o e redes sociais oficiais tamb\u00e9m j\u00e1 foram publicados.<\/p>\n\n\n\n<h2 class=\"wp-block-heading\"><strong>MGC-367<\/strong><\/h2>\n\n\n\n<p>A rodovia MGC-367 \u00e9 o principal elo entre o Vale do Jequitinhonha e Sul da Bahia com a capital mineira. Quem precisar passar pelo trecho deve ficar atento aos desvios definidos pelo DER-MG.<\/p>\n\n\n\n<p>Seguir pela rodovia MGC-451, que vai para Olhos D\u2019\u00e1gua\/ Bocai\u00fava, depois seguir pela rodovia BR-135 at\u00e9 Curvelo e acessar a rodovia MGC-259 para Gouveia\/Diamantina, ou vice-versa.<\/p>\n\n\n\n<p>Para quem segue de Ara\u00e7ua\u00ed para Belo Horizonte ou Bras\u00edlia, a rota alternativa aumenta em 96 km. J\u00e1 para quem vai para Diamantina o aumento \u00e9 de 226 km.<\/p>\n\n\n\n<p>&#8212;&#8212;&#8212;&#8212;&#8212;&#8212;<br><em>Quer receber as not\u00edcias do <strong>Aconteceu no Vale<\/strong> em primeira m\u00e3o? Siga-nos no Facebook <a rel=\"noreferrer noopener\" href=\"http:\/\/facebook.com\/aconteceunovale\" target=\"_blank\">@aconteceunovale<\/a>, Twitter <a rel=\"noreferrer noopener\" href=\"https:\/\/twitter.com\/noticiadosvales\" target=\"_blank\">@noticiadosvales<\/a> e Instagram <a rel=\"noreferrer noopener\" href=\"https:\/\/www.instagram.com\/aconteceunovale\" target=\"_blank\">@aconteceunovale<\/a>.<\/em><\/p>\n","protected":false},"excerpt":{"rendered":"<p>O\u00a0Departamento de Edifica\u00e7\u00f5es e Estradas de Rodagem de Minas Gerais (DER-MG)\u00a0proibiu a passagem de ve\u00edculos e pedestres sobre a ponte do Rio Jequitinhonha. A interdi\u00e7\u00e3o no km 564 da rodovia MGC-367, entre Couto de Magalh\u00e3es de Minas e Diamantina, no distrito de Mendanha, come\u00e7ou \u00e0s 8h da manh\u00e3 deste s\u00e1bado (22\/1). Na tarde de quinta-feira [&hellip;]<\/p>\n","protected":false},"author":4,"featured_media":186160,"comment_status":"open","ping_status":"closed","sticky":false,"template":"","format":"standard","meta":{"amp_status":"","footnotes":""},"categories":[120],"tags":[257776,1018,198,257678,61522,34989,257675,257676,257686,257677,74921,61295,43344,257674,31299,232],"class_list":["post-186159","post","type-post","status-publish","format-standard","has-post-thumbnail","hentry","category-jequi","tag-der-interdita-ponte-sobre-o-rio-jequitinhonha","tag-destaque","tag-diamantina","tag-interdicao-de-ponte-em-diamantina","tag-interdicao-de-ponte-na-br-367","tag-mendanha","tag-ponte-em-diamantina","tag-ponte-em-mendanha","tag-ponte-entre-diamantina-e-couto-de-magalhaes-de-minas-sera-totalmente-interditada","tag-ponte-interditada-em-diamantina","tag-ponte-interditada-na-br-367","tag-ponte-na-br-367","tag-ponte-sobre-o-rio-jequitinhonha","tag-ponte-sobre-o-rio-jequitinhonha-e-liberada-para-veiculos-leves","tag-prefeitura-de-diamantina","tag-rio-jequitinhonha"],"_links":{"self":[{"href":"https:\/\/aconteceunovale.com.br\/portal\/index.php?rest_route=\/wp\/v2\/posts\/186159","targetHints":{"allow":["GET"]}}],"collection":[{"href":"https:\/\/aconteceunovale.com.br\/portal\/index.php?rest_route=\/wp\/v2\/posts"}],"about":[{"href":"https:\/\/aconteceunovale.com.br\/portal\/index.php?rest_route=\/wp\/v2\/types\/post"}],"author":[{"embeddable":true,"href":"https:\/\/aconteceunovale.com.br\/portal\/index.php?rest_route=\/wp\/v2\/users\/4"}],"replies":[{"embeddable":true,"href":"https:\/\/aconteceunovale.com.br\/portal\/index.php?rest_route=%2Fwp%2Fv2%2Fcomments&post=186159"}],"version-history":[{"count":1,"href":"https:\/\/aconteceunovale.com.br\/portal\/index.php?rest_route=\/wp\/v2\/posts\/186159\/revisions"}],"predecessor-version":[{"id":186161,"href":"https:\/\/aconteceunovale.com.br\/portal\/index.php?rest_route=\/wp\/v2\/posts\/186159\/revisions\/186161"}],"wp:featuredmedia":[{"embeddable":true,"href":"https:\/\/aconteceunovale.com.br\/portal\/index.php?rest_route=\/wp\/v2\/media\/186160"}],"wp:attachment":[{"href":"https:\/\/aconteceunovale.com.br\/portal\/index.php?rest_route=%2Fwp%2Fv2%2Fmedia&parent=186159"}],"wp:term":[{"taxonomy":"category","embeddable":true,"href":"https:\/\/aconteceunovale.com.br\/portal\/index.php?rest_route=%2Fwp%2Fv2%2Fcategories&post=186159"},{"taxonomy":"post_tag","embeddable":true,"href":"https:\/\/aconteceunovale.com.br\/portal\/index.php?rest_route=%2Fwp%2Fv2%2Ftags&post=186159"}],"curies":[{"name":"wp","href":"https:\/\/api.w.org\/{rel}","templated":true}]}}