{"id":186150,"date":"2022-01-21T16:37:05","date_gmt":"2022-01-21T19:37:05","guid":{"rendered":"https:\/\/aconteceunovale.com.br\/portal\/?p=186150"},"modified":"2022-01-22T16:37:55","modified_gmt":"2022-01-22T19:37:55","slug":"veiculo-furtado-em-belo-horizonte-e-recuperado-pela-prf-em-caratinga","status":"publish","type":"post","link":"https:\/\/aconteceunovale.com.br\/portal\/?p=186150","title":{"rendered":"Ve\u00edculo furtado em Belo Horizonte \u00e9 recuperado pela PRF em Caratinga"},"content":{"rendered":"\n<p>A Pol\u00edcia Rodovi\u00e1ria Federal (PRF) recuperou, no in\u00edcio da tarde desta sexta-feira (21\/1\/2022), em Caratinga (MG), um ve\u00edculo furtado e prendeu dois homens. A a\u00e7\u00e3o ocorreu durante Opera\u00e7\u00e3o de Combate ao Crime no km 526 da BR-116, momento que os policiais deram ordem de parada ao ve\u00edculo Hyundai HB20 identificado com placas do padr\u00e3o Mercosul.<\/p>\n\n\n\n<figure class=\"wp-block-gallery columns-1 is-cropped wp-block-gallery-1 is-layout-flex wp-block-gallery-is-layout-flex\"><ul class=\"blocks-gallery-grid\"><li class=\"blocks-gallery-item\"><figure><img loading=\"lazy\" decoding=\"async\" width=\"678\" height=\"328\" src=\"https:\/\/aconteceunovale.com.br\/portal\/wp-content\/uploads\/2022\/01\/veiculo_caratinga.jpeg\" alt=\"\" data-id=\"186151\" data-full-url=\"https:\/\/aconteceunovale.com.br\/portal\/wp-content\/uploads\/2022\/01\/veiculo_caratinga.jpeg\" data-link=\"https:\/\/aconteceunovale.com.br\/portal\/?attachment_id=186151\" class=\"wp-image-186151\" srcset=\"https:\/\/aconteceunovale.com.br\/portal\/wp-content\/uploads\/2022\/01\/veiculo_caratinga.jpeg 678w, https:\/\/aconteceunovale.com.br\/portal\/wp-content\/uploads\/2022\/01\/veiculo_caratinga-300x145.jpeg 300w\" sizes=\"auto, (max-width: 678px) 100vw, 678px\" \/><figcaption class=\"blocks-gallery-item__caption\"><em>Foto: Divulga\u00e7\u00e3o \/ PRF-MG<\/em><\/figcaption><\/figure><\/li><\/ul><\/figure>\n\n\n\n<p>Durante a fiscaliza\u00e7\u00e3o, os policiais verificaram altera\u00e7\u00e3o nos elementos de identifica\u00e7\u00e3o do ve\u00edculo, descobrindo que o carro possu\u00eda placas falsas e o original havia sido furtado, em fevereiro de 2021, em Belo Horizonte (MG).<\/p>\n\n\n\n<p>O passageiro do ve\u00edculo informou que pagaria R$ 62 mil pelo ve\u00edculo, de forma parcelada e que n\u00e3o sabia dos problemas.<\/p>\n\n\n\n<p>Diante dos fatos, o ve\u00edculo, o condutor e o passageiro foram encaminhados para a Delegacia de Pol\u00edcia Civil em Caratinga.<\/p>\n\n\n\n<p>&#8212;&#8212;&#8212;&#8212;&#8212;&#8212;<br><em>Quer receber as not\u00edcias do <strong>Aconteceu no Vale<\/strong> em primeira m\u00e3o? Siga-nos no Facebook <a rel=\"noreferrer noopener\" href=\"http:\/\/facebook.com\/aconteceunovale\" target=\"_blank\">@aconteceunovale<\/a>, Twitter <a rel=\"noreferrer noopener\" href=\"https:\/\/twitter.com\/noticiadosvales\" target=\"_blank\">@noticiadosvales<\/a> e Instagram <a rel=\"noreferrer noopener\" href=\"https:\/\/www.instagram.com\/aconteceunovale\" target=\"_blank\">@aconteceunovale<\/a>.<\/em><\/p>\n","protected":false},"excerpt":{"rendered":"<p>A Pol\u00edcia Rodovi\u00e1ria Federal (PRF) recuperou, no in\u00edcio da tarde desta sexta-feira (21\/1\/2022), em Caratinga (MG), um ve\u00edculo furtado e prendeu dois homens. A a\u00e7\u00e3o ocorreu durante Opera\u00e7\u00e3o de Combate ao Crime no km 526 da BR-116, momento que os policiais deram ordem de parada ao ve\u00edculo Hyundai HB20 identificado com placas do padr\u00e3o Mercosul. [&hellip;]<\/p>\n","protected":false},"author":4,"featured_media":186151,"comment_status":"open","ping_status":"closed","sticky":false,"template":"","format":"standard","meta":{"amp_status":"","footnotes":""},"categories":[121,123],"tags":[194,1017,237,236402,257773,257772],"class_list":["post-186150","post","type-post","status-publish","format-standard","has-post-thumbnail","hentry","category-leste","category-gerais","tag-belo-horizonte","tag-bh","tag-caratinga","tag-carro-apreendido-em-caratinga","tag-prf-em-caratinga","tag-veiculo-furtado-em-belo-horizonte-e-recuperado-pela-prf-em-caratinga"],"_links":{"self":[{"href":"https:\/\/aconteceunovale.com.br\/portal\/index.php?rest_route=\/wp\/v2\/posts\/186150","targetHints":{"allow":["GET"]}}],"collection":[{"href":"https:\/\/aconteceunovale.com.br\/portal\/index.php?rest_route=\/wp\/v2\/posts"}],"about":[{"href":"https:\/\/aconteceunovale.com.br\/portal\/index.php?rest_route=\/wp\/v2\/types\/post"}],"author":[{"embeddable":true,"href":"https:\/\/aconteceunovale.com.br\/portal\/index.php?rest_route=\/wp\/v2\/users\/4"}],"replies":[{"embeddable":true,"href":"https:\/\/aconteceunovale.com.br\/portal\/index.php?rest_route=%2Fwp%2Fv2%2Fcomments&post=186150"}],"version-history":[{"count":1,"href":"https:\/\/aconteceunovale.com.br\/portal\/index.php?rest_route=\/wp\/v2\/posts\/186150\/revisions"}],"predecessor-version":[{"id":186152,"href":"https:\/\/aconteceunovale.com.br\/portal\/index.php?rest_route=\/wp\/v2\/posts\/186150\/revisions\/186152"}],"wp:featuredmedia":[{"embeddable":true,"href":"https:\/\/aconteceunovale.com.br\/portal\/index.php?rest_route=\/wp\/v2\/media\/186151"}],"wp:attachment":[{"href":"https:\/\/aconteceunovale.com.br\/portal\/index.php?rest_route=%2Fwp%2Fv2%2Fmedia&parent=186150"}],"wp:term":[{"taxonomy":"category","embeddable":true,"href":"https:\/\/aconteceunovale.com.br\/portal\/index.php?rest_route=%2Fwp%2Fv2%2Fcategories&post=186150"},{"taxonomy":"post_tag","embeddable":true,"href":"https:\/\/aconteceunovale.com.br\/portal\/index.php?rest_route=%2Fwp%2Fv2%2Ftags&post=186150"}],"curies":[{"name":"wp","href":"https:\/\/api.w.org\/{rel}","templated":true}]}}