{"id":186124,"date":"2022-01-22T14:09:56","date_gmt":"2022-01-22T17:09:56","guid":{"rendered":"https:\/\/aconteceunovale.com.br\/portal\/?p=186124"},"modified":"2022-01-22T14:10:33","modified_gmt":"2022-01-22T17:10:33","slug":"suspeito-de-estuprar-sobrinha-durante-cinco-anos-e-preso-no-vale-do-mucuri","status":"publish","type":"post","link":"https:\/\/aconteceunovale.com.br\/portal\/?p=186124","title":{"rendered":"Suspeito de estuprar sobrinha durante cinco anos \u00e9 preso no Vale do Mucuri"},"content":{"rendered":"\n<p>A Pol\u00edcia Civil de Minas Gerais (PCMG) prendeu preventivamente um homem, de 33 anos, suspeito de estuprar a sobrinha, uma menina de 12 anos, h\u00e1 pelo menos cinco anos. Os crimes foram registrados em Nanuque, no Vale do Mucuri, onde o investigado foi localizado na quinta-feira (20\/1\/2022).<\/p>\n\n\n\n<p>As investiga\u00e7\u00f5es iniciaram no dia 3 de novembro do \u00faltimo ano, ap\u00f3s a m\u00e3e da v\u00edtima denunciar o caso. Ela relatou que, em outubro daquele ano, a menina teria come\u00e7ado a chorar ao ver uma reportagem na televis\u00e3o abordando o crime de estupro de vulner\u00e1vel, o que chamou a aten\u00e7\u00e3o da mulher.<\/p>\n\n\n\n<p>A m\u00e3e questionou a menina sobre o acontecido, e a v\u00edtima informou que sofria os abusos por parte do tio desde os 7 anos. A menina detalhou que o suspeito se aproveitava dos momentos em que os dois ficavam a s\u00f3s na casa, onde moravam juntos, e mantinha rela\u00e7\u00e3o sexual com ela. Ap\u00f3s os abusos, o investigado a amea\u00e7ava para n\u00e3o contar a ningu\u00e9m.<\/p>\n\n\n\n<p>A v\u00edtima foi submetida a exame de corpo de delito, tendo o laudo pericial confirmado a pr\u00e1tica de conjun\u00e7\u00e3o carnal, com ruptura do h\u00edmen. Em virtude dos abusos, a v\u00edtima apresentou sinais de traumas emocionais e ir\u00e1 receber acompanhamento psicol\u00f3gico e psiqui\u00e1trico.<\/p>\n\n\n\n<p>O suspeito foi encaminhado ao Sistema Prisional.<\/p>\n\n\n\n<p>&#8212;&#8212;&#8212;&#8212;&#8212;&#8212;<br><em>Quer receber as not\u00edcias do <strong>Aconteceu no Vale<\/strong> em primeira m\u00e3o? Siga-nos no Facebook <a rel=\"noreferrer noopener\" href=\"http:\/\/facebook.com\/aconteceunovale\" target=\"_blank\">@aconteceunovale<\/a>, Twitter <a rel=\"noreferrer noopener\" href=\"https:\/\/twitter.com\/noticiadosvales\" target=\"_blank\">@noticiadosvales<\/a> e Instagram <a rel=\"noreferrer noopener\" href=\"https:\/\/www.instagram.com\/aconteceunovale\" target=\"_blank\">@aconteceunovale<\/a>.<\/em><\/p>\n","protected":false},"excerpt":{"rendered":"<p>A Pol\u00edcia Civil de Minas Gerais (PCMG) prendeu preventivamente um homem, de 33 anos, suspeito de estuprar a sobrinha, uma menina de 12 anos, h\u00e1 pelo menos cinco anos. Os crimes foram registrados em Nanuque, no Vale do Mucuri, onde o investigado foi localizado na quinta-feira (20\/1\/2022). As investiga\u00e7\u00f5es iniciaram no dia 3 de novembro [&hellip;]<\/p>\n","protected":false},"author":4,"featured_media":180925,"comment_status":"open","ping_status":"closed","sticky":false,"template":"","format":"standard","meta":{"amp_status":"","footnotes":""},"categories":[122],"tags":[1018,236514,255670,107239,236513,257740,257739],"class_list":["post-186124","post","type-post","status-publish","format-standard","has-post-thumbnail","hentry","category-mucuri","tag-destaque","tag-estuprador-preso-em-nanuque","tag-pcmg-em-nanuque","tag-preso-em-nanuque","tag-preso-por-estupro-em-nanuque","tag-suspeito-de-estuprar-sobrinha-durante-cinco-anos-e-preso-em-nanuque","tag-suspeito-de-estuprar-sobrinha-durante-cinco-anos-e-preso-no-vale-do-mucuri"],"_links":{"self":[{"href":"https:\/\/aconteceunovale.com.br\/portal\/index.php?rest_route=\/wp\/v2\/posts\/186124","targetHints":{"allow":["GET"]}}],"collection":[{"href":"https:\/\/aconteceunovale.com.br\/portal\/index.php?rest_route=\/wp\/v2\/posts"}],"about":[{"href":"https:\/\/aconteceunovale.com.br\/portal\/index.php?rest_route=\/wp\/v2\/types\/post"}],"author":[{"embeddable":true,"href":"https:\/\/aconteceunovale.com.br\/portal\/index.php?rest_route=\/wp\/v2\/users\/4"}],"replies":[{"embeddable":true,"href":"https:\/\/aconteceunovale.com.br\/portal\/index.php?rest_route=%2Fwp%2Fv2%2Fcomments&post=186124"}],"version-history":[{"count":1,"href":"https:\/\/aconteceunovale.com.br\/portal\/index.php?rest_route=\/wp\/v2\/posts\/186124\/revisions"}],"predecessor-version":[{"id":186125,"href":"https:\/\/aconteceunovale.com.br\/portal\/index.php?rest_route=\/wp\/v2\/posts\/186124\/revisions\/186125"}],"wp:featuredmedia":[{"embeddable":true,"href":"https:\/\/aconteceunovale.com.br\/portal\/index.php?rest_route=\/wp\/v2\/media\/180925"}],"wp:attachment":[{"href":"https:\/\/aconteceunovale.com.br\/portal\/index.php?rest_route=%2Fwp%2Fv2%2Fmedia&parent=186124"}],"wp:term":[{"taxonomy":"category","embeddable":true,"href":"https:\/\/aconteceunovale.com.br\/portal\/index.php?rest_route=%2Fwp%2Fv2%2Fcategories&post=186124"},{"taxonomy":"post_tag","embeddable":true,"href":"https:\/\/aconteceunovale.com.br\/portal\/index.php?rest_route=%2Fwp%2Fv2%2Ftags&post=186124"}],"curies":[{"name":"wp","href":"https:\/\/api.w.org\/{rel}","templated":true}]}}