{"id":186120,"date":"2022-01-22T14:04:57","date_gmt":"2022-01-22T17:04:57","guid":{"rendered":"https:\/\/aconteceunovale.com.br\/portal\/?p=186120"},"modified":"2022-01-22T14:05:36","modified_gmt":"2022-01-22T17:05:36","slug":"sete-suspeitos-sao-detidos-durante-operacao-em-ipanema","status":"publish","type":"post","link":"https:\/\/aconteceunovale.com.br\/portal\/?p=186120","title":{"rendered":"Sete suspeitos s\u00e3o detidos durante opera\u00e7\u00e3o em Ipanema"},"content":{"rendered":"\n<p>As pol\u00edcias Civil e Militar de Minas Gerais deflagraram, na quinta-feira (20\/1\/2022), a Opera\u00e7\u00e3o Mercadores da Morte. Sete suspeitos, sendo seis adultos e um adolescente, foram detidos em flagrante no curso da a\u00e7\u00e3o policial na cidade de Ipanema, na regi\u00e3o do Rio Doce.<\/p>\n\n\n\n<figure class=\"wp-block-gallery aligncenter columns-1 is-cropped wp-block-gallery-1 is-layout-flex wp-block-gallery-is-layout-flex\"><ul class=\"blocks-gallery-grid\"><li class=\"blocks-gallery-item\"><figure><img loading=\"lazy\" decoding=\"async\" width=\"655\" height=\"450\" src=\"https:\/\/aconteceunovale.com.br\/portal\/wp-content\/uploads\/2022\/01\/operacao_ipanema.jpg\" alt=\"\" data-id=\"186122\" data-full-url=\"https:\/\/aconteceunovale.com.br\/portal\/wp-content\/uploads\/2022\/01\/operacao_ipanema.jpg\" data-link=\"https:\/\/aconteceunovale.com.br\/portal\/?attachment_id=186122\" class=\"wp-image-186122\" srcset=\"https:\/\/aconteceunovale.com.br\/portal\/wp-content\/uploads\/2022\/01\/operacao_ipanema.jpg 655w, https:\/\/aconteceunovale.com.br\/portal\/wp-content\/uploads\/2022\/01\/operacao_ipanema-300x206.jpg 300w, https:\/\/aconteceunovale.com.br\/portal\/wp-content\/uploads\/2022\/01\/operacao_ipanema-100x70.jpg 100w, https:\/\/aconteceunovale.com.br\/portal\/wp-content\/uploads\/2022\/01\/operacao_ipanema-218x150.jpg 218w, https:\/\/aconteceunovale.com.br\/portal\/wp-content\/uploads\/2022\/01\/operacao_ipanema-611x420.jpg 611w\" sizes=\"auto, (max-width: 655px) 100vw, 655px\" \/><figcaption class=\"blocks-gallery-item__caption\"><em>Foto: Divulga\u00e7\u00e3o \/ PCMG<\/em><\/figcaption><\/figure><\/li><\/ul><\/figure>\n\n\n\n<p>Ap\u00f3s as mortes de um jovem, de 24 anos, e de uma mulher, de 28, por suspeita de overdose, ocorridas nos \u00faltimos 15 dias, as investiga\u00e7\u00f5es identificaram que um grupo criminoso respons\u00e1vel por vender as drogas \u00e0s v\u00edtimas estava utilizando casas abandonadas, no bairro Bela Vista, para preparar e comercializar entorpecentes.<\/p>\n\n\n\n<p>Equipes das pol\u00edcias Civil e Militar realizaram abordagens nesses im\u00f3veis sem moradores, onde os suspeitos foram localizados, e apreenderam expressiva quantidade de drogas, produtos qu\u00edmicos e medicamentos, dinheiro, material para embalar entorpecentes, entre outros objetos.<\/p>\n\n\n\n<p>Os seis adultos foram encaminhados ao sistema prisional, ficando \u00e0 disposi\u00e7\u00e3o da Justi\u00e7a. As investiga\u00e7\u00f5es prosseguem para identificar outros membros da organiza\u00e7\u00e3o criminosa.<\/p>\n\n\n\n<h2 class=\"wp-block-heading\">V\u00eddeo<\/h2>\n\n\n\n<figure class=\"wp-block-embed is-type-rich is-provider-incorporar-manipulador wp-block-embed-incorporar-manipulador wp-embed-aspect-16-9 wp-has-aspect-ratio\"><div class=\"wp-block-embed__wrapper\">\n<iframe loading=\"lazy\" title=\"Opera\u00e7\u00e3o Mercadores da morte em IPANEMA\" width=\"696\" height=\"392\" src=\"https:\/\/www.youtube.com\/embed\/sUFwpprnIzg?feature=oembed\" frameborder=\"0\" allow=\"accelerometer; autoplay; clipboard-write; encrypted-media; gyroscope; picture-in-picture\" allowfullscreen><\/iframe>\n<\/div><\/figure>\n\n\n\n<p>&#8212;&#8212;&#8212;&#8212;&#8212;&#8212;<br><em>Quer receber as not\u00edcias do <strong>Aconteceu no Vale<\/strong> em primeira m\u00e3o? Siga-nos no Facebook <a rel=\"noreferrer noopener\" href=\"http:\/\/facebook.com\/aconteceunovale\" target=\"_blank\">@aconteceunovale<\/a>, Twitter <a rel=\"noreferrer noopener\" href=\"https:\/\/twitter.com\/noticiadosvales\" target=\"_blank\">@noticiadosvales<\/a> e Instagram <a rel=\"noreferrer noopener\" href=\"https:\/\/www.instagram.com\/aconteceunovale\" target=\"_blank\">@aconteceunovale<\/a>.<\/em><\/p>\n","protected":false},"excerpt":{"rendered":"<p>As pol\u00edcias Civil e Militar de Minas Gerais deflagraram, na quinta-feira (20\/1\/2022), a Opera\u00e7\u00e3o Mercadores da Morte. Sete suspeitos, sendo seis adultos e um adolescente, foram detidos em flagrante no curso da a\u00e7\u00e3o policial na cidade de Ipanema, na regi\u00e3o do Rio Doce. Ap\u00f3s as mortes de um jovem, de 24 anos, e de uma [&hellip;]<\/p>\n","protected":false},"author":4,"featured_media":186122,"comment_status":"open","ping_status":"closed","sticky":false,"template":"","format":"standard","meta":{"amp_status":"","footnotes":""},"categories":[121],"tags":[1732,225000,604,257738,38187,221755,239253,257737,239254],"class_list":["post-186120","post","type-post","status-publish","format-standard","has-post-thumbnail","hentry","category-leste","tag-ipanema","tag-operacao-em-ipanema","tag-pcmg","tag-pcmg-em-ipanema","tag-pmmg","tag-presos-em-ipanema","tag-presos-por-trafico-de-drogas-em-ipanema","tag-sete-suspeitos-sao-detidos-durante-operacao-em-ipanema","tag-traficantes-presos-em-ipanema"],"_links":{"self":[{"href":"https:\/\/aconteceunovale.com.br\/portal\/index.php?rest_route=\/wp\/v2\/posts\/186120","targetHints":{"allow":["GET"]}}],"collection":[{"href":"https:\/\/aconteceunovale.com.br\/portal\/index.php?rest_route=\/wp\/v2\/posts"}],"about":[{"href":"https:\/\/aconteceunovale.com.br\/portal\/index.php?rest_route=\/wp\/v2\/types\/post"}],"author":[{"embeddable":true,"href":"https:\/\/aconteceunovale.com.br\/portal\/index.php?rest_route=\/wp\/v2\/users\/4"}],"replies":[{"embeddable":true,"href":"https:\/\/aconteceunovale.com.br\/portal\/index.php?rest_route=%2Fwp%2Fv2%2Fcomments&post=186120"}],"version-history":[{"count":1,"href":"https:\/\/aconteceunovale.com.br\/portal\/index.php?rest_route=\/wp\/v2\/posts\/186120\/revisions"}],"predecessor-version":[{"id":186123,"href":"https:\/\/aconteceunovale.com.br\/portal\/index.php?rest_route=\/wp\/v2\/posts\/186120\/revisions\/186123"}],"wp:featuredmedia":[{"embeddable":true,"href":"https:\/\/aconteceunovale.com.br\/portal\/index.php?rest_route=\/wp\/v2\/media\/186122"}],"wp:attachment":[{"href":"https:\/\/aconteceunovale.com.br\/portal\/index.php?rest_route=%2Fwp%2Fv2%2Fmedia&parent=186120"}],"wp:term":[{"taxonomy":"category","embeddable":true,"href":"https:\/\/aconteceunovale.com.br\/portal\/index.php?rest_route=%2Fwp%2Fv2%2Fcategories&post=186120"},{"taxonomy":"post_tag","embeddable":true,"href":"https:\/\/aconteceunovale.com.br\/portal\/index.php?rest_route=%2Fwp%2Fv2%2Ftags&post=186120"}],"curies":[{"name":"wp","href":"https:\/\/api.w.org\/{rel}","templated":true}]}}