{"id":186111,"date":"2022-01-22T13:29:40","date_gmt":"2022-01-22T16:29:40","guid":{"rendered":"https:\/\/aconteceunovale.com.br\/portal\/?p=186111"},"modified":"2022-01-22T13:30:16","modified_gmt":"2022-01-22T16:30:16","slug":"avo-e-pais-sao-condenados-a-60-e-40-anos-de-prisao-por-estupro-contra-tres-irmas-em-minas","status":"publish","type":"post","link":"https:\/\/aconteceunovale.com.br\/portal\/?p=186111","title":{"rendered":"Av\u00f4 e pais s\u00e3o condenados a 60 e 40 anos de pris\u00e3o por estupro contra tr\u00eas irm\u00e3s em Minas"},"content":{"rendered":"\n<p>Acatando pedidos apresentados pelo Minist\u00e9rio P\u00fablico de Minas Gerais (MPMG), a Vara Criminal, da Inf\u00e2ncia e Juventude e Execu\u00e7\u00f5es Penais da comarca de Itajub\u00e1, no Sul do Estado, condenou a 60 e 40 anos de pris\u00e3o, respectivamente, o av\u00f4 e os pais de tr\u00eas meninas que foram v\u00edtimas, por mais de um ano, do crime de estupro de vulner\u00e1vel, previsto no art. 217-A do C\u00f3digo Penal.<\/p>\n\n\n\n<p>De acordo com a den\u00fancia, os abusos foram praticados pelo av\u00f4 por diversas vezes entre novembro de 2017 e dezembro de 2018. Mesmo tendo conhecimento dos fatos e possuindo dever legal de prote\u00e7\u00e3o, o pai e a m\u00e3e das meninas se omitiram, permitindo a reitera\u00e7\u00e3o das condutas.<\/p>\n\n\n\n<p>Narra a den\u00fancia que o av\u00f4 morava com a esposa, av\u00f3 das crian\u00e7as, no mesmo terreno que as garotas e os pais delas, mas em casas separadas. Ele aproveitava-se da aus\u00eancia de vigil\u00e2ncia dos pais das meninas e das viagens que a companheira fazia para tratar de problemas no cora\u00e7\u00e3o para praticar os crimes.<\/p>\n\n\n\n<p>Por um breve per\u00edodo, ao tomarem conhecimento dos fatos, os pais das crian\u00e7as se mudaram com as filhas da casa onde residiam, mas logo retornaram para o mesmo local, onde os fatos continuaram a acontecer. Conforme apurado, eles n\u00e3o adotaram qualquer provid\u00eancia efetiva para fazer cessar os crimes sexuais. Por conta disso, as garotas foram encaminhadas a um abrigo.<\/p>\n\n\n\n<p>De acordo com uma testemunha \u2013 psic\u00f3loga da institui\u00e7\u00e3o que acolheu as irm\u00e3s \u2013, a m\u00e3e das garotas dizia n\u00e3o tomar provid\u00eancias sob a justificativa de que n\u00e3o tinha para onde ir e n\u00e3o tinha o que dar de comer para as filhas. Uma das meninas relatou, em ju\u00edzo, por\u00e9m, que a m\u00e3e n\u00e3o acreditava no que ela lhe contava. A garota informou, ainda, que o av\u00f4 amea\u00e7ava separ\u00e1-las da fam\u00edlia, caso relatassem os fatos para algu\u00e9m. Outra testemunha ouvida informou que o pai das garotas, usu\u00e1rio de drogas, tamb\u00e9m julgava que as filhas inventavam os fatos.<\/p>\n\n\n\n<p>Em ju\u00edzo, o av\u00f4 negou o abuso contra as netas, afirmando que \u201ctodas elas sempre foram tratadas com muito amor e carinho\u201d. A Justi\u00e7a negou a ele o direito de recorrer em liberdade, concedendo-o somente aos pais das meninas.<\/p>\n\n\n\n<p>&#8212;&#8212;&#8212;&#8212;&#8212;&#8212;<br><em>Quer receber as not\u00edcias do <strong>Aconteceu no Vale<\/strong> em primeira m\u00e3o? Siga-nos no Facebook <a rel=\"noreferrer noopener\" href=\"http:\/\/facebook.com\/aconteceunovale\" target=\"_blank\">@aconteceunovale<\/a>, Twitter <a rel=\"noreferrer noopener\" href=\"https:\/\/twitter.com\/noticiadosvales\" target=\"_blank\">@noticiadosvales<\/a> e Instagram <a rel=\"noreferrer noopener\" href=\"https:\/\/www.instagram.com\/aconteceunovale\" target=\"_blank\">@aconteceunovale<\/a>.<\/em><\/p>\n","protected":false},"excerpt":{"rendered":"<p>Acatando pedidos apresentados pelo Minist\u00e9rio P\u00fablico de Minas Gerais (MPMG), a Vara Criminal, da Inf\u00e2ncia e Juventude e Execu\u00e7\u00f5es Penais da comarca de Itajub\u00e1, no Sul do Estado, condenou a 60 e 40 anos de pris\u00e3o, respectivamente, o av\u00f4 e os pais de tr\u00eas meninas que foram v\u00edtimas, por mais de um ano, do crime [&hellip;]<\/p>\n","protected":false},"author":4,"featured_media":153477,"comment_status":"open","ping_status":"closed","sticky":false,"template":"","format":"standard","meta":{"amp_status":"","footnotes":""},"categories":[123],"tags":[257726,1544,257727,19675,270],"class_list":["post-186111","post","type-post","status-publish","format-standard","has-post-thumbnail","hentry","category-gerais","tag-condenados-por-estupro-em-itajuba","tag-itajuba","tag-justica-de-itajuba","tag-mpmg","tag-tjmg"],"_links":{"self":[{"href":"https:\/\/aconteceunovale.com.br\/portal\/index.php?rest_route=\/wp\/v2\/posts\/186111","targetHints":{"allow":["GET"]}}],"collection":[{"href":"https:\/\/aconteceunovale.com.br\/portal\/index.php?rest_route=\/wp\/v2\/posts"}],"about":[{"href":"https:\/\/aconteceunovale.com.br\/portal\/index.php?rest_route=\/wp\/v2\/types\/post"}],"author":[{"embeddable":true,"href":"https:\/\/aconteceunovale.com.br\/portal\/index.php?rest_route=\/wp\/v2\/users\/4"}],"replies":[{"embeddable":true,"href":"https:\/\/aconteceunovale.com.br\/portal\/index.php?rest_route=%2Fwp%2Fv2%2Fcomments&post=186111"}],"version-history":[{"count":1,"href":"https:\/\/aconteceunovale.com.br\/portal\/index.php?rest_route=\/wp\/v2\/posts\/186111\/revisions"}],"predecessor-version":[{"id":186112,"href":"https:\/\/aconteceunovale.com.br\/portal\/index.php?rest_route=\/wp\/v2\/posts\/186111\/revisions\/186112"}],"wp:featuredmedia":[{"embeddable":true,"href":"https:\/\/aconteceunovale.com.br\/portal\/index.php?rest_route=\/wp\/v2\/media\/153477"}],"wp:attachment":[{"href":"https:\/\/aconteceunovale.com.br\/portal\/index.php?rest_route=%2Fwp%2Fv2%2Fmedia&parent=186111"}],"wp:term":[{"taxonomy":"category","embeddable":true,"href":"https:\/\/aconteceunovale.com.br\/portal\/index.php?rest_route=%2Fwp%2Fv2%2Fcategories&post=186111"},{"taxonomy":"post_tag","embeddable":true,"href":"https:\/\/aconteceunovale.com.br\/portal\/index.php?rest_route=%2Fwp%2Fv2%2Ftags&post=186111"}],"curies":[{"name":"wp","href":"https:\/\/api.w.org\/{rel}","templated":true}]}}