{"id":186103,"date":"2022-01-22T11:08:02","date_gmt":"2022-01-22T14:08:02","guid":{"rendered":"https:\/\/aconteceunovale.com.br\/portal\/?p=186103"},"modified":"2022-01-22T11:08:28","modified_gmt":"2022-01-22T14:08:28","slug":"boletim-mostra-alta-em-casos-de-sindrome-respiratoria-aguda","status":"publish","type":"post","link":"https:\/\/aconteceunovale.com.br\/portal\/?p=186103","title":{"rendered":"Boletim mostra alta em casos de s\u00edndrome respirat\u00f3ria aguda"},"content":{"rendered":"\n<p>O Boletim InfoGripe Fiocruz, divulgado ontem (21\/1\/2022) pela Funda\u00e7\u00e3o Oswaldo Cruz, aponta crescimento significativo de casos de S\u00edndrome Respirat\u00f3ria Aguda Grave (SRAG) tanto na tend\u00eancia de longo prazo, referente \u00e0s \u00faltimas seis semanas, como de curto prazo (\u00faltimas tr\u00eas semanas).<\/p>\n\n\n\n<p>O n\u00famero de novos casos de SRAG estimados para a Semana Epidemiol\u00f3gica (SE) 2, de 9 a 15 de janeiro, alcan\u00e7a cerca de 19,3 mil casos, enquanto a estimativa para a SE 1 \u00e9 de 15,8 mil casos. Segundo o boletim, a m\u00e9dia m\u00f3vel evoluiu de 13 mil para 16 mil casos semanais, alta de 23% em rela\u00e7\u00e3o \u00e0 primeira semana do ano.<\/p>\n\n\n\n<p>De acordo com o estudo, 22 estados apresentam pelo menos uma macrorregi\u00e3o de sa\u00fade com n\u00edvel de casos semanais de SRAG considerado muito elevado ou extremamente alto, somando 73 do total de 118 macrorregi\u00f5es de sa\u00fade do pa\u00eds.<\/p>\n\n\n\n<p>Todos os estados que apresentam sinal de expans\u00e3o na tend\u00eancia de longo prazo est\u00e3o com o indicador em n\u00edvel forte (probabilidade maior que 95%), exceto Rond\u00f4nia, que apresenta sinal moderado (probabilidade maior que 75%). A an\u00e1lise relativa \u00e0 SE 2 tem como base os dados inseridos no Sistema de Informa\u00e7\u00e3o da Vigil\u00e2ncia Epidemiol\u00f3gica da Gripe (Sivep-Gripe) at\u00e9 o dia 17 de janeiro.<\/p>\n\n\n\n<p>Em 25 dos 27 estados, observa-se ao menos uma macrorregi\u00e3o de sa\u00fade com sinal de crescimento nas tend\u00eancias de longo ou curto prazo. Rond\u00f4nia e Roraima s\u00e3o os \u00fanico estados em que se observa tend\u00eancia de queda ou estabilidade, no longo e curto prazos.<\/p>\n\n\n\n<p>Em rela\u00e7\u00e3o \u00e0s estimativas de n\u00edvel de casos de SRAG para as macrorregi\u00f5es de sa\u00fade, n\u00e3o observa-se nenhuma em n\u00edvel pr\u00e9-epid\u00eamico, enquanto h\u00e1 dois em n\u00edvel epid\u00eamico; 43 em n\u00edvel alto; 53 em n\u00edvel muito alto; e 20 em n\u00edvel extremamente alto.<\/p>\n\n\n\n<h2 class=\"wp-block-heading\">Capitais<\/h2>\n\n\n\n<p>Nas capitais, 24 das 27 cidades apresentam sinal de crescimento na tend\u00eancia de longo prazo at\u00e9 a SE 2. Apenas Boa Vista (RR), Rio de Janeiro (RJ) e Salvador (BA) n\u00e3o apresentam sinal de crescimento.<\/p>\n\n\n\n<p>Apesar disso, o boletim da Fiocruz observa que a capital fluminense apresenta sinal de crescimento na tend\u00eancia de curto prazo (\u00faltimas tr\u00eas semanas).<\/p>\n\n\n\n<p>Em rela\u00e7\u00e3o \u00e0 capital baiana, por conta da diferen\u00e7a significativa entre o quadro apresentado pelos dados da capital em rela\u00e7\u00e3o ao das macrorregi\u00f5es de sa\u00fade do entorno, os pesquisadores sugerem cautela em rela\u00e7\u00e3o aos dados atuais e revis\u00e3o dos registros para confirma\u00e7\u00e3o do cen\u00e1rio.<\/p>\n\n\n\n<p>O coordenador do InfoGripe, Marcelo Gomes, destacou que, &#8220;praticamente todos os estados apresentaram sinal de crescimento anterior \u00e0s SE 52 de 2021 (26\/12\/2021 a 1\/1\/2022) e SE 1 de 2022 (de 2 a 8 de janeiro)\u201d.<\/p>\n\n\n\n<p>Para o coordenador, os dados deixam claro que tal cen\u00e1rio \u00e9 ainda anterior \u00e0s celebra\u00e7\u00f5es de final de ano: &#8220;no Rio de Janeiro, onde a houve dist\u00e2ncia maior entre o in\u00edcio da epidemia de Influenza e a retomada do crescimento da covid-19, que levou a uma oscila\u00e7\u00e3o no n\u00famero de novos casos no m\u00eas de dezembro, observa-se que o crescimento da covid-19 j\u00e1 se sobrep\u00f5e \u00e0 queda nos casos associados \u00e0 gripe, fazendo com que os novos casos de SRAG mantenham sinal de crescimento&#8221;.<\/p>\n\n\n\n<p>Dentre os casos positivos em 2022, 22,6% s\u00e3o de Influenza A, 0,2% de Influenza B, 3,6% de v\u00edrus sincicial respirat\u00f3rio (VSR), e 64,4% de Sars-CoV-2 (covid-19). Nas quatro \u00faltimas semanas epidemiol\u00f3gicas, a preval\u00eancia entre os casos positivos foi de 40,1% de Influenza A, 0,5% de Influenza B, 5,6% para o v\u00edrus sincicial respirat\u00f3rio, e 47,3% para covid-19.<\/p>\n\n\n\n<h2 class=\"wp-block-heading\">SRAG<\/h2>\n\n\n\n<p>Com rela\u00e7\u00e3o ao ano epidemiol\u00f3gico de 2022, j\u00e1 foram notificados 11.477 casos de SRAG, sendo 3.259 (28,4%) com resultado laboratorial positivo para algum v\u00edrus respirat\u00f3rio, 3.117 (27,2%) negativos e, ao menos, 4.034 (35,1%) aguardando resultado laboratorial.<\/p>\n\n\n\n<p>Dentre os casos positivos do ano em curso, 26,1% s\u00e3o Influenza A, 0,3% refere-se ao v\u00edrus sincicial respirat\u00f3rio (VSR) e 71,6% ao Sars-CoV-2. N\u00e3o foram registrados casos de Influenza B. Nas quatro \u00faltimas semanas epidemiol\u00f3gicas, a preval\u00eancia entre os casos positivos foi de 41,4% para Influenza A, 2,3% para Influenza B, 0,8% do v\u00edrus sincicial respirat\u00f3rio (VSR) e 51,5% de covid-19.<\/p>\n\n\n\n<p>De acordo com os pesquisadores, o final do ano de 2021 foi marcado por uma epidemia de Influenza A em praticamente todo o territ\u00f3rio nacional, seguida de retomada do crescimento nos casos de SRAG associados \u00e0 covid-19 a partir da segunda quinzena do m\u00eas de dezembro.<\/p>\n\n\n\n<p>&#8212;&#8212;&#8212;&#8212;&#8212;&#8212;<br><em>Quer receber as not\u00edcias do <strong>Aconteceu no Vale<\/strong> em primeira m\u00e3o? Siga-nos no Facebook <a rel=\"noreferrer noopener\" href=\"http:\/\/facebook.com\/aconteceunovale\" target=\"_blank\">@aconteceunovale<\/a>, Twitter <a rel=\"noreferrer noopener\" href=\"https:\/\/twitter.com\/noticiadosvales\" target=\"_blank\">@noticiadosvales<\/a> e Instagram <a rel=\"noreferrer noopener\" href=\"https:\/\/www.instagram.com\/aconteceunovale\" target=\"_blank\">@aconteceunovale<\/a>.<\/em><\/p>\n","protected":false},"excerpt":{"rendered":"<p>O Boletim InfoGripe Fiocruz, divulgado ontem (21\/1\/2022) pela Funda\u00e7\u00e3o Oswaldo Cruz, aponta crescimento significativo de casos de S\u00edndrome Respirat\u00f3ria Aguda Grave (SRAG) tanto na tend\u00eancia de longo prazo, referente \u00e0s \u00faltimas seis semanas, como de curto prazo (\u00faltimas tr\u00eas semanas). O n\u00famero de novos casos de SRAG estimados para a Semana Epidemiol\u00f3gica (SE) 2, de [&hellip;]<\/p>\n","protected":false},"author":4,"featured_media":183961,"comment_status":"open","ping_status":"closed","sticky":false,"template":"","format":"standard","meta":{"amp_status":"","footnotes":""},"categories":[6,40242],"tags":[243438,257724,214884,216498,1018,24222,94947,227939,219312,219320,243436,243437,219321],"class_list":["post-186103","post","type-post","status-publish","format-standard","has-post-thumbnail","hentry","category-br","category-saude-2","tag-boletim-infogripe","tag-boletim-mostra-alta-em-casos-de-sindrome-respiratoria-aguda","tag-coronavirus","tag-covid-19","tag-destaque","tag-fiocruz","tag-fundacao-oswaldo-cruz","tag-infogripe","tag-sars-cov-2","tag-sindrome-respiratoria-aguda-grave","tag-sindrome-respiratoria-associada-a-covid-19","tag-sindrome-respiratoria-associada-ao-coronavirus","tag-srag"],"_links":{"self":[{"href":"https:\/\/aconteceunovale.com.br\/portal\/index.php?rest_route=\/wp\/v2\/posts\/186103","targetHints":{"allow":["GET"]}}],"collection":[{"href":"https:\/\/aconteceunovale.com.br\/portal\/index.php?rest_route=\/wp\/v2\/posts"}],"about":[{"href":"https:\/\/aconteceunovale.com.br\/portal\/index.php?rest_route=\/wp\/v2\/types\/post"}],"author":[{"embeddable":true,"href":"https:\/\/aconteceunovale.com.br\/portal\/index.php?rest_route=\/wp\/v2\/users\/4"}],"replies":[{"embeddable":true,"href":"https:\/\/aconteceunovale.com.br\/portal\/index.php?rest_route=%2Fwp%2Fv2%2Fcomments&post=186103"}],"version-history":[{"count":1,"href":"https:\/\/aconteceunovale.com.br\/portal\/index.php?rest_route=\/wp\/v2\/posts\/186103\/revisions"}],"predecessor-version":[{"id":186104,"href":"https:\/\/aconteceunovale.com.br\/portal\/index.php?rest_route=\/wp\/v2\/posts\/186103\/revisions\/186104"}],"wp:featuredmedia":[{"embeddable":true,"href":"https:\/\/aconteceunovale.com.br\/portal\/index.php?rest_route=\/wp\/v2\/media\/183961"}],"wp:attachment":[{"href":"https:\/\/aconteceunovale.com.br\/portal\/index.php?rest_route=%2Fwp%2Fv2%2Fmedia&parent=186103"}],"wp:term":[{"taxonomy":"category","embeddable":true,"href":"https:\/\/aconteceunovale.com.br\/portal\/index.php?rest_route=%2Fwp%2Fv2%2Fcategories&post=186103"},{"taxonomy":"post_tag","embeddable":true,"href":"https:\/\/aconteceunovale.com.br\/portal\/index.php?rest_route=%2Fwp%2Fv2%2Ftags&post=186103"}],"curies":[{"name":"wp","href":"https:\/\/api.w.org\/{rel}","templated":true}]}}