{"id":186098,"date":"2022-01-22T10:56:24","date_gmt":"2022-01-22T13:56:24","guid":{"rendered":"https:\/\/aconteceunovale.com.br\/portal\/?p=186098"},"modified":"2022-01-22T10:56:57","modified_gmt":"2022-01-22T13:56:57","slug":"coronavac-e-incluida-no-plano-de-vacinacao-para-criancas","status":"publish","type":"post","link":"https:\/\/aconteceunovale.com.br\/portal\/?p=186098","title":{"rendered":"CoronaVac \u00e9 inclu\u00edda no plano de vacina\u00e7\u00e3o para crian\u00e7as"},"content":{"rendered":"\n<p>O Minist\u00e9rio da Sa\u00fade anunciou nesta sexta-feira (21\/1\/2022) a inclus\u00e3o da vacina contra a covid-19 CoronaVac para crian\u00e7as e adolescentes de 6 a 17 anos pelo Plano Nacional de Operacionaliza\u00e7\u00e3o da Vacina\u00e7\u00e3o Contra a Covid-19. A pasta abriu negocia\u00e7\u00f5es com o Instituto Butantan, respons\u00e1vel pela produ\u00e7\u00e3o do imunizante, para a aquisi\u00e7\u00e3o de doses.<\/p>\n\n\n\n<p>A inclus\u00e3o ocorreu um dia ap\u00f3s a Ag\u00eancia Nacional de Vigil\u00e2ncia Sanit\u00e1ria (Anvisa) aprovar o uso da CoronaVac em pessoas de 6 a 17 anos. Foi o segundo imunizante pedi\u00e1trico autorizado pela ag\u00eancia. O primeiro foi o da Pfizer.<\/p>\n\n\n\n<p>Nesta sexta-feira, em Bras\u00edlia, o secret\u00e1rio executivo do Minist\u00e9rio da Sa\u00fade, Rodrigo Cruz, informou que a pasta oficiou o Instituto Butantan para saber qual o quantitativo dispon\u00edvel para uma poss\u00edvel compra. A institui\u00e7\u00e3o de pesquisa respondeu com a disponibilidade de sete milh\u00f5es de doses.<\/p>\n\n\n\n<p>No entanto, um contrato de compra ainda depende de um levantamento dos estados. Cruz declarou que o Minist\u00e9rio da Sa\u00fade vai sondar os estados, pois ainda h\u00e1 em estoques da pasta seis milh\u00f5es de doses, al\u00e9m de outros tr\u00eas milh\u00f5es em estoques de diferentes estados.<\/p>\n\n\n\n<p>\u201cA gente vai provocar os estados para que eles nos informem se querem receber CoronaVac ou Pfizer e quanto tem na rede estadual e municipal para que fa\u00e7amos distribui\u00e7\u00e3o mais equ\u00e2nime\u201d, disse o secret\u00e1rio executivo. Segundo Cruz, o processo deve ser conclu\u00eddo na pr\u00f3xima semana, a depender do levantamento dos estados.<\/p>\n\n\n\n<p>Em nota, o Instituto Butantan informou que pode ampliar a produ\u00e7\u00e3o para al\u00e9m dos sete milh\u00f5es, caso haja interesse por parte do Programa Nacional de Imuniza\u00e7\u00f5es.<\/p>\n\n\n\n<p>&#8212;&#8212;&#8212;&#8212;&#8212;&#8212;<br><em>Quer receber as not\u00edcias do <strong>Aconteceu no Vale<\/strong> em primeira m\u00e3o? Siga-nos no Facebook <a rel=\"noreferrer noopener\" href=\"http:\/\/facebook.com\/aconteceunovale\" target=\"_blank\">@aconteceunovale<\/a>, Twitter <a rel=\"noreferrer noopener\" href=\"https:\/\/twitter.com\/noticiadosvales\" target=\"_blank\">@noticiadosvales<\/a> e Instagram <a rel=\"noreferrer noopener\" href=\"https:\/\/www.instagram.com\/aconteceunovale\" target=\"_blank\">@aconteceunovale<\/a>.<\/em><\/p>\n","protected":false},"excerpt":{"rendered":"<p>O Minist\u00e9rio da Sa\u00fade anunciou nesta sexta-feira (21\/1\/2022) a inclus\u00e3o da vacina contra a covid-19 CoronaVac para crian\u00e7as e adolescentes de 6 a 17 anos pelo Plano Nacional de Operacionaliza\u00e7\u00e3o da Vacina\u00e7\u00e3o Contra a Covid-19. A pasta abriu negocia\u00e7\u00f5es com o Instituto Butantan, respons\u00e1vel pela produ\u00e7\u00e3o do imunizante, para a aquisi\u00e7\u00e3o de doses. A inclus\u00e3o [&hellip;]<\/p>\n","protected":false},"author":4,"featured_media":186099,"comment_status":"open","ping_status":"closed","sticky":false,"template":"","format":"standard","meta":{"amp_status":"","footnotes":""},"categories":[6,28848,40242],"tags":[248555,247890,2278,247889,249830,247892,247888,247891,223371,236554,248557,247886,247894,247893,247887,43376,248792,239762,19326,39755,134903,225780,249831,248794,248793,249832,247895,247896,248556,257670],"class_list":["post-186098","post","type-post","status-publish","format-standard","has-post-thumbnail","hentry","category-br","category-mundo","category-saude-2","tag-adolescentes-de-12-a-17-anos-serao-incluidos-na-vacinacao-contra-covid-19","tag-agencia-nacional-de-vigilancia-nacional","tag-anvisa","tag-anvisa-esclarece-sobre-aplicacao-de-vacinas-contra-covid-19-em-criancas-e-adolescentes","tag-anvisa-rejeita-uso-de-coronavac-para-criancas-e-adolescentes","tag-bula-da-comirnaty","tag-bula-da-vacina-contra-covid-19-da-pfizer-e-atualizada-com-indicacao-para-criancas","tag-bula-de-vacina-da-pfizer","tag-butantan","tag-comirnaty","tag-imunizacao-de-adolescentes-contra-covid-19","tag-inclusao-em-bula-da-indicacao-de-vacina-contra-covid-19-para-criancas-e-adolescentes","tag-indicacao-da-comirnaty-para-criancas-e-adolescentes","tag-indicacao-da-comirnaty-para-maiores-de-12-anos","tag-indicacao-para-criancas-e-adolescentes-e-incluida-na-bula-de-vacina-contra-covid-19-da-pfizer","tag-instituto-butantan","tag-instituto-butantan-pede-autorizacao-para-aplicar-coronavac-em-criancas-e-adolescentes","tag-marcelo-queiroga","tag-ministerio-da-saude","tag-pfizer","tag-pni","tag-sinovac","tag-terceira-dose-da-coronavac","tag-uso-da-coronavac-em-adolescentes","tag-uso-da-coronavac-em-criancas","tag-uso-de-terceira-dose-da-coronavac","tag-uso-de-vacina-da-pfizer-em-criancas-e-adolescentes","tag-uso-de-vacina-da-pfizer-em-maiores-de-12-anos","tag-vacinacao-de-adolescentes-contra-covid-19-no-brasil","tag-vacinacao-de-criancas-com-a-coronavac"],"_links":{"self":[{"href":"https:\/\/aconteceunovale.com.br\/portal\/index.php?rest_route=\/wp\/v2\/posts\/186098","targetHints":{"allow":["GET"]}}],"collection":[{"href":"https:\/\/aconteceunovale.com.br\/portal\/index.php?rest_route=\/wp\/v2\/posts"}],"about":[{"href":"https:\/\/aconteceunovale.com.br\/portal\/index.php?rest_route=\/wp\/v2\/types\/post"}],"author":[{"embeddable":true,"href":"https:\/\/aconteceunovale.com.br\/portal\/index.php?rest_route=\/wp\/v2\/users\/4"}],"replies":[{"embeddable":true,"href":"https:\/\/aconteceunovale.com.br\/portal\/index.php?rest_route=%2Fwp%2Fv2%2Fcomments&post=186098"}],"version-history":[{"count":1,"href":"https:\/\/aconteceunovale.com.br\/portal\/index.php?rest_route=\/wp\/v2\/posts\/186098\/revisions"}],"predecessor-version":[{"id":186100,"href":"https:\/\/aconteceunovale.com.br\/portal\/index.php?rest_route=\/wp\/v2\/posts\/186098\/revisions\/186100"}],"wp:featuredmedia":[{"embeddable":true,"href":"https:\/\/aconteceunovale.com.br\/portal\/index.php?rest_route=\/wp\/v2\/media\/186099"}],"wp:attachment":[{"href":"https:\/\/aconteceunovale.com.br\/portal\/index.php?rest_route=%2Fwp%2Fv2%2Fmedia&parent=186098"}],"wp:term":[{"taxonomy":"category","embeddable":true,"href":"https:\/\/aconteceunovale.com.br\/portal\/index.php?rest_route=%2Fwp%2Fv2%2Fcategories&post=186098"},{"taxonomy":"post_tag","embeddable":true,"href":"https:\/\/aconteceunovale.com.br\/portal\/index.php?rest_route=%2Fwp%2Fv2%2Ftags&post=186098"}],"curies":[{"name":"wp","href":"https:\/\/api.w.org\/{rel}","templated":true}]}}