{"id":186091,"date":"2022-01-22T10:42:06","date_gmt":"2022-01-22T13:42:06","guid":{"rendered":"https:\/\/aconteceunovale.com.br\/portal\/?p=186091"},"modified":"2022-01-22T10:42:49","modified_gmt":"2022-01-22T13:42:49","slug":"dividas-do-simples-poderao-ser-pagas-ou-renegociadas-ate-31-de-marco","status":"publish","type":"post","link":"https:\/\/aconteceunovale.com.br\/portal\/?p=186091","title":{"rendered":"D\u00edvidas do Simples poder\u00e3o ser pagas ou renegociadas at\u00e9 31 de mar\u00e7o"},"content":{"rendered":"\n<p>Os neg\u00f3cios de pequeno porte e os microempreendedores individuais (MEI) ganhar\u00e3o mais dois meses para regularizarem os d\u00e9bitos com o Simples Nacional \u2013 regime especial de tributa\u00e7\u00e3o para micro e pequenas empresas. O Comit\u00ea Gestor do programa aprovou nesta sexta-feira (21) o adiamento do prazo de 31 de janeiro para 31 de mar\u00e7o.<\/p>\n\n\n\n<p>A medida tinha sido anunciada na semana passada e foi oficializada ontem. A regulariza\u00e7\u00e3o dos d\u00e9bitos \u00e9 necess\u00e1ria para os micro e pequenos empres\u00e1rios e os profissionais aut\u00f4nomos continuarem no Simples Nacional. Em nota, a Receita Federal, que integra o Comit\u00ea Gestor, informou que a medida tem como objetivo ajudar os neg\u00f3cios afetados pela pandemia de covid-19.<\/p>\n\n\n\n<p>\u201cNeste momento de retomada da economia, a delibera\u00e7\u00e3o do Comit\u00ea Gestor do Simples Nacional visa propiciar aos contribuintes do Simples Nacional o f\u00f4lego necess\u00e1rio para que se reestruturem, regularizem suas pend\u00eancias e retomem o desenvolvimento econ\u00f4mico afetado devido \u00e0 pandemia da covid-19\u201d, destacou o comunicado.<\/p>\n\n\n\n<p>Apesar da prorroga\u00e7\u00e3o para o pagamento ou a renegocia\u00e7\u00e3o de d\u00edvidas, o prazo de ades\u00e3o ao Simples Nacional continua em 31 de janeiro. Segundo a Receita, essa data n\u00e3o pode ser prorrogada por estar estabelecida na&nbsp;<a href=\"http:\/\/www.planalto.gov.br\/ccivil_03\/leis\/lcp\/lcp123.htm\" target=\"_blank\" rel=\"noreferrer noopener\">Lei Complementar 123\/2006<\/a>, que criou o regime especial.<\/p>\n\n\n\n<p>Tradicionalmente, quem n\u00e3o pagou os d\u00e9bitos \u00e9 retirado do Simples Nacional em 1\u00ba de janeiro de cada ano. As empresas exclu\u00eddas, no entanto, t\u00eam at\u00e9 31 de janeiro para pedir o regresso ao Simples Nacional, desde que resolvam as pend\u00eancias at\u00e9 essa data.<\/p>\n\n\n\n<p>O processo de regulariza\u00e7\u00e3o deve ser feito por meio do Centro Virtual de Atendimento ao Contribuinte da Receita Federal (<a href=\"http:\/\/cav.receita.fazenda.gov.br\/autenticacao\/login\" target=\"_blank\" rel=\"noreferrer noopener\">e-CAC<\/a>), requerendo certificado digital ou c\u00f3digo de acesso. O devedor pode pagar \u00e0 vista, abater parte da d\u00edvida com cr\u00e9ditos tribut\u00e1rios (recursos que a empresa tem direito a receber do Fisco) ou parcelar os d\u00e9bitos em at\u00e9 cinco anos com o pagamento de juros e multa.<\/p>\n\n\n\n<h2 class=\"wp-block-heading\">Hist\u00f3rico<\/h2>\n\n\n\n<p>Essa \u00e9 a segunda medida tomada pelo governo para compensar o veto \u00e0 lei que criaria um programa especial de renegocia\u00e7\u00e3o para os contribuintes do Simples. No \u00faltimo dia (11), a Procuradoria-Geral da Fazenda Nacional criou\u00a0dois programas\u00a0para renegociar d\u00e9bitos do Simples inscritos na d\u00edvida ativa, quando o contribuinte \u00e9 negativado e passa a ser cobrado na Justi\u00e7a.<\/p>\n\n\n\n<p>No \u00faltimo dia 7, o presidente Jair Bolsonaro\u00a0vetou a renegocia\u00e7\u00e3o de d\u00edvidas\u00a0com o Simples Nacional. Na ocasi\u00e3o, o presidente alegou falta de medida de compensa\u00e7\u00e3o (eleva\u00e7\u00e3o de impostos ou corte de gastos) exigida pela Lei de Responsabilidade Fiscal e a proibi\u00e7\u00e3o de concess\u00e3o ou de vantagens em ano eleitoral.<\/p>\n\n\n\n<p>O projeto vetado beneficiaria 16 milh\u00f5es de micro e pequenas empresas e de microempreendedores individuais. As renegocia\u00e7\u00e3o da d\u00edvida ativa abranger\u00e1 um p\u00fablico menor: 1,8 milh\u00e3o de contribuintes, dos quais 1,64 s\u00e3o micro e pequenas empresas e 160 mil s\u00e3o MEI.<\/p>\n\n\n\n<p>Criado em 2007, o Simples Nacional \u00e9 um regime tribut\u00e1rio especial que re\u00fane o pagamento de seis tributos federais, al\u00e9m do Imposto sobre Circula\u00e7\u00e3o de Mercadorias e Servi\u00e7os (ICMS), cobrado por estados e pelo Distrito Federal, e do Imposto Sobre Servi\u00e7os (ISS), arrecadado pelos munic\u00edpios. Em vez de pagar uma al\u00edquota para cada tributo, o micro e pequeno empres\u00e1rio recolhe, numa \u00fanica guia, um percentual sobre o faturamento que \u00e9 repassado para os tr\u00eas n\u00edveis de governo. Somente as empresas que faturam at\u00e9 R$ 4,8 milh\u00f5es por ano podem optar pelo regime.<\/p>\n\n\n\n<p>&#8212;&#8212;&#8212;&#8212;&#8212;&#8212;<br><em>Quer receber as not\u00edcias do <strong>Aconteceu no Vale<\/strong> em primeira m\u00e3o? Siga-nos no Facebook <a rel=\"noreferrer noopener\" href=\"http:\/\/facebook.com\/aconteceunovale\" target=\"_blank\">@aconteceunovale<\/a>, Twitter <a rel=\"noreferrer noopener\" href=\"https:\/\/twitter.com\/noticiadosvales\" target=\"_blank\">@noticiadosvales<\/a> e Instagram <a rel=\"noreferrer noopener\" href=\"https:\/\/www.instagram.com\/aconteceunovale\" target=\"_blank\">@aconteceunovale<\/a>.<\/em><\/p>\n","protected":false},"excerpt":{"rendered":"<p>Os neg\u00f3cios de pequeno porte e os microempreendedores individuais (MEI) ganhar\u00e3o mais dois meses para regularizarem os d\u00e9bitos com o Simples Nacional \u2013 regime especial de tributa\u00e7\u00e3o para micro e pequenas empresas. O Comit\u00ea Gestor do programa aprovou nesta sexta-feira (21) o adiamento do prazo de 31 de janeiro para 31 de mar\u00e7o. A medida [&hellip;]<\/p>\n","protected":false},"author":4,"featured_media":155573,"comment_status":"open","ping_status":"closed","sticky":false,"template":"","format":"standard","meta":{"amp_status":"","footnotes":""},"categories":[6,40239],"tags":[1018,257710,142802,257711,28130],"class_list":["post-186091","post","type-post","status-publish","format-standard","has-post-thumbnail","hentry","category-br","category-economia-2","tag-destaque","tag-dividas-do-simples","tag-mei","tag-renegociacao-de-dividas-do-dividas-do-simples","tag-simples-nacional"],"_links":{"self":[{"href":"https:\/\/aconteceunovale.com.br\/portal\/index.php?rest_route=\/wp\/v2\/posts\/186091","targetHints":{"allow":["GET"]}}],"collection":[{"href":"https:\/\/aconteceunovale.com.br\/portal\/index.php?rest_route=\/wp\/v2\/posts"}],"about":[{"href":"https:\/\/aconteceunovale.com.br\/portal\/index.php?rest_route=\/wp\/v2\/types\/post"}],"author":[{"embeddable":true,"href":"https:\/\/aconteceunovale.com.br\/portal\/index.php?rest_route=\/wp\/v2\/users\/4"}],"replies":[{"embeddable":true,"href":"https:\/\/aconteceunovale.com.br\/portal\/index.php?rest_route=%2Fwp%2Fv2%2Fcomments&post=186091"}],"version-history":[{"count":1,"href":"https:\/\/aconteceunovale.com.br\/portal\/index.php?rest_route=\/wp\/v2\/posts\/186091\/revisions"}],"predecessor-version":[{"id":186092,"href":"https:\/\/aconteceunovale.com.br\/portal\/index.php?rest_route=\/wp\/v2\/posts\/186091\/revisions\/186092"}],"wp:featuredmedia":[{"embeddable":true,"href":"https:\/\/aconteceunovale.com.br\/portal\/index.php?rest_route=\/wp\/v2\/media\/155573"}],"wp:attachment":[{"href":"https:\/\/aconteceunovale.com.br\/portal\/index.php?rest_route=%2Fwp%2Fv2%2Fmedia&parent=186091"}],"wp:term":[{"taxonomy":"category","embeddable":true,"href":"https:\/\/aconteceunovale.com.br\/portal\/index.php?rest_route=%2Fwp%2Fv2%2Fcategories&post=186091"},{"taxonomy":"post_tag","embeddable":true,"href":"https:\/\/aconteceunovale.com.br\/portal\/index.php?rest_route=%2Fwp%2Fv2%2Ftags&post=186091"}],"curies":[{"name":"wp","href":"https:\/\/api.w.org\/{rel}","templated":true}]}}