{"id":186089,"date":"2022-01-22T10:37:36","date_gmt":"2022-01-22T13:37:36","guid":{"rendered":"https:\/\/aconteceunovale.com.br\/portal\/?p=186089"},"modified":"2022-01-22T10:37:50","modified_gmt":"2022-01-22T13:37:50","slug":"desfile-de-carnaval-e-adiado-para-o-feriado-de-tiradentes","status":"publish","type":"post","link":"https:\/\/aconteceunovale.com.br\/portal\/?p=186089","title":{"rendered":"Desfile de carnaval \u00e9 adiado para o feriado de Tiradentes"},"content":{"rendered":"\n<p>Os prefeitos do Rio de Janeiro, Eduardo Paes, e de S\u00e3o Paulo, Ricardo Nunes, decidiram em\u00a0reuni\u00e3o virtual nesta sexta-feira (21\/1\/2022)\u00a0adiar os desfiles das escolas de samba do carnaval nas duas cidades para o fim de semana do feriado de Tiradentes, em 21 de abril. A decis\u00e3o foi uma orienta\u00e7\u00e3o das secretarias de sa\u00fade das duas cidades e foi motivada pela\u00a0explos\u00e3o de\u00a0casos da covid-19 causados pela variante \u00d4micron.<\/p>\n\n\n\n<p>&#8220;A decis\u00e3o foi tomada em respeito ao atual quadro da pandemia de covid-19 no Brasil e \u00e0&nbsp;necessidade de, neste momento, preservar vidas e somar for\u00e7as para impulsionar a vacina\u00e7\u00e3o em todo o territ\u00f3rio nacional\u201d, diz nota conjunta das prefeituras. A reuni\u00e3o&nbsp;contou com a presen\u00e7a dos prefeitos, dos secret\u00e1rios de Sa\u00fade e das ligas de escolas de samba das duas capitais.<\/p>\n\n\n\n<p>No come\u00e7o do m\u00eas, as capitais j\u00e1 haviam cancelado os\u00a0blocos de rua\u00a0por causa do aumento de casos de covid-19.<\/p>\n\n\n\n<h2 class=\"wp-block-heading\">Escolas<\/h2>\n\n\n\n<p>Em nota divulgada&nbsp;ap\u00f3s a decis\u00e3o, a&nbsp;Liga Independente das Escolas de Samba do Rio&nbsp;de Janeiro&nbsp;(Liesa)&nbsp;diz que o adiamento era um dos cen\u00e1rios previstos.&nbsp;&#8220;Com a proximidade do evento, foi mais prudente adiar a festa, situa\u00e7\u00e3o alinhada com as autoridades sanit\u00e1rias estaduais e municipais&#8221;.<\/p>\n\n\n\n<p>A Liga Independente das Escolas de Samba de S\u00e3o Paulo disse em nota que reafirma o compromisso com as autoridades no combate \u00e0 pandemia.\u00a0&#8220;Acatamos, com a seguran\u00e7a de quem acredita na ci\u00eancia, a decis\u00e3o que vai priorizar o coletivo&#8221;.<\/p>\n\n\n\n<p>&#8212;&#8212;&#8212;&#8212;&#8212;&#8212;<br><em>Quer receber as not\u00edcias do <strong>Aconteceu no Vale<\/strong> em primeira m\u00e3o? Siga-nos no Facebook <a rel=\"noreferrer noopener\" href=\"http:\/\/facebook.com\/aconteceunovale\" target=\"_blank\">@aconteceunovale<\/a>, Twitter <a rel=\"noreferrer noopener\" href=\"https:\/\/twitter.com\/noticiadosvales\" target=\"_blank\">@noticiadosvales<\/a> e Instagram <a rel=\"noreferrer noopener\" href=\"https:\/\/www.instagram.com\/aconteceunovale\" target=\"_blank\">@aconteceunovale<\/a>.<\/em><\/p>\n","protected":false},"excerpt":{"rendered":"<p>Os prefeitos do Rio de Janeiro, Eduardo Paes, e de S\u00e3o Paulo, Ricardo Nunes, decidiram em\u00a0reuni\u00e3o virtual nesta sexta-feira (21\/1\/2022)\u00a0adiar os desfiles das escolas de samba do carnaval nas duas cidades para o fim de semana do feriado de Tiradentes, em 21 de abril. A decis\u00e3o foi uma orienta\u00e7\u00e3o das secretarias de sa\u00fade das duas [&hellip;]<\/p>\n","protected":false},"author":4,"featured_media":145269,"comment_status":"open","ping_status":"closed","sticky":false,"template":"","format":"standard","meta":{"amp_status":"","footnotes":""},"categories":[6,125],"tags":[256254,257706,257707,257705,257704,257708,257709,92108,196660,93703,1104,2382],"class_list":["post-186089","post","type-post","status-publish","format-standard","has-post-thumbnail","hentry","category-br","category-noticias","tag-carnaval-2022","tag-carnaval-em-sao-paulo","tag-carnaval-no-rio-de-janeiro","tag-desfile-de-carnaval","tag-desfile-de-carnaval-e-adiado-para-o-feriado-de-tiradentes","tag-desfile-de-carnaval-em-sao-paulo","tag-desfile-de-carnaval-no-rio-de-janeiro","tag-eduardo-paes","tag-liesa","tag-ricardo-nunes","tag-rio-de-janeiro","tag-sao-paulo"],"_links":{"self":[{"href":"https:\/\/aconteceunovale.com.br\/portal\/index.php?rest_route=\/wp\/v2\/posts\/186089","targetHints":{"allow":["GET"]}}],"collection":[{"href":"https:\/\/aconteceunovale.com.br\/portal\/index.php?rest_route=\/wp\/v2\/posts"}],"about":[{"href":"https:\/\/aconteceunovale.com.br\/portal\/index.php?rest_route=\/wp\/v2\/types\/post"}],"author":[{"embeddable":true,"href":"https:\/\/aconteceunovale.com.br\/portal\/index.php?rest_route=\/wp\/v2\/users\/4"}],"replies":[{"embeddable":true,"href":"https:\/\/aconteceunovale.com.br\/portal\/index.php?rest_route=%2Fwp%2Fv2%2Fcomments&post=186089"}],"version-history":[{"count":1,"href":"https:\/\/aconteceunovale.com.br\/portal\/index.php?rest_route=\/wp\/v2\/posts\/186089\/revisions"}],"predecessor-version":[{"id":186090,"href":"https:\/\/aconteceunovale.com.br\/portal\/index.php?rest_route=\/wp\/v2\/posts\/186089\/revisions\/186090"}],"wp:featuredmedia":[{"embeddable":true,"href":"https:\/\/aconteceunovale.com.br\/portal\/index.php?rest_route=\/wp\/v2\/media\/145269"}],"wp:attachment":[{"href":"https:\/\/aconteceunovale.com.br\/portal\/index.php?rest_route=%2Fwp%2Fv2%2Fmedia&parent=186089"}],"wp:term":[{"taxonomy":"category","embeddable":true,"href":"https:\/\/aconteceunovale.com.br\/portal\/index.php?rest_route=%2Fwp%2Fv2%2Fcategories&post=186089"},{"taxonomy":"post_tag","embeddable":true,"href":"https:\/\/aconteceunovale.com.br\/portal\/index.php?rest_route=%2Fwp%2Fv2%2Ftags&post=186089"}],"curies":[{"name":"wp","href":"https:\/\/api.w.org\/{rel}","templated":true}]}}