{"id":186067,"date":"2022-01-21T13:36:51","date_gmt":"2022-01-21T16:36:51","guid":{"rendered":"https:\/\/aconteceunovale.com.br\/portal\/?p=186067"},"modified":"2022-01-22T14:12:11","modified_gmt":"2022-01-22T17:12:11","slug":"ponte-entre-diamantina-e-couto-de-magalhaes-de-minas-sera-totalmente-interditada","status":"publish","type":"post","link":"https:\/\/aconteceunovale.com.br\/portal\/?p=186067","title":{"rendered":"Ponte entre Diamantina e Couto de Magalh\u00e3es de Minas ser\u00e1 totalmente interditada"},"content":{"rendered":"\n<p>A Assessoria de Comunica\u00e7\u00e3o da Sexta Companhia Independente de Bombeiros Militar informou, no in\u00edcio da tarde desta sexta-feira (21\/1\/2022), que o tr\u00e2nsito de ve\u00edculos ser\u00e1 totalmente interditado no km 564 da BR-367, entre Diamantina e Couto de Magalh\u00e3es de Minas, a partir das 8h da manh\u00e3 deste s\u00e1bado (22\/1). A circula\u00e7\u00e3o de ve\u00edculos pesados, como \u00f4nibus e caminh\u00f5es, j\u00e1 havia sido proibida no local, deste ontem (20\/1), com a confirma\u00e7\u00e3o de avaria em um dos pilares de sustenta\u00e7\u00e3o da ponte instalada sobre o Rio Jequitinhonha.<\/p>\n\n\n\n<figure class=\"wp-block-gallery aligncenter columns-1 is-cropped wp-block-gallery-1 is-layout-flex wp-block-gallery-is-layout-flex\"><ul class=\"blocks-gallery-grid\"><li class=\"blocks-gallery-item\"><figure><img loading=\"lazy\" decoding=\"async\" width=\"598\" height=\"450\" src=\"https:\/\/aconteceunovale.com.br\/portal\/wp-content\/uploads\/2022\/01\/ponte_mendanha_interditada_2.jpg\" alt=\"\" data-id=\"186069\" data-full-url=\"https:\/\/aconteceunovale.com.br\/portal\/wp-content\/uploads\/2022\/01\/ponte_mendanha_interditada_2.jpg\" data-link=\"https:\/\/aconteceunovale.com.br\/portal\/?attachment_id=186069\" class=\"wp-image-186069\" srcset=\"https:\/\/aconteceunovale.com.br\/portal\/wp-content\/uploads\/2022\/01\/ponte_mendanha_interditada_2.jpg 598w, https:\/\/aconteceunovale.com.br\/portal\/wp-content\/uploads\/2022\/01\/ponte_mendanha_interditada_2-300x226.jpg 300w, https:\/\/aconteceunovale.com.br\/portal\/wp-content\/uploads\/2022\/01\/ponte_mendanha_interditada_2-80x60.jpg 80w, https:\/\/aconteceunovale.com.br\/portal\/wp-content\/uploads\/2022\/01\/ponte_mendanha_interditada_2-265x198.jpg 265w, https:\/\/aconteceunovale.com.br\/portal\/wp-content\/uploads\/2022\/01\/ponte_mendanha_interditada_2-558x420.jpg 558w\" sizes=\"auto, (max-width: 598px) 100vw, 598px\" \/><figcaption class=\"blocks-gallery-item__caption\"> <em>Foto: Corpo de Bombeiros de Diamantina \/ Divulga\u00e7\u00e3o<\/em> <\/figcaption><\/figure><\/li><\/ul><\/figure>\n\n\n\n<p>De acordo com os bombeiros, ap\u00f3s vistoria realizada na manh\u00e3 de hoje, o engenheiro Wagner Ant\u00f4nio Gon\u00e7alves da Silva, profissional especialista em estruturas do Departamento de Estradas de Rodagem do Estado de Minas Gerais (DER-MG), definiu que a ponte sofrer\u00e1 interdi\u00e7\u00e3o total. Foi constatado deslocamento vertical e horizontal na funda\u00e7\u00e3o de um dos treze pilares existentes na estrutura.<\/p>\n\n\n\n<p>A ponte sobre o Rio Jequitinhonha foi constru\u00edda em 1.956 e possui 186 metros de comprimento. A estrutura, com oito metros de largura e composta por doze v\u00e3os, est\u00e1 localizada na BR-367, que \u00e9 um importante elo entre o Vale do Jequitinhonha e o Estado da Bahia, bem como a capital mineira, passando por Diamantina. No trecho em quest\u00e3o, por estar sob a responsabilidade do Governo de Minas, a rodovia tamb\u00e9m recebe o nome de MGC-367.<\/p>\n\n\n\n<p>O Corpo de Bombeiros tamb\u00e9m informou que a decis\u00e3o pela interdi\u00e7\u00e3o total da ponte \u00e9 uma a\u00e7\u00e3o preventiva e que medidas alternativas logo ser\u00e3o adotadas.<\/p>\n\n\n\n<h2 class=\"wp-block-heading\"><strong>Rotas alternativa<\/strong>s<\/h2>\n\n\n\n<ul class=\"wp-block-list\"><li>ROTA 01: seguir pela MGC-451, que vai para Olhos D\u2019\u00e1gua\/Bocai\u00fava, e depois pela rodovia BR-135 at\u00e9 Curvelo, de onde \u00e9 poss\u00edvel acessar a MGC-259 para Gouveia\/Diamantina, ou fazer o sentido contr\u00e1rio.<\/li><\/ul>\n\n\n\n<ul class=\"wp-block-list\"><li>ROTA 02 (para quem est\u00e1 na regi\u00e3o de Capelinha): seguir pela MGC-120 at\u00e9 Guanh\u00e3es, seguir pela MGC-259 at\u00e9 o trevo com a BR-367, de onde \u00e9 poss\u00edvel chegar a Diamantina, ou fazer o sentido contr\u00e1rio.<\/li><\/ul>\n\n\n\n<h2 class=\"wp-block-heading\"><strong>Fotos<\/strong><\/h2>\n\n\n\n<figure class=\"wp-block-gallery columns-1 is-cropped wp-block-gallery-2 is-layout-flex wp-block-gallery-is-layout-flex\"><ul class=\"blocks-gallery-grid\"><li class=\"blocks-gallery-item\"><figure><img loading=\"lazy\" decoding=\"async\" width=\"598\" height=\"450\" src=\"https:\/\/aconteceunovale.com.br\/portal\/wp-content\/uploads\/2022\/01\/ponte_mendanha_interditada_3.jpg\" alt=\"\" data-id=\"186068\" data-full-url=\"https:\/\/aconteceunovale.com.br\/portal\/wp-content\/uploads\/2022\/01\/ponte_mendanha_interditada_3.jpg\" data-link=\"https:\/\/aconteceunovale.com.br\/portal\/?attachment_id=186068\" class=\"wp-image-186068\" srcset=\"https:\/\/aconteceunovale.com.br\/portal\/wp-content\/uploads\/2022\/01\/ponte_mendanha_interditada_3.jpg 598w, https:\/\/aconteceunovale.com.br\/portal\/wp-content\/uploads\/2022\/01\/ponte_mendanha_interditada_3-300x226.jpg 300w, https:\/\/aconteceunovale.com.br\/portal\/wp-content\/uploads\/2022\/01\/ponte_mendanha_interditada_3-80x60.jpg 80w, https:\/\/aconteceunovale.com.br\/portal\/wp-content\/uploads\/2022\/01\/ponte_mendanha_interditada_3-265x198.jpg 265w, https:\/\/aconteceunovale.com.br\/portal\/wp-content\/uploads\/2022\/01\/ponte_mendanha_interditada_3-558x420.jpg 558w\" sizes=\"auto, (max-width: 598px) 100vw, 598px\" \/><figcaption class=\"blocks-gallery-item__caption\">  <em>Foto: Corpo de Bombeiros de Diamantina \/ Divulga\u00e7\u00e3o<\/em> <\/figcaption><\/figure><\/li><li class=\"blocks-gallery-item\"><figure><img loading=\"lazy\" decoding=\"async\" width=\"598\" height=\"450\" src=\"https:\/\/aconteceunovale.com.br\/portal\/wp-content\/uploads\/2022\/01\/ponte_mendanha_interditada_1.jpg\" alt=\"\" data-id=\"186070\" data-full-url=\"https:\/\/aconteceunovale.com.br\/portal\/wp-content\/uploads\/2022\/01\/ponte_mendanha_interditada_1.jpg\" data-link=\"https:\/\/aconteceunovale.com.br\/portal\/?attachment_id=186070\" class=\"wp-image-186070\" srcset=\"https:\/\/aconteceunovale.com.br\/portal\/wp-content\/uploads\/2022\/01\/ponte_mendanha_interditada_1.jpg 598w, https:\/\/aconteceunovale.com.br\/portal\/wp-content\/uploads\/2022\/01\/ponte_mendanha_interditada_1-300x226.jpg 300w, https:\/\/aconteceunovale.com.br\/portal\/wp-content\/uploads\/2022\/01\/ponte_mendanha_interditada_1-80x60.jpg 80w, https:\/\/aconteceunovale.com.br\/portal\/wp-content\/uploads\/2022\/01\/ponte_mendanha_interditada_1-265x198.jpg 265w, https:\/\/aconteceunovale.com.br\/portal\/wp-content\/uploads\/2022\/01\/ponte_mendanha_interditada_1-558x420.jpg 558w\" sizes=\"auto, (max-width: 598px) 100vw, 598px\" \/><figcaption class=\"blocks-gallery-item__caption\"> <em>Foto: Corpo de Bombeiros de Diamantina \/ Divulga\u00e7\u00e3o<\/em><\/figcaption><\/figure><\/li><li class=\"blocks-gallery-item\"><figure><img loading=\"lazy\" decoding=\"async\" width=\"600\" height=\"450\" src=\"https:\/\/aconteceunovale.com.br\/portal\/wp-content\/uploads\/2022\/01\/ponte_diamantina_9.jpg\" alt=\"\" data-id=\"186051\" data-full-url=\"https:\/\/aconteceunovale.com.br\/portal\/wp-content\/uploads\/2022\/01\/ponte_diamantina_9.jpg\" data-link=\"https:\/\/aconteceunovale.com.br\/portal\/?attachment_id=186051\" class=\"wp-image-186051\" srcset=\"https:\/\/aconteceunovale.com.br\/portal\/wp-content\/uploads\/2022\/01\/ponte_diamantina_9.jpg 600w, https:\/\/aconteceunovale.com.br\/portal\/wp-content\/uploads\/2022\/01\/ponte_diamantina_9-300x225.jpg 300w, https:\/\/aconteceunovale.com.br\/portal\/wp-content\/uploads\/2022\/01\/ponte_diamantina_9-80x60.jpg 80w, https:\/\/aconteceunovale.com.br\/portal\/wp-content\/uploads\/2022\/01\/ponte_diamantina_9-265x198.jpg 265w, https:\/\/aconteceunovale.com.br\/portal\/wp-content\/uploads\/2022\/01\/ponte_diamantina_9-560x420.jpg 560w\" sizes=\"auto, (max-width: 600px) 100vw, 600px\" \/><figcaption class=\"blocks-gallery-item__caption\"><em>Foto: Prefeitura Municipal Diamantina \/ Divulga\u00e7\u00e3o<\/em><\/figcaption><\/figure><\/li><li class=\"blocks-gallery-item\"><figure><img loading=\"lazy\" decoding=\"async\" width=\"600\" height=\"450\" src=\"https:\/\/aconteceunovale.com.br\/portal\/wp-content\/uploads\/2022\/01\/ponte_diamantina_8.jpg\" alt=\"\" data-id=\"186052\" data-full-url=\"https:\/\/aconteceunovale.com.br\/portal\/wp-content\/uploads\/2022\/01\/ponte_diamantina_8.jpg\" data-link=\"https:\/\/aconteceunovale.com.br\/portal\/?attachment_id=186052\" class=\"wp-image-186052\" srcset=\"https:\/\/aconteceunovale.com.br\/portal\/wp-content\/uploads\/2022\/01\/ponte_diamantina_8.jpg 600w, https:\/\/aconteceunovale.com.br\/portal\/wp-content\/uploads\/2022\/01\/ponte_diamantina_8-300x225.jpg 300w, https:\/\/aconteceunovale.com.br\/portal\/wp-content\/uploads\/2022\/01\/ponte_diamantina_8-80x60.jpg 80w, https:\/\/aconteceunovale.com.br\/portal\/wp-content\/uploads\/2022\/01\/ponte_diamantina_8-265x198.jpg 265w, https:\/\/aconteceunovale.com.br\/portal\/wp-content\/uploads\/2022\/01\/ponte_diamantina_8-560x420.jpg 560w\" sizes=\"auto, (max-width: 600px) 100vw, 600px\" \/><figcaption class=\"blocks-gallery-item__caption\"><em>Foto: Prefeitura Municipal Diamantina \/ Divulga\u00e7\u00e3o<\/em><\/figcaption><\/figure><\/li><li class=\"blocks-gallery-item\"><figure><img loading=\"lazy\" decoding=\"async\" width=\"600\" height=\"450\" src=\"https:\/\/aconteceunovale.com.br\/portal\/wp-content\/uploads\/2022\/01\/ponte_diamantina_7.jpg\" alt=\"\" data-id=\"186053\" data-full-url=\"https:\/\/aconteceunovale.com.br\/portal\/wp-content\/uploads\/2022\/01\/ponte_diamantina_7.jpg\" data-link=\"https:\/\/aconteceunovale.com.br\/portal\/?attachment_id=186053\" class=\"wp-image-186053\" srcset=\"https:\/\/aconteceunovale.com.br\/portal\/wp-content\/uploads\/2022\/01\/ponte_diamantina_7.jpg 600w, https:\/\/aconteceunovale.com.br\/portal\/wp-content\/uploads\/2022\/01\/ponte_diamantina_7-300x225.jpg 300w, https:\/\/aconteceunovale.com.br\/portal\/wp-content\/uploads\/2022\/01\/ponte_diamantina_7-80x60.jpg 80w, https:\/\/aconteceunovale.com.br\/portal\/wp-content\/uploads\/2022\/01\/ponte_diamantina_7-265x198.jpg 265w, https:\/\/aconteceunovale.com.br\/portal\/wp-content\/uploads\/2022\/01\/ponte_diamantina_7-560x420.jpg 560w\" sizes=\"auto, (max-width: 600px) 100vw, 600px\" \/><figcaption class=\"blocks-gallery-item__caption\"><em>Foto: Prefeitura Municipal Diamantina \/ Divulga\u00e7\u00e3o<\/em><\/figcaption><\/figure><\/li><li class=\"blocks-gallery-item\"><figure><img loading=\"lazy\" decoding=\"async\" width=\"600\" height=\"450\" src=\"https:\/\/aconteceunovale.com.br\/portal\/wp-content\/uploads\/2022\/01\/ponte_diamantina_6.jpg\" alt=\"\" data-id=\"186054\" data-full-url=\"https:\/\/aconteceunovale.com.br\/portal\/wp-content\/uploads\/2022\/01\/ponte_diamantina_6.jpg\" data-link=\"https:\/\/aconteceunovale.com.br\/portal\/?attachment_id=186054\" class=\"wp-image-186054\" srcset=\"https:\/\/aconteceunovale.com.br\/portal\/wp-content\/uploads\/2022\/01\/ponte_diamantina_6.jpg 600w, https:\/\/aconteceunovale.com.br\/portal\/wp-content\/uploads\/2022\/01\/ponte_diamantina_6-300x225.jpg 300w, https:\/\/aconteceunovale.com.br\/portal\/wp-content\/uploads\/2022\/01\/ponte_diamantina_6-80x60.jpg 80w, https:\/\/aconteceunovale.com.br\/portal\/wp-content\/uploads\/2022\/01\/ponte_diamantina_6-265x198.jpg 265w, https:\/\/aconteceunovale.com.br\/portal\/wp-content\/uploads\/2022\/01\/ponte_diamantina_6-560x420.jpg 560w\" sizes=\"auto, (max-width: 600px) 100vw, 600px\" \/><figcaption class=\"blocks-gallery-item__caption\"><em>Foto: Prefeitura Municipal Diamantina \/ Divulga\u00e7\u00e3o<\/em><\/figcaption><\/figure><\/li><li class=\"blocks-gallery-item\"><figure><img loading=\"lazy\" decoding=\"async\" width=\"600\" height=\"450\" src=\"https:\/\/aconteceunovale.com.br\/portal\/wp-content\/uploads\/2022\/01\/ponte_diamantina_5.jpg\" alt=\"\" data-id=\"186055\" data-full-url=\"https:\/\/aconteceunovale.com.br\/portal\/wp-content\/uploads\/2022\/01\/ponte_diamantina_5.jpg\" data-link=\"https:\/\/aconteceunovale.com.br\/portal\/?attachment_id=186055\" class=\"wp-image-186055\" srcset=\"https:\/\/aconteceunovale.com.br\/portal\/wp-content\/uploads\/2022\/01\/ponte_diamantina_5.jpg 600w, https:\/\/aconteceunovale.com.br\/portal\/wp-content\/uploads\/2022\/01\/ponte_diamantina_5-300x225.jpg 300w, https:\/\/aconteceunovale.com.br\/portal\/wp-content\/uploads\/2022\/01\/ponte_diamantina_5-80x60.jpg 80w, https:\/\/aconteceunovale.com.br\/portal\/wp-content\/uploads\/2022\/01\/ponte_diamantina_5-265x198.jpg 265w, https:\/\/aconteceunovale.com.br\/portal\/wp-content\/uploads\/2022\/01\/ponte_diamantina_5-560x420.jpg 560w\" sizes=\"auto, (max-width: 600px) 100vw, 600px\" \/><figcaption class=\"blocks-gallery-item__caption\"><em>Foto: Prefeitura Municipal Diamantina \/ Divulga\u00e7\u00e3o<\/em><\/figcaption><\/figure><\/li><li class=\"blocks-gallery-item\"><figure><img loading=\"lazy\" decoding=\"async\" width=\"600\" height=\"450\" src=\"https:\/\/aconteceunovale.com.br\/portal\/wp-content\/uploads\/2022\/01\/ponte_diamantina_4.jpg\" alt=\"\" data-id=\"186056\" data-full-url=\"https:\/\/aconteceunovale.com.br\/portal\/wp-content\/uploads\/2022\/01\/ponte_diamantina_4.jpg\" data-link=\"https:\/\/aconteceunovale.com.br\/portal\/?attachment_id=186056\" class=\"wp-image-186056\" srcset=\"https:\/\/aconteceunovale.com.br\/portal\/wp-content\/uploads\/2022\/01\/ponte_diamantina_4.jpg 600w, https:\/\/aconteceunovale.com.br\/portal\/wp-content\/uploads\/2022\/01\/ponte_diamantina_4-300x225.jpg 300w, https:\/\/aconteceunovale.com.br\/portal\/wp-content\/uploads\/2022\/01\/ponte_diamantina_4-80x60.jpg 80w, https:\/\/aconteceunovale.com.br\/portal\/wp-content\/uploads\/2022\/01\/ponte_diamantina_4-265x198.jpg 265w, https:\/\/aconteceunovale.com.br\/portal\/wp-content\/uploads\/2022\/01\/ponte_diamantina_4-560x420.jpg 560w\" sizes=\"auto, (max-width: 600px) 100vw, 600px\" \/><figcaption class=\"blocks-gallery-item__caption\"><em>Foto: Prefeitura Municipal Diamantina \/ Divulga\u00e7\u00e3o<\/em><\/figcaption><\/figure><\/li><li class=\"blocks-gallery-item\"><figure><img loading=\"lazy\" decoding=\"async\" width=\"600\" height=\"450\" src=\"https:\/\/aconteceunovale.com.br\/portal\/wp-content\/uploads\/2022\/01\/ponte_diamantina_3.jpg\" alt=\"\" data-id=\"186057\" data-full-url=\"https:\/\/aconteceunovale.com.br\/portal\/wp-content\/uploads\/2022\/01\/ponte_diamantina_3.jpg\" data-link=\"https:\/\/aconteceunovale.com.br\/portal\/?attachment_id=186057\" class=\"wp-image-186057\" srcset=\"https:\/\/aconteceunovale.com.br\/portal\/wp-content\/uploads\/2022\/01\/ponte_diamantina_3.jpg 600w, https:\/\/aconteceunovale.com.br\/portal\/wp-content\/uploads\/2022\/01\/ponte_diamantina_3-300x225.jpg 300w, https:\/\/aconteceunovale.com.br\/portal\/wp-content\/uploads\/2022\/01\/ponte_diamantina_3-80x60.jpg 80w, https:\/\/aconteceunovale.com.br\/portal\/wp-content\/uploads\/2022\/01\/ponte_diamantina_3-265x198.jpg 265w, https:\/\/aconteceunovale.com.br\/portal\/wp-content\/uploads\/2022\/01\/ponte_diamantina_3-560x420.jpg 560w\" sizes=\"auto, (max-width: 600px) 100vw, 600px\" \/><figcaption class=\"blocks-gallery-item__caption\"><em>Foto: Prefeitura Municipal Diamantina \/ Divulga\u00e7\u00e3o<\/em><\/figcaption><\/figure><\/li><li class=\"blocks-gallery-item\"><figure><img loading=\"lazy\" decoding=\"async\" width=\"600\" height=\"450\" src=\"https:\/\/aconteceunovale.com.br\/portal\/wp-content\/uploads\/2022\/01\/ponte_diamantina_2.jpg\" alt=\"\" data-id=\"186058\" data-full-url=\"https:\/\/aconteceunovale.com.br\/portal\/wp-content\/uploads\/2022\/01\/ponte_diamantina_2.jpg\" data-link=\"https:\/\/aconteceunovale.com.br\/portal\/?attachment_id=186058\" class=\"wp-image-186058\" srcset=\"https:\/\/aconteceunovale.com.br\/portal\/wp-content\/uploads\/2022\/01\/ponte_diamantina_2.jpg 600w, https:\/\/aconteceunovale.com.br\/portal\/wp-content\/uploads\/2022\/01\/ponte_diamantina_2-300x225.jpg 300w, https:\/\/aconteceunovale.com.br\/portal\/wp-content\/uploads\/2022\/01\/ponte_diamantina_2-80x60.jpg 80w, https:\/\/aconteceunovale.com.br\/portal\/wp-content\/uploads\/2022\/01\/ponte_diamantina_2-265x198.jpg 265w, https:\/\/aconteceunovale.com.br\/portal\/wp-content\/uploads\/2022\/01\/ponte_diamantina_2-560x420.jpg 560w\" sizes=\"auto, (max-width: 600px) 100vw, 600px\" \/><figcaption class=\"blocks-gallery-item__caption\"><em>Foto: Prefeitura Municipal Diamantina \/ Divulga\u00e7\u00e3o<\/em><\/figcaption><\/figure><\/li><li class=\"blocks-gallery-item\"><figure><img loading=\"lazy\" decoding=\"async\" width=\"600\" height=\"450\" src=\"https:\/\/aconteceunovale.com.br\/portal\/wp-content\/uploads\/2022\/01\/ponte_diamantina_1.jpg\" alt=\"\" data-id=\"186059\" data-full-url=\"https:\/\/aconteceunovale.com.br\/portal\/wp-content\/uploads\/2022\/01\/ponte_diamantina_1.jpg\" data-link=\"https:\/\/aconteceunovale.com.br\/portal\/?attachment_id=186059\" class=\"wp-image-186059\" srcset=\"https:\/\/aconteceunovale.com.br\/portal\/wp-content\/uploads\/2022\/01\/ponte_diamantina_1.jpg 600w, https:\/\/aconteceunovale.com.br\/portal\/wp-content\/uploads\/2022\/01\/ponte_diamantina_1-300x225.jpg 300w, https:\/\/aconteceunovale.com.br\/portal\/wp-content\/uploads\/2022\/01\/ponte_diamantina_1-80x60.jpg 80w, https:\/\/aconteceunovale.com.br\/portal\/wp-content\/uploads\/2022\/01\/ponte_diamantina_1-265x198.jpg 265w, https:\/\/aconteceunovale.com.br\/portal\/wp-content\/uploads\/2022\/01\/ponte_diamantina_1-560x420.jpg 560w\" sizes=\"auto, (max-width: 600px) 100vw, 600px\" \/><figcaption class=\"blocks-gallery-item__caption\"><em>Foto: Prefeitura Municipal Diamantina \/ Divulga\u00e7\u00e3o<\/em><\/figcaption><\/figure><\/li><\/ul><\/figure>\n\n\n\n<p>&#8212;&#8212;&#8212;&#8212;&#8212;&#8212;<br><em>Quer receber as not\u00edcias do <strong>Aconteceu no Vale<\/strong> em primeira m\u00e3o? Siga-nos no Facebook <a rel=\"noreferrer noopener\" href=\"http:\/\/facebook.com\/aconteceunovale\" target=\"_blank\">@aconteceunovale<\/a>, Twitter <a rel=\"noreferrer noopener\" href=\"https:\/\/twitter.com\/noticiadosvales\" target=\"_blank\">@noticiadosvales<\/a> e Instagram <a rel=\"noreferrer noopener\" href=\"https:\/\/www.instagram.com\/aconteceunovale\" target=\"_blank\">@aconteceunovale<\/a>.<\/em><\/p>\n","protected":false},"excerpt":{"rendered":"<p>A Assessoria de Comunica\u00e7\u00e3o da Sexta Companhia Independente de Bombeiros Militar informou, no in\u00edcio da tarde desta sexta-feira (21\/1\/2022), que o tr\u00e2nsito de ve\u00edculos ser\u00e1 totalmente interditado no km 564 da BR-367, entre Diamantina e Couto de Magalh\u00e3es de Minas, a partir das 8h da manh\u00e3 deste s\u00e1bado (22\/1). A circula\u00e7\u00e3o de ve\u00edculos pesados, como [&hellip;]<\/p>\n","protected":false},"author":4,"featured_media":186069,"comment_status":"open","ping_status":"closed","sticky":false,"template":"","format":"standard","meta":{"amp_status":"","footnotes":""},"categories":[120],"tags":[1018,198,257678,61522,34989,257675,257676,257686,257677,74921,61295,43344,257674,31299,232],"class_list":["post-186067","post","type-post","status-publish","format-standard","has-post-thumbnail","hentry","category-jequi","tag-destaque","tag-diamantina","tag-interdicao-de-ponte-em-diamantina","tag-interdicao-de-ponte-na-br-367","tag-mendanha","tag-ponte-em-diamantina","tag-ponte-em-mendanha","tag-ponte-entre-diamantina-e-couto-de-magalhaes-de-minas-sera-totalmente-interditada","tag-ponte-interditada-em-diamantina","tag-ponte-interditada-na-br-367","tag-ponte-na-br-367","tag-ponte-sobre-o-rio-jequitinhonha","tag-ponte-sobre-o-rio-jequitinhonha-e-liberada-para-veiculos-leves","tag-prefeitura-de-diamantina","tag-rio-jequitinhonha"],"_links":{"self":[{"href":"https:\/\/aconteceunovale.com.br\/portal\/index.php?rest_route=\/wp\/v2\/posts\/186067","targetHints":{"allow":["GET"]}}],"collection":[{"href":"https:\/\/aconteceunovale.com.br\/portal\/index.php?rest_route=\/wp\/v2\/posts"}],"about":[{"href":"https:\/\/aconteceunovale.com.br\/portal\/index.php?rest_route=\/wp\/v2\/types\/post"}],"author":[{"embeddable":true,"href":"https:\/\/aconteceunovale.com.br\/portal\/index.php?rest_route=\/wp\/v2\/users\/4"}],"replies":[{"embeddable":true,"href":"https:\/\/aconteceunovale.com.br\/portal\/index.php?rest_route=%2Fwp%2Fv2%2Fcomments&post=186067"}],"version-history":[{"count":4,"href":"https:\/\/aconteceunovale.com.br\/portal\/index.php?rest_route=\/wp\/v2\/posts\/186067\/revisions"}],"predecessor-version":[{"id":186126,"href":"https:\/\/aconteceunovale.com.br\/portal\/index.php?rest_route=\/wp\/v2\/posts\/186067\/revisions\/186126"}],"wp:featuredmedia":[{"embeddable":true,"href":"https:\/\/aconteceunovale.com.br\/portal\/index.php?rest_route=\/wp\/v2\/media\/186069"}],"wp:attachment":[{"href":"https:\/\/aconteceunovale.com.br\/portal\/index.php?rest_route=%2Fwp%2Fv2%2Fmedia&parent=186067"}],"wp:term":[{"taxonomy":"category","embeddable":true,"href":"https:\/\/aconteceunovale.com.br\/portal\/index.php?rest_route=%2Fwp%2Fv2%2Fcategories&post=186067"},{"taxonomy":"post_tag","embeddable":true,"href":"https:\/\/aconteceunovale.com.br\/portal\/index.php?rest_route=%2Fwp%2Fv2%2Ftags&post=186067"}],"curies":[{"name":"wp","href":"https:\/\/api.w.org\/{rel}","templated":true}]}}