{"id":186064,"date":"2022-01-21T09:27:06","date_gmt":"2022-01-21T12:27:06","guid":{"rendered":"https:\/\/aconteceunovale.com.br\/portal\/?p=186064"},"modified":"2022-01-21T09:28:54","modified_gmt":"2022-01-21T12:28:54","slug":"governo-federal-libera-mais-r-418-milhoes-para-rodovias-danificadas-pelas-chuvas-e-enchentes","status":"publish","type":"post","link":"https:\/\/aconteceunovale.com.br\/portal\/?p=186064","title":{"rendered":"Governo federal libera mais R$ 418 milh\u00f5es para rodovias danificadas pelas chuvas e enchentes"},"content":{"rendered":"\n<p>O presidente da Rep\u00fablica em exerc\u00edcio, Hamilton Mour\u00e3o, editou medida provis\u00f3ria (MP) nesta quinta-feira (20\/1\/2022) que abre cr\u00e9dito extraordin\u00e1rio no valor de R$ 418 milh\u00f5es para o Minist\u00e9rio da Infraestrutura. Os recursos ser\u00e3o usados a recupera\u00e7\u00e3o de rodovias atingidas pelas chuvas em 14 estados: Acre, Amazonas, Bahia, Esp\u00edrito Santo, Goi\u00e1s, Maranh\u00e3o, Minas Gerais, Mato Grosso, Par\u00e1, Piau\u00ed, Rio de Janeiro, Rond\u00f4nia, S\u00e3o Paulo e Tocantins.<\/p>\n\n\n\n<figure class=\"wp-block-gallery columns-1 is-cropped wp-block-gallery-1 is-layout-flex wp-block-gallery-is-layout-flex\"><ul class=\"blocks-gallery-grid\"><li class=\"blocks-gallery-item\"><figure><img loading=\"lazy\" decoding=\"async\" width=\"678\" height=\"406\" src=\"https:\/\/aconteceunovale.com.br\/portal\/wp-content\/uploads\/2022\/01\/estrada_danificada.jpg\" alt=\"\" data-id=\"186065\" data-full-url=\"https:\/\/aconteceunovale.com.br\/portal\/wp-content\/uploads\/2022\/01\/estrada_danificada.jpg\" data-link=\"https:\/\/aconteceunovale.com.br\/portal\/?attachment_id=186065\" class=\"wp-image-186065\" srcset=\"https:\/\/aconteceunovale.com.br\/portal\/wp-content\/uploads\/2022\/01\/estrada_danificada.jpg 678w, https:\/\/aconteceunovale.com.br\/portal\/wp-content\/uploads\/2022\/01\/estrada_danificada-300x180.jpg 300w\" sizes=\"auto, (max-width: 678px) 100vw, 678px\" \/><figcaption class=\"blocks-gallery-item__caption\"><em>Foto: Isac Nobrega\/PR<\/em><\/figcaption><\/figure><\/li><\/ul><\/figure>\n\n\n\n<p>No fim de dezembro, o governo federal\u00a0liberou R$ 200 milh\u00f5es\u00a0para a recupera\u00e7\u00e3o de rodovias em diversos estados, principalmente Bahia e Minas Gerais, que registram, at\u00e9 agora, a maior extens\u00e3o de estradas danificadas.\u00a0<\/p>\n\n\n\n<p>O pr\u00f3prio presidente Jair Bolsonaro, que est\u00e1 em\u00a0visita oficial ao Suriname, anunciou a libera\u00e7\u00e3o dos recursos durante sua\u00a0<em>live\u00a0<\/em>semanal, transmitida pelas redes sociais. De acordo com o ministro da Infraestrutura, Tarc\u00edsio Freitas, que tamb\u00e9m participou da live, o governo mapeou a maior parte das rodovias danificadas pelas chuvas e enchentes ocorridas nas \u00faltimas semanas.\u00a0<\/p>\n\n\n\n<p>&#8220;J\u00e1 mapeamos todas as situa\u00e7\u00f5es, temos contratos para a maioria dessas situa\u00e7\u00f5es. E aquelas que n\u00e3o temos [contrato] estamos na fase final para estabelecer essa contrata\u00e7\u00e3o. Alguns problemas s\u00e3o mais simples de resolver e v\u00e3o levar a\u00ed umas 48 horas, mas outros s\u00e3o mais complexos e podem levar algumas semanas&#8221;, disse o ministro.&nbsp;<\/p>\n\n\n\n<h2 class=\"wp-block-heading\">Desenvolvimento Regional<\/h2>\n\n\n\n<p>Outra medida provis\u00f3ria editada nesta quinta-feira abre cr\u00e9dito extraordin\u00e1rio de R$ 550 milh\u00f5es para a\u00e7\u00f5es do Minist\u00e9rio do Desenvolvimento Regional no enfrentamento das consequ\u00eancias das fortes chuvas e tamb\u00e9m no apoio a estados que vem sofrendo com a seca na Regi\u00e3o Sul do pa\u00eds.<\/p>\n\n\n\n<p>Segundo o governo federal, esse cr\u00e9dito vai atender despesas relacionadas a socorro, assist\u00eancia \u00e0s v\u00edtimas, fornecimento de \u00e1gua pot\u00e1vel, cestas b\u00e1sicas, material de higiene e limpeza, combust\u00edvel e dormit\u00f3rios e colch\u00f5es para os desabrigados. Tamb\u00e9m ser\u00e3o usados no apoio a\u00e9reo para o resgate da popula\u00e7\u00e3o atingida, transporte de medicamentos e equipamentos e restabelecimento de servi\u00e7os essenciais, tendo em vista que muitas \u00e1reas ainda est\u00e3o isoladas.<br>\u00a0\u00a0 \u00a0<br>J\u00e1 em rela\u00e7\u00e3o \u00e0 estiagem na Regi\u00e3o Sul, o cr\u00e9dito ser\u00e1 direcionado para a aquisi\u00e7\u00e3o de cestas b\u00e1sicas, loca\u00e7\u00e3o de carros-pipa, gastos com combust\u00edvel, entre outras medidas.<\/p>\n\n\n\n<p>&#8212;&#8212;&#8212;&#8212;&#8212;&#8212;<br><em>Quer receber as not\u00edcias do <strong>Aconteceu no Vale<\/strong> em primeira m\u00e3o? Siga-nos no Facebook <a rel=\"noreferrer noopener\" href=\"http:\/\/facebook.com\/aconteceunovale\" target=\"_blank\">@aconteceunovale<\/a>, Twitter <a rel=\"noreferrer noopener\" href=\"https:\/\/twitter.com\/noticiadosvales\" target=\"_blank\">@noticiadosvales<\/a> e Instagram <a rel=\"noreferrer noopener\" href=\"https:\/\/www.instagram.com\/aconteceunovale\" target=\"_blank\">@aconteceunovale<\/a>.<\/em><\/p>\n","protected":false},"excerpt":{"rendered":"<p>O presidente da Rep\u00fablica em exerc\u00edcio, Hamilton Mour\u00e3o, editou medida provis\u00f3ria (MP) nesta quinta-feira (20\/1\/2022) que abre cr\u00e9dito extraordin\u00e1rio no valor de R$ 418 milh\u00f5es para o Minist\u00e9rio da Infraestrutura. Os recursos ser\u00e3o usados a recupera\u00e7\u00e3o de rodovias atingidas pelas chuvas em 14 estados: Acre, Amazonas, Bahia, Esp\u00edrito Santo, Goi\u00e1s, Maranh\u00e3o, Minas Gerais, Mato Grosso, [&hellip;]<\/p>\n","protected":false},"author":4,"featured_media":186065,"comment_status":"open","ping_status":"closed","sticky":false,"template":"","format":"standard","meta":{"amp_status":"","footnotes":""},"categories":[6,40240],"tags":[20597,15952,2379,1018,4484,14426,169298,4610,257683,177538,26436,15365,59830,131,187714,187874,15362,21383,257685,257684,1104,20571,2382,1577],"class_list":["post-186064","post","type-post","status-publish","format-standard","has-post-thumbnail","hentry","category-br","category-politica-2","tag-acre","tag-amazonas","tag-bahia","tag-destaque","tag-espirito-santo","tag-goias","tag-governo-do-brasil","tag-governo-federal","tag-governo-federal-libera-mais-r-418-milhoes-para-rodovias-danificadas-pelas-chuvas-e-enchentes","tag-hamilton-mourao","tag-jair-bolsonaro","tag-maranhao","tag-mato-grosso","tag-minas-gerais","tag-ministerio-da-infraestrutura","tag-ministerio-do-desenvolvimento-regional","tag-para","tag-piaui","tag-recursos-para-estradas-atingidas-pelas-chuvas","tag-recursos-para-estradas-danificadas-pelas-chuvas","tag-rio-de-janeiro","tag-rondonia","tag-sao-paulo","tag-tocantins"],"_links":{"self":[{"href":"https:\/\/aconteceunovale.com.br\/portal\/index.php?rest_route=\/wp\/v2\/posts\/186064","targetHints":{"allow":["GET"]}}],"collection":[{"href":"https:\/\/aconteceunovale.com.br\/portal\/index.php?rest_route=\/wp\/v2\/posts"}],"about":[{"href":"https:\/\/aconteceunovale.com.br\/portal\/index.php?rest_route=\/wp\/v2\/types\/post"}],"author":[{"embeddable":true,"href":"https:\/\/aconteceunovale.com.br\/portal\/index.php?rest_route=\/wp\/v2\/users\/4"}],"replies":[{"embeddable":true,"href":"https:\/\/aconteceunovale.com.br\/portal\/index.php?rest_route=%2Fwp%2Fv2%2Fcomments&post=186064"}],"version-history":[{"count":1,"href":"https:\/\/aconteceunovale.com.br\/portal\/index.php?rest_route=\/wp\/v2\/posts\/186064\/revisions"}],"predecessor-version":[{"id":186066,"href":"https:\/\/aconteceunovale.com.br\/portal\/index.php?rest_route=\/wp\/v2\/posts\/186064\/revisions\/186066"}],"wp:featuredmedia":[{"embeddable":true,"href":"https:\/\/aconteceunovale.com.br\/portal\/index.php?rest_route=\/wp\/v2\/media\/186065"}],"wp:attachment":[{"href":"https:\/\/aconteceunovale.com.br\/portal\/index.php?rest_route=%2Fwp%2Fv2%2Fmedia&parent=186064"}],"wp:term":[{"taxonomy":"category","embeddable":true,"href":"https:\/\/aconteceunovale.com.br\/portal\/index.php?rest_route=%2Fwp%2Fv2%2Fcategories&post=186064"},{"taxonomy":"post_tag","embeddable":true,"href":"https:\/\/aconteceunovale.com.br\/portal\/index.php?rest_route=%2Fwp%2Fv2%2Ftags&post=186064"}],"curies":[{"name":"wp","href":"https:\/\/api.w.org\/{rel}","templated":true}]}}