{"id":186061,"date":"2022-01-21T09:22:23","date_gmt":"2022-01-21T12:22:23","guid":{"rendered":"https:\/\/aconteceunovale.com.br\/portal\/?p=186061"},"modified":"2022-01-21T09:23:06","modified_gmt":"2022-01-21T12:23:06","slug":"mae-do-presidente-jair-bolsonaro-morre-aos-94-anos","status":"publish","type":"post","link":"https:\/\/aconteceunovale.com.br\/portal\/?p=186061","title":{"rendered":"M\u00e3e do presidente Jair Bolsonaro morre aos 94 anos"},"content":{"rendered":"\n<p>A m\u00e3e do presidente Jair Bolsonaro, Olinda Bonturi Bolsonaro, morreu na madrugada desta sexta-feira (21\/1\/2022). Ela estava com 94 anos e morava em Eldorado, no interior do Estado de S\u00e3o Paulo.<\/p>\n\n\n\n<figure class=\"wp-block-gallery columns-1 is-cropped wp-block-gallery-1 is-layout-flex wp-block-gallery-is-layout-flex\"><ul class=\"blocks-gallery-grid\"><li class=\"blocks-gallery-item\"><figure><img loading=\"lazy\" decoding=\"async\" width=\"678\" height=\"406\" src=\"https:\/\/aconteceunovale.com.br\/portal\/wp-content\/uploads\/2022\/01\/mae_bolsonaro.jpg\" alt=\"\" data-id=\"186062\" data-full-url=\"https:\/\/aconteceunovale.com.br\/portal\/wp-content\/uploads\/2022\/01\/mae_bolsonaro.jpg\" data-link=\"https:\/\/aconteceunovale.com.br\/portal\/?attachment_id=186062\" class=\"wp-image-186062\" srcset=\"https:\/\/aconteceunovale.com.br\/portal\/wp-content\/uploads\/2022\/01\/mae_bolsonaro.jpg 678w, https:\/\/aconteceunovale.com.br\/portal\/wp-content\/uploads\/2022\/01\/mae_bolsonaro-300x180.jpg 300w\" sizes=\"auto, (max-width: 678px) 100vw, 678px\" \/><figcaption class=\"blocks-gallery-item__caption\"><em>Foto: Reprodu\u00e7\u00e3o \/ Redes Sociais<\/em><\/figcaption><\/figure><\/li><\/ul><\/figure>\n\n\n\n<p>O presidente, que est\u00e1 em viagem internacional ao Suriname e \u00e0 Guiana, informou\u00a0o falecimento da m\u00e3e\u00a0em suas redes sociais. <em>\u201cCom pesar, o passamento da minha querida m\u00e3e. Que Deus a acolha em sua infinita bondade. Neste momento, me preparo para retornar ao Brasil\u201d.<\/em><\/p>\n\n\n\n<p>Em postagem no Twitter, a ministra da Mulher, da Fam\u00edlia e dos Direitos Humanos, Damares Alves, disse que estava orando pelo presidente e sua fam\u00edlia. <em>\u201cOrando agora pelo nosso presidente e a fam\u00edlia. Dona Olinda Bolsonaro, a m\u00e3e que ele tanto amou e honrou, foi para o c\u00e9u. Que Deus console toda a fam\u00edlia. O senhor foi um filho extraordin\u00e1rio, presidente. For\u00e7a, Michelle! For\u00e7a, meninos! Descanse em paz dona Olinda!\u201d.<\/em><\/p>\n\n\n\n<p>Em nota, a\u00a0Secretaria Especial de Comunica\u00e7\u00e3o Social (Secom) apresentou condol\u00eancias pelo falecimento de dona Olinda.\u00a0A Secom <em>\u201cune-se \u00e0\u00a0toda a equipe de governo e aos brasileiros em condol\u00eancias e ora\u00e7\u00f5es pelo falecimento da senhora Olinda Bonturi Bolsonaro, m\u00e3e do presidente Jair Bolsonaro. Que Nosso Senhor acolha a alma de dona Olinda e ampare o senhor presidente da Rep\u00fablica e demais familiares\u201d.<\/em><\/p>\n\n\n\n<p>Quem tamb\u00e9m se manifestou pelas redes sociais foi o ministro da Sa\u00fade, Marcelo Queiroga. <em>&#8220;Registramos nosso sentimento de pesar ao presidente Jair Bolsonaro e familiares pelo falecimento da sra. Olinda Bonturi Bolsonaro, ap\u00f3s uma vida longa e feliz. Um exemplo a ser seguido por sua for\u00e7a e coragem\u201d<\/em>.<\/p>\n\n\n\n<p>&#8212;&#8212;&#8212;&#8212;&#8212;&#8212;<br><em>Quer receber as not\u00edcias do <strong>Aconteceu no Vale<\/strong> em primeira m\u00e3o? Siga-nos no Facebook <a rel=\"noreferrer noopener\" href=\"http:\/\/facebook.com\/aconteceunovale\" target=\"_blank\">@aconteceunovale<\/a>, Twitter <a rel=\"noreferrer noopener\" href=\"https:\/\/twitter.com\/noticiadosvales\" target=\"_blank\">@noticiadosvales<\/a> e Instagram <a rel=\"noreferrer noopener\" href=\"https:\/\/www.instagram.com\/aconteceunovale\" target=\"_blank\">@aconteceunovale<\/a>.<\/em><\/p>\n","protected":false},"excerpt":{"rendered":"<p>A m\u00e3e do presidente Jair Bolsonaro, Olinda Bonturi Bolsonaro, morreu na madrugada desta sexta-feira (21\/1\/2022). Ela estava com 94 anos e morava em Eldorado, no interior do Estado de S\u00e3o Paulo. O presidente, que est\u00e1 em viagem internacional ao Suriname e \u00e0 Guiana, informou\u00a0o falecimento da m\u00e3e\u00a0em suas redes sociais. \u201cCom pesar, o passamento da [&hellip;]<\/p>\n","protected":false},"author":4,"featured_media":186062,"comment_status":"open","ping_status":"closed","sticky":false,"template":"","format":"standard","meta":{"amp_status":"","footnotes":""},"categories":[6,40240],"tags":[1018,26436,257681,257679,257680,257682,174222],"class_list":["post-186061","post","type-post","status-publish","format-standard","has-post-thumbnail","hentry","category-br","category-politica-2","tag-destaque","tag-jair-bolsonaro","tag-mae-do-presidente-jair-bolsonaro","tag-mae-do-presidente-jair-bolsonaro-morre-aos-94-anos","tag-morre-a-mae-do-presidente-jair-bolsonaro","tag-olinda-bonturi-bolsonaro","tag-presidente-jair-bolsonaro"],"_links":{"self":[{"href":"https:\/\/aconteceunovale.com.br\/portal\/index.php?rest_route=\/wp\/v2\/posts\/186061","targetHints":{"allow":["GET"]}}],"collection":[{"href":"https:\/\/aconteceunovale.com.br\/portal\/index.php?rest_route=\/wp\/v2\/posts"}],"about":[{"href":"https:\/\/aconteceunovale.com.br\/portal\/index.php?rest_route=\/wp\/v2\/types\/post"}],"author":[{"embeddable":true,"href":"https:\/\/aconteceunovale.com.br\/portal\/index.php?rest_route=\/wp\/v2\/users\/4"}],"replies":[{"embeddable":true,"href":"https:\/\/aconteceunovale.com.br\/portal\/index.php?rest_route=%2Fwp%2Fv2%2Fcomments&post=186061"}],"version-history":[{"count":1,"href":"https:\/\/aconteceunovale.com.br\/portal\/index.php?rest_route=\/wp\/v2\/posts\/186061\/revisions"}],"predecessor-version":[{"id":186063,"href":"https:\/\/aconteceunovale.com.br\/portal\/index.php?rest_route=\/wp\/v2\/posts\/186061\/revisions\/186063"}],"wp:featuredmedia":[{"embeddable":true,"href":"https:\/\/aconteceunovale.com.br\/portal\/index.php?rest_route=\/wp\/v2\/media\/186062"}],"wp:attachment":[{"href":"https:\/\/aconteceunovale.com.br\/portal\/index.php?rest_route=%2Fwp%2Fv2%2Fmedia&parent=186061"}],"wp:term":[{"taxonomy":"category","embeddable":true,"href":"https:\/\/aconteceunovale.com.br\/portal\/index.php?rest_route=%2Fwp%2Fv2%2Fcategories&post=186061"},{"taxonomy":"post_tag","embeddable":true,"href":"https:\/\/aconteceunovale.com.br\/portal\/index.php?rest_route=%2Fwp%2Fv2%2Ftags&post=186061"}],"curies":[{"name":"wp","href":"https:\/\/api.w.org\/{rel}","templated":true}]}}