{"id":186050,"date":"2022-01-20T23:48:35","date_gmt":"2022-01-21T02:48:35","guid":{"rendered":"https:\/\/aconteceunovale.com.br\/portal\/?p=186050"},"modified":"2022-01-20T23:50:07","modified_gmt":"2022-01-21T02:50:07","slug":"apos-vistoria-de-emergencia-ponte-sobre-o-rio-jequitinhonha-e-liberada-para-veiculos-leves","status":"publish","type":"post","link":"https:\/\/aconteceunovale.com.br\/portal\/?p=186050","title":{"rendered":"Ap\u00f3s vistoria de emerg\u00eancia, ponte sobre o Rio Jequitinhonha \u00e9 liberada para ve\u00edculos leves"},"content":{"rendered":"\n<p>A Prefeitura Municipal de Diamantina (MG) informou, no final da tarde desta quinta-feira (20\/1\/2022), que a ponte instalada na BR-367, na altura do distrito de Mendanha, passou por uma vistoria de emerg\u00eancia e foi parcialmente liberada. Equipes da Defesa Civil, do Corpo de Bombeiros, da Pol\u00edcia Militar Rodovi\u00e1ria e do DER atuaram no local.<\/p>\n\n\n\n<p>Ap\u00f3s os trabalhos, segundo a prefeitura, tomou-se a decis\u00e3o conjunta de permitir apenas o tr\u00e2nsito de ve\u00edculos leves e viaturas sobre a referida ponte. A Administra\u00e7\u00e3o Municipal solicitou ao Governo do Estado, respons\u00e1vel pelo trecho da BR-367, uma vistoria minuciosa da estrutura e a emiss\u00e3o do laudo necess\u00e1rio.<\/p>\n\n\n\n<p>A ponte, constru\u00edda sobre o Rio Jequitinhonha, recebe diariamente um intenso tr\u00e1fego de ve\u00edculos, que circulam entre Diamantina e v\u00e1rios munic\u00edpios da regi\u00e3o. A rodovia tamb\u00e9m \u00e9 elo entre o Vale do Jequitinhonha e a Bahia, bem como a capital mineira.<\/p>\n\n\n\n<h2 class=\"wp-block-heading\">Fotos<\/h2>\n\n\n\n<figure class=\"wp-block-gallery columns-1 is-cropped wp-block-gallery-1 is-layout-flex wp-block-gallery-is-layout-flex\"><ul class=\"blocks-gallery-grid\"><li class=\"blocks-gallery-item\"><figure><img loading=\"lazy\" decoding=\"async\" width=\"600\" height=\"450\" src=\"https:\/\/aconteceunovale.com.br\/portal\/wp-content\/uploads\/2022\/01\/ponte_diamantina_9.jpg\" alt=\"\" data-id=\"186051\" data-full-url=\"https:\/\/aconteceunovale.com.br\/portal\/wp-content\/uploads\/2022\/01\/ponte_diamantina_9.jpg\" data-link=\"https:\/\/aconteceunovale.com.br\/portal\/?attachment_id=186051\" class=\"wp-image-186051\" srcset=\"https:\/\/aconteceunovale.com.br\/portal\/wp-content\/uploads\/2022\/01\/ponte_diamantina_9.jpg 600w, https:\/\/aconteceunovale.com.br\/portal\/wp-content\/uploads\/2022\/01\/ponte_diamantina_9-300x225.jpg 300w, https:\/\/aconteceunovale.com.br\/portal\/wp-content\/uploads\/2022\/01\/ponte_diamantina_9-80x60.jpg 80w, https:\/\/aconteceunovale.com.br\/portal\/wp-content\/uploads\/2022\/01\/ponte_diamantina_9-265x198.jpg 265w, https:\/\/aconteceunovale.com.br\/portal\/wp-content\/uploads\/2022\/01\/ponte_diamantina_9-560x420.jpg 560w\" sizes=\"auto, (max-width: 600px) 100vw, 600px\" \/><figcaption class=\"blocks-gallery-item__caption\"><em>Foto: Prefeitura Municipal Diamantina \/ Divulga\u00e7\u00e3o<\/em><\/figcaption><\/figure><\/li><li class=\"blocks-gallery-item\"><figure><img loading=\"lazy\" decoding=\"async\" width=\"600\" height=\"450\" src=\"https:\/\/aconteceunovale.com.br\/portal\/wp-content\/uploads\/2022\/01\/ponte_diamantina_8.jpg\" alt=\"\" data-id=\"186052\" data-full-url=\"https:\/\/aconteceunovale.com.br\/portal\/wp-content\/uploads\/2022\/01\/ponte_diamantina_8.jpg\" data-link=\"https:\/\/aconteceunovale.com.br\/portal\/?attachment_id=186052\" class=\"wp-image-186052\" srcset=\"https:\/\/aconteceunovale.com.br\/portal\/wp-content\/uploads\/2022\/01\/ponte_diamantina_8.jpg 600w, https:\/\/aconteceunovale.com.br\/portal\/wp-content\/uploads\/2022\/01\/ponte_diamantina_8-300x225.jpg 300w, https:\/\/aconteceunovale.com.br\/portal\/wp-content\/uploads\/2022\/01\/ponte_diamantina_8-80x60.jpg 80w, https:\/\/aconteceunovale.com.br\/portal\/wp-content\/uploads\/2022\/01\/ponte_diamantina_8-265x198.jpg 265w, https:\/\/aconteceunovale.com.br\/portal\/wp-content\/uploads\/2022\/01\/ponte_diamantina_8-560x420.jpg 560w\" sizes=\"auto, (max-width: 600px) 100vw, 600px\" \/><figcaption class=\"blocks-gallery-item__caption\"><em>Foto: Prefeitura Municipal Diamantina \/ Divulga\u00e7\u00e3o<\/em><\/figcaption><\/figure><\/li><li class=\"blocks-gallery-item\"><figure><img loading=\"lazy\" decoding=\"async\" width=\"600\" height=\"450\" src=\"https:\/\/aconteceunovale.com.br\/portal\/wp-content\/uploads\/2022\/01\/ponte_diamantina_7.jpg\" alt=\"\" data-id=\"186053\" data-full-url=\"https:\/\/aconteceunovale.com.br\/portal\/wp-content\/uploads\/2022\/01\/ponte_diamantina_7.jpg\" data-link=\"https:\/\/aconteceunovale.com.br\/portal\/?attachment_id=186053\" class=\"wp-image-186053\" srcset=\"https:\/\/aconteceunovale.com.br\/portal\/wp-content\/uploads\/2022\/01\/ponte_diamantina_7.jpg 600w, https:\/\/aconteceunovale.com.br\/portal\/wp-content\/uploads\/2022\/01\/ponte_diamantina_7-300x225.jpg 300w, https:\/\/aconteceunovale.com.br\/portal\/wp-content\/uploads\/2022\/01\/ponte_diamantina_7-80x60.jpg 80w, https:\/\/aconteceunovale.com.br\/portal\/wp-content\/uploads\/2022\/01\/ponte_diamantina_7-265x198.jpg 265w, https:\/\/aconteceunovale.com.br\/portal\/wp-content\/uploads\/2022\/01\/ponte_diamantina_7-560x420.jpg 560w\" sizes=\"auto, (max-width: 600px) 100vw, 600px\" \/><figcaption class=\"blocks-gallery-item__caption\"><em>Foto: Prefeitura Municipal Diamantina \/ Divulga\u00e7\u00e3o<\/em><\/figcaption><\/figure><\/li><li class=\"blocks-gallery-item\"><figure><img loading=\"lazy\" decoding=\"async\" width=\"600\" height=\"450\" src=\"https:\/\/aconteceunovale.com.br\/portal\/wp-content\/uploads\/2022\/01\/ponte_diamantina_6.jpg\" alt=\"\" data-id=\"186054\" data-full-url=\"https:\/\/aconteceunovale.com.br\/portal\/wp-content\/uploads\/2022\/01\/ponte_diamantina_6.jpg\" data-link=\"https:\/\/aconteceunovale.com.br\/portal\/?attachment_id=186054\" class=\"wp-image-186054\" srcset=\"https:\/\/aconteceunovale.com.br\/portal\/wp-content\/uploads\/2022\/01\/ponte_diamantina_6.jpg 600w, https:\/\/aconteceunovale.com.br\/portal\/wp-content\/uploads\/2022\/01\/ponte_diamantina_6-300x225.jpg 300w, https:\/\/aconteceunovale.com.br\/portal\/wp-content\/uploads\/2022\/01\/ponte_diamantina_6-80x60.jpg 80w, https:\/\/aconteceunovale.com.br\/portal\/wp-content\/uploads\/2022\/01\/ponte_diamantina_6-265x198.jpg 265w, https:\/\/aconteceunovale.com.br\/portal\/wp-content\/uploads\/2022\/01\/ponte_diamantina_6-560x420.jpg 560w\" sizes=\"auto, (max-width: 600px) 100vw, 600px\" \/><figcaption class=\"blocks-gallery-item__caption\"><em>Foto: Prefeitura Municipal Diamantina \/ Divulga\u00e7\u00e3o<\/em><\/figcaption><\/figure><\/li><li class=\"blocks-gallery-item\"><figure><img loading=\"lazy\" decoding=\"async\" width=\"600\" height=\"450\" src=\"https:\/\/aconteceunovale.com.br\/portal\/wp-content\/uploads\/2022\/01\/ponte_diamantina_5.jpg\" alt=\"\" data-id=\"186055\" data-full-url=\"https:\/\/aconteceunovale.com.br\/portal\/wp-content\/uploads\/2022\/01\/ponte_diamantina_5.jpg\" data-link=\"https:\/\/aconteceunovale.com.br\/portal\/?attachment_id=186055\" class=\"wp-image-186055\" srcset=\"https:\/\/aconteceunovale.com.br\/portal\/wp-content\/uploads\/2022\/01\/ponte_diamantina_5.jpg 600w, https:\/\/aconteceunovale.com.br\/portal\/wp-content\/uploads\/2022\/01\/ponte_diamantina_5-300x225.jpg 300w, https:\/\/aconteceunovale.com.br\/portal\/wp-content\/uploads\/2022\/01\/ponte_diamantina_5-80x60.jpg 80w, https:\/\/aconteceunovale.com.br\/portal\/wp-content\/uploads\/2022\/01\/ponte_diamantina_5-265x198.jpg 265w, https:\/\/aconteceunovale.com.br\/portal\/wp-content\/uploads\/2022\/01\/ponte_diamantina_5-560x420.jpg 560w\" sizes=\"auto, (max-width: 600px) 100vw, 600px\" \/><figcaption class=\"blocks-gallery-item__caption\"><em>Foto: Prefeitura Municipal Diamantina \/ Divulga\u00e7\u00e3o<\/em><\/figcaption><\/figure><\/li><li class=\"blocks-gallery-item\"><figure><img loading=\"lazy\" decoding=\"async\" width=\"600\" height=\"450\" src=\"https:\/\/aconteceunovale.com.br\/portal\/wp-content\/uploads\/2022\/01\/ponte_diamantina_4.jpg\" alt=\"\" data-id=\"186056\" data-full-url=\"https:\/\/aconteceunovale.com.br\/portal\/wp-content\/uploads\/2022\/01\/ponte_diamantina_4.jpg\" data-link=\"https:\/\/aconteceunovale.com.br\/portal\/?attachment_id=186056\" class=\"wp-image-186056\" srcset=\"https:\/\/aconteceunovale.com.br\/portal\/wp-content\/uploads\/2022\/01\/ponte_diamantina_4.jpg 600w, https:\/\/aconteceunovale.com.br\/portal\/wp-content\/uploads\/2022\/01\/ponte_diamantina_4-300x225.jpg 300w, https:\/\/aconteceunovale.com.br\/portal\/wp-content\/uploads\/2022\/01\/ponte_diamantina_4-80x60.jpg 80w, https:\/\/aconteceunovale.com.br\/portal\/wp-content\/uploads\/2022\/01\/ponte_diamantina_4-265x198.jpg 265w, https:\/\/aconteceunovale.com.br\/portal\/wp-content\/uploads\/2022\/01\/ponte_diamantina_4-560x420.jpg 560w\" sizes=\"auto, (max-width: 600px) 100vw, 600px\" \/><figcaption class=\"blocks-gallery-item__caption\"><em>Foto: Prefeitura Municipal Diamantina \/ Divulga\u00e7\u00e3o<\/em><\/figcaption><\/figure><\/li><li class=\"blocks-gallery-item\"><figure><img loading=\"lazy\" decoding=\"async\" width=\"600\" height=\"450\" src=\"https:\/\/aconteceunovale.com.br\/portal\/wp-content\/uploads\/2022\/01\/ponte_diamantina_3.jpg\" alt=\"\" data-id=\"186057\" data-full-url=\"https:\/\/aconteceunovale.com.br\/portal\/wp-content\/uploads\/2022\/01\/ponte_diamantina_3.jpg\" data-link=\"https:\/\/aconteceunovale.com.br\/portal\/?attachment_id=186057\" class=\"wp-image-186057\" srcset=\"https:\/\/aconteceunovale.com.br\/portal\/wp-content\/uploads\/2022\/01\/ponte_diamantina_3.jpg 600w, https:\/\/aconteceunovale.com.br\/portal\/wp-content\/uploads\/2022\/01\/ponte_diamantina_3-300x225.jpg 300w, https:\/\/aconteceunovale.com.br\/portal\/wp-content\/uploads\/2022\/01\/ponte_diamantina_3-80x60.jpg 80w, https:\/\/aconteceunovale.com.br\/portal\/wp-content\/uploads\/2022\/01\/ponte_diamantina_3-265x198.jpg 265w, https:\/\/aconteceunovale.com.br\/portal\/wp-content\/uploads\/2022\/01\/ponte_diamantina_3-560x420.jpg 560w\" sizes=\"auto, (max-width: 600px) 100vw, 600px\" \/><figcaption class=\"blocks-gallery-item__caption\"><em>Foto: Prefeitura Municipal Diamantina \/ Divulga\u00e7\u00e3o<\/em><\/figcaption><\/figure><\/li><li class=\"blocks-gallery-item\"><figure><img loading=\"lazy\" decoding=\"async\" width=\"600\" height=\"450\" src=\"https:\/\/aconteceunovale.com.br\/portal\/wp-content\/uploads\/2022\/01\/ponte_diamantina_2.jpg\" alt=\"\" data-id=\"186058\" data-full-url=\"https:\/\/aconteceunovale.com.br\/portal\/wp-content\/uploads\/2022\/01\/ponte_diamantina_2.jpg\" data-link=\"https:\/\/aconteceunovale.com.br\/portal\/?attachment_id=186058\" class=\"wp-image-186058\" srcset=\"https:\/\/aconteceunovale.com.br\/portal\/wp-content\/uploads\/2022\/01\/ponte_diamantina_2.jpg 600w, https:\/\/aconteceunovale.com.br\/portal\/wp-content\/uploads\/2022\/01\/ponte_diamantina_2-300x225.jpg 300w, https:\/\/aconteceunovale.com.br\/portal\/wp-content\/uploads\/2022\/01\/ponte_diamantina_2-80x60.jpg 80w, https:\/\/aconteceunovale.com.br\/portal\/wp-content\/uploads\/2022\/01\/ponte_diamantina_2-265x198.jpg 265w, https:\/\/aconteceunovale.com.br\/portal\/wp-content\/uploads\/2022\/01\/ponte_diamantina_2-560x420.jpg 560w\" sizes=\"auto, (max-width: 600px) 100vw, 600px\" \/><figcaption class=\"blocks-gallery-item__caption\"><em>Foto: Prefeitura Municipal Diamantina \/ Divulga\u00e7\u00e3o<\/em><\/figcaption><\/figure><\/li><li class=\"blocks-gallery-item\"><figure><img loading=\"lazy\" decoding=\"async\" width=\"600\" height=\"450\" src=\"https:\/\/aconteceunovale.com.br\/portal\/wp-content\/uploads\/2022\/01\/ponte_diamantina_1.jpg\" alt=\"\" data-id=\"186059\" data-full-url=\"https:\/\/aconteceunovale.com.br\/portal\/wp-content\/uploads\/2022\/01\/ponte_diamantina_1.jpg\" data-link=\"https:\/\/aconteceunovale.com.br\/portal\/?attachment_id=186059\" class=\"wp-image-186059\" srcset=\"https:\/\/aconteceunovale.com.br\/portal\/wp-content\/uploads\/2022\/01\/ponte_diamantina_1.jpg 600w, https:\/\/aconteceunovale.com.br\/portal\/wp-content\/uploads\/2022\/01\/ponte_diamantina_1-300x225.jpg 300w, https:\/\/aconteceunovale.com.br\/portal\/wp-content\/uploads\/2022\/01\/ponte_diamantina_1-80x60.jpg 80w, https:\/\/aconteceunovale.com.br\/portal\/wp-content\/uploads\/2022\/01\/ponte_diamantina_1-265x198.jpg 265w, https:\/\/aconteceunovale.com.br\/portal\/wp-content\/uploads\/2022\/01\/ponte_diamantina_1-560x420.jpg 560w\" sizes=\"auto, (max-width: 600px) 100vw, 600px\" \/><figcaption class=\"blocks-gallery-item__caption\"><em>Foto: Prefeitura Municipal Diamantina \/ Divulga\u00e7\u00e3o<\/em><\/figcaption><\/figure><\/li><\/ul><\/figure>\n\n\n\n<h2 class=\"wp-block-heading\"><strong>Pol\u00edcia Militar Rodovi\u00e1ria<\/strong><\/h2>\n\n\n\n<p>De acordo com nota da Pol\u00edcia Militar Rodovi\u00e1ria, a ponte localizada no km 564 da BR-367 sofreu avarias durante o per\u00edodo chuvoso e, por motivos de seguran\u00e7a, foi necess\u00e1rio interromper o tr\u00e2nsito de ve\u00edculos de carga no local.<\/p>\n\n\n\n<p>A corpora\u00e7\u00e3o informou que um t\u00e9cnico do DER, especialista em pontes, far\u00e1 uma an\u00e1lise da estrutura nesta sexta-feira (21\/1) e emitir\u00e1 um laudo com as devidas provid\u00eancias.<\/p>\n\n\n\n<p>&#8212;&#8212;&#8212;&#8212;&#8212;&#8212;<br><em>Quer receber as not\u00edcias do <strong>Aconteceu no Vale<\/strong> em primeira m\u00e3o? Siga-nos no Facebook <a rel=\"noreferrer noopener\" href=\"http:\/\/facebook.com\/aconteceunovale\" target=\"_blank\">@aconteceunovale<\/a>, Twitter <a rel=\"noreferrer noopener\" href=\"https:\/\/twitter.com\/noticiadosvales\" target=\"_blank\">@noticiadosvales<\/a> e Instagram <a rel=\"noreferrer noopener\" href=\"https:\/\/www.instagram.com\/aconteceunovale\" target=\"_blank\">@aconteceunovale<\/a>.<\/em><\/p>\n","protected":false},"excerpt":{"rendered":"<p>A Prefeitura Municipal de Diamantina (MG) informou, no final da tarde desta quinta-feira (20\/1\/2022), que a ponte instalada na BR-367, na altura do distrito de Mendanha, passou por uma vistoria de emerg\u00eancia e foi parcialmente liberada. Equipes da Defesa Civil, do Corpo de Bombeiros, da Pol\u00edcia Militar Rodovi\u00e1ria e do DER atuaram no local. Ap\u00f3s [&hellip;]<\/p>\n","protected":false},"author":4,"featured_media":186052,"comment_status":"open","ping_status":"closed","sticky":false,"template":"","format":"standard","meta":{"amp_status":"","footnotes":""},"categories":[120],"tags":[1018,198,257678,61522,34989,257675,257676,257677,74921,61295,43344,257674,31299,232],"class_list":["post-186050","post","type-post","status-publish","format-standard","has-post-thumbnail","hentry","category-jequi","tag-destaque","tag-diamantina","tag-interdicao-de-ponte-em-diamantina","tag-interdicao-de-ponte-na-br-367","tag-mendanha","tag-ponte-em-diamantina","tag-ponte-em-mendanha","tag-ponte-interditada-em-diamantina","tag-ponte-interditada-na-br-367","tag-ponte-na-br-367","tag-ponte-sobre-o-rio-jequitinhonha","tag-ponte-sobre-o-rio-jequitinhonha-e-liberada-para-veiculos-leves","tag-prefeitura-de-diamantina","tag-rio-jequitinhonha"],"_links":{"self":[{"href":"https:\/\/aconteceunovale.com.br\/portal\/index.php?rest_route=\/wp\/v2\/posts\/186050","targetHints":{"allow":["GET"]}}],"collection":[{"href":"https:\/\/aconteceunovale.com.br\/portal\/index.php?rest_route=\/wp\/v2\/posts"}],"about":[{"href":"https:\/\/aconteceunovale.com.br\/portal\/index.php?rest_route=\/wp\/v2\/types\/post"}],"author":[{"embeddable":true,"href":"https:\/\/aconteceunovale.com.br\/portal\/index.php?rest_route=\/wp\/v2\/users\/4"}],"replies":[{"embeddable":true,"href":"https:\/\/aconteceunovale.com.br\/portal\/index.php?rest_route=%2Fwp%2Fv2%2Fcomments&post=186050"}],"version-history":[{"count":1,"href":"https:\/\/aconteceunovale.com.br\/portal\/index.php?rest_route=\/wp\/v2\/posts\/186050\/revisions"}],"predecessor-version":[{"id":186060,"href":"https:\/\/aconteceunovale.com.br\/portal\/index.php?rest_route=\/wp\/v2\/posts\/186050\/revisions\/186060"}],"wp:featuredmedia":[{"embeddable":true,"href":"https:\/\/aconteceunovale.com.br\/portal\/index.php?rest_route=\/wp\/v2\/media\/186052"}],"wp:attachment":[{"href":"https:\/\/aconteceunovale.com.br\/portal\/index.php?rest_route=%2Fwp%2Fv2%2Fmedia&parent=186050"}],"wp:term":[{"taxonomy":"category","embeddable":true,"href":"https:\/\/aconteceunovale.com.br\/portal\/index.php?rest_route=%2Fwp%2Fv2%2Fcategories&post=186050"},{"taxonomy":"post_tag","embeddable":true,"href":"https:\/\/aconteceunovale.com.br\/portal\/index.php?rest_route=%2Fwp%2Fv2%2Ftags&post=186050"}],"curies":[{"name":"wp","href":"https:\/\/api.w.org\/{rel}","templated":true}]}}