{"id":186039,"date":"2022-01-20T20:31:07","date_gmt":"2022-01-20T23:31:07","guid":{"rendered":"https:\/\/aconteceunovale.com.br\/portal\/?p=186039"},"modified":"2022-01-20T20:31:26","modified_gmt":"2022-01-20T23:31:26","slug":"artistas-e-politicos-lamentam-morte-da-cantora-elza-soares","status":"publish","type":"post","link":"https:\/\/aconteceunovale.com.br\/portal\/?p=186039","title":{"rendered":"Artistas e pol\u00edticos lamentam morte da cantora Elza Soares"},"content":{"rendered":"\n<p>Poucos minutos depois da confirma\u00e7\u00e3o da\u00a0<a rel=\"noreferrer noopener\" href=\"https:\/\/aconteceunovale.com.br\/portal\/?p=186016\" target=\"_blank\">morte da cantora Elza Soares<\/a>, artistas, pol\u00edticos e an\u00f4nimos come\u00e7aram a manifestar sua tristeza e lamentar a partida daquela que est\u00e1 na hist\u00f3ria como uma das maiores cantoras do Brasil. Elza morreu\u00a0hoje\u00a0(20\/1\/2022), de causas naturais, aos 91 anos de idade. Coincidentemente, a cantora faleceu no dia em que se completa 39 anos da morte do seu ex-marido, o jogador de futebol Man\u00e9 Garrincha.<\/p>\n\n\n\n<figure class=\"wp-block-gallery columns-1 is-cropped wp-block-gallery-1 is-layout-flex wp-block-gallery-is-layout-flex\"><ul class=\"blocks-gallery-grid\"><li class=\"blocks-gallery-item\"><figure><img loading=\"lazy\" decoding=\"async\" width=\"678\" height=\"406\" src=\"https:\/\/aconteceunovale.com.br\/portal\/wp-content\/uploads\/2022\/01\/elza_soares2.jpg\" alt=\"\" data-id=\"186040\" data-full-url=\"https:\/\/aconteceunovale.com.br\/portal\/wp-content\/uploads\/2022\/01\/elza_soares2.jpg\" data-link=\"https:\/\/aconteceunovale.com.br\/portal\/?attachment_id=186040\" class=\"wp-image-186040\" srcset=\"https:\/\/aconteceunovale.com.br\/portal\/wp-content\/uploads\/2022\/01\/elza_soares2.jpg 678w, https:\/\/aconteceunovale.com.br\/portal\/wp-content\/uploads\/2022\/01\/elza_soares2-300x180.jpg 300w\" sizes=\"auto, (max-width: 678px) 100vw, 678px\" \/><figcaption class=\"blocks-gallery-item__caption\"><em>Foto: Ricardo Moraes \/ via Ag\u00eancia Brasil<\/em><\/figcaption><\/figure><\/li><\/ul><\/figure>\n\n\n\n<p>A Mocidade Independente de Padre Miguel, escola de samba de cora\u00e7\u00e3o da cantora, anunciou luto de tr\u00eas dias. <em>\u201cEm nome do presidente Fl\u00e1vio Santos e do vice-presidente Luiz Claudio Ribeiro, a Mocidade Independente de Padre Miguel, profundamente consternada, anuncia luto de 3 dias em virtude do falecimento da nossa grande eterna deusa, Elza Soares. O ensaio do pr\u00f3ximo\u00a0s\u00e1bado\u00a0est\u00e1 cancelado\u201d,<\/em>\u00a0anunciou em nota oficial.\u00a0A Mocidade chegou a homenagear Elza em seu samba enredo no carnaval de 2020.<\/p>\n\n\n\n<p>A cantora Maria Rita chamou a morte de Elza de <em>\u201cperda facilmente estim\u00e1vel\u201d. \u201cUma perda facilmente estim\u00e1vel: descansa uma das maiores do nosso pa\u00eds, representante da resist\u00eancia e resili\u00eancia de seu povo.\u00a0Dona\u00a0Elza, miss\u00e3o cumprida!\u00a0E\u00a0agora come\u00e7a a nossa miss\u00e3o: celebr\u00e1-la sempre!\u00a0Que seja recebida em festa, essa incr\u00edvel mulher de Luz\u2026!\u201d.<\/em><\/p>\n\n\n\n<p>A sambista Leci Brand\u00e3o afirmou que Elza \u00e9 uma refer\u00eancia como artista e mulher. <em>\u201cQuanta tristeza! A nossa DIVA Elza Soares fez sua passagem\u00a0hoje. A Voz do Mil\u00eanio, Elza \u00e9 uma refer\u00eancia de mulher, artista e ser humano. Elza \u00e9 eterna! Eu agrade\u00e7o por sua passagem iluminada nesse mundo. Que Olorum a receba em festa&#8230;\u201d.<\/em><\/p>\n\n\n\n<p>J\u00e1 Caetano Veloso chamou Elza de <em>\u201cuma concentra\u00e7\u00e3o extraordin\u00e1ria de energia e talento no organismo da cultura brasileira\u201d.\u00a0Gal Costa postou o trecho de um show onde ela e Elza dividiram o palco e cantaram abra\u00e7adas. O rapper Mano Brown disse: \u201cA voz do mil\u00eanio, v\u00e1 em paz Elza Soares\u201d.<\/em><\/p>\n\n\n\n<p>Tamb\u00e9m rapper, Emicida agradeceu a Elza por sua contribui\u00e7\u00e3o neste mundo e postou uma foto sua com a cantora. <em>\u201cObrigado por ser imensa. E atrav\u00e9s da sua imensid\u00e3o ensinar que \u00e9 sempre tempo de brilhar! Obrigado pelo respeito, carinho e risadas. Cada encontro foi \u00fanico. Que a terra lhe seja leve Elza Soares. Que o universo receba com luz e festa a voz do mil\u00eanio!\u201d,<\/em>\u00a0disse.<\/p>\n\n\n\n<p>O m\u00fasico Lob\u00e3o, que conheceu Elza ainda na d\u00e9cada de 1980 e sempre mostrou carinho, admira\u00e7\u00e3o e amizade pela cantora em seus livros e entrevistas, tamb\u00e9m se manifestou nas redes sociais. <em>\u201cAcabo de receber uma not\u00edcia simplesmente devastadora: minha madrinha, minha amiga, uma das maiores cantoras do mundo, Elza Soares nos deixou\u00a0hoje\u201d.<\/em><\/p>\n\n\n\n<p>A atriz Ta\u00eds Ara\u00fajo, que interpretou Elza no cinema, tamb\u00e9m se manifestou. <em>\u201cDura na queda, nos ensinou a levantar a cabe\u00e7a a cada tombo e depois seguir\u201d,<\/em>\u00a0disse.<\/p>\n\n\n\n<p>O Flamengo, clube de cora\u00e7\u00e3o de Elza, tamb\u00e9m lamentou a morte da cantora nas redes sociais. O clube, em suas condol\u00eancias, lembrou a coincid\u00eancia nas datas da morte de Elza e Garrincha. <em>\u201cO Clube de Regatas do Flamengo lamenta profundamente a morte da magn\u00edfica cantora Elza Soares. Rubro-negra de cora\u00e7\u00e3o, ela nos deixa no mesmo dia em que o craque Garrincha, seu grande amor, se foi h\u00e1 39 anos\u201d.<\/em><\/p>\n\n\n\n<h2 class=\"wp-block-heading\">Pol\u00edticos tamb\u00e9m lamentam morte da cantora<\/h2>\n\n\n\n<p>O prefeito da cidade do Rio de Janeiro, Eduardo Paes, decretou luto oficial de tr\u00eas dias na capital fluminense. Em sua rede social prestou homenagem \u00e0 cantora <em>\u201cMulher! Guerreira! Elza vive!\u201d.<\/em><\/p>\n\n\n\n<p>O governador de S\u00e3o Paulo, Jo\u00e3o D\u00f3ria, tamb\u00e9m prestou sua solidariedade a todos que sofrem com a not\u00edcia. <em>\u201cCom a morte de Elza Soares, o Brasil perde uma mulher admir\u00e1vel. Elza era a voz do talento e do ritmo da m\u00fasica brasileira. Minha solidariedade aos familiares, amigos e f\u00e3s\u201d.<\/em><\/p>\n\n\n\n<p>Guilherme Boulos, pol\u00edtico do PSOL e candidato \u00e0 Presid\u00eancia da Rep\u00fablica em 2018 e ao governo de S\u00e3o Paulo em 2020, chamou Elza de <em>\u201cs\u00edntese de um pa\u00eds constru\u00eddo por mulheres negras e fortes\u201d. \u201cFez tudo e mais um pouco pela nossa m\u00fasica e nossa cultura. V\u00e1 em paz, gigante!\u201d.<\/em><\/p>\n\n\n\n<p>O deputado federal Marcelo Freixo (PSB-RJ) disse que <em>\u201cPerdemos\u00a0hoje\u00a0uma das maiores cantoras de todos os tempos, a voz de um Brasil que \u00e9 liberdade, pot\u00eancia e beleza. Descanse em paz, Elza Soares. Obrigado por tudo\u201d.<\/em><\/p>\n\n\n\n<p>O senador Randolfe Rodrigues (Rede-AP) tamb\u00e9m rendeu suas homenagens. <em>\u201cElza Soares leva consigo uma parte da nossa hist\u00f3ria. Uma parte imensa da cultura e da constru\u00e7\u00e3o do nosso povo. Foi atrav\u00e9s dela que brasileiros e brasileiras cantaram, dan\u00e7aram,\u00a0resistiram! \u00c9 triste, d\u00f3i. Mas no final das contas, ela ficar\u00e1 aqui, em n\u00f3s. Elza Soares\u00a0vive!\u201d,<\/em>\u00a0afirmou.<\/p>\n\n\n\n<p>&#8212;&#8212;&#8212;&#8212;&#8212;&#8212;<br><em>Quer receber as not\u00edcias do <strong>Aconteceu no Vale<\/strong> em primeira m\u00e3o? Siga-nos no Facebook <a rel=\"noreferrer noopener\" href=\"http:\/\/facebook.com\/aconteceunovale\" target=\"_blank\">@aconteceunovale<\/a>, Twitter <a rel=\"noreferrer noopener\" href=\"https:\/\/twitter.com\/noticiadosvales\" target=\"_blank\">@noticiadosvales<\/a> e Instagram <a rel=\"noreferrer noopener\" href=\"https:\/\/www.instagram.com\/aconteceunovale\" target=\"_blank\">@aconteceunovale<\/a>.<\/em><\/p>\n","protected":false},"excerpt":{"rendered":"<p>Poucos minutos depois da confirma\u00e7\u00e3o da\u00a0morte da cantora Elza Soares, artistas, pol\u00edticos e an\u00f4nimos come\u00e7aram a manifestar sua tristeza e lamentar a partida daquela que est\u00e1 na hist\u00f3ria como uma das maiores cantoras do Brasil. Elza morreu\u00a0hoje\u00a0(20\/1\/2022), de causas naturais, aos 91 anos de idade. Coincidentemente, a cantora faleceu no dia em que se completa [&hellip;]<\/p>\n","protected":false},"author":4,"featured_media":186040,"comment_status":"open","ping_status":"closed","sticky":false,"template":"","format":"standard","meta":{"amp_status":"","footnotes":""},"categories":[6],"tags":[257673,257652,257653,1018,257650,257654,257655,257649,257651,58317,1104,99860,257656],"class_list":["post-186039","post","type-post","status-publish","format-standard","has-post-thumbnail","hentry","category-br","tag-artistas-e-politicos-lamentam-morte-da-cantora-elza-soares","tag-cantora-elza-soares","tag-causa-da-morte-da-cantora-elza-soares","tag-destaque","tag-elza-soares","tag-manfe-garrincha","tag-moca-bonita","tag-morre-a-cantora-elza-soares","tag-morre-elza-soares","tag-rio","tag-rio-de-janeiro","tag-rj","tag-vila-vintem"],"_links":{"self":[{"href":"https:\/\/aconteceunovale.com.br\/portal\/index.php?rest_route=\/wp\/v2\/posts\/186039","targetHints":{"allow":["GET"]}}],"collection":[{"href":"https:\/\/aconteceunovale.com.br\/portal\/index.php?rest_route=\/wp\/v2\/posts"}],"about":[{"href":"https:\/\/aconteceunovale.com.br\/portal\/index.php?rest_route=\/wp\/v2\/types\/post"}],"author":[{"embeddable":true,"href":"https:\/\/aconteceunovale.com.br\/portal\/index.php?rest_route=\/wp\/v2\/users\/4"}],"replies":[{"embeddable":true,"href":"https:\/\/aconteceunovale.com.br\/portal\/index.php?rest_route=%2Fwp%2Fv2%2Fcomments&post=186039"}],"version-history":[{"count":1,"href":"https:\/\/aconteceunovale.com.br\/portal\/index.php?rest_route=\/wp\/v2\/posts\/186039\/revisions"}],"predecessor-version":[{"id":186041,"href":"https:\/\/aconteceunovale.com.br\/portal\/index.php?rest_route=\/wp\/v2\/posts\/186039\/revisions\/186041"}],"wp:featuredmedia":[{"embeddable":true,"href":"https:\/\/aconteceunovale.com.br\/portal\/index.php?rest_route=\/wp\/v2\/media\/186040"}],"wp:attachment":[{"href":"https:\/\/aconteceunovale.com.br\/portal\/index.php?rest_route=%2Fwp%2Fv2%2Fmedia&parent=186039"}],"wp:term":[{"taxonomy":"category","embeddable":true,"href":"https:\/\/aconteceunovale.com.br\/portal\/index.php?rest_route=%2Fwp%2Fv2%2Fcategories&post=186039"},{"taxonomy":"post_tag","embeddable":true,"href":"https:\/\/aconteceunovale.com.br\/portal\/index.php?rest_route=%2Fwp%2Fv2%2Ftags&post=186039"}],"curies":[{"name":"wp","href":"https:\/\/api.w.org\/{rel}","templated":true}]}}