{"id":186036,"date":"2022-01-20T20:23:35","date_gmt":"2022-01-20T23:23:35","guid":{"rendered":"https:\/\/aconteceunovale.com.br\/portal\/?p=186036"},"modified":"2022-01-20T20:24:48","modified_gmt":"2022-01-20T23:24:48","slug":"mortes-por-covid-19-no-brasil-chegam-a-6222-mil","status":"publish","type":"post","link":"https:\/\/aconteceunovale.com.br\/portal\/?p=186036","title":{"rendered":"Mortes por Covid-19 no Brasil chegam a 622,2 mil"},"content":{"rendered":"\n<p>O n\u00famero de mortes por covid-19 no Brasil chegou a 622.205. Em 24 horas, o pa\u00eds registrou mais 350 \u00f3bitos. Outros 3.089 s\u00e3o investigados por profissionais de sa\u00fade.<\/p>\n\n\n\n<p>A quantidade de pessoas que pegaram covid-19 ao longo da pandemia foi para 23.585.243. De ontem para hoje, foram confirmados 168.495 novos diagn\u00f3sticos da doen\u00e7a.<br><br>Ainda h\u00e1 1.111.116 casos em acompanhamento, de pessoas que tiveram o quadro de covid-19 confirmado. At\u00e9 esta quinta-feira, 21.851.922 pessoas tinham se recuperado da doen\u00e7a.<br><br>Os dados est\u00e3o no balan\u00e7o divulgado nesta noite pelo Minist\u00e9rio da Sa\u00fade. A atualiza\u00e7\u00e3o re\u00fane informa\u00e7\u00f5es sobre casos e mortes enviadas pelas secretarias estaduais de sa\u00fade.<\/p>\n\n\n\n<figure class=\"wp-block-gallery columns-1 is-cropped wp-block-gallery-1 is-layout-flex wp-block-gallery-is-layout-flex\"><ul class=\"blocks-gallery-grid\"><li class=\"blocks-gallery-item\"><figure><img loading=\"lazy\" decoding=\"async\" width=\"754\" height=\"424\" src=\"https:\/\/aconteceunovale.com.br\/portal\/wp-content\/uploads\/2022\/01\/covid_brasil_20jn.jpeg\" alt=\"\" data-id=\"186037\" data-full-url=\"https:\/\/aconteceunovale.com.br\/portal\/wp-content\/uploads\/2022\/01\/covid_brasil_20jn.jpeg\" data-link=\"https:\/\/aconteceunovale.com.br\/portal\/?attachment_id=186037\" class=\"wp-image-186037\" srcset=\"https:\/\/aconteceunovale.com.br\/portal\/wp-content\/uploads\/2022\/01\/covid_brasil_20jn.jpeg 754w, https:\/\/aconteceunovale.com.br\/portal\/wp-content\/uploads\/2022\/01\/covid_brasil_20jn-300x169.jpeg 300w, https:\/\/aconteceunovale.com.br\/portal\/wp-content\/uploads\/2022\/01\/covid_brasil_20jn-696x391.jpeg 696w, https:\/\/aconteceunovale.com.br\/portal\/wp-content\/uploads\/2022\/01\/covid_brasil_20jn-747x420.jpeg 747w\" sizes=\"auto, (max-width: 754px) 100vw, 754px\" \/><\/figure><\/li><\/ul><\/figure>\n\n\n\n<h2 class=\"wp-block-heading\">Estados<\/h2>\n\n\n\n<p>Segundo o balan\u00e7o do Minist\u00e9rio da Sa\u00fade, o estados com maior n\u00famero de mortes por covid-19 \u00e9 S\u00e3o Paulo (156.165), seguido por Rio de Janeiro (69.637), Minas Gerais (56.895), Paran\u00e1 (40.955) e Rio Grande do Sul (36.578).<br><br>J\u00e1 os estados com menos \u00f3bitos resultantes da doen\u00e7a s\u00e3o Acre (1.854), Amap\u00e1 (2.033), Roraima (2.084), Tocantins (3.980) e Sergipe (6.069).<\/p>\n\n\n\n<h2 class=\"wp-block-heading\">Vacina\u00e7\u00e3o<\/h2>\n\n\n\n<p>At\u00e9 esta quinta-feira, foram aplicados 343,3 milh\u00f5es de doses de vacina contra a covid-19, das quais 162,5 milh\u00f5es foram da primeira dose, 148,8 milh\u00f5es da segunda ou dose ou dose \u00fanica. A dose de refor\u00e7o j\u00e1 foi dada a 29,3 milh\u00f5es de pessoas.<\/p>\n\n\n\n<p>&#8212;&#8212;&#8212;&#8212;&#8212;&#8212;<br><em>Quer receber as not\u00edcias do <strong>Aconteceu no Vale<\/strong> em primeira m\u00e3o? Siga-nos no Facebook <a rel=\"noreferrer noopener\" href=\"http:\/\/facebook.com\/aconteceunovale\" target=\"_blank\">@aconteceunovale<\/a>, Twitter <a rel=\"noreferrer noopener\" href=\"https:\/\/twitter.com\/noticiadosvales\" target=\"_blank\">@noticiadosvales<\/a> e Instagram <a rel=\"noreferrer noopener\" href=\"https:\/\/www.instagram.com\/aconteceunovale\" target=\"_blank\">@aconteceunovale<\/a>.<\/em><\/p>\n","protected":false},"excerpt":{"rendered":"<p>O n\u00famero de mortes por covid-19 no Brasil chegou a 622.205. Em 24 horas, o pa\u00eds registrou mais 350 \u00f3bitos. Outros 3.089 s\u00e3o investigados por profissionais de sa\u00fade. A quantidade de pessoas que pegaram covid-19 ao longo da pandemia foi para 23.585.243. De ontem para hoje, foram confirmados 168.495 novos diagn\u00f3sticos da doen\u00e7a. Ainda h\u00e1 [&hellip;]<\/p>\n","protected":false},"author":4,"featured_media":186037,"comment_status":"open","ping_status":"closed","sticky":false,"template":"","format":"standard","meta":{"amp_status":"","footnotes":""},"categories":[6,40242],"tags":[248769,4785,249773,220477,250329,220660,219520,218049,218205,214884,215394,216498,218043,232361,251032,251332,24222,94947,246445,240267,240268,241817,249938,240269,250067,19326,220349,218044,218045,250541,215653,218206,219105,219104,218876,219519,140166,217692,224484,134903,241171,220478,220479,232360,248771,248770,239472,220944,220945],"class_list":["post-186036","post","type-post","status-publish","format-standard","has-post-thumbnail","hentry","category-br","category-saude-2","tag-40-milhoes-de-pessoas-ja-completaram-o-ciclo-de-vacinacao-contra-a-covid-19-no-brasil","tag-brasil","tag-brasil-atinge-50-milhoes-de-pessoas-com-vacinacao-completa-contra-covid-19","tag-brasil-bate-recorde-de-obitos-e-casos-confirmados-em-um-dia","tag-brasil-supera-580-mil-mortes-por-covid-19","tag-brasil-ultrapassa-marca-de-4-mil-obitos-por-covid-19","tag-casos-confirmados-e-obitos-no-brasil","tag-casos-de-coronavirus-no-brasil","tag-casos-de-covid-19-no-brasil","tag-coronavirus","tag-coronavirus-no-brasil","tag-covid-19","tag-covid-19-no-brasil","tag-covid-19-brasil-passa-dos-180-mil-obitos-desde-o-inicio-da-pandemia","tag-covid-19-brasil-passa-dos-21-milhoes-de-casos-acumulados","tag-covid-19-numero-de-casos-e-obitos-no-brasil-tem-maior-queda-em-2021","tag-fiocruz","tag-fundacao-oswaldo-cruz","tag-imunizacao-contra-covid-19-no-brasil","tag-media-de-mortes-diarias-por-covid-19-cresce-ha-um-mes","tag-media-de-mortes-diarias-por-covid-19-no-brasil","tag-media-de-obitos-por-covid-19-no-brasil-recua-pelo-terceiro-dia-consecutivo-segundo-a-fiocruz","tag-media-de-obitos-por-covid-19-no-brasil-tem-queda-de-32-em-um-mes","tag-media-movel-de-mortes-por-covid-19-no-brasil","tag-media-movel-de-mortes-por-covid-19-no-brasil-esta-abaixo-de-900-ha-14-dias","tag-ministerio-da-saude","tag-ministerio-da-saude-atualiza-numeros-do-coronavirus-no-brasil","tag-mortes-por-coronavirus-no-brasil","tag-mortes-por-covid-19-no-brasil","tag-mortes-por-covid-19-no-brasil-completam-dez-semanas-em-queda","tag-novo-coronavirus","tag-numero-de-casos-de-covid-19-confirmados-no-brasil","tag-numeros-da-covid-19-no-brasil","tag-numeros-do-coronavirus-no-brasil","tag-obitos-por-coronavirus-no-brasil","tag-obitos-por-covid-19-no-brasil","tag-pandemia","tag-pandemia-de-coronavirus","tag-pandemia-no-brasil","tag-pni","tag-programa-nacional-de-imunizacao","tag-recorde-de-obitos-por-coronavirus-no-brasil","tag-recorde-de-obitos-por-covid-19-no-brasil","tag-situacao-epidemiologica-da-covid-19-no-brasil-em-11-12-2020","tag-totalmente-imunizado-no-brasil","tag-vacinacao-completa-no-brasil","tag-vacinacao-contra-covid-19-no-brasil","tag-virus-vai-atingir-70-da-populacao","tag-virus-vai-atingir-70-da-populacao-diz-jair-bolsonaro"],"_links":{"self":[{"href":"https:\/\/aconteceunovale.com.br\/portal\/index.php?rest_route=\/wp\/v2\/posts\/186036","targetHints":{"allow":["GET"]}}],"collection":[{"href":"https:\/\/aconteceunovale.com.br\/portal\/index.php?rest_route=\/wp\/v2\/posts"}],"about":[{"href":"https:\/\/aconteceunovale.com.br\/portal\/index.php?rest_route=\/wp\/v2\/types\/post"}],"author":[{"embeddable":true,"href":"https:\/\/aconteceunovale.com.br\/portal\/index.php?rest_route=\/wp\/v2\/users\/4"}],"replies":[{"embeddable":true,"href":"https:\/\/aconteceunovale.com.br\/portal\/index.php?rest_route=%2Fwp%2Fv2%2Fcomments&post=186036"}],"version-history":[{"count":1,"href":"https:\/\/aconteceunovale.com.br\/portal\/index.php?rest_route=\/wp\/v2\/posts\/186036\/revisions"}],"predecessor-version":[{"id":186038,"href":"https:\/\/aconteceunovale.com.br\/portal\/index.php?rest_route=\/wp\/v2\/posts\/186036\/revisions\/186038"}],"wp:featuredmedia":[{"embeddable":true,"href":"https:\/\/aconteceunovale.com.br\/portal\/index.php?rest_route=\/wp\/v2\/media\/186037"}],"wp:attachment":[{"href":"https:\/\/aconteceunovale.com.br\/portal\/index.php?rest_route=%2Fwp%2Fv2%2Fmedia&parent=186036"}],"wp:term":[{"taxonomy":"category","embeddable":true,"href":"https:\/\/aconteceunovale.com.br\/portal\/index.php?rest_route=%2Fwp%2Fv2%2Fcategories&post=186036"},{"taxonomy":"post_tag","embeddable":true,"href":"https:\/\/aconteceunovale.com.br\/portal\/index.php?rest_route=%2Fwp%2Fv2%2Ftags&post=186036"}],"curies":[{"name":"wp","href":"https:\/\/api.w.org\/{rel}","templated":true}]}}