{"id":185869,"date":"2022-01-15T19:09:47","date_gmt":"2022-01-15T22:09:47","guid":{"rendered":"https:\/\/aconteceunovale.com.br\/portal\/?p=185869"},"modified":"2022-01-15T19:10:49","modified_gmt":"2022-01-15T22:10:49","slug":"acidente-deixa-tres-feridos-na-br-251","status":"publish","type":"post","link":"https:\/\/aconteceunovale.com.br\/portal\/?p=185869","title":{"rendered":"Acidente deixa tr\u00eas feridos na BR-251"},"content":{"rendered":"\n<p>Um capotamento deixou tr\u00eas pessoas feridas na BR-251, no munic\u00edpio de Curral de Dentro (MG), nessa sexta-feira (14\/1\/2022).<\/p>\n\n\n\n<figure class=\"wp-block-gallery columns-1 is-cropped wp-block-gallery-1 is-layout-flex wp-block-gallery-is-layout-flex\"><ul class=\"blocks-gallery-grid\"><li class=\"blocks-gallery-item\"><figure><img loading=\"lazy\" decoding=\"async\" width=\"678\" height=\"414\" src=\"https:\/\/aconteceunovale.com.br\/portal\/wp-content\/uploads\/2022\/01\/acidente_curral_de_dentro_1.jpeg\" alt=\"\" data-id=\"185870\" data-full-url=\"https:\/\/aconteceunovale.com.br\/portal\/wp-content\/uploads\/2022\/01\/acidente_curral_de_dentro_1.jpeg\" data-link=\"https:\/\/aconteceunovale.com.br\/portal\/?attachment_id=185870\" class=\"wp-image-185870\" srcset=\"https:\/\/aconteceunovale.com.br\/portal\/wp-content\/uploads\/2022\/01\/acidente_curral_de_dentro_1.jpeg 678w, https:\/\/aconteceunovale.com.br\/portal\/wp-content\/uploads\/2022\/01\/acidente_curral_de_dentro_1-300x183.jpeg 300w\" sizes=\"auto, (max-width: 678px) 100vw, 678px\" \/><figcaption class=\"blocks-gallery-item__caption\"><em>Foto: Divulga\u00e7\u00e3o \/ Samu<\/em><\/figcaption><\/figure><\/li><\/ul><\/figure>\n\n\n\n<p>Segundo as informa\u00e7\u00f5es da Assessoria de Comunica\u00e7\u00e3o do Samu Macro Norte, um homem, de 58 anos, apresentava ferimentos na cabe\u00e7a, prov\u00e1vel fratura no maxilar e dor intensa na regi\u00e3o cervical e t\u00f3rax; um adolescente, de 14, estava com suspeita de fratura de costela e clav\u00edcula e um menino, de nove anos, tinha ferimentos nos membros superiores e edemas na cabe\u00e7a.<\/p>\n\n\n\n<p>Uma socorrista do Samu, que seguia para assumir o plant\u00e3o na base de Curral de Dentro, viu a ambul\u00e2ncia e reconheceu os colegas que j\u00e1 estavam prestando atendimento \u00e0s v\u00edtimas. Ela parou e ajudou no socorro.<\/p>\n\n\n\n<p>\u201cGra\u00e7as a Deus foi a ajuda necess\u00e1ria, pois duas v\u00edtimas ainda estavam no ve\u00edculo gravemente feridas. Com muita dificuldade, mas com toda seguran\u00e7a, consegui entrar dentro do carro e retirar as v\u00edtimas que foram recebidas pelos colegas do lado de fora\u201d, contou a t\u00e9cnica em enfermagem \u00c1bia Santos, em nota divulgada pelo Samu.<\/p>\n\n\n\n<p>Os feridos foram imobilizados e transportados para o hospital de Taiobeiras. No percurso, outra unidade do Samu interceptou a ambul\u00e2ncia e terminou a condu\u00e7\u00e3o dos pacientes para a unidade hospitalar.<\/p>\n\n\n\n<p>&#8212;&#8212;&#8212;&#8212;&#8212;&#8212;<br><em>Quer receber as not\u00edcias do <strong>Aconteceu no Vale<\/strong> em primeira m\u00e3o? Siga-nos no Facebook <a rel=\"noreferrer noopener\" href=\"http:\/\/facebook.com\/aconteceunovale\" target=\"_blank\">@aconteceunovale<\/a>, Twitter <a rel=\"noreferrer noopener\" href=\"https:\/\/twitter.com\/noticiadosvales\" target=\"_blank\">@noticiadosvales<\/a> e Instagram <a rel=\"noreferrer noopener\" href=\"https:\/\/www.instagram.com\/aconteceunovale\" target=\"_blank\">@aconteceunovale<\/a>.<\/em><\/p>\n","protected":false},"excerpt":{"rendered":"<p>Um capotamento deixou tr\u00eas pessoas feridas na BR-251, no munic\u00edpio de Curral de Dentro (MG), nessa sexta-feira (14\/1\/2022). Segundo as informa\u00e7\u00f5es da Assessoria de Comunica\u00e7\u00e3o do Samu Macro Norte, um homem, de 58 anos, apresentava ferimentos na cabe\u00e7a, prov\u00e1vel fratura no maxilar e dor intensa na regi\u00e3o cervical e t\u00f3rax; um adolescente, de 14, estava [&hellip;]<\/p>\n","protected":false},"author":4,"featured_media":185871,"comment_status":"open","ping_status":"closed","sticky":false,"template":"","format":"standard","meta":{"amp_status":"","footnotes":""},"categories":[1236],"tags":[257437,257435,257436,257438,257439,206350,419],"class_list":["post-185869","post","type-post","status-publish","format-standard","has-post-thumbnail","hentry","category-norte_de_minas","tag-acidente-deixa-tres-feridos-em-curral-de-dentro","tag-acidente-deixa-tres-feridos-na-br-251","tag-acidente-deixa-tres-feridos-na-br-251-em-curral-de-dentro","tag-acidente-deixa-tres-feridos-no-norte-de-minas","tag-acidente-m-curral-de-dentro","tag-acidente-na-br-251-2","tag-taiobeiras"],"_links":{"self":[{"href":"https:\/\/aconteceunovale.com.br\/portal\/index.php?rest_route=\/wp\/v2\/posts\/185869","targetHints":{"allow":["GET"]}}],"collection":[{"href":"https:\/\/aconteceunovale.com.br\/portal\/index.php?rest_route=\/wp\/v2\/posts"}],"about":[{"href":"https:\/\/aconteceunovale.com.br\/portal\/index.php?rest_route=\/wp\/v2\/types\/post"}],"author":[{"embeddable":true,"href":"https:\/\/aconteceunovale.com.br\/portal\/index.php?rest_route=\/wp\/v2\/users\/4"}],"replies":[{"embeddable":true,"href":"https:\/\/aconteceunovale.com.br\/portal\/index.php?rest_route=%2Fwp%2Fv2%2Fcomments&post=185869"}],"version-history":[{"count":1,"href":"https:\/\/aconteceunovale.com.br\/portal\/index.php?rest_route=\/wp\/v2\/posts\/185869\/revisions"}],"predecessor-version":[{"id":185872,"href":"https:\/\/aconteceunovale.com.br\/portal\/index.php?rest_route=\/wp\/v2\/posts\/185869\/revisions\/185872"}],"wp:featuredmedia":[{"embeddable":true,"href":"https:\/\/aconteceunovale.com.br\/portal\/index.php?rest_route=\/wp\/v2\/media\/185871"}],"wp:attachment":[{"href":"https:\/\/aconteceunovale.com.br\/portal\/index.php?rest_route=%2Fwp%2Fv2%2Fmedia&parent=185869"}],"wp:term":[{"taxonomy":"category","embeddable":true,"href":"https:\/\/aconteceunovale.com.br\/portal\/index.php?rest_route=%2Fwp%2Fv2%2Fcategories&post=185869"},{"taxonomy":"post_tag","embeddable":true,"href":"https:\/\/aconteceunovale.com.br\/portal\/index.php?rest_route=%2Fwp%2Fv2%2Ftags&post=185869"}],"curies":[{"name":"wp","href":"https:\/\/api.w.org\/{rel}","templated":true}]}}