{"id":185860,"date":"2022-01-15T15:09:15","date_gmt":"2022-01-15T18:09:15","guid":{"rendered":"https:\/\/aconteceunovale.com.br\/portal\/?p=185860"},"modified":"2022-01-15T15:10:46","modified_gmt":"2022-01-15T18:10:46","slug":"presos-de-ponte-nova-e-rio-pardo-de-minas-trabalham-na-limpeza-das-cidades-castigadas-pelas-chuvas","status":"publish","type":"post","link":"https:\/\/aconteceunovale.com.br\/portal\/?p=185860","title":{"rendered":"Presos de Ponte Nova e Rio Pardo de Minas trabalham na limpeza das cidades castigadas pelas chuvas"},"content":{"rendered":"\n<p>Ap\u00f3s as fortes e frequentes chuvas que atingiram Minas Gerais, munic\u00edpios castigados pelos temporais come\u00e7am a se reerguer e limpar as vias. \u00c9 o caso de Ponte Nova e Rio Pardo de Minas, que t\u00eam contado com o apoio do\u00a0<a rel=\"noreferrer noopener\" href=\"http:\/\/www.depen.seguranca.mg.gov.br\/\" target=\"_blank\">Departamento Penitenci\u00e1rio de Minas Gerais (Depen-MG)<\/a>\u00a0nessa reconstru\u00e7\u00e3o. Presos que cumprem pena nas unidades prisionais dessas cidades receberam autoriza\u00e7\u00e3o judicial para sair dos pres\u00eddios e trabalharem na recupera\u00e7\u00e3o das \u00e1reas afetadas.<\/p>\n\n\n\n<figure class=\"wp-block-gallery columns-1 is-cropped wp-block-gallery-1 is-layout-flex wp-block-gallery-is-layout-flex\"><ul class=\"blocks-gallery-grid\"><li class=\"blocks-gallery-item\"><figure><img loading=\"lazy\" decoding=\"async\" width=\"678\" height=\"381\" src=\"https:\/\/aconteceunovale.com.br\/portal\/wp-content\/uploads\/2022\/01\/limpeza_ponte_nova_1.jpeg\" alt=\"\" data-id=\"185861\" data-full-url=\"https:\/\/aconteceunovale.com.br\/portal\/wp-content\/uploads\/2022\/01\/limpeza_ponte_nova_1.jpeg\" data-link=\"https:\/\/aconteceunovale.com.br\/portal\/?attachment_id=185861\" class=\"wp-image-185861\" srcset=\"https:\/\/aconteceunovale.com.br\/portal\/wp-content\/uploads\/2022\/01\/limpeza_ponte_nova_1.jpeg 678w, https:\/\/aconteceunovale.com.br\/portal\/wp-content\/uploads\/2022\/01\/limpeza_ponte_nova_1-300x169.jpeg 300w\" sizes=\"auto, (max-width: 678px) 100vw, 678px\" \/><figcaption class=\"blocks-gallery-item__caption\"><em>Ponte Nova &#8211; Foto: Depen-MG \/ Sejusp \/ Divulga\u00e7\u00e3o<\/em><\/figcaption><\/figure><\/li><\/ul><\/figure>\n\n\n\n<p>Em Ponte Nova, 11 custodiados do Complexo Penitenci\u00e1rio est\u00e3o limpando as ruas do munic\u00edpio, retirando a lama que veio junto com a inunda\u00e7\u00e3o do rio que corta a cidade e, assim, desobstruindo as vias do local. O trabalho \u00e9 coordenado pelas equipes de limpeza da prefeitura municipal.<\/p>\n\n\n\n<p>Segundo o diretor-geral do Complexo Penitenci\u00e1rio de Ponte Nova, M\u00e1rcio Alves, a parceria e apoio \u00e0 prefeitura existe h\u00e1 bastante tempo. <em>\u201cSabemos como \u00e9 eficiente a uni\u00e3o de for\u00e7as. Para n\u00f3s, \u00e9 motivo de grande satisfa\u00e7\u00e3o contribuir neste momento em que as fortes chuvas causaram grandes transtornos aos habitantes de Ponte Nova. O benef\u00edcio desta a\u00e7\u00e3o em conjunto vai al\u00e9m de contribuir com o direito de ir e vir do ponte-novense, \u00e9 tamb\u00e9m um meio de trilharmos o caminho da ressocializa\u00e7\u00e3o, filosofia do sistema prisional\u201d.<\/em><\/p>\n\n\n\n<p>No Norte do estado, em Rio Pardo de Minas, dez detentos do pres\u00eddio foram empenhados em uma for\u00e7a-tarefa para limpeza, recapeamento e manuten\u00e7\u00e3o de locais afetados pelas enxurradas no munic\u00edpio.&nbsp; A autoriza\u00e7\u00e3o para sa\u00edda e trabalho dos presos foi articulada entre a unidade prisional, Poder Judici\u00e1rio, prefeitura municipal e Minist\u00e9rio P\u00fablico. A a\u00e7\u00e3o tamb\u00e9m conta com o apoio dos policiais penais do Pres\u00eddio de Taiobeiras, que est\u00e3o atuando nos procedimentos de escoltas dos custodiados durante a realiza\u00e7\u00e3o dos trabalhos.<\/p>\n\n\n\n<p>Para o diretor do Pres\u00eddio de Rio Pardo de Minas, Ronivon Costa Teixeira, \u00e9 de grande import\u00e2ncia que a unidade prisional possa contribuir de alguma forma com a recupera\u00e7\u00e3o da cidade. <em>\u201cA parceria firmada trar\u00e1 muitos benef\u00edcios para todos os envolvidos, pois ir\u00e1 proporcionar a ressocializa\u00e7\u00e3o, profissionaliza\u00e7\u00e3o e qualifica\u00e7\u00e3o de presos, bem como trar\u00e1 melhorias ao munic\u00edpio\u201d.<\/em><\/p>\n\n\n\n<figure class=\"wp-block-gallery columns-1 is-cropped wp-block-gallery-2 is-layout-flex wp-block-gallery-is-layout-flex\"><ul class=\"blocks-gallery-grid\"><li class=\"blocks-gallery-item\"><figure><img loading=\"lazy\" decoding=\"async\" width=\"678\" height=\"422\" src=\"https:\/\/aconteceunovale.com.br\/portal\/wp-content\/uploads\/2022\/01\/limpeza_rio_pardo_de_minas_1.jpeg\" alt=\"\" data-id=\"185862\" data-full-url=\"https:\/\/aconteceunovale.com.br\/portal\/wp-content\/uploads\/2022\/01\/limpeza_rio_pardo_de_minas_1.jpeg\" data-link=\"https:\/\/aconteceunovale.com.br\/portal\/?attachment_id=185862\" class=\"wp-image-185862\" srcset=\"https:\/\/aconteceunovale.com.br\/portal\/wp-content\/uploads\/2022\/01\/limpeza_rio_pardo_de_minas_1.jpeg 678w, https:\/\/aconteceunovale.com.br\/portal\/wp-content\/uploads\/2022\/01\/limpeza_rio_pardo_de_minas_1-300x187.jpeg 300w, https:\/\/aconteceunovale.com.br\/portal\/wp-content\/uploads\/2022\/01\/limpeza_rio_pardo_de_minas_1-675x420.jpeg 675w\" sizes=\"auto, (max-width: 678px) 100vw, 678px\" \/><figcaption class=\"blocks-gallery-item__caption\"><em>Rio Pardo de Minas &#8211; Foto: Depen-MG \/ Sejusp \/ Divulga\u00e7\u00e3o <\/em><\/figcaption><\/figure><\/li><\/ul><\/figure>\n\n\n\n<p>&#8212;&#8212;&#8212;&#8212;&#8212;&#8212;<br><em>Quer receber as not\u00edcias do <strong>Aconteceu no Vale<\/strong> em primeira m\u00e3o? Siga-nos no Facebook <a rel=\"noreferrer noopener\" href=\"http:\/\/facebook.com\/aconteceunovale\" target=\"_blank\">@aconteceunovale<\/a>, Twitter <a rel=\"noreferrer noopener\" href=\"https:\/\/twitter.com\/noticiadosvales\" target=\"_blank\">@noticiadosvales<\/a> e Instagram <a rel=\"noreferrer noopener\" href=\"https:\/\/www.instagram.com\/aconteceunovale\" target=\"_blank\">@aconteceunovale<\/a>.<\/em><\/p>\n","protected":false},"excerpt":{"rendered":"<p>Ap\u00f3s as fortes e frequentes chuvas que atingiram Minas Gerais, munic\u00edpios castigados pelos temporais come\u00e7am a se reerguer e limpar as vias. \u00c9 o caso de Ponte Nova e Rio Pardo de Minas, que t\u00eam contado com o apoio do\u00a0Departamento Penitenci\u00e1rio de Minas Gerais (Depen-MG)\u00a0nessa reconstru\u00e7\u00e3o. Presos que cumprem pena nas unidades prisionais dessas cidades [&hellip;]<\/p>\n","protected":false},"author":4,"featured_media":185861,"comment_status":"open","ping_status":"closed","sticky":false,"template":"","format":"standard","meta":{"amp_status":"","footnotes":""},"categories":[123],"tags":[227880,257421,257422,257425,131,217,257424,165975,257420,257423,421,257426,220777],"class_list":["post-185860","post","type-post","status-publish","format-standard","has-post-thumbnail","hentry","category-gerais","tag-depen-mg","tag-detentos-trabalhando-em-ponte-nova","tag-detentos-trabalhando-em-rio-pardo-de-minas","tag-marcio-alves","tag-minas-gerais","tag-ponte-nova","tag-presidio-de-ponte-nova","tag-presidio-de-rio-pardo-de-minas","tag-presos-trabalhando-em-ponte-nova","tag-presos-trabalhando-em-rio-pardo-de-minas","tag-rio-pardo-de-minas","tag-ronivon-costa-teixeira","tag-sejusp-mg"],"_links":{"self":[{"href":"https:\/\/aconteceunovale.com.br\/portal\/index.php?rest_route=\/wp\/v2\/posts\/185860","targetHints":{"allow":["GET"]}}],"collection":[{"href":"https:\/\/aconteceunovale.com.br\/portal\/index.php?rest_route=\/wp\/v2\/posts"}],"about":[{"href":"https:\/\/aconteceunovale.com.br\/portal\/index.php?rest_route=\/wp\/v2\/types\/post"}],"author":[{"embeddable":true,"href":"https:\/\/aconteceunovale.com.br\/portal\/index.php?rest_route=\/wp\/v2\/users\/4"}],"replies":[{"embeddable":true,"href":"https:\/\/aconteceunovale.com.br\/portal\/index.php?rest_route=%2Fwp%2Fv2%2Fcomments&post=185860"}],"version-history":[{"count":1,"href":"https:\/\/aconteceunovale.com.br\/portal\/index.php?rest_route=\/wp\/v2\/posts\/185860\/revisions"}],"predecessor-version":[{"id":185863,"href":"https:\/\/aconteceunovale.com.br\/portal\/index.php?rest_route=\/wp\/v2\/posts\/185860\/revisions\/185863"}],"wp:featuredmedia":[{"embeddable":true,"href":"https:\/\/aconteceunovale.com.br\/portal\/index.php?rest_route=\/wp\/v2\/media\/185861"}],"wp:attachment":[{"href":"https:\/\/aconteceunovale.com.br\/portal\/index.php?rest_route=%2Fwp%2Fv2%2Fmedia&parent=185860"}],"wp:term":[{"taxonomy":"category","embeddable":true,"href":"https:\/\/aconteceunovale.com.br\/portal\/index.php?rest_route=%2Fwp%2Fv2%2Fcategories&post=185860"},{"taxonomy":"post_tag","embeddable":true,"href":"https:\/\/aconteceunovale.com.br\/portal\/index.php?rest_route=%2Fwp%2Fv2%2Ftags&post=185860"}],"curies":[{"name":"wp","href":"https:\/\/api.w.org\/{rel}","templated":true}]}}