{"id":185855,"date":"2022-01-15T14:49:01","date_gmt":"2022-01-15T17:49:01","guid":{"rendered":"https:\/\/aconteceunovale.com.br\/portal\/?p=185855"},"modified":"2022-01-15T14:50:27","modified_gmt":"2022-01-15T17:50:27","slug":"minas-se-prepara-para-imunizar-18-milhao-de-criancas-contra-a-covid-19","status":"publish","type":"post","link":"https:\/\/aconteceunovale.com.br\/portal\/?p=185855","title":{"rendered":"Minas se prepara para imunizar 1,8 milh\u00e3o de crian\u00e7as contra a Covid-19"},"content":{"rendered":"\n<p>A\u00a0Secretaria de Sa\u00fade de Minas Gerais (SES-MG)\u00a0refor\u00e7a a necessidade de vacinar as crian\u00e7as de 5 a 11 anos contra o novo coronav\u00edrus. O Estado recebeu nesta sexta-feira\u00a0(14\/1\/2022), um lote com 110 mil doses da vacina\u00a0Pfizer\/Comirnaty &#8211; Pedi\u00e1trica.<\/p>\n\n\n\n<figure class=\"wp-block-gallery columns-1 is-cropped wp-block-gallery-1 is-layout-flex wp-block-gallery-is-layout-flex\"><ul class=\"blocks-gallery-grid\"><li class=\"blocks-gallery-item\"><figure><img loading=\"lazy\" decoding=\"async\" width=\"678\" height=\"448\" src=\"https:\/\/aconteceunovale.com.br\/portal\/wp-content\/uploads\/2022\/01\/pfizer_crianca.jpg\" alt=\"\" data-id=\"185858\" data-full-url=\"https:\/\/aconteceunovale.com.br\/portal\/wp-content\/uploads\/2022\/01\/pfizer_crianca.jpg\" data-link=\"https:\/\/aconteceunovale.com.br\/portal\/?attachment_id=185858\" class=\"wp-image-185858\" srcset=\"https:\/\/aconteceunovale.com.br\/portal\/wp-content\/uploads\/2022\/01\/pfizer_crianca.jpg 678w, https:\/\/aconteceunovale.com.br\/portal\/wp-content\/uploads\/2022\/01\/pfizer_crianca-300x198.jpg 300w, https:\/\/aconteceunovale.com.br\/portal\/wp-content\/uploads\/2022\/01\/pfizer_crianca-636x420.jpg 636w\" sizes=\"auto, (max-width: 678px) 100vw, 678px\" \/><figcaption class=\"blocks-gallery-item__caption\"><em>Vacina pedi\u00e1trica &#8211; Foto: Gil Leonardi \/ Imprensa MG<\/em><\/figcaption><\/figure><\/li><\/ul><\/figure>\n\n\n\n<p>As doses que chegaram ao\u00a0Aeroporto Internacional de Belo Horizonte, em Confins,\u00a0foram transportadas para a Central Estadual da Rede de Frio, logo ap\u00f3s o desembarque. A distribui\u00e7\u00e3o para as regionais de sa\u00fade come\u00e7ou ainda ontem.<\/p>\n\n\n\n<h2 class=\"wp-block-heading\"><strong>Grupos priorit\u00e1rios<\/strong><\/h2>\n\n\n\n<p>De acordo com\u00a0a\u00a0coordenadora de Imuniza\u00e7\u00e3o\u00a0da SES-MG,\u00a0Josianne Gusm\u00e3o, neste primeiro momento, com o escalonamento das entregas da vacina, a vacina\u00e7\u00e3o infantil vai seguir uma ordem de prioriza\u00e7\u00e3o.<\/p>\n\n\n\n<p>A ordem de vacina\u00e7\u00e3o precisa ser organizada pelas equipes de sa\u00fade municipais, sendo elencadas como as primeiras crian\u00e7as a serem vacinadas aquelas com defici\u00eancia permanente ou com comorbidades.<\/p>\n\n\n\n<p>Segundo dados da\u00a0Funda\u00e7\u00e3o Jo\u00e3o Pinheiro\u00a0(FJP), a estimativa \u00e9 que haja um total de 1,8 milh\u00e3o de crian\u00e7as em Minas Gerais nessa faixa et\u00e1ria.<\/p>\n\n\n\n<p>\u201c\u00c9 importante enfatizar que a imuniza\u00e7\u00e3o completa \u00e9 por meio da aplica\u00e7\u00e3o de duas doses da vacina com o intervalo entre a primeira dose (D1) e a segunda dose (D2) de oito semanas\u201d, complementa a Coordenadora.<\/p>\n\n\n\n<h2 class=\"wp-block-heading\"><strong>Nos postos de sa\u00fade<\/strong><\/h2>\n\n\n\n<p>De acordo com Josianne Gusm\u00e3o, os pais ou respons\u00e1veis devem acompanhar as crian\u00e7as nos locais de vacina\u00e7\u00e3o contra a covid, manifestando sua concord\u00e2ncia com a vacina\u00e7\u00e3o. Em caso de aus\u00eancia de pais ou respons\u00e1veis, a vacina\u00e7\u00e3o dever\u00e1 ser autorizada por um termo de assentimento por escrito.<\/p>\n\n\n\n<p>Sobre a administra\u00e7\u00e3o de outras doses de vacinas do calend\u00e1rio no momento da imuniza\u00e7\u00e3o, Josianne explica que a orienta\u00e7\u00e3o \u00e9 esperar duas semanas.<\/p>\n\n\n\n<p>\u201cUma d\u00favida que sempre ocorre aos pais \u00e9 em rela\u00e7\u00e3o \u00e0 administra\u00e7\u00e3o de outras vacinas. \u00c9 importante esclarecer que dever\u00e1 ser respeitado o intervalo de 14 dias entre a administra\u00e7\u00e3o das vacinas covid-19 Pfizer\/Comirnaty &#8211; Pedi\u00e1trica (5 a 11 anos) e as demais vacinas do calend\u00e1rio de vacina\u00e7\u00e3o\u201d, esclarece.<\/p>\n\n\n\n<h2 class=\"wp-block-heading\"><strong>Seguran\u00e7a<\/strong><\/h2>\n\n\n\n<p>No Brasil, a Ag\u00eancia Nacional de Vigil\u00e2ncia Sanit\u00e1ria (Anvisa) aprovou em 15 de dezembro de 2021 a amplia\u00e7\u00e3o do uso da vacina Pfizer\/Comirnaty para imunizar crian\u00e7as de 5 a 11 anos. Em seguida, a ag\u00eancia recomendou ao Programa Nacional de Imuniza\u00e7\u00f5es (PNI) do Minist\u00e9rio da Sa\u00fade a inclus\u00e3o dessa vacina, liberando para todo o Brasil a oportunidade de imunizar as crian\u00e7as.<\/p>\n\n\n\n<p>A Anvisa apontou que pesquisas comprovaram a efic\u00e1cia da vacina neste grupo et\u00e1rio.&nbsp;Atualmente, ao menos 39 pa\u00edses da Europa e 14 da Am\u00e9rica Latina j\u00e1 autorizaram ou iniciaram a vacina\u00e7\u00e3o contra a covid-19 em menores de 12 anos.<\/p>\n\n\n\n<p>Pesquisam demonstram ainda que a administra\u00e7\u00e3o do imunizante em crian\u00e7as apresenta uma efic\u00e1cia de 90,7% para a preven\u00e7\u00e3o da covid-19 em pelo menos sete dias ap\u00f3s a segunda dose. E n\u00e3o foram observados eventos adversos graves associados \u00e0 vacina\u00e7\u00e3o.<\/p>\n\n\n\n<p>Para as crian\u00e7as as doses do imunizante s\u00e3o diferenciadas, o frasco \u00e9 na cor laranja, com dose de 0,2ml, contendo 10 mcg da vacina covid-19.<\/p>\n\n\n\n<h2 class=\"wp-block-heading\"><strong>Covid-19 em crian\u00e7as<\/strong><\/h2>\n\n\n\n<p>Na Declara\u00e7\u00e3o emitida em 24 de novembro de 2021 e atualizada em 29 de novembro de 2021, a Organiza\u00e7\u00e3o Pan-Americana da Sa\u00fade&nbsp;(Opas)&nbsp;afirmou que, no que se refere \u00e0 transmissibilidade do SARS-CoV-2, os estudos apontam que as crian\u00e7as e os adolescentes s\u00e3o infectados na mesma taxa que os adultos.<\/p>\n\n\n\n<p>\u201cEmbora a apresenta\u00e7\u00e3o cl\u00ednica da covid-19 seja, geralmente, mais branda em crian\u00e7as quando comparada aos adultos e idosos, condi\u00e7\u00f5es m\u00e9dicas subjacentes podem contribuir para o risco de doen\u00e7a grave em compara\u00e7\u00e3o com crian\u00e7as sem condi\u00e7\u00f5es m\u00e9dicas subjacentes\u201d, explica a\u00a0coordenadora, referindo-se a fatores de risco como obesidade e comorbidades (diabetes tipo 2, asma, doen\u00e7as card\u00edacas e pulmonares e doen\u00e7as neurol\u00f3gicas, dist\u00farbios do desenvolvimento neurol\u00f3gico e doen\u00e7as neuromusculares).<\/p>\n\n\n\n<p>Segundo a coordenadora, outra situa\u00e7\u00e3o que refor\u00e7a a necessidade da administra\u00e7\u00e3o da vacina pedi\u00e1trica \u00e9 o fato de que durante o curso da pandemia foram identificados casos de crian\u00e7as e adolescentes com uma nova apresenta\u00e7\u00e3o cl\u00ednica associada \u00e0 covid-19, caracterizada por um quadro inflamat\u00f3rio tardio e grave, denominada S\u00edndrome Inflamat\u00f3ria Multissist\u00eamica Pedi\u00e1trica (SIM-P).<\/p>\n\n\n\n<p>Em Minas Gerais, foram notificados 174 casos de SIM-P, com tr\u00eas \u00f3bitos. Confira o boletim:<\/p>\n\n\n\n<div data-wp-interactive=\"core\/file\" class=\"wp-block-file\"><object data-wp-bind--hidden=\"!state.hasPdfPreview\" hidden class=\"wp-block-file__embed\" data=\"https:\/\/aconteceunovale.com.br\/portal\/wp-content\/uploads\/2022\/01\/boletim_simp.pdf\" type=\"application\/pdf\" style=\"width:100%;height:600px\" aria-label=\"Incorporado de Incorporado de Download do documento em PDF..\"><\/object><a href=\"https:\/\/aconteceunovale.com.br\/portal\/wp-content\/uploads\/2022\/01\/boletim_simp.pdf\">Download do documento em PDF<\/a><a href=\"https:\/\/aconteceunovale.com.br\/portal\/wp-content\/uploads\/2022\/01\/boletim_simp.pdf\" class=\"wp-block-file__button\" download>clique aqui<\/a><\/div>\n\n\n\n<h1 class=\"wp-block-heading\">Primeira crian\u00e7a vacinada em Minas<\/h1>\n\n\n\n<p>O governador Romeu Zema e o secret\u00e1rio F\u00e1bio Baccheretti acompanharam, na tarde de ontem, o in\u00edcio da imuniza\u00e7\u00e3o contra a covid-19 de crian\u00e7as com idades entre 5 e 11 anos em Minas Gerais. Foram vacinadas dez crian\u00e7as de Vespasiano,\u00a0que possuem diferentes comorbidades e defici\u00eancia permanente.<\/p>\n\n\n\n<figure class=\"wp-block-gallery columns-1 is-cropped wp-block-gallery-2 is-layout-flex wp-block-gallery-is-layout-flex\"><ul class=\"blocks-gallery-grid\"><li class=\"blocks-gallery-item\"><figure><img loading=\"lazy\" decoding=\"async\" width=\"664\" height=\"450\" src=\"https:\/\/aconteceunovale.com.br\/portal\/wp-content\/uploads\/2022\/01\/primeiro_vacinado.jpg\" alt=\"\" data-id=\"185857\" data-full-url=\"https:\/\/aconteceunovale.com.br\/portal\/wp-content\/uploads\/2022\/01\/primeiro_vacinado.jpg\" data-link=\"https:\/\/aconteceunovale.com.br\/portal\/?attachment_id=185857\" class=\"wp-image-185857\" srcset=\"https:\/\/aconteceunovale.com.br\/portal\/wp-content\/uploads\/2022\/01\/primeiro_vacinado.jpg 664w, https:\/\/aconteceunovale.com.br\/portal\/wp-content\/uploads\/2022\/01\/primeiro_vacinado-300x203.jpg 300w, https:\/\/aconteceunovale.com.br\/portal\/wp-content\/uploads\/2022\/01\/primeiro_vacinado-620x420.jpg 620w\" sizes=\"auto, (max-width: 664px) 100vw, 664px\" \/><figcaption class=\"blocks-gallery-item__caption\"><em>Primeira crian\u00e7a vacinada em Minas &#8211; Foto: Gil Leonardi \/ Imprensa MG<\/em><\/figcaption><\/figure><\/li><\/ul><\/figure>\n\n\n\n<p>A primeira crian\u00e7a que tomou a vacina foi Miguel Bittencourt, de dez anos. O menino, que possui autismo, demonstrava estar bastante animado. Sua m\u00e3e, Deusmara Andrade, disse que ela e o filho estavam contando os minutos para a imuniza\u00e7\u00e3o. \u201cEstou me sentindo muito feliz. A vacina\u00e7\u00e3o \u00e9 indispens\u00e1vel para reduzir a transmiss\u00e3o. Eu n\u00e3o tive d\u00favidas sobre trazer o meu filho\u201d, \u00a0declarou.<\/p>\n\n\n\n<h2 class=\"wp-block-heading\"><strong>Al\u00edvio e esperan\u00e7a<\/strong><\/h2>\n\n\n\n<p>Fernanda Duarte, m\u00e3e da Gabriela, de&nbsp;nove anos e com s\u00edndrome de Down, tamb\u00e9m festejou a oportunidade de a filha ser imunizada e retomar o conv\u00edvio social. \u201cEu vou ficar muito mais aliviada de saber que ela est\u00e1 protegida. Meu cora\u00e7\u00e3o de m\u00e3e est\u00e1 transbordando de alegria\u201d.<\/p>\n\n\n\n<p>A expectativa da SES-MG \u00e9 que o primeiro lote permita a vacina\u00e7\u00e3o de quase 6% das crian\u00e7as de Minas Gerais. A chegada de uma nova remessa \u00e9 esperada para segunda-feira. \u201cAt\u00e9 mar\u00e7o, Minas deve receber 1,8 milh\u00e3o de doses para vacinar todas as crian\u00e7as de 5 a 11 anos\u201d, informou o secret\u00e1rio F\u00e1bio Baccheretti.<\/p>\n\n\n\n<p>&#8212;&#8212;&#8212;&#8212;&#8212;&#8212;<br><em>Quer receber as not\u00edcias do <strong>Aconteceu no Vale<\/strong> em primeira m\u00e3o? Siga-nos no Facebook <a rel=\"noreferrer noopener\" href=\"http:\/\/facebook.com\/aconteceunovale\" target=\"_blank\">@aconteceunovale<\/a>, Twitter <a rel=\"noreferrer noopener\" href=\"https:\/\/twitter.com\/noticiadosvales\" target=\"_blank\">@noticiadosvales<\/a> e Instagram <a rel=\"noreferrer noopener\" href=\"https:\/\/www.instagram.com\/aconteceunovale\" target=\"_blank\">@aconteceunovale<\/a>.<\/em><\/p>\n","protected":false},"excerpt":{"rendered":"<p>A\u00a0Secretaria de Sa\u00fade de Minas Gerais (SES-MG)\u00a0refor\u00e7a a necessidade de vacinar as crian\u00e7as de 5 a 11 anos contra o novo coronav\u00edrus. O Estado recebeu nesta sexta-feira\u00a0(14\/1\/2022), um lote com 110 mil doses da vacina\u00a0Pfizer\/Comirnaty &#8211; Pedi\u00e1trica. As doses que chegaram ao\u00a0Aeroporto Internacional de Belo Horizonte, em Confins,\u00a0foram transportadas para a Central Estadual da Rede [&hellip;]<\/p>\n","protected":false},"author":4,"featured_media":185858,"comment_status":"open","ping_status":"closed","sticky":false,"template":"","format":"standard","meta":{"amp_status":"","footnotes":""},"categories":[123,40242],"tags":[4785,257270,257274,257419,131,237338,257273,257271,257272,256957,192531,1778],"class_list":["post-185855","post","type-post","status-publish","format-standard","has-post-thumbnail","hentry","category-gerais","category-saude-2","tag-brasil","tag-brasil-recebe-1o-lote-de-vacinas-contra-covid-19-para-criancas","tag-entenda-como-funcionara-a-vacinacao-de-criancas-contra-covid-19","tag-imunizacao-de-criancas-contra-covid-19-em-minas-gerais","tag-minas-gerais","tag-vacina-contra-covid-19-para-criancas","tag-vacina-da-pfizer-para-criancas","tag-vacina-para-criancas","tag-vacina-pediatricas","tag-vacinacao-de-criancas-contra-covid-19-em-minas-gerais","tag-vacinacao-em-minas-gerais","tag-vespasiano"],"_links":{"self":[{"href":"https:\/\/aconteceunovale.com.br\/portal\/index.php?rest_route=\/wp\/v2\/posts\/185855","targetHints":{"allow":["GET"]}}],"collection":[{"href":"https:\/\/aconteceunovale.com.br\/portal\/index.php?rest_route=\/wp\/v2\/posts"}],"about":[{"href":"https:\/\/aconteceunovale.com.br\/portal\/index.php?rest_route=\/wp\/v2\/types\/post"}],"author":[{"embeddable":true,"href":"https:\/\/aconteceunovale.com.br\/portal\/index.php?rest_route=\/wp\/v2\/users\/4"}],"replies":[{"embeddable":true,"href":"https:\/\/aconteceunovale.com.br\/portal\/index.php?rest_route=%2Fwp%2Fv2%2Fcomments&post=185855"}],"version-history":[{"count":1,"href":"https:\/\/aconteceunovale.com.br\/portal\/index.php?rest_route=\/wp\/v2\/posts\/185855\/revisions"}],"predecessor-version":[{"id":185859,"href":"https:\/\/aconteceunovale.com.br\/portal\/index.php?rest_route=\/wp\/v2\/posts\/185855\/revisions\/185859"}],"wp:featuredmedia":[{"embeddable":true,"href":"https:\/\/aconteceunovale.com.br\/portal\/index.php?rest_route=\/wp\/v2\/media\/185858"}],"wp:attachment":[{"href":"https:\/\/aconteceunovale.com.br\/portal\/index.php?rest_route=%2Fwp%2Fv2%2Fmedia&parent=185855"}],"wp:term":[{"taxonomy":"category","embeddable":true,"href":"https:\/\/aconteceunovale.com.br\/portal\/index.php?rest_route=%2Fwp%2Fv2%2Fcategories&post=185855"},{"taxonomy":"post_tag","embeddable":true,"href":"https:\/\/aconteceunovale.com.br\/portal\/index.php?rest_route=%2Fwp%2Fv2%2Ftags&post=185855"}],"curies":[{"name":"wp","href":"https:\/\/api.w.org\/{rel}","templated":true}]}}