{"id":185849,"date":"2022-01-15T11:37:29","date_gmt":"2022-01-15T14:37:29","guid":{"rendered":"https:\/\/aconteceunovale.com.br\/portal\/?p=185849"},"modified":"2022-01-15T11:38:06","modified_gmt":"2022-01-15T14:38:06","slug":"quatro-pessoas-sao-presas-por-carcere-privado-em-clinica-de-reabilitacao","status":"publish","type":"post","link":"https:\/\/aconteceunovale.com.br\/portal\/?p=185849","title":{"rendered":"Quatro pessoas s\u00e3o presas por c\u00e1rcere privado em cl\u00ednica de reabilita\u00e7\u00e3o"},"content":{"rendered":"\n<p>As pol\u00edcias Civil e Militar realizaram, na quinta-feira (13\/1\/2022), opera\u00e7\u00e3o com o objetivo de apurar uma den\u00fancia de c\u00e1rcere privado e maus-tratos cometidos contra os internos de uma cl\u00ednica de recupera\u00e7\u00e3o de dependentes qu\u00edmicos no munic\u00edpio de Matozinhos, na regi\u00e3o Central do Estado.<\/p>\n\n\n\n<figure class=\"wp-block-gallery aligncenter columns-1 is-cropped wp-block-gallery-1 is-layout-flex wp-block-gallery-is-layout-flex\"><ul class=\"blocks-gallery-grid\"><li class=\"blocks-gallery-item\"><figure><img loading=\"lazy\" decoding=\"async\" width=\"656\" height=\"450\" src=\"https:\/\/aconteceunovale.com.br\/portal\/wp-content\/uploads\/2022\/01\/presos_clinica_matozinhos.jpg\" alt=\"\" data-id=\"185850\" data-full-url=\"https:\/\/aconteceunovale.com.br\/portal\/wp-content\/uploads\/2022\/01\/presos_clinica_matozinhos.jpg\" data-link=\"https:\/\/aconteceunovale.com.br\/portal\/?attachment_id=185850\" class=\"wp-image-185850\" srcset=\"https:\/\/aconteceunovale.com.br\/portal\/wp-content\/uploads\/2022\/01\/presos_clinica_matozinhos.jpg 656w, https:\/\/aconteceunovale.com.br\/portal\/wp-content\/uploads\/2022\/01\/presos_clinica_matozinhos-300x206.jpg 300w, https:\/\/aconteceunovale.com.br\/portal\/wp-content\/uploads\/2022\/01\/presos_clinica_matozinhos-100x70.jpg 100w, https:\/\/aconteceunovale.com.br\/portal\/wp-content\/uploads\/2022\/01\/presos_clinica_matozinhos-218x150.jpg 218w, https:\/\/aconteceunovale.com.br\/portal\/wp-content\/uploads\/2022\/01\/presos_clinica_matozinhos-612x420.jpg 612w\" sizes=\"auto, (max-width: 656px) 100vw, 656px\" \/><figcaption class=\"blocks-gallery-item__caption\"><em>Foto: Divulga\u00e7\u00e3o\/PCMG<\/em><\/figcaption><\/figure><\/li><\/ul><\/figure>\n\n\n\n<p>Na ocasi\u00e3o, segundo a PCMG, quatro pessoas foram presas em flagrante e conduzidas \u00e0 delegacia por c\u00e1rcere privado, sendo elas a propriet\u00e1ria da cl\u00ednica, o coordenador e monitores. Al\u00e9m desse crime, s\u00e3o investigadas as pr\u00e1ticas de agress\u00f5es f\u00edsica e psicol\u00f3gica, amea\u00e7a e seda\u00e7\u00e3o de internos \u00e0 for\u00e7a.<\/p>\n\n\n\n<p>Durante a a\u00e7\u00e3o policial, foi constatado que o estabelecimento n\u00e3o possu\u00eda alvar\u00e1 de funcionamento e atendia, de forma prec\u00e1ria, 64 homens, com idades entre 18 e 60 anos. Dois internos, que estavam extremamente debilitados, tiveram que receber atendimento m\u00e9dico, motivo pelo qual foram encaminhados ao pronto-socorro da cidade.<\/p>\n\n\n\n<p>Os presos foram encaminhados ao Sistema Prisional.<\/p>\n\n\n\n<p>&#8212;&#8212;&#8212;&#8212;&#8212;&#8212;<br><em>Quer receber as not\u00edcias do <strong>Aconteceu no Vale<\/strong> em primeira m\u00e3o? Siga-nos no Facebook <a rel=\"noreferrer noopener\" href=\"http:\/\/facebook.com\/aconteceunovale\" target=\"_blank\">@aconteceunovale<\/a>, Twitter <a rel=\"noreferrer noopener\" href=\"https:\/\/twitter.com\/noticiadosvales\" target=\"_blank\">@noticiadosvales<\/a> e Instagram <a rel=\"noreferrer noopener\" href=\"https:\/\/www.instagram.com\/aconteceunovale\" target=\"_blank\">@aconteceunovale<\/a>.<\/em><\/p>\n","protected":false},"excerpt":{"rendered":"<p>As pol\u00edcias Civil e Militar realizaram, na quinta-feira (13\/1\/2022), opera\u00e7\u00e3o com o objetivo de apurar uma den\u00fancia de c\u00e1rcere privado e maus-tratos cometidos contra os internos de uma cl\u00ednica de recupera\u00e7\u00e3o de dependentes qu\u00edmicos no munic\u00edpio de Matozinhos, na regi\u00e3o Central do Estado. Na ocasi\u00e3o, segundo a PCMG, quatro pessoas foram presas em flagrante e [&hellip;]<\/p>\n","protected":false},"author":4,"featured_media":185850,"comment_status":"open","ping_status":"closed","sticky":false,"template":"","format":"standard","meta":{"amp_status":"","footnotes":""},"categories":[123],"tags":[1497,257417,604,257418,38187,257416,257415],"class_list":["post-185849","post","type-post","status-publish","format-standard","has-post-thumbnail","hentry","category-gerais","tag-matozinhos","tag-operacao-em-clinica-de-reabilitacao-em-matozinhos","tag-pcmg","tag-pcmg-em-matozinhos","tag-pmmg","tag-presos-em-matozinhos","tag-quatro-pessoas-sao-presas-por-carcere-privado-em-clinica-de-reabilitacao-em-matozinhos"],"_links":{"self":[{"href":"https:\/\/aconteceunovale.com.br\/portal\/index.php?rest_route=\/wp\/v2\/posts\/185849","targetHints":{"allow":["GET"]}}],"collection":[{"href":"https:\/\/aconteceunovale.com.br\/portal\/index.php?rest_route=\/wp\/v2\/posts"}],"about":[{"href":"https:\/\/aconteceunovale.com.br\/portal\/index.php?rest_route=\/wp\/v2\/types\/post"}],"author":[{"embeddable":true,"href":"https:\/\/aconteceunovale.com.br\/portal\/index.php?rest_route=\/wp\/v2\/users\/4"}],"replies":[{"embeddable":true,"href":"https:\/\/aconteceunovale.com.br\/portal\/index.php?rest_route=%2Fwp%2Fv2%2Fcomments&post=185849"}],"version-history":[{"count":1,"href":"https:\/\/aconteceunovale.com.br\/portal\/index.php?rest_route=\/wp\/v2\/posts\/185849\/revisions"}],"predecessor-version":[{"id":185851,"href":"https:\/\/aconteceunovale.com.br\/portal\/index.php?rest_route=\/wp\/v2\/posts\/185849\/revisions\/185851"}],"wp:featuredmedia":[{"embeddable":true,"href":"https:\/\/aconteceunovale.com.br\/portal\/index.php?rest_route=\/wp\/v2\/media\/185850"}],"wp:attachment":[{"href":"https:\/\/aconteceunovale.com.br\/portal\/index.php?rest_route=%2Fwp%2Fv2%2Fmedia&parent=185849"}],"wp:term":[{"taxonomy":"category","embeddable":true,"href":"https:\/\/aconteceunovale.com.br\/portal\/index.php?rest_route=%2Fwp%2Fv2%2Fcategories&post=185849"},{"taxonomy":"post_tag","embeddable":true,"href":"https:\/\/aconteceunovale.com.br\/portal\/index.php?rest_route=%2Fwp%2Fv2%2Ftags&post=185849"}],"curies":[{"name":"wp","href":"https:\/\/api.w.org\/{rel}","templated":true}]}}